{"id":25658,"date":"2015-02-12T18:47:19","date_gmt":"2015-02-12T16:47:19","guid":{"rendered":"http:\/\/esplac.cat\/?p=6210"},"modified":"2019-11-14T13:30:04","modified_gmt":"2019-11-14T11:30:04","slug":"debat-formacio-i-emocions-compartides-a-escola-esplac","status":"publish","type":"post","link":"https:\/\/www.esplac.cat\/es\/debat-formacio-i-emocions-compartides-a-escola-esplac\/","title":{"rendered":"Debat, formaci\u00f3 i emocions compartides a l&#8217;Escola d&#8217;Esplac!"},"content":{"rendered":"<p><!--:CA-->A l&#8217;esplai, eduquem emocionant-nos i emocionant als altres i, per arribar a fer-ho, l&#8217;autoconeixement ha de ser el punt de partida. \u00c9s una de les moltes conclusions que els i les monis van poder extreure de l&#8217;Escola d&#8217;Esplac d&#8217;aquest any, que arriba a la seva tercera edici\u00f3, amb l&#8217;educaci\u00f3 emocional com a eix principal. L&#8217;alberg de Torre Ametller, a Cabrera de Mar, es va omplir el cap de setmana del 7 i 8 de febrer de monitors i monitores d&#8217;esplai que van participar de les taules rodones, debats, tallers i din\u00e0miques diverses que es van dur a terme durant les jornades.<\/p>\n<p style=\"text-align: left;\"><a href=\"http:\/\/esplac.cat\/wp-content\/uploads\/2015\/02\/IMG_8078-copia.jpg\"><img decoding=\"async\" class=\"size-medium wp-image-6213 aligncenter\" title=\"IMG_8078 copia\" src=\"http:\/\/esplac.cat\/wp-content\/uploads\/2015\/02\/IMG_8078-copia-360x202.jpg\" alt=\"\" width=\"360\" height=\"202\" \/><\/a>Pel mat\u00ed, Raimon Carreras, president d&#8217;Esplais Catalans, i Raimon Goberna, secretari general de l&#8217;Escola Lliure El Sol, van ser els encarregats de donar el tret de sortida a l&#8217;Escola d&#8217;Esplac amb una presentaci\u00f3 on <strong>van remarcar la import\u00e0ncia d&#8217;educar les emocions a l&#8217;esplai, cosa que ja fem, de vegades de manera inconscient<\/strong>. Tamb\u00e9 van remarcar que l&#8217;Escola d&#8217;Esplac s&#8217;estigui convertint poc a poc en un espai de compartir coneixements no nom\u00e9s entre esplais, sin\u00f3 amb experts del m\u00f3n de l&#8217;educaci\u00f3, la pedagogia i l&#8217;associacionisme.<\/p>\n<p>Tot seguit, de 12:30h a 14:30h, les participants van poder assistir a <strong>tres taules rodones que es van realitzar simult\u00e0niament amb nou ponents amb experi\u00e8ncia en el camp de l&#8217;educaci\u00f3 emocional<\/strong>. Entre d&#8217;altres, van participar a les taules <strong>Anna Carpena<\/strong>, pionera en la introducci\u00f3 de programes d\u2019educaci\u00f3 socioemocional a l\u2019escola a Catalunya, <strong>Marta Cots<\/strong>, psicopedagoga i coordinadora t\u00e8cnica de l\u2019Escola de formaci\u00f3 de Minyons, Escoltes i Guies, <strong>Marcel Bola\u00f1o<\/strong>, educador i assessor del CRAEV (Centre de Recerca i Assessorament d\u2019Educaci\u00f3 Viva) a l\u2019Alt Maresme, <strong>Maria Roser Torrescasana<\/strong>, educadora infantil, psicopedagoga i professora a la Fundaci\u00f3 Universit\u00e0ria del Bages i a la UOC,\u00a0o <strong>Dani Costa<\/strong>, mestre d\u2019educaci\u00f3 prim\u00e0ria, formador i monitor i director de l\u2019Esplai La Fera.<\/p>\n<p style=\"text-align: left;\"><a href=\"http:\/\/esplac.cat\/wp-content\/uploads\/2015\/02\/IMG_9461-copia.jpg\"><img decoding=\"async\" class=\"size-medium wp-image-6214 aligncenter\" title=\"IMG_9461 copia\" src=\"http:\/\/esplac.cat\/wp-content\/uploads\/2015\/02\/IMG_9461-copia-360x239.jpg\" alt=\"\" width=\"360\" height=\"239\" \/><\/a>Despr\u00e9s de dinar, les monitores van participar de <strong>7 tallers pr\u00e0ctics<\/strong> amb persones expertes sobre temes relacionats amb l&#8217;educaci\u00f3 emocional. Les tem\u00e0tiques abordades van ser: la musicoter\u00e0pia (amb <strong>M\u00f2nica Mart\u00ednez<\/strong>), el <em>basket beat <\/em>(amb <strong>Josep Maria Aragay<\/strong>), la comunicaci\u00f3 intercultural (amb <strong>Maria Mateu<\/strong>), les habilitats socials (amb <strong>Ferm\u00edn Rodr\u00edguez<\/strong>), la resili\u00e8ncia (amb <strong>Jordi Navarro<\/strong>), la gest\u00f3 del conflicte (amb <strong>Francesca Nogales<\/strong>) i el treball amb adolescents (amb <strong>Tatiana Sibilia<\/strong>).<\/p>\n<p>La nit de dissabte es van organitzar din\u00e0miques i jocs de coneixen\u00e7a, que van permetre un moment d&#8217;esbarjo i de relaci\u00f3 entre monitors i monitores de diferents esplais.<\/p>\n<p style=\"text-align: left;\"><a href=\"http:\/\/esplac.cat\/wp-content\/uploads\/2015\/02\/IMG_8325-copia.jpg\"><img decoding=\"async\" class=\"size-medium wp-image-6215 aligncenter\" title=\"IMG_8325 copia\" src=\"http:\/\/esplac.cat\/wp-content\/uploads\/2015\/02\/IMG_8325-copia-360x239.jpg\" alt=\"\" width=\"360\" height=\"239\" \/><\/a>Tot el mat\u00ed de diumenge va estar dedicat a <strong>aterrar els debats i les formacions a la realitat de l&#8217;esplai.<\/strong> Per grups, les monitores van posar en com\u00fa les seves viv\u00e8ncies i opinions sobre els tallers i les taules rodones, i van compartir les seves reflexions. Finalment, els 3 grups van fer tres representacions davant de la resta de participants per exposar i explicar a la resta les conclusions que havien extret.<\/p>\n<p>En definitiva, han estat <strong>dos dies intensos de debat, formaci\u00f3 i experi\u00e8ncies compartides<\/strong>. Ara \u00e9s el moment de posar en pr\u00e0ctica tot all\u00f2 que hem apr\u00e8s a l&#8217;esplai, de consolidar all\u00f2 que ja fem o revisar all\u00f2 que cal millorar. <strong>Moltes gr\u00e0cies a tots i totes per la vostra participaci\u00f3!<\/strong><\/p>\n<p><strong><a href=\"https:\/\/www.flickr.com\/photos\/esplaiscatalans\/sets\/72157650369235018\/\">Cliqueu aqu\u00ed perveure les fotos de l&#8217;Escola d&#8217;Esplac 2015 al flickr d&#8217;Esplais Catalans!<\/a><\/strong><!--:--><!--:es-->&nbsp;<\/p>\n<p><!--:--><!--:en-->&nbsp;<\/p>\n<p><!--:--><!--:fr-->&nbsp;<\/p>\n<p><!--:--><\/p>\n","protected":false},"excerpt":{"rendered":"<p>A l&#8217;esplai, eduquem emocionant-nos i emocionant als altres i, per [&hellip;]<\/p>\n","protected":false},"author":3,"featured_media":25628,"comment_status":"open","ping_status":"open","sticky":false,"template":"","format":"standard","meta":{"om_disable_all_campaigns":false,"_monsterinsights_skip_tracking":false,"_monsterinsights_sitenote_active":false,"_monsterinsights_sitenote_note":"","_monsterinsights_sitenote_category":0,"_uf_show_specific_survey":0,"_uf_disable_surveys":false,"footnotes":""},"categories":[1111,1131,1129,1162],"tags":[415,427,184,442,54,369],"class_list":["post-25658","post","type-post","status-publish","format-standard","has-post-thumbnail","hentry","category-activitats-esplac","category-cursos-formacions","category-escola-desplac","category-linies-pedagogiques","tag-educacio-emocional","tag-emocions","tag-escola-desplac","tag-escola-desplac-15","tag-formacio","tag-marta-mata"],"yoast_head":"<!-- This site is optimized with the Yoast SEO plugin v27.4 - https:\/\/yoast.com\/product\/yoast-seo-wordpress\/ -->\n<title>Debat, formaci\u00f3 i emocions compartides a l&#039;Escola d&#039;Esplac! - Esplac<\/title>\n<meta name=\"robots\" content=\"index, follow, max-snippet:-1, max-image-preview:large, max-video-preview:-1\" \/>\n<link rel=\"canonical\" href=\"https:\/\/www.esplac.cat\/debat-formacio-i-emocions-compartides-a-escola-esplac\/\" \/>\n<meta property=\"og:locale\" content=\"es_ES\" \/>\n<meta property=\"og:type\" content=\"article\" \/>\n<meta property=\"og:title\" content=\"Debat, formaci\u00f3 i emocions compartides a l&#039;Escola d&#039;Esplac! - Esplac\" \/>\n<meta property=\"og:description\" content=\"A l&#8217;esplai, eduquem emocionant-nos i emocionant als altres i, per [&hellip;]\" \/>\n<meta property=\"og:url\" content=\"https:\/\/www.esplac.cat\/debat-formacio-i-emocions-compartides-a-escola-esplac\/\" \/>\n<meta property=\"og:site_name\" content=\"Esplac\" \/>\n<meta property=\"article:published_time\" content=\"2015-02-12T16:47:19+00:00\" \/>\n<meta property=\"article:modified_time\" content=\"2019-11-14T11:30:04+00:00\" \/>\n<meta property=\"og:image\" content=\"https:\/\/www.esplac.cat\/wp-content\/uploads\/2013\/02\/DSC08098.jpg\" \/>\n\t<meta property=\"og:image:width\" content=\"3872\" \/>\n\t<meta property=\"og:image:height\" content=\"2176\" \/>\n\t<meta property=\"og:image:type\" content=\"image\/jpeg\" \/>\n<meta name=\"author\" content=\"Comunicaci\u00f3 Esplac\" \/>\n<meta name=\"twitter:card\" content=\"summary_large_image\" \/>\n<meta name=\"twitter:label1\" content=\"Escrito por\" \/>\n\t<meta name=\"twitter:data1\" content=\"Comunicaci\u00f3 Esplac\" \/>\n\t<meta name=\"twitter:label2\" content=\"Tiempo de lectura\" \/>\n\t<meta name=\"twitter:data2\" content=\"3 minutos\" \/>\n<script type=\"application\/ld+json\" class=\"yoast-schema-graph\">{\"@context\":\"https:\\\/\\\/schema.org\",\"@graph\":[{\"@type\":\"Article\",\"@id\":\"https:\\\/\\\/www.esplac.cat\\\/debat-formacio-i-emocions-compartides-a-escola-esplac\\\/#article\",\"isPartOf\":{\"@id\":\"https:\\\/\\\/www.esplac.cat\\\/debat-formacio-i-emocions-compartides-a-escola-esplac\\\/\"},\"author\":{\"name\":\"Comunicaci\u00f3 Esplac\",\"@id\":\"https:\\\/\\\/www.esplac.cat\\\/#\\\/schema\\\/person\\\/908383cf240be18b68f8855d0583faca\"},\"headline\":\"Debat, formaci\u00f3 i emocions compartides a l&#8217;Escola d&#8217;Esplac!\",\"datePublished\":\"2015-02-12T16:47:19+00:00\",\"dateModified\":\"2019-11-14T11:30:04+00:00\",\"mainEntityOfPage\":{\"@id\":\"https:\\\/\\\/www.esplac.cat\\\/debat-formacio-i-emocions-compartides-a-escola-esplac\\\/\"},\"wordCount\":603,\"commentCount\":0,\"publisher\":{\"@id\":\"https:\\\/\\\/www.esplac.cat\\\/#organization\"},\"image\":{\"@id\":\"https:\\\/\\\/www.esplac.cat\\\/debat-formacio-i-emocions-compartides-a-escola-esplac\\\/#primaryimage\"},\"thumbnailUrl\":\"https:\\\/\\\/www.esplac.cat\\\/wp-content\\\/uploads\\\/2013\\\/02\\\/DSC08098.jpg\",\"keywords\":[\"educaci\u00f3 emocional\",\"emocions\",\"escola d'Esplac\",\"Escola d'Esplac 15\",\"formaci\u00f3\",\"Marta Mata\"],\"articleSection\":[\"Activitats esplac\",\"Cursos i formacions\",\"Escola d'Esplac\",\"L\u00ednies pedag\u00f2giques\"],\"inLanguage\":\"es\",\"potentialAction\":[{\"@type\":\"CommentAction\",\"name\":\"Comment\",\"target\":[\"https:\\\/\\\/www.esplac.cat\\\/debat-formacio-i-emocions-compartides-a-escola-esplac\\\/#respond\"]}]},{\"@type\":\"WebPage\",\"@id\":\"https:\\\/\\\/www.esplac.cat\\\/debat-formacio-i-emocions-compartides-a-escola-esplac\\\/\",\"url\":\"https:\\\/\\\/www.esplac.cat\\\/debat-formacio-i-emocions-compartides-a-escola-esplac\\\/\",\"name\":\"Debat, formaci\u00f3 i emocions compartides a l'Escola d'Esplac! - Esplac\",\"isPartOf\":{\"@id\":\"https:\\\/\\\/www.esplac.cat\\\/#website\"},\"primaryImageOfPage\":{\"@id\":\"https:\\\/\\\/www.esplac.cat\\\/debat-formacio-i-emocions-compartides-a-escola-esplac\\\/#primaryimage\"},\"image\":{\"@id\":\"https:\\\/\\\/www.esplac.cat\\\/debat-formacio-i-emocions-compartides-a-escola-esplac\\\/#primaryimage\"},\"thumbnailUrl\":\"https:\\\/\\\/www.esplac.cat\\\/wp-content\\\/uploads\\\/2013\\\/02\\\/DSC08098.jpg\",\"datePublished\":\"2015-02-12T16:47:19+00:00\",\"dateModified\":\"2019-11-14T11:30:04+00:00\",\"breadcrumb\":{\"@id\":\"https:\\\/\\\/www.esplac.cat\\\/debat-formacio-i-emocions-compartides-a-escola-esplac\\\/#breadcrumb\"},\"inLanguage\":\"es\",\"potentialAction\":[{\"@type\":\"ReadAction\",\"target\":[\"https:\\\/\\\/www.esplac.cat\\\/debat-formacio-i-emocions-compartides-a-escola-esplac\\\/\"]}]},{\"@type\":\"ImageObject\",\"inLanguage\":\"es\",\"@id\":\"https:\\\/\\\/www.esplac.cat\\\/debat-formacio-i-emocions-compartides-a-escola-esplac\\\/#primaryimage\",\"url\":\"https:\\\/\\\/www.esplac.cat\\\/wp-content\\\/uploads\\\/2013\\\/02\\\/DSC08098.jpg\",\"contentUrl\":\"https:\\\/\\\/www.esplac.cat\\\/wp-content\\\/uploads\\\/2013\\\/02\\\/DSC08098.jpg\",\"width\":3872,\"height\":2176},{\"@type\":\"BreadcrumbList\",\"@id\":\"https:\\\/\\\/www.esplac.cat\\\/debat-formacio-i-emocions-compartides-a-escola-esplac\\\/#breadcrumb\",\"itemListElement\":[{\"@type\":\"ListItem\",\"position\":1,\"name\":\"Inici\",\"item\":\"https:\\\/\\\/www.esplac.cat\\\/es\\\/\"},{\"@type\":\"ListItem\",\"position\":2,\"name\":\"Debat, formaci\u00f3 i emocions compartides a l&#8217;Escola d&#8217;Esplac!\"}]},{\"@type\":\"WebSite\",\"@id\":\"https:\\\/\\\/www.esplac.cat\\\/#website\",\"url\":\"https:\\\/\\\/www.esplac.cat\\\/\",\"name\":\"Esplac\",\"description\":\"Esplais Catalans\",\"publisher\":{\"@id\":\"https:\\\/\\\/www.esplac.cat\\\/#organization\"},\"potentialAction\":[{\"@type\":\"SearchAction\",\"target\":{\"@type\":\"EntryPoint\",\"urlTemplate\":\"https:\\\/\\\/www.esplac.cat\\\/?s={search_term_string}\"},\"query-input\":{\"@type\":\"PropertyValueSpecification\",\"valueRequired\":true,\"valueName\":\"search_term_string\"}}],\"inLanguage\":\"es\"},{\"@type\":\"Organization\",\"@id\":\"https:\\\/\\\/www.esplac.cat\\\/#organization\",\"name\":\"Esplac\",\"url\":\"https:\\\/\\\/www.esplac.cat\\\/\",\"logo\":{\"@type\":\"ImageObject\",\"inLanguage\":\"es\",\"@id\":\"https:\\\/\\\/www.esplac.cat\\\/#\\\/schema\\\/logo\\\/image\\\/\",\"url\":\"https:\\\/\\\/www.esplac.cat\\\/wp-content\\\/uploads\\\/2019\\\/08\\\/logox2.png\",\"contentUrl\":\"https:\\\/\\\/www.esplac.cat\\\/wp-content\\\/uploads\\\/2019\\\/08\\\/logox2.png\",\"width\":600,\"height\":295,\"caption\":\"Esplac\"},\"image\":{\"@id\":\"https:\\\/\\\/www.esplac.cat\\\/#\\\/schema\\\/logo\\\/image\\\/\"}},{\"@type\":\"Person\",\"@id\":\"https:\\\/\\\/www.esplac.cat\\\/#\\\/schema\\\/person\\\/908383cf240be18b68f8855d0583faca\",\"name\":\"Comunicaci\u00f3 Esplac\",\"image\":{\"@type\":\"ImageObject\",\"inLanguage\":\"es\",\"@id\":\"https:\\\/\\\/secure.gravatar.com\\\/avatar\\\/7a4cf8feb412a76ea4a740ca02d95b06b2907b5a6c648c2dd0a1082a093c3141?s=96&d=mm&r=g\",\"url\":\"https:\\\/\\\/secure.gravatar.com\\\/avatar\\\/7a4cf8feb412a76ea4a740ca02d95b06b2907b5a6c648c2dd0a1082a093c3141?s=96&d=mm&r=g\",\"contentUrl\":\"https:\\\/\\\/secure.gravatar.com\\\/avatar\\\/7a4cf8feb412a76ea4a740ca02d95b06b2907b5a6c648c2dd0a1082a093c3141?s=96&d=mm&r=g\",\"caption\":\"Comunicaci\u00f3 Esplac\"}}]}<\/script>\n<!-- \/ Yoast SEO plugin. -->","yoast_head_json":{"title":"Debat, formaci\u00f3 i emocions compartides a l'Escola d'Esplac! - Esplac","robots":{"index":"index","follow":"follow","max-snippet":"max-snippet:-1","max-image-preview":"max-image-preview:large","max-video-preview":"max-video-preview:-1"},"canonical":"https:\/\/www.esplac.cat\/debat-formacio-i-emocions-compartides-a-escola-esplac\/","og_locale":"es_ES","og_type":"article","og_title":"Debat, formaci\u00f3 i emocions compartides a l'Escola d'Esplac! - Esplac","og_description":"A l&#8217;esplai, eduquem emocionant-nos i emocionant als altres i, per [&hellip;]","og_url":"https:\/\/www.esplac.cat\/debat-formacio-i-emocions-compartides-a-escola-esplac\/","og_site_name":"Esplac","article_published_time":"2015-02-12T16:47:19+00:00","article_modified_time":"2019-11-14T11:30:04+00:00","og_image":[{"width":3872,"height":2176,"url":"https:\/\/www.esplac.cat\/wp-content\/uploads\/2013\/02\/DSC08098.jpg","type":"image\/jpeg"}],"author":"Comunicaci\u00f3 Esplac","twitter_card":"summary_large_image","twitter_misc":{"Escrito por":"Comunicaci\u00f3 Esplac","Tiempo de lectura":"3 minutos"},"schema":{"@context":"https:\/\/schema.org","@graph":[{"@type":"Article","@id":"https:\/\/www.esplac.cat\/debat-formacio-i-emocions-compartides-a-escola-esplac\/#article","isPartOf":{"@id":"https:\/\/www.esplac.cat\/debat-formacio-i-emocions-compartides-a-escola-esplac\/"},"author":{"name":"Comunicaci\u00f3 Esplac","@id":"https:\/\/www.esplac.cat\/#\/schema\/person\/908383cf240be18b68f8855d0583faca"},"headline":"Debat, formaci\u00f3 i emocions compartides a l&#8217;Escola d&#8217;Esplac!","datePublished":"2015-02-12T16:47:19+00:00","dateModified":"2019-11-14T11:30:04+00:00","mainEntityOfPage":{"@id":"https:\/\/www.esplac.cat\/debat-formacio-i-emocions-compartides-a-escola-esplac\/"},"wordCount":603,"commentCount":0,"publisher":{"@id":"https:\/\/www.esplac.cat\/#organization"},"image":{"@id":"https:\/\/www.esplac.cat\/debat-formacio-i-emocions-compartides-a-escola-esplac\/#primaryimage"},"thumbnailUrl":"https:\/\/www.esplac.cat\/wp-content\/uploads\/2013\/02\/DSC08098.jpg","keywords":["educaci\u00f3 emocional","emocions","escola d'Esplac","Escola d'Esplac 15","formaci\u00f3","Marta Mata"],"articleSection":["Activitats esplac","Cursos i formacions","Escola d'Esplac","L\u00ednies pedag\u00f2giques"],"inLanguage":"es","potentialAction":[{"@type":"CommentAction","name":"Comment","target":["https:\/\/www.esplac.cat\/debat-formacio-i-emocions-compartides-a-escola-esplac\/#respond"]}]},{"@type":"WebPage","@id":"https:\/\/www.esplac.cat\/debat-formacio-i-emocions-compartides-a-escola-esplac\/","url":"https:\/\/www.esplac.cat\/debat-formacio-i-emocions-compartides-a-escola-esplac\/","name":"Debat, formaci\u00f3 i emocions compartides a l'Escola d'Esplac! - Esplac","isPartOf":{"@id":"https:\/\/www.esplac.cat\/#website"},"primaryImageOfPage":{"@id":"https:\/\/www.esplac.cat\/debat-formacio-i-emocions-compartides-a-escola-esplac\/#primaryimage"},"image":{"@id":"https:\/\/www.esplac.cat\/debat-formacio-i-emocions-compartides-a-escola-esplac\/#primaryimage"},"thumbnailUrl":"https:\/\/www.esplac.cat\/wp-content\/uploads\/2013\/02\/DSC08098.jpg","datePublished":"2015-02-12T16:47:19+00:00","dateModified":"2019-11-14T11:30:04+00:00","breadcrumb":{"@id":"https:\/\/www.esplac.cat\/debat-formacio-i-emocions-compartides-a-escola-esplac\/#breadcrumb"},"inLanguage":"es","potentialAction":[{"@type":"ReadAction","target":["https:\/\/www.esplac.cat\/debat-formacio-i-emocions-compartides-a-escola-esplac\/"]}]},{"@type":"ImageObject","inLanguage":"es","@id":"https:\/\/www.esplac.cat\/debat-formacio-i-emocions-compartides-a-escola-esplac\/#primaryimage","url":"https:\/\/www.esplac.cat\/wp-content\/uploads\/2013\/02\/DSC08098.jpg","contentUrl":"https:\/\/www.esplac.cat\/wp-content\/uploads\/2013\/02\/DSC08098.jpg","width":3872,"height":2176},{"@type":"BreadcrumbList","@id":"https:\/\/www.esplac.cat\/debat-formacio-i-emocions-compartides-a-escola-esplac\/#breadcrumb","itemListElement":[{"@type":"ListItem","position":1,"name":"Inici","item":"https:\/\/www.esplac.cat\/es\/"},{"@type":"ListItem","position":2,"name":"Debat, formaci\u00f3 i emocions compartides a l&#8217;Escola d&#8217;Esplac!"}]},{"@type":"WebSite","@id":"https:\/\/www.esplac.cat\/#website","url":"https:\/\/www.esplac.cat\/","name":"Esplac","description":"Esplais Catalans","publisher":{"@id":"https:\/\/www.esplac.cat\/#organization"},"potentialAction":[{"@type":"SearchAction","target":{"@type":"EntryPoint","urlTemplate":"https:\/\/www.esplac.cat\/?s={search_term_string}"},"query-input":{"@type":"PropertyValueSpecification","valueRequired":true,"valueName":"search_term_string"}}],"inLanguage":"es"},{"@type":"Organization","@id":"https:\/\/www.esplac.cat\/#organization","name":"Esplac","url":"https:\/\/www.esplac.cat\/","logo":{"@type":"ImageObject","inLanguage":"es","@id":"https:\/\/www.esplac.cat\/#\/schema\/logo\/image\/","url":"https:\/\/www.esplac.cat\/wp-content\/uploads\/2019\/08\/logox2.png","contentUrl":"https:\/\/www.esplac.cat\/wp-content\/uploads\/2019\/08\/logox2.png","width":600,"height":295,"caption":"Esplac"},"image":{"@id":"https:\/\/www.esplac.cat\/#\/schema\/logo\/image\/"}},{"@type":"Person","@id":"https:\/\/www.esplac.cat\/#\/schema\/person\/908383cf240be18b68f8855d0583faca","name":"Comunicaci\u00f3 Esplac","image":{"@type":"ImageObject","inLanguage":"es","@id":"https:\/\/secure.gravatar.com\/avatar\/7a4cf8feb412a76ea4a740ca02d95b06b2907b5a6c648c2dd0a1082a093c3141?s=96&d=mm&r=g","url":"https:\/\/secure.gravatar.com\/avatar\/7a4cf8feb412a76ea4a740ca02d95b06b2907b5a6c648c2dd0a1082a093c3141?s=96&d=mm&r=g","contentUrl":"https:\/\/secure.gravatar.com\/avatar\/7a4cf8feb412a76ea4a740ca02d95b06b2907b5a6c648c2dd0a1082a093c3141?s=96&d=mm&r=g","caption":"Comunicaci\u00f3 Esplac"}}]}},"_links":{"self":[{"href":"https:\/\/www.esplac.cat\/es\/wp-json\/wp\/v2\/posts\/25658","targetHints":{"allow":["GET"]}}],"collection":[{"href":"https:\/\/www.esplac.cat\/es\/wp-json\/wp\/v2\/posts"}],"about":[{"href":"https:\/\/www.esplac.cat\/es\/wp-json\/wp\/v2\/types\/post"}],"author":[{"embeddable":true,"href":"https:\/\/www.esplac.cat\/es\/wp-json\/wp\/v2\/users\/3"}],"replies":[{"embeddable":true,"href":"https:\/\/www.esplac.cat\/es\/wp-json\/wp\/v2\/comments?post=25658"}],"version-history":[{"count":0,"href":"https:\/\/www.esplac.cat\/es\/wp-json\/wp\/v2\/posts\/25658\/revisions"}],"wp:featuredmedia":[{"embeddable":true,"href":"https:\/\/www.esplac.cat\/es\/wp-json\/wp\/v2\/media\/25628"}],"wp:attachment":[{"href":"https:\/\/www.esplac.cat\/es\/wp-json\/wp\/v2\/media?parent=25658"}],"wp:term":[{"taxonomy":"category","embeddable":true,"href":"https:\/\/www.esplac.cat\/es\/wp-json\/wp\/v2\/categories?post=25658"},{"taxonomy":"post_tag","embeddable":true,"href":"https:\/\/www.esplac.cat\/es\/wp-json\/wp\/v2\/tags?post=25658"}],"curies":[{"name":"wp","href":"https:\/\/api.w.org\/{rel}","templated":true}]}}