{"id":25667,"date":"2015-01-26T18:50:22","date_gmt":"2015-01-26T16:50:22","guid":{"rendered":"http:\/\/esplac.cat\/?p=6134"},"modified":"2019-11-14T13:17:46","modified_gmt":"2019-11-14T11:17:46","slug":"jornades-deducacio-ambiental-les-coses-pel-seu-nom","status":"publish","type":"post","link":"https:\/\/www.esplac.cat\/es\/jornades-deducacio-ambiental-les-coses-pel-seu-nom\/","title":{"rendered":"Jornades d&#8217;Educaci\u00f3 Ambiental: Les coses pel seu nom"},"content":{"rendered":"<p><!--:CA--><\/p>\n<div dir=\"ltr\">\n<div>\n<div>Com ja sabreu, la comissi\u00f3 Reduint Petjada va organitzar l&#8217;any passat unes jornades formatives i de debat de car\u00e0cter socio-ambiental sota el nom \u00abLes coses pel seu nom: Jornades Anticapitalistes\u00bb.<\/div>\n<div>Despr\u00e9s del gran \u00e8xit que van suposar, enguany els membres de la comissi\u00f3 s&#8217;han proposat tornar a realitzar-ne unes altres amb el mateix format!!<\/div>\n<div dir=\"ltr\">Aquesta \u00e9s una enquesta per a que ens puguis donar la teva opini\u00f3 sobre el tema a treballar a les properes Jornades d&#8217;Educaci\u00f3 Ambiental d&#8217;Esplac que es celebraran al maig del 2015.Des de la comissi\u00f3 Reduint Petjada hem fet una pre-selecci\u00f3 de temes socio-ambientals d&#8217;actualitat pel que ara nom\u00e9s caldr\u00e0 que puntu\u00efs per ordre de prefer\u00e8ncia entre els 5 temes que et proposem a continuaci\u00f3 (essent 1 la opci\u00f3 m\u00e9s desitjada i 5 la que menys). L&#8217;enquesta l&#8217;heu de respondre a t\u00edtol individual.<\/p>\n<p>Fer possibles les jornades \u00e9s cosa de totes, pel que et convidem a que ens facis propostes de ponents, contactes i propostes interessants!<\/p>\n<p>Endavant i moltes gr\u00e0cies!<\/p>\n<p>&nbsp;<\/p>\n<p>&nbsp;<\/p>\n<\/div>\n<div>* Necessari<\/div>\n<\/div>\n<div>\n<div>\n<form action=\"https:\/\/docs.google.com\/a\/esplac.cat\/forms\/d\/1vl0-rqFkZcjSCSeFFJdrO5T7NwECuGZogcuXox9f1Rw\/formResponse\" method=\"POST\" target=\"_blank\">\n<div>\n<div dir=\"ltr\">\n<div>\n<div>Ordena de l&#8217;1 al 5 segons el teu inter\u00e9s en vers el tema per a les propers Jornades d&#8217;Educaci\u00f3 Ambiental\u00a0<label><\/label>*<\/div>\n<div>\n<table border=\"0\" cellspacing=\"0\" cellpadding=\"5\">\n<thead>\n<tr>\n<td><\/td>\n<td><label>1<\/label><\/td>\n<td><label>2<\/label><\/td>\n<td><label>3<\/label><\/td>\n<td><label>4<\/label><\/td>\n<td><label>5<\/label><\/td>\n<\/tr>\n<\/thead>\n<tbody>\n<tr>\n<td>Alimentaci\u00f3 i consum responsable: an\u00e0lisi de la producci\u00f3, distribuci\u00f3 i consum.<\/td>\n<td>\n<div><input type=\"radio\" name=\"entry.1972046505\" value=\"1\" \/><\/div>\n<\/td>\n<td>\n<div><input type=\"radio\" name=\"entry.1972046505\" value=\"2\" \/><\/div>\n<\/td>\n<td>\n<div><input type=\"radio\" name=\"entry.1972046505\" value=\"3\" \/><\/div>\n<\/td>\n<td>\n<div><input type=\"radio\" name=\"entry.1972046505\" value=\"4\" \/><\/div>\n<\/td>\n<td>\n<div><input type=\"radio\" name=\"entry.1972046505\" value=\"5\" \/><\/div>\n<\/td>\n<\/tr>\n<tr>\n<td>Consum Conscient i Transformador<\/td>\n<td>\n<div><input type=\"radio\" name=\"entry.524211260\" value=\"1\" \/><\/div>\n<\/td>\n<td>\n<div><input type=\"radio\" name=\"entry.524211260\" value=\"2\" \/><\/div>\n<\/td>\n<td>\n<div><input type=\"radio\" name=\"entry.524211260\" value=\"3\" \/><\/div>\n<\/td>\n<td>\n<div><input type=\"radio\" name=\"entry.524211260\" value=\"4\" \/><\/div>\n<\/td>\n<td>\n<div><input type=\"radio\" name=\"entry.524211260\" value=\"5\" \/><\/div>\n<\/td>\n<\/tr>\n<tr>\n<td>Sostenibilitat social i ecol\u00f2gica: ecoaldees<\/td>\n<td>\n<div><input type=\"radio\" name=\"entry.1557216170\" value=\"1\" \/><\/div>\n<\/td>\n<td>\n<div><input type=\"radio\" name=\"entry.1557216170\" value=\"2\" \/><\/div>\n<\/td>\n<td>\n<div><input type=\"radio\" name=\"entry.1557216170\" value=\"3\" \/><\/div>\n<\/td>\n<td>\n<div><input type=\"radio\" name=\"entry.1557216170\" value=\"4\" \/><\/div>\n<\/td>\n<td>\n<div><input type=\"radio\" name=\"entry.1557216170\" value=\"5\" \/><\/div>\n<\/td>\n<\/tr>\n<tr>\n<td>Sostenibilitat a la ciutat i serveis cooperatius<\/td>\n<td>\n<div><input type=\"radio\" name=\"entry.1404006253\" value=\"1\" \/><\/div>\n<\/td>\n<td>\n<div><input type=\"radio\" name=\"entry.1404006253\" value=\"2\" \/><\/div>\n<\/td>\n<td>\n<div><input type=\"radio\" name=\"entry.1404006253\" value=\"3\" \/><\/div>\n<\/td>\n<td>\n<div><input type=\"radio\" name=\"entry.1404006253\" value=\"4\" \/><\/div>\n<\/td>\n<td>\n<div><input type=\"radio\" name=\"entry.1404006253\" value=\"5\" \/><\/div>\n<\/td>\n<\/tr>\n<tr>\n<td>Economia solid\u00e0ria<\/td>\n<td>\n<div><input type=\"radio\" name=\"entry.2037279700\" value=\"1\" \/><\/div>\n<\/td>\n<td>\n<div><input type=\"radio\" name=\"entry.2037279700\" value=\"2\" \/><\/div>\n<\/td>\n<td>\n<div><input type=\"radio\" name=\"entry.2037279700\" value=\"3\" \/><\/div>\n<\/td>\n<td>\n<div><input type=\"radio\" name=\"entry.2037279700\" value=\"4\" \/><\/div>\n<\/td>\n<td>\n<div><input type=\"radio\" name=\"entry.2037279700\" value=\"5\" \/><\/div>\n<\/td>\n<\/tr>\n<\/tbody>\n<\/table>\n<\/div>\n<\/div>\n<\/div>\n<\/div>\n<div>\n<div dir=\"ltr\">\n<div>\n<div>Tens alguna proposta de ponents o contactes que creus que podria ser interessant pels temes exposats? fes-nos-ho saber!<\/div>\n<p><textarea dir=\"auto\" name=\"entry.1142694940\" rows=\"8\" cols=\"0\"><\/textarea><\/div>\n<\/div>\n<\/div>\n<div>\n<table>\n<tbody>\n<tr>\n<td dir=\"ltr\"><input type=\"submit\" name=\"submit\" value=\"Envia\" \/><\/p>\n<div>No envieu mai contrasenyes a trav\u00e9s de Formularis de Google.<\/div>\n<\/td>\n<\/tr>\n<\/tbody>\n<\/table>\n<\/div>\n<\/form>\n<\/div>\n<div>\n<div><\/div>\n<div>\n<div><\/div>\n<div dir=\"ltr\">\n<div>Tecnologia de<a href=\"https:\/\/www.google.com\/forms\/about\/?utm_source=product&amp;utm_medium=forms_logo&amp;utm_campaign=forms\" target=\"_blank\" rel=\"noopener noreferrer\"><img decoding=\"async\" src=\"https:\/\/ci5.googleusercontent.com\/proxy\/bqBPXmUJ79NhxQC4Y3ROW12NWqqlGuV7ouMSn_XV1qMdSBRiRUnYbZPrnDGgxAalKjeycbHHnDu8Ctf_NuMtY1mIw_PciLna5wS3IJCLjznjnw=s0-d-e1-ft#https:\/\/ssl.gstatic.com\/docs\/forms\/forms_logo_small_dark.png\" alt=\"Formularis de Google\" \/><\/a><\/div>\n<div>Aquest formulari s&#8217;ha creat dins del domini Esplais Catalans.<br \/>\n<a href=\"https:\/\/docs.google.com\/forms\/d\/1vl0-rqFkZcjSCSeFFJdrO5T7NwECuGZogcuXox9f1Rw\/reportabuse?source=https:\/\/docs.google.com\/forms\/d\/1vl0-rqFkZcjSCSeFFJdrO5T7NwECuGZogcuXox9f1Rw\/viewform?sid%3D1d51d1e48655d6b3%26c%3D0%26w%3D1%26token%3DdrWMDUsBAAA.4ZI5sj6DtnppUr-YjdYGzw.Q4M_2iJ7oPn6qd-rJkl4vg\" target=\"_blank\" rel=\"noopener noreferrer\">Informeu dels abusos<\/a>\u00a0&#8211;\u00a0<a href=\"http:\/\/www.google.com\/accounts\/TOS\" target=\"_blank\" rel=\"noopener noreferrer\">Condicions del Servei<\/a>\u00a0&#8211;\u00a0<a href=\"http:\/\/www.google.com\/google-d-s\/terms.html\" target=\"_blank\" rel=\"noopener noreferrer\">Termes addicionals<\/a><\/div>\n<div>\u00a0Si teniu problemes per veure o enviar aquest formulari, podeu\u00a0<a href=\"https:\/\/docs.google.com\/forms\/d\/1vl0-rqFkZcjSCSeFFJdrO5T7NwECuGZogcuXox9f1Rw\/viewform?c=0&amp;w=1&amp;usp=mail_form_link\" target=\"_blank\" rel=\"noopener noreferrer\">emplenar-lo en l\u00ednia<\/a>.<\/div>\n<\/div>\n<\/div>\n<\/div>\n<\/div>\n<\/div>\n<p><!--:--><!--:es-->&nbsp;<\/p>\n<p><!--:--><!--:en-->&nbsp;<\/p>\n<p><!--:--><!--:fr-->&nbsp;<\/p>\n<p><!--:--><\/p>\n","protected":false},"excerpt":{"rendered":"<p>Com ja sabreu, la comissi\u00f3 Reduint Petjada va organitzar l&#8217;any [&hellip;]<\/p>\n","protected":false},"author":3,"featured_media":7738,"comment_status":"open","ping_status":"open","sticky":false,"template":"","format":"standard","meta":{"om_disable_all_campaigns":false,"_monsterinsights_skip_tracking":false,"_monsterinsights_sitenote_active":false,"_monsterinsights_sitenote_note":"","_monsterinsights_sitenote_category":0,"_uf_show_specific_survey":0,"_uf_disable_surveys":false,"footnotes":""},"categories":[1111,1161,1159],"tags":[],"class_list":["post-25667","post","type-post","status-publish","format-standard","has-post-thumbnail","hentry","category-activitats-esplac","category-comissio-reduint-petjada","category-jornades-ambientals"],"yoast_head":"<!-- This site is optimized with the Yoast SEO plugin v27.5 - https:\/\/yoast.com\/product\/yoast-seo-wordpress\/ -->\n<title>Jornades d&#039;Educaci\u00f3 Ambiental: Les coses pel seu nom - Esplac<\/title>\n<meta name=\"robots\" content=\"index, follow, max-snippet:-1, max-image-preview:large, max-video-preview:-1\" \/>\n<link rel=\"canonical\" href=\"https:\/\/www.esplac.cat\/en\/jornades-deducacio-ambiental-les-coses-pel-seu-nom\/\" \/>\n<meta property=\"og:locale\" content=\"es_ES\" \/>\n<meta property=\"og:type\" content=\"article\" \/>\n<meta property=\"og:title\" content=\"Jornades d&#039;Educaci\u00f3 Ambiental: Les coses pel seu nom - Esplac\" \/>\n<meta property=\"og:description\" content=\"Com ja sabreu, la comissi\u00f3 Reduint Petjada va organitzar l&#8217;any [&hellip;]\" \/>\n<meta property=\"og:url\" content=\"https:\/\/www.esplac.cat\/en\/jornades-deducacio-ambiental-les-coses-pel-seu-nom\/\" \/>\n<meta property=\"og:site_name\" content=\"Esplac\" \/>\n<meta property=\"article:published_time\" content=\"2015-01-26T16:50:22+00:00\" \/>\n<meta property=\"article:modified_time\" content=\"2019-11-14T11:17:46+00:00\" \/>\n<meta property=\"og:image\" content=\"https:\/\/www.esplac.cat\/wp-content\/uploads\/2019\/11\/logo-open.jpg\" \/>\n\t<meta property=\"og:image:width\" content=\"1200\" \/>\n\t<meta property=\"og:image:height\" content=\"630\" \/>\n\t<meta property=\"og:image:type\" content=\"image\/jpeg\" \/>\n<meta name=\"author\" content=\"Comunicaci\u00f3 Esplac\" \/>\n<meta name=\"twitter:card\" content=\"summary_large_image\" \/>\n<meta name=\"twitter:label1\" content=\"Escrito por\" \/>\n\t<meta name=\"twitter:data1\" content=\"Comunicaci\u00f3 Esplac\" \/>\n\t<meta name=\"twitter:label2\" content=\"Tiempo de lectura\" \/>\n\t<meta name=\"twitter:data2\" content=\"1 minuto\" \/>\n<script type=\"application\/ld+json\" class=\"yoast-schema-graph\">{\"@context\":\"https:\\\/\\\/schema.org\",\"@graph\":[{\"@type\":\"Article\",\"@id\":\"https:\\\/\\\/www.esplac.cat\\\/en\\\/jornades-deducacio-ambiental-les-coses-pel-seu-nom\\\/#article\",\"isPartOf\":{\"@id\":\"https:\\\/\\\/www.esplac.cat\\\/en\\\/jornades-deducacio-ambiental-les-coses-pel-seu-nom\\\/\"},\"author\":{\"name\":\"Comunicaci\u00f3 Esplac\",\"@id\":\"https:\\\/\\\/www.esplac.cat\\\/#\\\/schema\\\/person\\\/908383cf240be18b68f8855d0583faca\"},\"headline\":\"Jornades d&#8217;Educaci\u00f3 Ambiental: Les coses pel seu nom\",\"datePublished\":\"2015-01-26T16:50:22+00:00\",\"dateModified\":\"2019-11-14T11:17:46+00:00\",\"mainEntityOfPage\":{\"@id\":\"https:\\\/\\\/www.esplac.cat\\\/en\\\/jornades-deducacio-ambiental-les-coses-pel-seu-nom\\\/\"},\"wordCount\":309,\"commentCount\":0,\"publisher\":{\"@id\":\"https:\\\/\\\/www.esplac.cat\\\/#organization\"},\"image\":{\"@id\":\"https:\\\/\\\/www.esplac.cat\\\/en\\\/jornades-deducacio-ambiental-les-coses-pel-seu-nom\\\/#primaryimage\"},\"thumbnailUrl\":\"\",\"articleSection\":[\"Activitats esplac\",\"Comissi\u00f3 Reduint Petjada\",\"Jornades ambientals\"],\"inLanguage\":\"es\",\"potentialAction\":[{\"@type\":\"CommentAction\",\"name\":\"Comment\",\"target\":[\"https:\\\/\\\/www.esplac.cat\\\/en\\\/jornades-deducacio-ambiental-les-coses-pel-seu-nom\\\/#respond\"]}]},{\"@type\":\"WebPage\",\"@id\":\"https:\\\/\\\/www.esplac.cat\\\/en\\\/jornades-deducacio-ambiental-les-coses-pel-seu-nom\\\/\",\"url\":\"https:\\\/\\\/www.esplac.cat\\\/en\\\/jornades-deducacio-ambiental-les-coses-pel-seu-nom\\\/\",\"name\":\"Jornades d'Educaci\u00f3 Ambiental: Les coses pel seu nom - Esplac\",\"isPartOf\":{\"@id\":\"https:\\\/\\\/www.esplac.cat\\\/#website\"},\"primaryImageOfPage\":{\"@id\":\"https:\\\/\\\/www.esplac.cat\\\/en\\\/jornades-deducacio-ambiental-les-coses-pel-seu-nom\\\/#primaryimage\"},\"image\":{\"@id\":\"https:\\\/\\\/www.esplac.cat\\\/en\\\/jornades-deducacio-ambiental-les-coses-pel-seu-nom\\\/#primaryimage\"},\"thumbnailUrl\":\"\",\"datePublished\":\"2015-01-26T16:50:22+00:00\",\"dateModified\":\"2019-11-14T11:17:46+00:00\",\"breadcrumb\":{\"@id\":\"https:\\\/\\\/www.esplac.cat\\\/en\\\/jornades-deducacio-ambiental-les-coses-pel-seu-nom\\\/#breadcrumb\"},\"inLanguage\":\"es\",\"potentialAction\":[{\"@type\":\"ReadAction\",\"target\":[\"https:\\\/\\\/www.esplac.cat\\\/en\\\/jornades-deducacio-ambiental-les-coses-pel-seu-nom\\\/\"]}]},{\"@type\":\"ImageObject\",\"inLanguage\":\"es\",\"@id\":\"https:\\\/\\\/www.esplac.cat\\\/en\\\/jornades-deducacio-ambiental-les-coses-pel-seu-nom\\\/#primaryimage\",\"url\":\"\",\"contentUrl\":\"\"},{\"@type\":\"BreadcrumbList\",\"@id\":\"https:\\\/\\\/www.esplac.cat\\\/en\\\/jornades-deducacio-ambiental-les-coses-pel-seu-nom\\\/#breadcrumb\",\"itemListElement\":[{\"@type\":\"ListItem\",\"position\":1,\"name\":\"Inici\",\"item\":\"https:\\\/\\\/www.esplac.cat\\\/es\\\/\"},{\"@type\":\"ListItem\",\"position\":2,\"name\":\"Jornades d&#8217;Educaci\u00f3 Ambiental: Les coses pel seu nom\"}]},{\"@type\":\"WebSite\",\"@id\":\"https:\\\/\\\/www.esplac.cat\\\/#website\",\"url\":\"https:\\\/\\\/www.esplac.cat\\\/\",\"name\":\"Esplac\",\"description\":\"Esplais Catalans\",\"publisher\":{\"@id\":\"https:\\\/\\\/www.esplac.cat\\\/#organization\"},\"potentialAction\":[{\"@type\":\"SearchAction\",\"target\":{\"@type\":\"EntryPoint\",\"urlTemplate\":\"https:\\\/\\\/www.esplac.cat\\\/?s={search_term_string}\"},\"query-input\":{\"@type\":\"PropertyValueSpecification\",\"valueRequired\":true,\"valueName\":\"search_term_string\"}}],\"inLanguage\":\"es\"},{\"@type\":\"Organization\",\"@id\":\"https:\\\/\\\/www.esplac.cat\\\/#organization\",\"name\":\"Esplac\",\"url\":\"https:\\\/\\\/www.esplac.cat\\\/\",\"logo\":{\"@type\":\"ImageObject\",\"inLanguage\":\"es\",\"@id\":\"https:\\\/\\\/www.esplac.cat\\\/#\\\/schema\\\/logo\\\/image\\\/\",\"url\":\"https:\\\/\\\/www.esplac.cat\\\/wp-content\\\/uploads\\\/2019\\\/08\\\/logox2.png\",\"contentUrl\":\"https:\\\/\\\/www.esplac.cat\\\/wp-content\\\/uploads\\\/2019\\\/08\\\/logox2.png\",\"width\":600,\"height\":295,\"caption\":\"Esplac\"},\"image\":{\"@id\":\"https:\\\/\\\/www.esplac.cat\\\/#\\\/schema\\\/logo\\\/image\\\/\"}},{\"@type\":\"Person\",\"@id\":\"https:\\\/\\\/www.esplac.cat\\\/#\\\/schema\\\/person\\\/908383cf240be18b68f8855d0583faca\",\"name\":\"Comunicaci\u00f3 Esplac\",\"image\":{\"@type\":\"ImageObject\",\"inLanguage\":\"es\",\"@id\":\"https:\\\/\\\/secure.gravatar.com\\\/avatar\\\/7a4cf8feb412a76ea4a740ca02d95b06b2907b5a6c648c2dd0a1082a093c3141?s=96&d=mm&r=g\",\"url\":\"https:\\\/\\\/secure.gravatar.com\\\/avatar\\\/7a4cf8feb412a76ea4a740ca02d95b06b2907b5a6c648c2dd0a1082a093c3141?s=96&d=mm&r=g\",\"contentUrl\":\"https:\\\/\\\/secure.gravatar.com\\\/avatar\\\/7a4cf8feb412a76ea4a740ca02d95b06b2907b5a6c648c2dd0a1082a093c3141?s=96&d=mm&r=g\",\"caption\":\"Comunicaci\u00f3 Esplac\"}}]}<\/script>\n<!-- \/ Yoast SEO plugin. -->","yoast_head_json":{"title":"Jornades d'Educaci\u00f3 Ambiental: Les coses pel seu nom - Esplac","robots":{"index":"index","follow":"follow","max-snippet":"max-snippet:-1","max-image-preview":"max-image-preview:large","max-video-preview":"max-video-preview:-1"},"canonical":"https:\/\/www.esplac.cat\/en\/jornades-deducacio-ambiental-les-coses-pel-seu-nom\/","og_locale":"es_ES","og_type":"article","og_title":"Jornades d'Educaci\u00f3 Ambiental: Les coses pel seu nom - Esplac","og_description":"Com ja sabreu, la comissi\u00f3 Reduint Petjada va organitzar l&#8217;any [&hellip;]","og_url":"https:\/\/www.esplac.cat\/en\/jornades-deducacio-ambiental-les-coses-pel-seu-nom\/","og_site_name":"Esplac","article_published_time":"2015-01-26T16:50:22+00:00","article_modified_time":"2019-11-14T11:17:46+00:00","og_image":[{"width":1200,"height":630,"url":"https:\/\/www.esplac.cat\/wp-content\/uploads\/2019\/11\/logo-open.jpg","type":"image\/jpeg"}],"author":"Comunicaci\u00f3 Esplac","twitter_card":"summary_large_image","twitter_misc":{"Escrito por":"Comunicaci\u00f3 Esplac","Tiempo de lectura":"1 minuto"},"schema":{"@context":"https:\/\/schema.org","@graph":[{"@type":"Article","@id":"https:\/\/www.esplac.cat\/en\/jornades-deducacio-ambiental-les-coses-pel-seu-nom\/#article","isPartOf":{"@id":"https:\/\/www.esplac.cat\/en\/jornades-deducacio-ambiental-les-coses-pel-seu-nom\/"},"author":{"name":"Comunicaci\u00f3 Esplac","@id":"https:\/\/www.esplac.cat\/#\/schema\/person\/908383cf240be18b68f8855d0583faca"},"headline":"Jornades d&#8217;Educaci\u00f3 Ambiental: Les coses pel seu nom","datePublished":"2015-01-26T16:50:22+00:00","dateModified":"2019-11-14T11:17:46+00:00","mainEntityOfPage":{"@id":"https:\/\/www.esplac.cat\/en\/jornades-deducacio-ambiental-les-coses-pel-seu-nom\/"},"wordCount":309,"commentCount":0,"publisher":{"@id":"https:\/\/www.esplac.cat\/#organization"},"image":{"@id":"https:\/\/www.esplac.cat\/en\/jornades-deducacio-ambiental-les-coses-pel-seu-nom\/#primaryimage"},"thumbnailUrl":"","articleSection":["Activitats esplac","Comissi\u00f3 Reduint Petjada","Jornades ambientals"],"inLanguage":"es","potentialAction":[{"@type":"CommentAction","name":"Comment","target":["https:\/\/www.esplac.cat\/en\/jornades-deducacio-ambiental-les-coses-pel-seu-nom\/#respond"]}]},{"@type":"WebPage","@id":"https:\/\/www.esplac.cat\/en\/jornades-deducacio-ambiental-les-coses-pel-seu-nom\/","url":"https:\/\/www.esplac.cat\/en\/jornades-deducacio-ambiental-les-coses-pel-seu-nom\/","name":"Jornades d'Educaci\u00f3 Ambiental: Les coses pel seu nom - Esplac","isPartOf":{"@id":"https:\/\/www.esplac.cat\/#website"},"primaryImageOfPage":{"@id":"https:\/\/www.esplac.cat\/en\/jornades-deducacio-ambiental-les-coses-pel-seu-nom\/#primaryimage"},"image":{"@id":"https:\/\/www.esplac.cat\/en\/jornades-deducacio-ambiental-les-coses-pel-seu-nom\/#primaryimage"},"thumbnailUrl":"","datePublished":"2015-01-26T16:50:22+00:00","dateModified":"2019-11-14T11:17:46+00:00","breadcrumb":{"@id":"https:\/\/www.esplac.cat\/en\/jornades-deducacio-ambiental-les-coses-pel-seu-nom\/#breadcrumb"},"inLanguage":"es","potentialAction":[{"@type":"ReadAction","target":["https:\/\/www.esplac.cat\/en\/jornades-deducacio-ambiental-les-coses-pel-seu-nom\/"]}]},{"@type":"ImageObject","inLanguage":"es","@id":"https:\/\/www.esplac.cat\/en\/jornades-deducacio-ambiental-les-coses-pel-seu-nom\/#primaryimage","url":"","contentUrl":""},{"@type":"BreadcrumbList","@id":"https:\/\/www.esplac.cat\/en\/jornades-deducacio-ambiental-les-coses-pel-seu-nom\/#breadcrumb","itemListElement":[{"@type":"ListItem","position":1,"name":"Inici","item":"https:\/\/www.esplac.cat\/es\/"},{"@type":"ListItem","position":2,"name":"Jornades d&#8217;Educaci\u00f3 Ambiental: Les coses pel seu nom"}]},{"@type":"WebSite","@id":"https:\/\/www.esplac.cat\/#website","url":"https:\/\/www.esplac.cat\/","name":"Esplac","description":"Esplais Catalans","publisher":{"@id":"https:\/\/www.esplac.cat\/#organization"},"potentialAction":[{"@type":"SearchAction","target":{"@type":"EntryPoint","urlTemplate":"https:\/\/www.esplac.cat\/?s={search_term_string}"},"query-input":{"@type":"PropertyValueSpecification","valueRequired":true,"valueName":"search_term_string"}}],"inLanguage":"es"},{"@type":"Organization","@id":"https:\/\/www.esplac.cat\/#organization","name":"Esplac","url":"https:\/\/www.esplac.cat\/","logo":{"@type":"ImageObject","inLanguage":"es","@id":"https:\/\/www.esplac.cat\/#\/schema\/logo\/image\/","url":"https:\/\/www.esplac.cat\/wp-content\/uploads\/2019\/08\/logox2.png","contentUrl":"https:\/\/www.esplac.cat\/wp-content\/uploads\/2019\/08\/logox2.png","width":600,"height":295,"caption":"Esplac"},"image":{"@id":"https:\/\/www.esplac.cat\/#\/schema\/logo\/image\/"}},{"@type":"Person","@id":"https:\/\/www.esplac.cat\/#\/schema\/person\/908383cf240be18b68f8855d0583faca","name":"Comunicaci\u00f3 Esplac","image":{"@type":"ImageObject","inLanguage":"es","@id":"https:\/\/secure.gravatar.com\/avatar\/7a4cf8feb412a76ea4a740ca02d95b06b2907b5a6c648c2dd0a1082a093c3141?s=96&d=mm&r=g","url":"https:\/\/secure.gravatar.com\/avatar\/7a4cf8feb412a76ea4a740ca02d95b06b2907b5a6c648c2dd0a1082a093c3141?s=96&d=mm&r=g","contentUrl":"https:\/\/secure.gravatar.com\/avatar\/7a4cf8feb412a76ea4a740ca02d95b06b2907b5a6c648c2dd0a1082a093c3141?s=96&d=mm&r=g","caption":"Comunicaci\u00f3 Esplac"}}]}},"_links":{"self":[{"href":"https:\/\/www.esplac.cat\/es\/wp-json\/wp\/v2\/posts\/25667","targetHints":{"allow":["GET"]}}],"collection":[{"href":"https:\/\/www.esplac.cat\/es\/wp-json\/wp\/v2\/posts"}],"about":[{"href":"https:\/\/www.esplac.cat\/es\/wp-json\/wp\/v2\/types\/post"}],"author":[{"embeddable":true,"href":"https:\/\/www.esplac.cat\/es\/wp-json\/wp\/v2\/users\/3"}],"replies":[{"embeddable":true,"href":"https:\/\/www.esplac.cat\/es\/wp-json\/wp\/v2\/comments?post=25667"}],"version-history":[{"count":0,"href":"https:\/\/www.esplac.cat\/es\/wp-json\/wp\/v2\/posts\/25667\/revisions"}],"wp:featuredmedia":[{"embeddable":true,"href":"https:\/\/www.esplac.cat\/es\/wp-json\/"}],"wp:attachment":[{"href":"https:\/\/www.esplac.cat\/es\/wp-json\/wp\/v2\/media?parent=25667"}],"wp:term":[{"taxonomy":"category","embeddable":true,"href":"https:\/\/www.esplac.cat\/es\/wp-json\/wp\/v2\/categories?post=25667"},{"taxonomy":"post_tag","embeddable":true,"href":"https:\/\/www.esplac.cat\/es\/wp-json\/wp\/v2\/tags?post=25667"}],"curies":[{"name":"wp","href":"https:\/\/api.w.org\/{rel}","templated":true}]}}