{"id":25668,"date":"2015-01-20T17:50:36","date_gmt":"2015-01-20T15:50:36","guid":{"rendered":"http:\/\/esplac.cat\/?p=6116"},"modified":"2015-01-20T17:50:36","modified_gmt":"2015-01-20T15:50:36","slug":"programa-complet-escola-esplac-2015","status":"publish","type":"post","link":"https:\/\/www.esplac.cat\/es\/programa-complet-escola-esplac-2015\/","title":{"rendered":"Ja tenim el programa i els ponents de l&#8217;Escola d&#8217;Esplac!"},"content":{"rendered":"<p><!--:CA-->L&#8217;educaci\u00f3 emocional ser\u00e0 l&#8217;eix principal de l&#8217;Escola d&#8217;Esplac 2015, les jornades de formaci\u00f3 organitzades per Esplac\u2013 Esplais Catalans el 7 i 8 de febrer a l&#8217;alberg Torre Ametller de Cabrera de Mar (Maresme). Estaran obertes a la participaci\u00f3 de monitors i monitores dels esplais i tamb\u00e9, per primera vegada, a persones vinculades al m\u00f3n de l&#8217;associacionisme juvenil i l&#8217;educaci\u00f3.<\/p>\n<p>La programaci\u00f3 de l&#8217;Escola s&#8217;enceta el dissabte 7, amb l&#8217;<strong>acte de presentaci\u00f3<\/strong>\u00a0a les 11h a c\u00e0rrec de Raimon Carreras, president de l&#8217;Escola d&#8217;Esplac i Raimon Goberna, secretari general de l&#8217;Escola Lliure El Sol. En aquest primer acte s&#8217;explicar\u00e0 per qu\u00e8 treballem sobre l&#8217;educaci\u00f3 emocional a l&#8217;esplai i la import\u00e0ncia d&#8217;aquesta formaci\u00f3 pels educadors i educadores.<\/p>\n<p>Tot seguit, es faran diverses <strong>taules rodones<\/strong> de 12:30h a 14:30h sobre qu\u00e8 \u00e9s l&#8217;educaci\u00f3 emocional i quin ha de ser el paper dels educadors i educadores i dels infants i joves. Aquest espai ser\u00e0 obert a persones externes a Esplac i comptar\u00e0 amb els seg\u00fcents ponents:<\/p>\n<ul>\n<li><strong>Anna Carpena<\/strong>, mestra especialista en educaci\u00f3 especial i membre del comit\u00e8 cient\u00edfic i assessor del Congr\u00e9s Internacional d&#8217;Educaci\u00f3 Emocional. Pionera a Catalunya en la introducci\u00f3 de programes d&#8217;educaci\u00f3 socioemocional a l&#8217;escola.<\/li>\n<li><strong>Ferm\u00edn Rodr\u00edguez<\/strong>, psicopedagog i formador a l&#8217;Escola Lliure El Sol especialista en educaci\u00f3 emocional i habilitats socials.<\/li>\n<li><strong>Francesc Esteban<\/strong>, pedagog, diplomat en pedagogia del temps lliure i animaci\u00f3 sociocultural amb M\u00e0ster en Investigaci\u00f3 pedag\u00f2gica<\/li>\n<li><strong>Dani Costa,<\/strong> mestre d&#8217;Educaci\u00f3 Prim\u00e0ria, monitor i director de l&#8217;Esplai La Fera i formador a l&#8217;Escola Lliure El Sol.<\/li>\n<li><strong>Maria Rosa Torrescana<\/strong>, educadora infantil, psicopedagoga i professora a la FUB (Fundaci\u00f3 Universit\u00e0ria del Bages) i a la UOC.<\/li>\n<li><strong>Marta Cots<\/strong>, psic\u00f2loga, psicopedagoga i coordinadora t\u00e8cnica de l&#8217;Escola de formaci\u00f3 de Minyons, Escoltes i Guies.<\/li>\n<li><strong>Marcel Bola\u00f1o,<\/strong> Acompanyant\/educador i assessor del CRAEV (Centre de Recerca i Assessorament d&#8217;Educaci\u00f3 Viva) a l&#8217;Alt Maresme.<\/li>\n<li><strong>L\u00eddia Garcia,<\/strong> t\u00e8cnica d&#8217;educaci\u00f3 infantil i educadora emocional de La Granja, amb 10 anys d&#8217;experi\u00e8ncia en el m\u00f3n del lleure i formaci\u00f3 especifica d&#8217;educaci\u00f3 emocional (coaching, PNL).<\/li>\n<li><strong>Pau L\u00f3pez<\/strong>, professor de psicologia i psicopedagogia, responsable pedag\u00f2gic general de Minyons, Escoltes i Guies.<\/li>\n<\/ul>\n<div><a href=\"http:\/\/esplac.cat\/wp-content\/uploads\/2015\/01\/foto-flyers_EE15.jpg\"><img decoding=\"async\" class=\" wp-image-6119 alignleft\" title=\"foto-flyers_EE15\" src=\"http:\/\/esplac.cat\/wp-content\/uploads\/2015\/01\/foto-flyers_EE15-480x360.jpg\" alt=\"\" width=\"259\" height=\"194\" \/><\/a><\/div>\n<p>Per la tarda, de 16 a 20h, es realitzaran diversos <strong>tallers sobre la pr\u00e0ctica de l&#8217;educaci\u00f3 emocional a l&#8217;esplai<\/strong>. Aquesta activitat est\u00e0 adre\u00e7ada \u00a0exclusivament a monitors i monitores dels esplais d&#8217;Esplais Catalans.<\/p>\n<ul>\n<li><em><span style=\"text-decoration: underline;\">El treball de les emocions a trav\u00e9s de la m\u00fasica i el ritme (musicoter\u00e0pia i Basket Beat)<\/span>.<\/em>\u00a0Condu\u00eft per <strong>M\u00f2nica Garcia<\/strong>, musicoterapeuta i mestra de m\u00fasica i\u00a0<strong>Josep Maria Aragay<\/strong>,\u00a0integrador i educador social i musicoterapeuta. Lidera la recerca Is\u00f2sceles i el projecte Basket Beat. \u00c9s professor de creativitat de la formaci\u00f3 en Animaci\u00f3 Sociocultural de la Universitat de Paris Est Cre\u0301teil-Val de Marne.<\/li>\n<li><span style=\"text-decoration: underline;\"><em>La resili\u00e8ncia, les emocions i l&#8217;optimisme intel\u00b7ligent<\/em><\/span><em>.<\/em> Condu\u00eft\u00a0 per <strong>Jordi Navarro<\/strong>, educador, treballador social i autor de diferents articles especialitzats sobre la resili\u00e8ncia i del llibre\u00a0<em>Resi \u2026 qu\u00e8?: Resili\u00e8ncia -100 activitats per plantar cara a l\u2019adversitat\u00a0<\/em>(2011).<\/li>\n<li><span style=\"text-decoration: underline;\"><em>La comunicaci\u00f3 i <\/em><em>compet\u00e8ncia intercultural.<\/em><\/span> Condu\u00eft per <strong>Maria Mateu<\/strong>, formadora i consultora en compet\u00e8ncia intercultural i gesti\u00f3 de la diversitat.<\/li>\n<li><span style=\"text-decoration: underline;\"><em>La gesti\u00f3 del <\/em><em>conflicte.<\/em><\/span> Condu\u00eft per <strong>Francisca Nogales<\/strong>, soci\u00f2loga i Formadora de l\u2019Escola Lliure El Sol en ideari, sociologia i gesti\u00f3 de conflictes.<\/li>\n<li><span style=\"text-decoration: underline;\"><em>La gesti\u00f3 de les <\/em><em>emocions en grups d&#8217;adolescents.<\/em><\/span> Condu\u00eft per <strong>Tatiana Sibilia<\/strong>, mestra del corrent pedag\u00f2gic Waldorf i facilitadora de comunicaci\u00f3 integrada i treball en grup.<\/li>\n<li><span style=\"text-decoration: underline;\"><em>Les habilitats socials<\/em><\/span><em>.<\/em><em> <\/em>Condu\u00eft per <strong>Ferm\u00edn Rodr\u00edguez<\/strong>, psicopedagog i formador a l&#8217;Escola Lliure El Sol especialista en educaci\u00f3 emocional i habilitats socials.<\/li>\n<\/ul>\n<p>Per la nit, a les 22h, es realitzaran <strong>din\u00e0miques d&#8217;expressi\u00f3 corporal<\/strong> pels monitors i monitores. Finalment, el diumenge 8 de febrer de 10 a 13h es realitzaran activitats per treure <strong>conclusions<\/strong> de la jornada que es tradueixin en reptes per poder aplicar a l&#8217;esplai i fer-ne una <strong>valoraci\u00f3<\/strong>.<\/p>\n<p>Recordeu que les <strong>inscripcions estan obertes fins el diumenge 25 de gener<\/strong>, tant per monitors i monitores, que poden realitzar-les a trav\u00e9s de <strong><a title=\"Assac\" href=\"http:\/\/assac.esplac.cat\/\" target=\"_blank\" rel=\"noopener noreferrer\">l&#8217;Assac<\/a><\/strong>, com per persones externes a Esplac, que poden participar de les activitats de dissabte inscrivint-se a trav\u00e9s d&#8217;<a title=\"Escola Esplac 2015 inscripcions externes\" href=\"http:\/\/assac.esplac.cat\/EscolaEsplac15\/\" target=\"_blank\" rel=\"noopener noreferrer\"><strong>aquest enlla\u00e7<\/strong><\/a>. En aquesta mateixa p\u00e0gina, podeu fer arribar preguntes a les taules rodones, tant si podei venir a les jornades com si no.<\/p>\n<p>Us hi esperem!<\/p>\n<p><a href=\"http:\/\/esplac.cat\/wp-content\/uploads\/2015\/01\/cartell_EE15_baixa1.jpg\"><img decoding=\"async\" class=\"aligncenter size-full wp-image-6117\" title=\"cartell_EE15_baixa\" src=\"http:\/\/esplac.cat\/wp-content\/uploads\/2015\/01\/cartell_EE15_baixa1.jpg\" alt=\"\" width=\"800\" height=\"1131\" \/><\/a><!--:--><!--:es-->&nbsp;<\/p>\n<p><!--:--><!--:en-->&nbsp;<\/p>\n<p><!--:--><!--:fr-->&nbsp;<\/p>\n<p><!--:--><\/p>\n","protected":false},"excerpt":{"rendered":"<p>L&#8217;educaci\u00f3 emocional ser\u00e0 l&#8217;eix principal de l&#8217;Escola d&#8217;Esplac 2015, les [&hellip;]<\/p>\n","protected":false},"author":3,"featured_media":0,"comment_status":"open","ping_status":"open","sticky":false,"template":"","format":"standard","meta":{"om_disable_all_campaigns":false,"_monsterinsights_skip_tracking":false,"_monsterinsights_sitenote_active":false,"_monsterinsights_sitenote_note":"","_monsterinsights_sitenote_category":0,"_uf_show_specific_survey":0,"_uf_disable_surveys":false,"footnotes":""},"categories":[1111,1131,1129],"tags":[92,415,427,399,43,428],"class_list":["post-25668","post","type-post","status-publish","format-standard","hentry","category-activitats-esplac","category-cursos-formacions","category-escola-desplac","tag-educacio","tag-educacio-emocional","tag-emocions","tag-escola-esplac","tag-escola-lliure-el-sol","tag-psicologia"],"yoast_head":"<!-- This site is optimized with the Yoast SEO plugin v27.4 - https:\/\/yoast.com\/product\/yoast-seo-wordpress\/ -->\n<title>Ja tenim el programa i els ponents de l&#039;Escola d&#039;Esplac! - Esplac<\/title>\n<meta name=\"robots\" content=\"index, follow, max-snippet:-1, max-image-preview:large, max-video-preview:-1\" \/>\n<link rel=\"canonical\" href=\"https:\/\/www.esplac.cat\/programa-complet-escola-esplac-2015\/\" \/>\n<meta property=\"og:locale\" content=\"es_ES\" \/>\n<meta property=\"og:type\" content=\"article\" \/>\n<meta property=\"og:title\" content=\"Ja tenim el programa i els ponents de l&#039;Escola d&#039;Esplac! - Esplac\" \/>\n<meta property=\"og:description\" content=\"L&#8217;educaci\u00f3 emocional ser\u00e0 l&#8217;eix principal de l&#8217;Escola d&#8217;Esplac 2015, les [&hellip;]\" \/>\n<meta property=\"og:url\" content=\"https:\/\/www.esplac.cat\/programa-complet-escola-esplac-2015\/\" \/>\n<meta property=\"og:site_name\" content=\"Esplac\" \/>\n<meta property=\"article:published_time\" content=\"2015-01-20T15:50:36+00:00\" \/>\n<meta property=\"og:image\" content=\"http:\/\/esplac.cat\/wp-content\/uploads\/2015\/01\/foto-flyers_EE15-480x360.jpg\" \/>\n<meta name=\"author\" content=\"Comunicaci\u00f3 Esplac\" \/>\n<meta name=\"twitter:card\" content=\"summary_large_image\" \/>\n<meta name=\"twitter:label1\" content=\"Escrito por\" \/>\n\t<meta name=\"twitter:data1\" content=\"Comunicaci\u00f3 Esplac\" \/>\n\t<meta name=\"twitter:label2\" content=\"Tiempo de lectura\" \/>\n\t<meta name=\"twitter:data2\" content=\"4 minutos\" \/>\n<script type=\"application\/ld+json\" class=\"yoast-schema-graph\">{\"@context\":\"https:\\\/\\\/schema.org\",\"@graph\":[{\"@type\":\"Article\",\"@id\":\"https:\\\/\\\/www.esplac.cat\\\/programa-complet-escola-esplac-2015\\\/#article\",\"isPartOf\":{\"@id\":\"https:\\\/\\\/www.esplac.cat\\\/programa-complet-escola-esplac-2015\\\/\"},\"author\":{\"name\":\"Comunicaci\u00f3 Esplac\",\"@id\":\"https:\\\/\\\/www.esplac.cat\\\/#\\\/schema\\\/person\\\/908383cf240be18b68f8855d0583faca\"},\"headline\":\"Ja tenim el programa i els ponents de l&#8217;Escola d&#8217;Esplac!\",\"datePublished\":\"2015-01-20T15:50:36+00:00\",\"mainEntityOfPage\":{\"@id\":\"https:\\\/\\\/www.esplac.cat\\\/programa-complet-escola-esplac-2015\\\/\"},\"wordCount\":779,\"commentCount\":0,\"publisher\":{\"@id\":\"https:\\\/\\\/www.esplac.cat\\\/#organization\"},\"image\":{\"@id\":\"https:\\\/\\\/www.esplac.cat\\\/programa-complet-escola-esplac-2015\\\/#primaryimage\"},\"thumbnailUrl\":\"http:\\\/\\\/esplac.cat\\\/wp-content\\\/uploads\\\/2015\\\/01\\\/foto-flyers_EE15-480x360.jpg\",\"keywords\":[\"educaci\u00f3\",\"educaci\u00f3 emocional\",\"emocions\",\"Escola Esplac\",\"escola lliure el sol\",\"psicologia\"],\"articleSection\":[\"Activitats esplac\",\"Cursos i formacions\",\"Escola d'Esplac\"],\"inLanguage\":\"es\",\"potentialAction\":[{\"@type\":\"CommentAction\",\"name\":\"Comment\",\"target\":[\"https:\\\/\\\/www.esplac.cat\\\/programa-complet-escola-esplac-2015\\\/#respond\"]}]},{\"@type\":\"WebPage\",\"@id\":\"https:\\\/\\\/www.esplac.cat\\\/programa-complet-escola-esplac-2015\\\/\",\"url\":\"https:\\\/\\\/www.esplac.cat\\\/programa-complet-escola-esplac-2015\\\/\",\"name\":\"Ja tenim el programa i els ponents de l'Escola d'Esplac! - Esplac\",\"isPartOf\":{\"@id\":\"https:\\\/\\\/www.esplac.cat\\\/#website\"},\"primaryImageOfPage\":{\"@id\":\"https:\\\/\\\/www.esplac.cat\\\/programa-complet-escola-esplac-2015\\\/#primaryimage\"},\"image\":{\"@id\":\"https:\\\/\\\/www.esplac.cat\\\/programa-complet-escola-esplac-2015\\\/#primaryimage\"},\"thumbnailUrl\":\"http:\\\/\\\/esplac.cat\\\/wp-content\\\/uploads\\\/2015\\\/01\\\/foto-flyers_EE15-480x360.jpg\",\"datePublished\":\"2015-01-20T15:50:36+00:00\",\"breadcrumb\":{\"@id\":\"https:\\\/\\\/www.esplac.cat\\\/programa-complet-escola-esplac-2015\\\/#breadcrumb\"},\"inLanguage\":\"es\",\"potentialAction\":[{\"@type\":\"ReadAction\",\"target\":[\"https:\\\/\\\/www.esplac.cat\\\/programa-complet-escola-esplac-2015\\\/\"]}]},{\"@type\":\"ImageObject\",\"inLanguage\":\"es\",\"@id\":\"https:\\\/\\\/www.esplac.cat\\\/programa-complet-escola-esplac-2015\\\/#primaryimage\",\"url\":\"http:\\\/\\\/esplac.cat\\\/wp-content\\\/uploads\\\/2015\\\/01\\\/foto-flyers_EE15-480x360.jpg\",\"contentUrl\":\"http:\\\/\\\/esplac.cat\\\/wp-content\\\/uploads\\\/2015\\\/01\\\/foto-flyers_EE15-480x360.jpg\"},{\"@type\":\"BreadcrumbList\",\"@id\":\"https:\\\/\\\/www.esplac.cat\\\/programa-complet-escola-esplac-2015\\\/#breadcrumb\",\"itemListElement\":[{\"@type\":\"ListItem\",\"position\":1,\"name\":\"Inici\",\"item\":\"https:\\\/\\\/www.esplac.cat\\\/es\\\/\"},{\"@type\":\"ListItem\",\"position\":2,\"name\":\"Ja tenim el programa i els ponents de l&#8217;Escola d&#8217;Esplac!\"}]},{\"@type\":\"WebSite\",\"@id\":\"https:\\\/\\\/www.esplac.cat\\\/#website\",\"url\":\"https:\\\/\\\/www.esplac.cat\\\/\",\"name\":\"Esplac\",\"description\":\"Esplais Catalans\",\"publisher\":{\"@id\":\"https:\\\/\\\/www.esplac.cat\\\/#organization\"},\"potentialAction\":[{\"@type\":\"SearchAction\",\"target\":{\"@type\":\"EntryPoint\",\"urlTemplate\":\"https:\\\/\\\/www.esplac.cat\\\/?s={search_term_string}\"},\"query-input\":{\"@type\":\"PropertyValueSpecification\",\"valueRequired\":true,\"valueName\":\"search_term_string\"}}],\"inLanguage\":\"es\"},{\"@type\":\"Organization\",\"@id\":\"https:\\\/\\\/www.esplac.cat\\\/#organization\",\"name\":\"Esplac\",\"url\":\"https:\\\/\\\/www.esplac.cat\\\/\",\"logo\":{\"@type\":\"ImageObject\",\"inLanguage\":\"es\",\"@id\":\"https:\\\/\\\/www.esplac.cat\\\/#\\\/schema\\\/logo\\\/image\\\/\",\"url\":\"https:\\\/\\\/www.esplac.cat\\\/wp-content\\\/uploads\\\/2019\\\/08\\\/logox2.png\",\"contentUrl\":\"https:\\\/\\\/www.esplac.cat\\\/wp-content\\\/uploads\\\/2019\\\/08\\\/logox2.png\",\"width\":600,\"height\":295,\"caption\":\"Esplac\"},\"image\":{\"@id\":\"https:\\\/\\\/www.esplac.cat\\\/#\\\/schema\\\/logo\\\/image\\\/\"}},{\"@type\":\"Person\",\"@id\":\"https:\\\/\\\/www.esplac.cat\\\/#\\\/schema\\\/person\\\/908383cf240be18b68f8855d0583faca\",\"name\":\"Comunicaci\u00f3 Esplac\",\"image\":{\"@type\":\"ImageObject\",\"inLanguage\":\"es\",\"@id\":\"https:\\\/\\\/secure.gravatar.com\\\/avatar\\\/7a4cf8feb412a76ea4a740ca02d95b06b2907b5a6c648c2dd0a1082a093c3141?s=96&d=mm&r=g\",\"url\":\"https:\\\/\\\/secure.gravatar.com\\\/avatar\\\/7a4cf8feb412a76ea4a740ca02d95b06b2907b5a6c648c2dd0a1082a093c3141?s=96&d=mm&r=g\",\"contentUrl\":\"https:\\\/\\\/secure.gravatar.com\\\/avatar\\\/7a4cf8feb412a76ea4a740ca02d95b06b2907b5a6c648c2dd0a1082a093c3141?s=96&d=mm&r=g\",\"caption\":\"Comunicaci\u00f3 Esplac\"}}]}<\/script>\n<!-- \/ Yoast SEO plugin. -->","yoast_head_json":{"title":"Ja tenim el programa i els ponents de l'Escola d'Esplac! - Esplac","robots":{"index":"index","follow":"follow","max-snippet":"max-snippet:-1","max-image-preview":"max-image-preview:large","max-video-preview":"max-video-preview:-1"},"canonical":"https:\/\/www.esplac.cat\/programa-complet-escola-esplac-2015\/","og_locale":"es_ES","og_type":"article","og_title":"Ja tenim el programa i els ponents de l'Escola d'Esplac! - Esplac","og_description":"L&#8217;educaci\u00f3 emocional ser\u00e0 l&#8217;eix principal de l&#8217;Escola d&#8217;Esplac 2015, les [&hellip;]","og_url":"https:\/\/www.esplac.cat\/programa-complet-escola-esplac-2015\/","og_site_name":"Esplac","article_published_time":"2015-01-20T15:50:36+00:00","og_image":[{"url":"http:\/\/esplac.cat\/wp-content\/uploads\/2015\/01\/foto-flyers_EE15-480x360.jpg","type":"","width":"","height":""}],"author":"Comunicaci\u00f3 Esplac","twitter_card":"summary_large_image","twitter_misc":{"Escrito por":"Comunicaci\u00f3 Esplac","Tiempo de lectura":"4 minutos"},"schema":{"@context":"https:\/\/schema.org","@graph":[{"@type":"Article","@id":"https:\/\/www.esplac.cat\/programa-complet-escola-esplac-2015\/#article","isPartOf":{"@id":"https:\/\/www.esplac.cat\/programa-complet-escola-esplac-2015\/"},"author":{"name":"Comunicaci\u00f3 Esplac","@id":"https:\/\/www.esplac.cat\/#\/schema\/person\/908383cf240be18b68f8855d0583faca"},"headline":"Ja tenim el programa i els ponents de l&#8217;Escola d&#8217;Esplac!","datePublished":"2015-01-20T15:50:36+00:00","mainEntityOfPage":{"@id":"https:\/\/www.esplac.cat\/programa-complet-escola-esplac-2015\/"},"wordCount":779,"commentCount":0,"publisher":{"@id":"https:\/\/www.esplac.cat\/#organization"},"image":{"@id":"https:\/\/www.esplac.cat\/programa-complet-escola-esplac-2015\/#primaryimage"},"thumbnailUrl":"http:\/\/esplac.cat\/wp-content\/uploads\/2015\/01\/foto-flyers_EE15-480x360.jpg","keywords":["educaci\u00f3","educaci\u00f3 emocional","emocions","Escola Esplac","escola lliure el sol","psicologia"],"articleSection":["Activitats esplac","Cursos i formacions","Escola d'Esplac"],"inLanguage":"es","potentialAction":[{"@type":"CommentAction","name":"Comment","target":["https:\/\/www.esplac.cat\/programa-complet-escola-esplac-2015\/#respond"]}]},{"@type":"WebPage","@id":"https:\/\/www.esplac.cat\/programa-complet-escola-esplac-2015\/","url":"https:\/\/www.esplac.cat\/programa-complet-escola-esplac-2015\/","name":"Ja tenim el programa i els ponents de l'Escola d'Esplac! - Esplac","isPartOf":{"@id":"https:\/\/www.esplac.cat\/#website"},"primaryImageOfPage":{"@id":"https:\/\/www.esplac.cat\/programa-complet-escola-esplac-2015\/#primaryimage"},"image":{"@id":"https:\/\/www.esplac.cat\/programa-complet-escola-esplac-2015\/#primaryimage"},"thumbnailUrl":"http:\/\/esplac.cat\/wp-content\/uploads\/2015\/01\/foto-flyers_EE15-480x360.jpg","datePublished":"2015-01-20T15:50:36+00:00","breadcrumb":{"@id":"https:\/\/www.esplac.cat\/programa-complet-escola-esplac-2015\/#breadcrumb"},"inLanguage":"es","potentialAction":[{"@type":"ReadAction","target":["https:\/\/www.esplac.cat\/programa-complet-escola-esplac-2015\/"]}]},{"@type":"ImageObject","inLanguage":"es","@id":"https:\/\/www.esplac.cat\/programa-complet-escola-esplac-2015\/#primaryimage","url":"http:\/\/esplac.cat\/wp-content\/uploads\/2015\/01\/foto-flyers_EE15-480x360.jpg","contentUrl":"http:\/\/esplac.cat\/wp-content\/uploads\/2015\/01\/foto-flyers_EE15-480x360.jpg"},{"@type":"BreadcrumbList","@id":"https:\/\/www.esplac.cat\/programa-complet-escola-esplac-2015\/#breadcrumb","itemListElement":[{"@type":"ListItem","position":1,"name":"Inici","item":"https:\/\/www.esplac.cat\/es\/"},{"@type":"ListItem","position":2,"name":"Ja tenim el programa i els ponents de l&#8217;Escola d&#8217;Esplac!"}]},{"@type":"WebSite","@id":"https:\/\/www.esplac.cat\/#website","url":"https:\/\/www.esplac.cat\/","name":"Esplac","description":"Esplais Catalans","publisher":{"@id":"https:\/\/www.esplac.cat\/#organization"},"potentialAction":[{"@type":"SearchAction","target":{"@type":"EntryPoint","urlTemplate":"https:\/\/www.esplac.cat\/?s={search_term_string}"},"query-input":{"@type":"PropertyValueSpecification","valueRequired":true,"valueName":"search_term_string"}}],"inLanguage":"es"},{"@type":"Organization","@id":"https:\/\/www.esplac.cat\/#organization","name":"Esplac","url":"https:\/\/www.esplac.cat\/","logo":{"@type":"ImageObject","inLanguage":"es","@id":"https:\/\/www.esplac.cat\/#\/schema\/logo\/image\/","url":"https:\/\/www.esplac.cat\/wp-content\/uploads\/2019\/08\/logox2.png","contentUrl":"https:\/\/www.esplac.cat\/wp-content\/uploads\/2019\/08\/logox2.png","width":600,"height":295,"caption":"Esplac"},"image":{"@id":"https:\/\/www.esplac.cat\/#\/schema\/logo\/image\/"}},{"@type":"Person","@id":"https:\/\/www.esplac.cat\/#\/schema\/person\/908383cf240be18b68f8855d0583faca","name":"Comunicaci\u00f3 Esplac","image":{"@type":"ImageObject","inLanguage":"es","@id":"https:\/\/secure.gravatar.com\/avatar\/7a4cf8feb412a76ea4a740ca02d95b06b2907b5a6c648c2dd0a1082a093c3141?s=96&d=mm&r=g","url":"https:\/\/secure.gravatar.com\/avatar\/7a4cf8feb412a76ea4a740ca02d95b06b2907b5a6c648c2dd0a1082a093c3141?s=96&d=mm&r=g","contentUrl":"https:\/\/secure.gravatar.com\/avatar\/7a4cf8feb412a76ea4a740ca02d95b06b2907b5a6c648c2dd0a1082a093c3141?s=96&d=mm&r=g","caption":"Comunicaci\u00f3 Esplac"}}]}},"_links":{"self":[{"href":"https:\/\/www.esplac.cat\/es\/wp-json\/wp\/v2\/posts\/25668","targetHints":{"allow":["GET"]}}],"collection":[{"href":"https:\/\/www.esplac.cat\/es\/wp-json\/wp\/v2\/posts"}],"about":[{"href":"https:\/\/www.esplac.cat\/es\/wp-json\/wp\/v2\/types\/post"}],"author":[{"embeddable":true,"href":"https:\/\/www.esplac.cat\/es\/wp-json\/wp\/v2\/users\/3"}],"replies":[{"embeddable":true,"href":"https:\/\/www.esplac.cat\/es\/wp-json\/wp\/v2\/comments?post=25668"}],"version-history":[{"count":0,"href":"https:\/\/www.esplac.cat\/es\/wp-json\/wp\/v2\/posts\/25668\/revisions"}],"wp:attachment":[{"href":"https:\/\/www.esplac.cat\/es\/wp-json\/wp\/v2\/media?parent=25668"}],"wp:term":[{"taxonomy":"category","embeddable":true,"href":"https:\/\/www.esplac.cat\/es\/wp-json\/wp\/v2\/categories?post=25668"},{"taxonomy":"post_tag","embeddable":true,"href":"https:\/\/www.esplac.cat\/es\/wp-json\/wp\/v2\/tags?post=25668"}],"curies":[{"name":"wp","href":"https:\/\/api.w.org\/{rel}","templated":true}]}}