{"id":25673,"date":"2014-12-19T11:30:23","date_gmt":"2014-12-19T09:30:23","guid":{"rendered":"http:\/\/esplac.cat\/?p=6033"},"modified":"2019-11-14T13:36:44","modified_gmt":"2019-11-14T11:36:44","slug":"educacio-emocional-tema-central-escola-esplac-2015","status":"publish","type":"post","link":"https:\/\/www.esplac.cat\/es\/educacio-emocional-tema-central-escola-esplac-2015\/","title":{"rendered":"L&#8217;educaci\u00f3 emocional, tema central de l&#8217;Escola d&#8217;Esplac 2015"},"content":{"rendered":"<p><!--:CA--><strong>El tema central de la nova edici\u00f3 de l&#8217;Escola d&#8217;Esplac ser\u00e0 l&#8217;educaci\u00f3 emocional perqu\u00e8 aix\u00ed ho hem decidit els esplais.<\/strong> \u00c9s el primer cop que es decideix el tema de l&#8217;Escola d&#8217;Esplac entre tots els esplais i creiem que t\u00e9 sentit despr\u00e9s de tot el proc\u00e9s de revisi\u00f3 del projecte educatiu dels darrers tres cursos.<\/p>\n<p>Els esplais han decidit treballar l&#8217;educaci\u00f3 emocional entre els temes prioritaris a aprofundir i millorar en la nostra pr\u00e0ctica educativa: l&#8217;educaci\u00f3 emocional, la inclusi\u00f3 de la diversitat, l&#8217;educaci\u00f3 popular, el treball en xarxa i l&#8217;educaci\u00f3 per la salut. Aquests temes van sortir de les valoracions de la darrera Escola d&#8217;Esplac 2014, de la Monifesta&#8217;t 2014 i de les conclusions de cadascuna de les formacions de la Monifesta&#8217;t.<\/p>\n<p>L&#8217;Escola d&#8217;Esplac 2015 ser\u00e0 els dies <strong>7 i 8 de febrer a l&#8217;alberg Torre Ametller de Cabrera de Mar<\/strong>. L&#8217;empla\u00e7ament va ser escollit per complir les millors condicions d&#8217;ubicaci\u00f3 i infraestructura. A m\u00e9s, havia de ser un lloc on es pugues arribar en transport p\u00fablic per tal de facilitar la mobilitat dels participants.<\/p>\n<p>Una altra novetat d&#8217;enguany \u00e9s <strong>l&#8217;obertura d&#8217;una part de l&#8217;Escola d&#8217;Esplac a d&#8217;altres persones de l&#8217;associacionisme juvenil i l&#8217;educaci\u00f3<\/strong>. Volem que aquestes persones puguin aprofitar aquests recursos i coneixements, a m\u00e9s de poder-nos enriquir amb altres visions i realitats properes o semblants a l&#8217;esplai.<\/p>\n<p>Els objectius de l&#8217;Escola d&#8217;Esplac d&#8217;enguany s\u00f3n:<\/p>\n<ul>\n<li>Identificar els valors que fomentem de l\u2019educaci\u00f3 emocional amb els infants i joves.<\/li>\n<li>Descobrir qu\u00e8 fem sobre educaci\u00f3 emocional a l\u2019esplai.<\/li>\n<li>Prendre consci\u00e8ncia de com treballem aquesta tem\u00e0tica a l\u2019esplai.<\/li>\n<li>Trobar pr\u00e0ctiques i din\u00e0miques per millorar l\u2019educaci\u00f3 emocional a l\u2019esplai.<\/li>\n<\/ul>\n<p>Estigueu ben atentes perqu\u00e8 <span style=\"text-decoration: underline;\"><strong>les inscripcions seran del 8 al 25 de gener<\/strong><\/span>. Durant el mes de gener us presentarem el programa. L\u2019any passat\u00a0vam ser m\u00e9s de 30 esplais i 68 participants totals, esperem que la participaci\u00f3 segueixi creixent per continuar reflexionant, fent-nos preguntes, trobant respostes, formant-nos&#8230; <strong>Com m\u00e9s participaci\u00f3, m\u00e9s aprenentatge!<\/strong><\/p>\n<p>Finalment, per refrescar la mem\u00f2ria trobareu al web <strong><a href=\"http:\/\/esplac.cat\/coneix-esplac\/escola-esplac\/\">un resum de l&#8217;Escola d&#8217;Esplac de l&#8217;any passat<\/a><\/strong> i al Youtube totes les <strong><a href=\"http:\/\/www.youtube.com\/playlist?list=PLA_E8rFAz2-PW8SsyNZWmMqCHU6KW8e6L\">pon\u00e8ncies<\/a><\/strong> i les <strong><a href=\"http:\/\/www.youtube.com\/playlist?list=PLA_E8rFAz2-NCbkk-glZdrihKA94Dpm-G\">entrevistes<\/a><\/strong> posteriors a les ponents que es van dur a terme.<!--:--><!--:es-->&nbsp;<\/p>\n<p><!--:--><!--:en-->&nbsp;<\/p>\n<p><!--:--><!--:fr-->&nbsp;<\/p>\n<p><!--:--><\/p>\n","protected":false},"excerpt":{"rendered":"<p>El tema central de la nova edici\u00f3 de l&#8217;Escola d&#8217;Esplac [&hellip;]<\/p>\n","protected":false},"author":3,"featured_media":25600,"comment_status":"open","ping_status":"open","sticky":false,"template":"","format":"standard","meta":{"om_disable_all_campaigns":false,"_monsterinsights_skip_tracking":false,"_monsterinsights_sitenote_active":false,"_monsterinsights_sitenote_note":"","_monsterinsights_sitenote_category":0,"_uf_show_specific_survey":0,"_uf_disable_surveys":false,"footnotes":""},"categories":[1111,1131,1129,1166],"tags":[415,184,54,40],"class_list":["post-25673","post","type-post","status-publish","format-standard","has-post-thumbnail","hentry","category-activitats-esplac","category-cursos-formacions","category-escola-desplac","category-inclusio-i-diversitat","tag-educacio-emocional","tag-escola-desplac","tag-formacio","tag-participacio"],"yoast_head":"<!-- This site is optimized with the Yoast SEO plugin v27.5 - https:\/\/yoast.com\/product\/yoast-seo-wordpress\/ -->\n<title>L&#039;educaci\u00f3 emocional, tema central de l&#039;Escola d&#039;Esplac 2015 - Esplac<\/title>\n<meta name=\"robots\" content=\"index, follow, max-snippet:-1, max-image-preview:large, max-video-preview:-1\" \/>\n<link rel=\"canonical\" href=\"https:\/\/www.esplac.cat\/educacio-emocional-tema-central-escola-esplac-2015\/\" \/>\n<meta property=\"og:locale\" content=\"es_ES\" \/>\n<meta property=\"og:type\" content=\"article\" \/>\n<meta property=\"og:title\" content=\"L&#039;educaci\u00f3 emocional, tema central de l&#039;Escola d&#039;Esplac 2015 - Esplac\" \/>\n<meta property=\"og:description\" content=\"El tema central de la nova edici\u00f3 de l&#8217;Escola d&#8217;Esplac [&hellip;]\" \/>\n<meta property=\"og:url\" content=\"https:\/\/www.esplac.cat\/educacio-emocional-tema-central-escola-esplac-2015\/\" \/>\n<meta property=\"og:site_name\" content=\"Esplac\" \/>\n<meta property=\"article:published_time\" content=\"2014-12-19T09:30:23+00:00\" \/>\n<meta property=\"article:modified_time\" content=\"2019-11-14T11:36:44+00:00\" \/>\n<meta property=\"og:image\" content=\"https:\/\/www.esplac.cat\/wp-content\/uploads\/2012\/10\/curs_monitors_escola_sol-e1351092774841.jpeg\" \/>\n\t<meta property=\"og:image:width\" content=\"719\" \/>\n\t<meta property=\"og:image:height\" content=\"336\" \/>\n\t<meta property=\"og:image:type\" content=\"image\/jpeg\" \/>\n<meta name=\"author\" content=\"Comunicaci\u00f3 Esplac\" \/>\n<meta name=\"twitter:card\" content=\"summary_large_image\" \/>\n<meta name=\"twitter:label1\" content=\"Escrito por\" \/>\n\t<meta name=\"twitter:data1\" content=\"Comunicaci\u00f3 Esplac\" \/>\n\t<meta name=\"twitter:label2\" content=\"Tiempo de lectura\" \/>\n\t<meta name=\"twitter:data2\" content=\"2 minutos\" \/>\n<script type=\"application\/ld+json\" class=\"yoast-schema-graph\">{\"@context\":\"https:\\\/\\\/schema.org\",\"@graph\":[{\"@type\":\"Article\",\"@id\":\"https:\\\/\\\/www.esplac.cat\\\/educacio-emocional-tema-central-escola-esplac-2015\\\/#article\",\"isPartOf\":{\"@id\":\"https:\\\/\\\/www.esplac.cat\\\/educacio-emocional-tema-central-escola-esplac-2015\\\/\"},\"author\":{\"name\":\"Comunicaci\u00f3 Esplac\",\"@id\":\"https:\\\/\\\/www.esplac.cat\\\/#\\\/schema\\\/person\\\/908383cf240be18b68f8855d0583faca\"},\"headline\":\"L&#8217;educaci\u00f3 emocional, tema central de l&#8217;Escola d&#8217;Esplac 2015\",\"datePublished\":\"2014-12-19T09:30:23+00:00\",\"dateModified\":\"2019-11-14T11:36:44+00:00\",\"mainEntityOfPage\":{\"@id\":\"https:\\\/\\\/www.esplac.cat\\\/educacio-emocional-tema-central-escola-esplac-2015\\\/\"},\"wordCount\":413,\"commentCount\":0,\"publisher\":{\"@id\":\"https:\\\/\\\/www.esplac.cat\\\/#organization\"},\"image\":{\"@id\":\"https:\\\/\\\/www.esplac.cat\\\/educacio-emocional-tema-central-escola-esplac-2015\\\/#primaryimage\"},\"thumbnailUrl\":\"https:\\\/\\\/www.esplac.cat\\\/wp-content\\\/uploads\\\/2012\\\/10\\\/curs_monitors_escola_sol-e1351092774841.jpeg\",\"keywords\":[\"educaci\u00f3 emocional\",\"escola d'Esplac\",\"formaci\u00f3\",\"participaci\u00f3\"],\"articleSection\":[\"Activitats esplac\",\"Cursos i formacions\",\"Escola d'Esplac\",\"Inclusi\u00f3 i diversitat\"],\"inLanguage\":\"es\",\"potentialAction\":[{\"@type\":\"CommentAction\",\"name\":\"Comment\",\"target\":[\"https:\\\/\\\/www.esplac.cat\\\/educacio-emocional-tema-central-escola-esplac-2015\\\/#respond\"]}]},{\"@type\":\"WebPage\",\"@id\":\"https:\\\/\\\/www.esplac.cat\\\/educacio-emocional-tema-central-escola-esplac-2015\\\/\",\"url\":\"https:\\\/\\\/www.esplac.cat\\\/educacio-emocional-tema-central-escola-esplac-2015\\\/\",\"name\":\"L'educaci\u00f3 emocional, tema central de l'Escola d'Esplac 2015 - Esplac\",\"isPartOf\":{\"@id\":\"https:\\\/\\\/www.esplac.cat\\\/#website\"},\"primaryImageOfPage\":{\"@id\":\"https:\\\/\\\/www.esplac.cat\\\/educacio-emocional-tema-central-escola-esplac-2015\\\/#primaryimage\"},\"image\":{\"@id\":\"https:\\\/\\\/www.esplac.cat\\\/educacio-emocional-tema-central-escola-esplac-2015\\\/#primaryimage\"},\"thumbnailUrl\":\"https:\\\/\\\/www.esplac.cat\\\/wp-content\\\/uploads\\\/2012\\\/10\\\/curs_monitors_escola_sol-e1351092774841.jpeg\",\"datePublished\":\"2014-12-19T09:30:23+00:00\",\"dateModified\":\"2019-11-14T11:36:44+00:00\",\"breadcrumb\":{\"@id\":\"https:\\\/\\\/www.esplac.cat\\\/educacio-emocional-tema-central-escola-esplac-2015\\\/#breadcrumb\"},\"inLanguage\":\"es\",\"potentialAction\":[{\"@type\":\"ReadAction\",\"target\":[\"https:\\\/\\\/www.esplac.cat\\\/educacio-emocional-tema-central-escola-esplac-2015\\\/\"]}]},{\"@type\":\"ImageObject\",\"inLanguage\":\"es\",\"@id\":\"https:\\\/\\\/www.esplac.cat\\\/educacio-emocional-tema-central-escola-esplac-2015\\\/#primaryimage\",\"url\":\"https:\\\/\\\/www.esplac.cat\\\/wp-content\\\/uploads\\\/2012\\\/10\\\/curs_monitors_escola_sol-e1351092774841.jpeg\",\"contentUrl\":\"https:\\\/\\\/www.esplac.cat\\\/wp-content\\\/uploads\\\/2012\\\/10\\\/curs_monitors_escola_sol-e1351092774841.jpeg\",\"width\":719,\"height\":336},{\"@type\":\"BreadcrumbList\",\"@id\":\"https:\\\/\\\/www.esplac.cat\\\/educacio-emocional-tema-central-escola-esplac-2015\\\/#breadcrumb\",\"itemListElement\":[{\"@type\":\"ListItem\",\"position\":1,\"name\":\"Inici\",\"item\":\"https:\\\/\\\/www.esplac.cat\\\/es\\\/\"},{\"@type\":\"ListItem\",\"position\":2,\"name\":\"L&#8217;educaci\u00f3 emocional, tema central de l&#8217;Escola d&#8217;Esplac 2015\"}]},{\"@type\":\"WebSite\",\"@id\":\"https:\\\/\\\/www.esplac.cat\\\/#website\",\"url\":\"https:\\\/\\\/www.esplac.cat\\\/\",\"name\":\"Esplac\",\"description\":\"Esplais Catalans\",\"publisher\":{\"@id\":\"https:\\\/\\\/www.esplac.cat\\\/#organization\"},\"potentialAction\":[{\"@type\":\"SearchAction\",\"target\":{\"@type\":\"EntryPoint\",\"urlTemplate\":\"https:\\\/\\\/www.esplac.cat\\\/?s={search_term_string}\"},\"query-input\":{\"@type\":\"PropertyValueSpecification\",\"valueRequired\":true,\"valueName\":\"search_term_string\"}}],\"inLanguage\":\"es\"},{\"@type\":\"Organization\",\"@id\":\"https:\\\/\\\/www.esplac.cat\\\/#organization\",\"name\":\"Esplac\",\"url\":\"https:\\\/\\\/www.esplac.cat\\\/\",\"logo\":{\"@type\":\"ImageObject\",\"inLanguage\":\"es\",\"@id\":\"https:\\\/\\\/www.esplac.cat\\\/#\\\/schema\\\/logo\\\/image\\\/\",\"url\":\"https:\\\/\\\/www.esplac.cat\\\/wp-content\\\/uploads\\\/2019\\\/08\\\/logox2.png\",\"contentUrl\":\"https:\\\/\\\/www.esplac.cat\\\/wp-content\\\/uploads\\\/2019\\\/08\\\/logox2.png\",\"width\":600,\"height\":295,\"caption\":\"Esplac\"},\"image\":{\"@id\":\"https:\\\/\\\/www.esplac.cat\\\/#\\\/schema\\\/logo\\\/image\\\/\"}},{\"@type\":\"Person\",\"@id\":\"https:\\\/\\\/www.esplac.cat\\\/#\\\/schema\\\/person\\\/908383cf240be18b68f8855d0583faca\",\"name\":\"Comunicaci\u00f3 Esplac\",\"image\":{\"@type\":\"ImageObject\",\"inLanguage\":\"es\",\"@id\":\"https:\\\/\\\/secure.gravatar.com\\\/avatar\\\/7a4cf8feb412a76ea4a740ca02d95b06b2907b5a6c648c2dd0a1082a093c3141?s=96&d=mm&r=g\",\"url\":\"https:\\\/\\\/secure.gravatar.com\\\/avatar\\\/7a4cf8feb412a76ea4a740ca02d95b06b2907b5a6c648c2dd0a1082a093c3141?s=96&d=mm&r=g\",\"contentUrl\":\"https:\\\/\\\/secure.gravatar.com\\\/avatar\\\/7a4cf8feb412a76ea4a740ca02d95b06b2907b5a6c648c2dd0a1082a093c3141?s=96&d=mm&r=g\",\"caption\":\"Comunicaci\u00f3 Esplac\"}}]}<\/script>\n<!-- \/ Yoast SEO plugin. -->","yoast_head_json":{"title":"L'educaci\u00f3 emocional, tema central de l'Escola d'Esplac 2015 - Esplac","robots":{"index":"index","follow":"follow","max-snippet":"max-snippet:-1","max-image-preview":"max-image-preview:large","max-video-preview":"max-video-preview:-1"},"canonical":"https:\/\/www.esplac.cat\/educacio-emocional-tema-central-escola-esplac-2015\/","og_locale":"es_ES","og_type":"article","og_title":"L'educaci\u00f3 emocional, tema central de l'Escola d'Esplac 2015 - Esplac","og_description":"El tema central de la nova edici\u00f3 de l&#8217;Escola d&#8217;Esplac [&hellip;]","og_url":"https:\/\/www.esplac.cat\/educacio-emocional-tema-central-escola-esplac-2015\/","og_site_name":"Esplac","article_published_time":"2014-12-19T09:30:23+00:00","article_modified_time":"2019-11-14T11:36:44+00:00","og_image":[{"width":719,"height":336,"url":"https:\/\/www.esplac.cat\/wp-content\/uploads\/2012\/10\/curs_monitors_escola_sol-e1351092774841.jpeg","type":"image\/jpeg"}],"author":"Comunicaci\u00f3 Esplac","twitter_card":"summary_large_image","twitter_misc":{"Escrito por":"Comunicaci\u00f3 Esplac","Tiempo de lectura":"2 minutos"},"schema":{"@context":"https:\/\/schema.org","@graph":[{"@type":"Article","@id":"https:\/\/www.esplac.cat\/educacio-emocional-tema-central-escola-esplac-2015\/#article","isPartOf":{"@id":"https:\/\/www.esplac.cat\/educacio-emocional-tema-central-escola-esplac-2015\/"},"author":{"name":"Comunicaci\u00f3 Esplac","@id":"https:\/\/www.esplac.cat\/#\/schema\/person\/908383cf240be18b68f8855d0583faca"},"headline":"L&#8217;educaci\u00f3 emocional, tema central de l&#8217;Escola d&#8217;Esplac 2015","datePublished":"2014-12-19T09:30:23+00:00","dateModified":"2019-11-14T11:36:44+00:00","mainEntityOfPage":{"@id":"https:\/\/www.esplac.cat\/educacio-emocional-tema-central-escola-esplac-2015\/"},"wordCount":413,"commentCount":0,"publisher":{"@id":"https:\/\/www.esplac.cat\/#organization"},"image":{"@id":"https:\/\/www.esplac.cat\/educacio-emocional-tema-central-escola-esplac-2015\/#primaryimage"},"thumbnailUrl":"https:\/\/www.esplac.cat\/wp-content\/uploads\/2012\/10\/curs_monitors_escola_sol-e1351092774841.jpeg","keywords":["educaci\u00f3 emocional","escola d'Esplac","formaci\u00f3","participaci\u00f3"],"articleSection":["Activitats esplac","Cursos i formacions","Escola d'Esplac","Inclusi\u00f3 i diversitat"],"inLanguage":"es","potentialAction":[{"@type":"CommentAction","name":"Comment","target":["https:\/\/www.esplac.cat\/educacio-emocional-tema-central-escola-esplac-2015\/#respond"]}]},{"@type":"WebPage","@id":"https:\/\/www.esplac.cat\/educacio-emocional-tema-central-escola-esplac-2015\/","url":"https:\/\/www.esplac.cat\/educacio-emocional-tema-central-escola-esplac-2015\/","name":"L'educaci\u00f3 emocional, tema central de l'Escola d'Esplac 2015 - Esplac","isPartOf":{"@id":"https:\/\/www.esplac.cat\/#website"},"primaryImageOfPage":{"@id":"https:\/\/www.esplac.cat\/educacio-emocional-tema-central-escola-esplac-2015\/#primaryimage"},"image":{"@id":"https:\/\/www.esplac.cat\/educacio-emocional-tema-central-escola-esplac-2015\/#primaryimage"},"thumbnailUrl":"https:\/\/www.esplac.cat\/wp-content\/uploads\/2012\/10\/curs_monitors_escola_sol-e1351092774841.jpeg","datePublished":"2014-12-19T09:30:23+00:00","dateModified":"2019-11-14T11:36:44+00:00","breadcrumb":{"@id":"https:\/\/www.esplac.cat\/educacio-emocional-tema-central-escola-esplac-2015\/#breadcrumb"},"inLanguage":"es","potentialAction":[{"@type":"ReadAction","target":["https:\/\/www.esplac.cat\/educacio-emocional-tema-central-escola-esplac-2015\/"]}]},{"@type":"ImageObject","inLanguage":"es","@id":"https:\/\/www.esplac.cat\/educacio-emocional-tema-central-escola-esplac-2015\/#primaryimage","url":"https:\/\/www.esplac.cat\/wp-content\/uploads\/2012\/10\/curs_monitors_escola_sol-e1351092774841.jpeg","contentUrl":"https:\/\/www.esplac.cat\/wp-content\/uploads\/2012\/10\/curs_monitors_escola_sol-e1351092774841.jpeg","width":719,"height":336},{"@type":"BreadcrumbList","@id":"https:\/\/www.esplac.cat\/educacio-emocional-tema-central-escola-esplac-2015\/#breadcrumb","itemListElement":[{"@type":"ListItem","position":1,"name":"Inici","item":"https:\/\/www.esplac.cat\/es\/"},{"@type":"ListItem","position":2,"name":"L&#8217;educaci\u00f3 emocional, tema central de l&#8217;Escola d&#8217;Esplac 2015"}]},{"@type":"WebSite","@id":"https:\/\/www.esplac.cat\/#website","url":"https:\/\/www.esplac.cat\/","name":"Esplac","description":"Esplais Catalans","publisher":{"@id":"https:\/\/www.esplac.cat\/#organization"},"potentialAction":[{"@type":"SearchAction","target":{"@type":"EntryPoint","urlTemplate":"https:\/\/www.esplac.cat\/?s={search_term_string}"},"query-input":{"@type":"PropertyValueSpecification","valueRequired":true,"valueName":"search_term_string"}}],"inLanguage":"es"},{"@type":"Organization","@id":"https:\/\/www.esplac.cat\/#organization","name":"Esplac","url":"https:\/\/www.esplac.cat\/","logo":{"@type":"ImageObject","inLanguage":"es","@id":"https:\/\/www.esplac.cat\/#\/schema\/logo\/image\/","url":"https:\/\/www.esplac.cat\/wp-content\/uploads\/2019\/08\/logox2.png","contentUrl":"https:\/\/www.esplac.cat\/wp-content\/uploads\/2019\/08\/logox2.png","width":600,"height":295,"caption":"Esplac"},"image":{"@id":"https:\/\/www.esplac.cat\/#\/schema\/logo\/image\/"}},{"@type":"Person","@id":"https:\/\/www.esplac.cat\/#\/schema\/person\/908383cf240be18b68f8855d0583faca","name":"Comunicaci\u00f3 Esplac","image":{"@type":"ImageObject","inLanguage":"es","@id":"https:\/\/secure.gravatar.com\/avatar\/7a4cf8feb412a76ea4a740ca02d95b06b2907b5a6c648c2dd0a1082a093c3141?s=96&d=mm&r=g","url":"https:\/\/secure.gravatar.com\/avatar\/7a4cf8feb412a76ea4a740ca02d95b06b2907b5a6c648c2dd0a1082a093c3141?s=96&d=mm&r=g","contentUrl":"https:\/\/secure.gravatar.com\/avatar\/7a4cf8feb412a76ea4a740ca02d95b06b2907b5a6c648c2dd0a1082a093c3141?s=96&d=mm&r=g","caption":"Comunicaci\u00f3 Esplac"}}]}},"_links":{"self":[{"href":"https:\/\/www.esplac.cat\/es\/wp-json\/wp\/v2\/posts\/25673","targetHints":{"allow":["GET"]}}],"collection":[{"href":"https:\/\/www.esplac.cat\/es\/wp-json\/wp\/v2\/posts"}],"about":[{"href":"https:\/\/www.esplac.cat\/es\/wp-json\/wp\/v2\/types\/post"}],"author":[{"embeddable":true,"href":"https:\/\/www.esplac.cat\/es\/wp-json\/wp\/v2\/users\/3"}],"replies":[{"embeddable":true,"href":"https:\/\/www.esplac.cat\/es\/wp-json\/wp\/v2\/comments?post=25673"}],"version-history":[{"count":0,"href":"https:\/\/www.esplac.cat\/es\/wp-json\/wp\/v2\/posts\/25673\/revisions"}],"wp:featuredmedia":[{"embeddable":true,"href":"https:\/\/www.esplac.cat\/es\/wp-json\/wp\/v2\/media\/25600"}],"wp:attachment":[{"href":"https:\/\/www.esplac.cat\/es\/wp-json\/wp\/v2\/media?parent=25673"}],"wp:term":[{"taxonomy":"category","embeddable":true,"href":"https:\/\/www.esplac.cat\/es\/wp-json\/wp\/v2\/categories?post=25673"},{"taxonomy":"post_tag","embeddable":true,"href":"https:\/\/www.esplac.cat\/es\/wp-json\/wp\/v2\/tags?post=25673"}],"curies":[{"name":"wp","href":"https:\/\/api.w.org\/{rel}","templated":true}]}}