{"id":25675,"date":"2014-12-16T12:13:07","date_gmt":"2014-12-16T10:13:07","guid":{"rendered":"http:\/\/esplac.cat\/?p=6011"},"modified":"2014-12-16T12:13:07","modified_gmt":"2014-12-16T10:13:07","slug":"bona-practica-gestio-economica-esplai","status":"publish","type":"post","link":"https:\/\/www.esplac.cat\/es\/bona-practica-gestio-economica-esplai\/","title":{"rendered":"Bona pr\u00e0ctica: la gesti\u00f3 econ\u00f2mica de l&#8217;esplai"},"content":{"rendered":"<p><!--:CA-->L&#8217;economia de l&#8217;esplai \u00e9s b\u00e0sica per desenvolupar el nostre projecte. Ens proporciona part dels recursos que necessitarem per dur a terme les activitats. Per aix\u00f2 us presentem la bona pr\u00e0ctica de l&#8217;<a href=\"http:\/\/esplac.cat\/mapa\/?esplai=isardflordeneu&amp;poblacio=\">Isard Flor de Neu<\/a>, que ha treballat molt la <strong>gesti\u00f3 econ\u00f2mica de l&#8217;esplai.<\/strong><\/p>\n<p><strong>Qui porta l&#8217;economia?\u00a0<\/strong><\/p>\n<p>La majoria d&#8217;esplais assignem un <strong>tresorer <\/strong>o una <strong>comissi\u00f3 econ\u00f2mica <\/strong>que s&#8217;encarregar\u00e0 de fer el seguiment anual dels moviments de diners, tant ingressos com despeses. Ha d&#8217;anar informant l&#8217;entitat del seu estat econ\u00f2mic, i donar suport a la presa de decisions de tot l&#8217;equip.<\/p>\n<p><strong>Treballem el relleu!<\/strong><\/p>\n<p>La tresoreria s&#8217;ha de con\u00e8ixer i portar al dia, i aix\u00f2 requereix un aprenentatge. Per aix\u00f2, a l&#8217;Isard Flor de Neu l&#8217;economia la porten conjuntament dues persones, per anar fent relleu. A m\u00e9s, han elaborat un <strong>protocol sobre com es gestiona l&#8217;economia de l&#8217;esplai\u00a0<\/strong>per complementar-ho.<\/p>\n<p><strong>Fem part\u00edcep a tot l&#8217;equip!\u00a0<\/strong><\/p>\n<p>El fet que hi hagi un tresorer o comissi\u00f3 no vol dir que aquestes persones hagin d&#8217;assumir la presa de decisions en termes econ\u00f2mics: aquesta ha de venir per part de tot l&#8217;equip i la tresoreria s&#8217;ha d&#8217;encarregar de fer-ne el control i seguiment. A l&#8217;Isard Flor de Neu, el pressupost l&#8217;elabora tot l&#8217;equip, amb l&#8217;ajuda d&#8217;un projector i veient el que es va gastar a cada partida l&#8217;any anterior com a refer\u00e8ncia. Tenen tamb\u00e9 una <strong>economia central<\/strong> i\u00a0<strong>a cada grup d&#8217;edat hi ha un responsable econ\u00f2mic<\/strong>, a qui es donen els diners cada trimestre. Aquesta persona ha de tornar el canvi i els tiquets i factures amb el concepte anotat al final del trimestre.<\/p>\n<p><strong>Fem una <\/strong><a href=\"http:\/\/esplac.cat\/wp-content\/uploads\/2012\/10\/compromisos_gestio_responsable.pdf\"><strong>gesti\u00f3 responsable de recursos<\/strong><\/a>!<\/p>\n<p>Esplais Catalans incorporem l\u2019\u00e8tica al dia a dia de la gesti\u00f3 econ\u00f2mica de l\u2019entitat, a m\u00e9s de dotar-nos d\u2019eines que ens facilitin la cerca de noves fonts de finan\u00e7ament d\u2019acord amb els nostres valors. Ja hem parlat a altres bones pr\u00e0ctiques sobre <a href=\"http:\/\/esplac.cat\/bona-practica-campanyes-economiques-esplai\/\">campanyes econ\u00f2miques<\/a>, <a href=\"http:\/\/esplac.cat\/bona-practica-campanyes-economiques-esplai\/\">compres i consum sostenible<\/a>. A l&#8217;Isard Flor de Neu aprofiten les <strong>tancades i reunions per debatre<\/strong> on compraran all\u00f2 que necessiten, intentant tenir el material fungible dels llocs escollits, evitant-ne d&#8217;altres i prioritzant sempre els comer\u00e7os locals.<\/p>\n<p>Al <a href=\"http:\/\/esplac.cat\/banc-recursos\/\">banc de recursos<\/a> podeu consultar eines per gestionar l&#8217;economia de l&#8217;esplai. Recordeu que podeu demanar<strong> c\u00e0psules formatives<\/strong> i <strong>assessoraments<\/strong> a trav\u00e9s dels coordinadors de projectes i Equips Generals del vostre Sector!<\/p>\n<p>Esperem que l&#8217;article us pugui donar eines i idees. Moltes gr\u00e0cies per compartir aquestes pr\u00e0ctiques amb nosaltres, Isard Flor de Neu!<!--:--><!--:es-->&nbsp;<\/p>\n<p><!--:--><!--:en-->&nbsp;<\/p>\n<p><!--:--><!--:fr-->&nbsp;<\/p>\n<p><!--:--><\/p>\n","protected":false},"excerpt":{"rendered":"<p>L&#8217;economia de l&#8217;esplai \u00e9s b\u00e0sica per desenvolupar el nostre projecte. [&hellip;]<\/p>\n","protected":false},"author":3,"featured_media":25604,"comment_status":"open","ping_status":"open","sticky":false,"template":"","format":"standard","meta":{"om_disable_all_campaigns":false,"_monsterinsights_skip_tracking":false,"_monsterinsights_sitenote_active":false,"_monsterinsights_sitenote_note":"","_monsterinsights_sitenote_category":0,"_uf_show_specific_survey":0,"_uf_disable_surveys":false,"footnotes":""},"categories":[1121],"tags":[67,405,406,230,407,408,409,410,411],"class_list":["post-25675","post","type-post","status-publish","format-standard","has-post-thumbnail","hentry","category-bones-practiques-2","tag-bones-practiques","tag-capsules-formatives","tag-comissio-economica","tag-economia","tag-factures","tag-gestio-dels-recursos","tag-gestio-economica","tag-isard-flor-de-neu","tag-tresoreria"],"yoast_head":"<!-- This site is optimized with the Yoast SEO plugin v27.4 - https:\/\/yoast.com\/product\/yoast-seo-wordpress\/ -->\n<title>Bona pr\u00e0ctica: la gesti\u00f3 econ\u00f2mica de l&#039;esplai - Esplac<\/title>\n<meta name=\"robots\" content=\"index, follow, max-snippet:-1, max-image-preview:large, max-video-preview:-1\" \/>\n<link rel=\"canonical\" href=\"https:\/\/www.esplac.cat\/bona-practica-gestio-economica-esplai\/\" \/>\n<meta property=\"og:locale\" content=\"es_ES\" \/>\n<meta property=\"og:type\" content=\"article\" \/>\n<meta property=\"og:title\" content=\"Bona pr\u00e0ctica: la gesti\u00f3 econ\u00f2mica de l&#039;esplai - Esplac\" \/>\n<meta property=\"og:description\" content=\"L&#8217;economia de l&#8217;esplai \u00e9s b\u00e0sica per desenvolupar el nostre projecte. [&hellip;]\" \/>\n<meta property=\"og:url\" content=\"https:\/\/www.esplac.cat\/bona-practica-gestio-economica-esplai\/\" \/>\n<meta property=\"og:site_name\" content=\"Esplac\" \/>\n<meta property=\"article:published_time\" content=\"2014-12-16T10:13:07+00:00\" \/>\n<meta property=\"og:image\" content=\"https:\/\/www.esplac.cat\/wp-content\/uploads\/2013\/02\/DSC08123-1024x575.jpg\" \/>\n\t<meta property=\"og:image:width\" content=\"1024\" \/>\n\t<meta property=\"og:image:height\" content=\"575\" \/>\n\t<meta property=\"og:image:type\" content=\"image\/jpeg\" \/>\n<meta name=\"author\" content=\"Comunicaci\u00f3 Esplac\" \/>\n<meta name=\"twitter:card\" content=\"summary_large_image\" \/>\n<meta name=\"twitter:label1\" content=\"Escrito por\" \/>\n\t<meta name=\"twitter:data1\" content=\"Comunicaci\u00f3 Esplac\" \/>\n\t<meta name=\"twitter:label2\" content=\"Tiempo de lectura\" \/>\n\t<meta name=\"twitter:data2\" content=\"2 minutos\" \/>\n<script type=\"application\/ld+json\" class=\"yoast-schema-graph\">{\"@context\":\"https:\\\/\\\/schema.org\",\"@graph\":[{\"@type\":\"Article\",\"@id\":\"https:\\\/\\\/www.esplac.cat\\\/bona-practica-gestio-economica-esplai\\\/#article\",\"isPartOf\":{\"@id\":\"https:\\\/\\\/www.esplac.cat\\\/bona-practica-gestio-economica-esplai\\\/\"},\"author\":{\"name\":\"Comunicaci\u00f3 Esplac\",\"@id\":\"https:\\\/\\\/www.esplac.cat\\\/#\\\/schema\\\/person\\\/908383cf240be18b68f8855d0583faca\"},\"headline\":\"Bona pr\u00e0ctica: la gesti\u00f3 econ\u00f2mica de l&#8217;esplai\",\"datePublished\":\"2014-12-16T10:13:07+00:00\",\"mainEntityOfPage\":{\"@id\":\"https:\\\/\\\/www.esplac.cat\\\/bona-practica-gestio-economica-esplai\\\/\"},\"wordCount\":471,\"commentCount\":0,\"publisher\":{\"@id\":\"https:\\\/\\\/www.esplac.cat\\\/#organization\"},\"image\":{\"@id\":\"https:\\\/\\\/www.esplac.cat\\\/bona-practica-gestio-economica-esplai\\\/#primaryimage\"},\"thumbnailUrl\":\"https:\\\/\\\/www.esplac.cat\\\/wp-content\\\/uploads\\\/2013\\\/02\\\/DSC08123.jpg\",\"keywords\":[\"bones pr\u00e0ctiques\",\"c\u00e0psules formatives\",\"comissi\u00f3 econ\u00f2mica\",\"economia\",\"factures\",\"gesti\u00f3 dels recursos\",\"gesti\u00f3 econ\u00f2mica\",\"isard-flor de neu\",\"tresoreria\"],\"articleSection\":[\"Bones pr\u00e0ctiques\"],\"inLanguage\":\"es\",\"potentialAction\":[{\"@type\":\"CommentAction\",\"name\":\"Comment\",\"target\":[\"https:\\\/\\\/www.esplac.cat\\\/bona-practica-gestio-economica-esplai\\\/#respond\"]}]},{\"@type\":\"WebPage\",\"@id\":\"https:\\\/\\\/www.esplac.cat\\\/bona-practica-gestio-economica-esplai\\\/\",\"url\":\"https:\\\/\\\/www.esplac.cat\\\/bona-practica-gestio-economica-esplai\\\/\",\"name\":\"Bona pr\u00e0ctica: la gesti\u00f3 econ\u00f2mica de l'esplai - Esplac\",\"isPartOf\":{\"@id\":\"https:\\\/\\\/www.esplac.cat\\\/#website\"},\"primaryImageOfPage\":{\"@id\":\"https:\\\/\\\/www.esplac.cat\\\/bona-practica-gestio-economica-esplai\\\/#primaryimage\"},\"image\":{\"@id\":\"https:\\\/\\\/www.esplac.cat\\\/bona-practica-gestio-economica-esplai\\\/#primaryimage\"},\"thumbnailUrl\":\"https:\\\/\\\/www.esplac.cat\\\/wp-content\\\/uploads\\\/2013\\\/02\\\/DSC08123.jpg\",\"datePublished\":\"2014-12-16T10:13:07+00:00\",\"breadcrumb\":{\"@id\":\"https:\\\/\\\/www.esplac.cat\\\/bona-practica-gestio-economica-esplai\\\/#breadcrumb\"},\"inLanguage\":\"es\",\"potentialAction\":[{\"@type\":\"ReadAction\",\"target\":[\"https:\\\/\\\/www.esplac.cat\\\/bona-practica-gestio-economica-esplai\\\/\"]}]},{\"@type\":\"ImageObject\",\"inLanguage\":\"es\",\"@id\":\"https:\\\/\\\/www.esplac.cat\\\/bona-practica-gestio-economica-esplai\\\/#primaryimage\",\"url\":\"https:\\\/\\\/www.esplac.cat\\\/wp-content\\\/uploads\\\/2013\\\/02\\\/DSC08123.jpg\",\"contentUrl\":\"https:\\\/\\\/www.esplac.cat\\\/wp-content\\\/uploads\\\/2013\\\/02\\\/DSC08123.jpg\",\"width\":3872,\"height\":2176},{\"@type\":\"BreadcrumbList\",\"@id\":\"https:\\\/\\\/www.esplac.cat\\\/bona-practica-gestio-economica-esplai\\\/#breadcrumb\",\"itemListElement\":[{\"@type\":\"ListItem\",\"position\":1,\"name\":\"Inici\",\"item\":\"https:\\\/\\\/www.esplac.cat\\\/es\\\/\"},{\"@type\":\"ListItem\",\"position\":2,\"name\":\"Bona pr\u00e0ctica: la gesti\u00f3 econ\u00f2mica de l&#8217;esplai\"}]},{\"@type\":\"WebSite\",\"@id\":\"https:\\\/\\\/www.esplac.cat\\\/#website\",\"url\":\"https:\\\/\\\/www.esplac.cat\\\/\",\"name\":\"Esplac\",\"description\":\"Esplais Catalans\",\"publisher\":{\"@id\":\"https:\\\/\\\/www.esplac.cat\\\/#organization\"},\"potentialAction\":[{\"@type\":\"SearchAction\",\"target\":{\"@type\":\"EntryPoint\",\"urlTemplate\":\"https:\\\/\\\/www.esplac.cat\\\/?s={search_term_string}\"},\"query-input\":{\"@type\":\"PropertyValueSpecification\",\"valueRequired\":true,\"valueName\":\"search_term_string\"}}],\"inLanguage\":\"es\"},{\"@type\":\"Organization\",\"@id\":\"https:\\\/\\\/www.esplac.cat\\\/#organization\",\"name\":\"Esplac\",\"url\":\"https:\\\/\\\/www.esplac.cat\\\/\",\"logo\":{\"@type\":\"ImageObject\",\"inLanguage\":\"es\",\"@id\":\"https:\\\/\\\/www.esplac.cat\\\/#\\\/schema\\\/logo\\\/image\\\/\",\"url\":\"https:\\\/\\\/www.esplac.cat\\\/wp-content\\\/uploads\\\/2019\\\/08\\\/logox2.png\",\"contentUrl\":\"https:\\\/\\\/www.esplac.cat\\\/wp-content\\\/uploads\\\/2019\\\/08\\\/logox2.png\",\"width\":600,\"height\":295,\"caption\":\"Esplac\"},\"image\":{\"@id\":\"https:\\\/\\\/www.esplac.cat\\\/#\\\/schema\\\/logo\\\/image\\\/\"}},{\"@type\":\"Person\",\"@id\":\"https:\\\/\\\/www.esplac.cat\\\/#\\\/schema\\\/person\\\/908383cf240be18b68f8855d0583faca\",\"name\":\"Comunicaci\u00f3 Esplac\",\"image\":{\"@type\":\"ImageObject\",\"inLanguage\":\"es\",\"@id\":\"https:\\\/\\\/secure.gravatar.com\\\/avatar\\\/7a4cf8feb412a76ea4a740ca02d95b06b2907b5a6c648c2dd0a1082a093c3141?s=96&d=mm&r=g\",\"url\":\"https:\\\/\\\/secure.gravatar.com\\\/avatar\\\/7a4cf8feb412a76ea4a740ca02d95b06b2907b5a6c648c2dd0a1082a093c3141?s=96&d=mm&r=g\",\"contentUrl\":\"https:\\\/\\\/secure.gravatar.com\\\/avatar\\\/7a4cf8feb412a76ea4a740ca02d95b06b2907b5a6c648c2dd0a1082a093c3141?s=96&d=mm&r=g\",\"caption\":\"Comunicaci\u00f3 Esplac\"}}]}<\/script>\n<!-- \/ Yoast SEO plugin. -->","yoast_head_json":{"title":"Bona pr\u00e0ctica: la gesti\u00f3 econ\u00f2mica de l'esplai - Esplac","robots":{"index":"index","follow":"follow","max-snippet":"max-snippet:-1","max-image-preview":"max-image-preview:large","max-video-preview":"max-video-preview:-1"},"canonical":"https:\/\/www.esplac.cat\/bona-practica-gestio-economica-esplai\/","og_locale":"es_ES","og_type":"article","og_title":"Bona pr\u00e0ctica: la gesti\u00f3 econ\u00f2mica de l'esplai - Esplac","og_description":"L&#8217;economia de l&#8217;esplai \u00e9s b\u00e0sica per desenvolupar el nostre projecte. [&hellip;]","og_url":"https:\/\/www.esplac.cat\/bona-practica-gestio-economica-esplai\/","og_site_name":"Esplac","article_published_time":"2014-12-16T10:13:07+00:00","og_image":[{"width":1024,"height":575,"url":"https:\/\/www.esplac.cat\/wp-content\/uploads\/2013\/02\/DSC08123-1024x575.jpg","type":"image\/jpeg"}],"author":"Comunicaci\u00f3 Esplac","twitter_card":"summary_large_image","twitter_misc":{"Escrito por":"Comunicaci\u00f3 Esplac","Tiempo de lectura":"2 minutos"},"schema":{"@context":"https:\/\/schema.org","@graph":[{"@type":"Article","@id":"https:\/\/www.esplac.cat\/bona-practica-gestio-economica-esplai\/#article","isPartOf":{"@id":"https:\/\/www.esplac.cat\/bona-practica-gestio-economica-esplai\/"},"author":{"name":"Comunicaci\u00f3 Esplac","@id":"https:\/\/www.esplac.cat\/#\/schema\/person\/908383cf240be18b68f8855d0583faca"},"headline":"Bona pr\u00e0ctica: la gesti\u00f3 econ\u00f2mica de l&#8217;esplai","datePublished":"2014-12-16T10:13:07+00:00","mainEntityOfPage":{"@id":"https:\/\/www.esplac.cat\/bona-practica-gestio-economica-esplai\/"},"wordCount":471,"commentCount":0,"publisher":{"@id":"https:\/\/www.esplac.cat\/#organization"},"image":{"@id":"https:\/\/www.esplac.cat\/bona-practica-gestio-economica-esplai\/#primaryimage"},"thumbnailUrl":"https:\/\/www.esplac.cat\/wp-content\/uploads\/2013\/02\/DSC08123.jpg","keywords":["bones pr\u00e0ctiques","c\u00e0psules formatives","comissi\u00f3 econ\u00f2mica","economia","factures","gesti\u00f3 dels recursos","gesti\u00f3 econ\u00f2mica","isard-flor de neu","tresoreria"],"articleSection":["Bones pr\u00e0ctiques"],"inLanguage":"es","potentialAction":[{"@type":"CommentAction","name":"Comment","target":["https:\/\/www.esplac.cat\/bona-practica-gestio-economica-esplai\/#respond"]}]},{"@type":"WebPage","@id":"https:\/\/www.esplac.cat\/bona-practica-gestio-economica-esplai\/","url":"https:\/\/www.esplac.cat\/bona-practica-gestio-economica-esplai\/","name":"Bona pr\u00e0ctica: la gesti\u00f3 econ\u00f2mica de l'esplai - Esplac","isPartOf":{"@id":"https:\/\/www.esplac.cat\/#website"},"primaryImageOfPage":{"@id":"https:\/\/www.esplac.cat\/bona-practica-gestio-economica-esplai\/#primaryimage"},"image":{"@id":"https:\/\/www.esplac.cat\/bona-practica-gestio-economica-esplai\/#primaryimage"},"thumbnailUrl":"https:\/\/www.esplac.cat\/wp-content\/uploads\/2013\/02\/DSC08123.jpg","datePublished":"2014-12-16T10:13:07+00:00","breadcrumb":{"@id":"https:\/\/www.esplac.cat\/bona-practica-gestio-economica-esplai\/#breadcrumb"},"inLanguage":"es","potentialAction":[{"@type":"ReadAction","target":["https:\/\/www.esplac.cat\/bona-practica-gestio-economica-esplai\/"]}]},{"@type":"ImageObject","inLanguage":"es","@id":"https:\/\/www.esplac.cat\/bona-practica-gestio-economica-esplai\/#primaryimage","url":"https:\/\/www.esplac.cat\/wp-content\/uploads\/2013\/02\/DSC08123.jpg","contentUrl":"https:\/\/www.esplac.cat\/wp-content\/uploads\/2013\/02\/DSC08123.jpg","width":3872,"height":2176},{"@type":"BreadcrumbList","@id":"https:\/\/www.esplac.cat\/bona-practica-gestio-economica-esplai\/#breadcrumb","itemListElement":[{"@type":"ListItem","position":1,"name":"Inici","item":"https:\/\/www.esplac.cat\/es\/"},{"@type":"ListItem","position":2,"name":"Bona pr\u00e0ctica: la gesti\u00f3 econ\u00f2mica de l&#8217;esplai"}]},{"@type":"WebSite","@id":"https:\/\/www.esplac.cat\/#website","url":"https:\/\/www.esplac.cat\/","name":"Esplac","description":"Esplais Catalans","publisher":{"@id":"https:\/\/www.esplac.cat\/#organization"},"potentialAction":[{"@type":"SearchAction","target":{"@type":"EntryPoint","urlTemplate":"https:\/\/www.esplac.cat\/?s={search_term_string}"},"query-input":{"@type":"PropertyValueSpecification","valueRequired":true,"valueName":"search_term_string"}}],"inLanguage":"es"},{"@type":"Organization","@id":"https:\/\/www.esplac.cat\/#organization","name":"Esplac","url":"https:\/\/www.esplac.cat\/","logo":{"@type":"ImageObject","inLanguage":"es","@id":"https:\/\/www.esplac.cat\/#\/schema\/logo\/image\/","url":"https:\/\/www.esplac.cat\/wp-content\/uploads\/2019\/08\/logox2.png","contentUrl":"https:\/\/www.esplac.cat\/wp-content\/uploads\/2019\/08\/logox2.png","width":600,"height":295,"caption":"Esplac"},"image":{"@id":"https:\/\/www.esplac.cat\/#\/schema\/logo\/image\/"}},{"@type":"Person","@id":"https:\/\/www.esplac.cat\/#\/schema\/person\/908383cf240be18b68f8855d0583faca","name":"Comunicaci\u00f3 Esplac","image":{"@type":"ImageObject","inLanguage":"es","@id":"https:\/\/secure.gravatar.com\/avatar\/7a4cf8feb412a76ea4a740ca02d95b06b2907b5a6c648c2dd0a1082a093c3141?s=96&d=mm&r=g","url":"https:\/\/secure.gravatar.com\/avatar\/7a4cf8feb412a76ea4a740ca02d95b06b2907b5a6c648c2dd0a1082a093c3141?s=96&d=mm&r=g","contentUrl":"https:\/\/secure.gravatar.com\/avatar\/7a4cf8feb412a76ea4a740ca02d95b06b2907b5a6c648c2dd0a1082a093c3141?s=96&d=mm&r=g","caption":"Comunicaci\u00f3 Esplac"}}]}},"_links":{"self":[{"href":"https:\/\/www.esplac.cat\/es\/wp-json\/wp\/v2\/posts\/25675","targetHints":{"allow":["GET"]}}],"collection":[{"href":"https:\/\/www.esplac.cat\/es\/wp-json\/wp\/v2\/posts"}],"about":[{"href":"https:\/\/www.esplac.cat\/es\/wp-json\/wp\/v2\/types\/post"}],"author":[{"embeddable":true,"href":"https:\/\/www.esplac.cat\/es\/wp-json\/wp\/v2\/users\/3"}],"replies":[{"embeddable":true,"href":"https:\/\/www.esplac.cat\/es\/wp-json\/wp\/v2\/comments?post=25675"}],"version-history":[{"count":0,"href":"https:\/\/www.esplac.cat\/es\/wp-json\/wp\/v2\/posts\/25675\/revisions"}],"wp:featuredmedia":[{"embeddable":true,"href":"https:\/\/www.esplac.cat\/es\/wp-json\/wp\/v2\/media\/25604"}],"wp:attachment":[{"href":"https:\/\/www.esplac.cat\/es\/wp-json\/wp\/v2\/media?parent=25675"}],"wp:term":[{"taxonomy":"category","embeddable":true,"href":"https:\/\/www.esplac.cat\/es\/wp-json\/wp\/v2\/categories?post=25675"},{"taxonomy":"post_tag","embeddable":true,"href":"https:\/\/www.esplac.cat\/es\/wp-json\/wp\/v2\/tags?post=25675"}],"curies":[{"name":"wp","href":"https:\/\/api.w.org\/{rel}","templated":true}]}}