{"id":25681,"date":"2014-12-05T11:44:21","date_gmt":"2014-12-05T09:44:21","guid":{"rendered":"http:\/\/esplac.cat\/?p=5853"},"modified":"2014-12-05T11:44:21","modified_gmt":"2014-12-05T09:44:21","slug":"els-esplais-del-baix-llobregat-celebren-junts-la-diada-dels-drets-dels-infants","status":"publish","type":"post","link":"https:\/\/www.esplac.cat\/es\/els-esplais-del-baix-llobregat-celebren-junts-la-diada-dels-drets-dels-infants\/","title":{"rendered":"Els esplais del Baix Llobregat celebren junts la Diada dels Drets dels Infants"},"content":{"rendered":"<p><!--:CA-->Martorell va acollir el 22 de novembre el DUDI, la Diada dels Drets dels Infants que cada any aplega als esplais del Baix Llobregat en una poblaci\u00f3 diferent. Cinc esplais del Baix Llobregat; L&#8217;Agrupa de Molins de Rei, la Peti ki Peti de La Palma de Cervell\u00f2, el Greska de Sant Boi de Llobregat, el Pa amb Tom\u00e0quet de El Papiol i el Guspira de Martorell, amb la col\u00b7laboraci\u00f3 de l&#8217;Ajuntament de Martorell, \u00e9s van organitzar per poder celebrar aquesta diada conjuntament. Entre tots, van aplegar a m\u00e9s de 200 infants i joves, a m\u00e9s dels monitors i monitores i de tothom que hi va voler participar, ja que les activitats eren obertes a tot el municipi.<\/p>\n<p>La jornada es va iniciar amb una cercavila pels carrers del poble on els infants i joves van poder fer soroll i ballar al ritme dels timbalers del Camell, de Molins de Rei. Entre les pancartes i cartells que els infants i joves aixecaven amb for\u00e7a, es podia llegir \u201cDret a la participaci\u00f3, a la llibertat d&#8217;expressi\u00f3, a la salut, l&#8217;educaci\u00f3, a ser estimats&#8230;\u201d, \u201cRespecteu el meu espai, m\u00e9s parcs i menys p\u00e0rquings\u201d, \u201cSe vende mi futuro 678787692\u201d, \u201cVolem ser feli\u00e7os\u201d, \u201cM&#8217;agrada que juguin amb mi, no amb el meu futur\u201d, \u201cL&#8217;educaci\u00f3 no es ven; es defensa\u201d i moltes altres m\u00e9s.<\/p>\n<p>A continuaci\u00f3, es van separar per grups en els diferents espais al voltant de la Pla\u00e7a de les Cultures. Cada grup va fer activitats molt diverses al voltant dels drets dels infants, l&#8217;objectiu era jugar i passar-ho b\u00e9, compartint experi\u00e8ncies amb infants i joves d&#8217;altres esplais, mentre apren\u00edem quins s\u00f3n els nostres drets i reflexion\u00e0vem sobre si tothom t\u00e9 assegurats aquests drets i que podem fer si ens els limiten. Els infants i joves ho tenen clar, cal con\u00e8ixer els drets i sobretot posar-los en pr\u00e0ctica. Perqu\u00e8 tenir drets nom\u00e9s serveix per poder-los exercir o poder-los reivindicar en el cas que se\u2019ns limitin.<\/p>\n<p>A l\u2019esplai, eduquem a trav\u00e9s dels drets dels infants m\u00e9s enll\u00e0 del 20-N. Eduquem tots els dissabtes del curs, d\u2019excursi\u00f3, col\u00f2nies i campaments. Mitjan\u00e7ant el joc, com a principal eina pedag\u00f2gica, els monitors i monitores executen els projectes educatius que tenen tots i cadascun dels esplais. Per aix\u00f2 diem que l&#8217;esplai \u00e9s espai de drets!<\/p>\n<p>Despr\u00e9s de dinar, infants i joves van llegir un manifest on, a trav\u00e9s d&#8217;una performance, es va fer evident que encara estem lluny de tenir tots els drets coberts, tant a casa nostra com arreu del m\u00f3n, per aix\u00f2 t\u00e9 sentit reivindicar-los en una data tan assenyalada com el 20 de novembre, per\u00f2 tamb\u00e9 cada dia de l&#8217;any i des de tots els \u00e0mbits, a l&#8217;esplai tamb\u00e9!<\/p>\n<p>El Grup Amb\u00e4ukatun\u00e0bia va ser la millor cloenda per compartir una estona ben alegre i animada amb les seves can\u00e7ons, la m\u00fasica en directe i amb molta energia de l&#8217;esplai!<!--:--><!--:es-->&nbsp;<\/p>\n<p><!--:--><!--:en-->&nbsp;<\/p>\n<p><!--:--><!--:fr-->&nbsp;<\/p>\n<p><!--:--><\/p>\n","protected":false},"excerpt":{"rendered":"<p>Martorell va acollir el 22 de novembre el DUDI, la [&hellip;]<\/p>\n","protected":false},"author":3,"featured_media":0,"comment_status":"open","ping_status":"open","sticky":false,"template":"","format":"standard","meta":{"om_disable_all_campaigns":false,"_monsterinsights_skip_tracking":false,"_monsterinsights_sitenote_active":false,"_monsterinsights_sitenote_note":"","_monsterinsights_sitenote_category":0,"_uf_show_specific_survey":0,"_uf_disable_surveys":false,"footnotes":""},"categories":[1135,1110,1124],"tags":[384,45,376,394,395,377,114],"class_list":["post-25681","post","type-post","status-publish","format-standard","hentry","category-20-n-drets-dels-infants","category-activitats-sectors","category-sector-baix-llobregat","tag-20-n","tag-drets-dels-infants","tag-dudi","tag-energia-de-lesplai","tag-martorell","tag-participacio-infantil","tag-sector-baix-llobregat"],"yoast_head":"<!-- This site is optimized with the Yoast SEO plugin v27.4 - https:\/\/yoast.com\/product\/yoast-seo-wordpress\/ -->\n<title>Els esplais del Baix Llobregat celebren junts la Diada dels Drets dels Infants - Esplac<\/title>\n<meta name=\"robots\" content=\"index, follow, max-snippet:-1, max-image-preview:large, max-video-preview:-1\" \/>\n<link rel=\"canonical\" href=\"https:\/\/www.esplac.cat\/es\/els-esplais-del-baix-llobregat-celebren-junts-la-diada-dels-drets-dels-infants\/\" \/>\n<meta property=\"og:locale\" content=\"es_ES\" \/>\n<meta property=\"og:type\" content=\"article\" \/>\n<meta property=\"og:title\" content=\"Els esplais del Baix Llobregat celebren junts la Diada dels Drets dels Infants - Esplac\" \/>\n<meta property=\"og:description\" content=\"Martorell va acollir el 22 de novembre el DUDI, la [&hellip;]\" \/>\n<meta property=\"og:url\" content=\"https:\/\/www.esplac.cat\/es\/els-esplais-del-baix-llobregat-celebren-junts-la-diada-dels-drets-dels-infants\/\" \/>\n<meta property=\"og:site_name\" content=\"Esplac\" \/>\n<meta property=\"article:published_time\" content=\"2014-12-05T09:44:21+00:00\" \/>\n<meta property=\"og:image\" content=\"https:\/\/www.esplac.cat\/wp-content\/uploads\/2019\/11\/logo-open.jpg\" \/>\n\t<meta property=\"og:image:width\" content=\"1200\" \/>\n\t<meta property=\"og:image:height\" content=\"630\" \/>\n\t<meta property=\"og:image:type\" content=\"image\/jpeg\" \/>\n<meta name=\"author\" content=\"Comunicaci\u00f3 Esplac\" \/>\n<meta name=\"twitter:card\" content=\"summary_large_image\" \/>\n<meta name=\"twitter:label1\" content=\"Escrito por\" \/>\n\t<meta name=\"twitter:data1\" content=\"Comunicaci\u00f3 Esplac\" \/>\n\t<meta name=\"twitter:label2\" content=\"Tiempo de lectura\" \/>\n\t<meta name=\"twitter:data2\" content=\"3 minutos\" \/>\n<script type=\"application\/ld+json\" class=\"yoast-schema-graph\">{\"@context\":\"https:\\\/\\\/schema.org\",\"@graph\":[{\"@type\":\"Article\",\"@id\":\"https:\\\/\\\/www.esplac.cat\\\/es\\\/els-esplais-del-baix-llobregat-celebren-junts-la-diada-dels-drets-dels-infants\\\/#article\",\"isPartOf\":{\"@id\":\"https:\\\/\\\/www.esplac.cat\\\/es\\\/els-esplais-del-baix-llobregat-celebren-junts-la-diada-dels-drets-dels-infants\\\/\"},\"author\":{\"name\":\"Comunicaci\u00f3 Esplac\",\"@id\":\"https:\\\/\\\/www.esplac.cat\\\/#\\\/schema\\\/person\\\/908383cf240be18b68f8855d0583faca\"},\"headline\":\"Els esplais del Baix Llobregat celebren junts la Diada dels Drets dels Infants\",\"datePublished\":\"2014-12-05T09:44:21+00:00\",\"mainEntityOfPage\":{\"@id\":\"https:\\\/\\\/www.esplac.cat\\\/es\\\/els-esplais-del-baix-llobregat-celebren-junts-la-diada-dels-drets-dels-infants\\\/\"},\"wordCount\":530,\"commentCount\":0,\"publisher\":{\"@id\":\"https:\\\/\\\/www.esplac.cat\\\/#organization\"},\"keywords\":[\"20-N\",\"drets dels infants\",\"DUDI\",\"energia de l'esplai\",\"Martorell\",\"participaci\u00f3 infantil\",\"sector Baix Llobregat\"],\"articleSection\":[\"20-N: Drets dels infants\",\"Activitats sectors\",\"Sector Baix Llobregat\"],\"inLanguage\":\"es\",\"potentialAction\":[{\"@type\":\"CommentAction\",\"name\":\"Comment\",\"target\":[\"https:\\\/\\\/www.esplac.cat\\\/es\\\/els-esplais-del-baix-llobregat-celebren-junts-la-diada-dels-drets-dels-infants\\\/#respond\"]}]},{\"@type\":\"WebPage\",\"@id\":\"https:\\\/\\\/www.esplac.cat\\\/es\\\/els-esplais-del-baix-llobregat-celebren-junts-la-diada-dels-drets-dels-infants\\\/\",\"url\":\"https:\\\/\\\/www.esplac.cat\\\/es\\\/els-esplais-del-baix-llobregat-celebren-junts-la-diada-dels-drets-dels-infants\\\/\",\"name\":\"Els esplais del Baix Llobregat celebren junts la Diada dels Drets dels Infants - Esplac\",\"isPartOf\":{\"@id\":\"https:\\\/\\\/www.esplac.cat\\\/#website\"},\"datePublished\":\"2014-12-05T09:44:21+00:00\",\"breadcrumb\":{\"@id\":\"https:\\\/\\\/www.esplac.cat\\\/es\\\/els-esplais-del-baix-llobregat-celebren-junts-la-diada-dels-drets-dels-infants\\\/#breadcrumb\"},\"inLanguage\":\"es\",\"potentialAction\":[{\"@type\":\"ReadAction\",\"target\":[\"https:\\\/\\\/www.esplac.cat\\\/es\\\/els-esplais-del-baix-llobregat-celebren-junts-la-diada-dels-drets-dels-infants\\\/\"]}]},{\"@type\":\"BreadcrumbList\",\"@id\":\"https:\\\/\\\/www.esplac.cat\\\/es\\\/els-esplais-del-baix-llobregat-celebren-junts-la-diada-dels-drets-dels-infants\\\/#breadcrumb\",\"itemListElement\":[{\"@type\":\"ListItem\",\"position\":1,\"name\":\"Inici\",\"item\":\"https:\\\/\\\/www.esplac.cat\\\/es\\\/\"},{\"@type\":\"ListItem\",\"position\":2,\"name\":\"Els esplais del Baix Llobregat celebren junts la Diada dels Drets dels Infants\"}]},{\"@type\":\"WebSite\",\"@id\":\"https:\\\/\\\/www.esplac.cat\\\/#website\",\"url\":\"https:\\\/\\\/www.esplac.cat\\\/\",\"name\":\"Esplac\",\"description\":\"Esplais Catalans\",\"publisher\":{\"@id\":\"https:\\\/\\\/www.esplac.cat\\\/#organization\"},\"potentialAction\":[{\"@type\":\"SearchAction\",\"target\":{\"@type\":\"EntryPoint\",\"urlTemplate\":\"https:\\\/\\\/www.esplac.cat\\\/?s={search_term_string}\"},\"query-input\":{\"@type\":\"PropertyValueSpecification\",\"valueRequired\":true,\"valueName\":\"search_term_string\"}}],\"inLanguage\":\"es\"},{\"@type\":\"Organization\",\"@id\":\"https:\\\/\\\/www.esplac.cat\\\/#organization\",\"name\":\"Esplac\",\"url\":\"https:\\\/\\\/www.esplac.cat\\\/\",\"logo\":{\"@type\":\"ImageObject\",\"inLanguage\":\"es\",\"@id\":\"https:\\\/\\\/www.esplac.cat\\\/#\\\/schema\\\/logo\\\/image\\\/\",\"url\":\"https:\\\/\\\/www.esplac.cat\\\/wp-content\\\/uploads\\\/2019\\\/08\\\/logox2.png\",\"contentUrl\":\"https:\\\/\\\/www.esplac.cat\\\/wp-content\\\/uploads\\\/2019\\\/08\\\/logox2.png\",\"width\":600,\"height\":295,\"caption\":\"Esplac\"},\"image\":{\"@id\":\"https:\\\/\\\/www.esplac.cat\\\/#\\\/schema\\\/logo\\\/image\\\/\"}},{\"@type\":\"Person\",\"@id\":\"https:\\\/\\\/www.esplac.cat\\\/#\\\/schema\\\/person\\\/908383cf240be18b68f8855d0583faca\",\"name\":\"Comunicaci\u00f3 Esplac\",\"image\":{\"@type\":\"ImageObject\",\"inLanguage\":\"es\",\"@id\":\"https:\\\/\\\/secure.gravatar.com\\\/avatar\\\/7a4cf8feb412a76ea4a740ca02d95b06b2907b5a6c648c2dd0a1082a093c3141?s=96&d=mm&r=g\",\"url\":\"https:\\\/\\\/secure.gravatar.com\\\/avatar\\\/7a4cf8feb412a76ea4a740ca02d95b06b2907b5a6c648c2dd0a1082a093c3141?s=96&d=mm&r=g\",\"contentUrl\":\"https:\\\/\\\/secure.gravatar.com\\\/avatar\\\/7a4cf8feb412a76ea4a740ca02d95b06b2907b5a6c648c2dd0a1082a093c3141?s=96&d=mm&r=g\",\"caption\":\"Comunicaci\u00f3 Esplac\"}}]}<\/script>\n<!-- \/ Yoast SEO plugin. -->","yoast_head_json":{"title":"Els esplais del Baix Llobregat celebren junts la Diada dels Drets dels Infants - Esplac","robots":{"index":"index","follow":"follow","max-snippet":"max-snippet:-1","max-image-preview":"max-image-preview:large","max-video-preview":"max-video-preview:-1"},"canonical":"https:\/\/www.esplac.cat\/es\/els-esplais-del-baix-llobregat-celebren-junts-la-diada-dels-drets-dels-infants\/","og_locale":"es_ES","og_type":"article","og_title":"Els esplais del Baix Llobregat celebren junts la Diada dels Drets dels Infants - Esplac","og_description":"Martorell va acollir el 22 de novembre el DUDI, la [&hellip;]","og_url":"https:\/\/www.esplac.cat\/es\/els-esplais-del-baix-llobregat-celebren-junts-la-diada-dels-drets-dels-infants\/","og_site_name":"Esplac","article_published_time":"2014-12-05T09:44:21+00:00","og_image":[{"width":1200,"height":630,"url":"https:\/\/www.esplac.cat\/wp-content\/uploads\/2019\/11\/logo-open.jpg","type":"image\/jpeg"}],"author":"Comunicaci\u00f3 Esplac","twitter_card":"summary_large_image","twitter_misc":{"Escrito por":"Comunicaci\u00f3 Esplac","Tiempo de lectura":"3 minutos"},"schema":{"@context":"https:\/\/schema.org","@graph":[{"@type":"Article","@id":"https:\/\/www.esplac.cat\/es\/els-esplais-del-baix-llobregat-celebren-junts-la-diada-dels-drets-dels-infants\/#article","isPartOf":{"@id":"https:\/\/www.esplac.cat\/es\/els-esplais-del-baix-llobregat-celebren-junts-la-diada-dels-drets-dels-infants\/"},"author":{"name":"Comunicaci\u00f3 Esplac","@id":"https:\/\/www.esplac.cat\/#\/schema\/person\/908383cf240be18b68f8855d0583faca"},"headline":"Els esplais del Baix Llobregat celebren junts la Diada dels Drets dels Infants","datePublished":"2014-12-05T09:44:21+00:00","mainEntityOfPage":{"@id":"https:\/\/www.esplac.cat\/es\/els-esplais-del-baix-llobregat-celebren-junts-la-diada-dels-drets-dels-infants\/"},"wordCount":530,"commentCount":0,"publisher":{"@id":"https:\/\/www.esplac.cat\/#organization"},"keywords":["20-N","drets dels infants","DUDI","energia de l'esplai","Martorell","participaci\u00f3 infantil","sector Baix Llobregat"],"articleSection":["20-N: Drets dels infants","Activitats sectors","Sector Baix Llobregat"],"inLanguage":"es","potentialAction":[{"@type":"CommentAction","name":"Comment","target":["https:\/\/www.esplac.cat\/es\/els-esplais-del-baix-llobregat-celebren-junts-la-diada-dels-drets-dels-infants\/#respond"]}]},{"@type":"WebPage","@id":"https:\/\/www.esplac.cat\/es\/els-esplais-del-baix-llobregat-celebren-junts-la-diada-dels-drets-dels-infants\/","url":"https:\/\/www.esplac.cat\/es\/els-esplais-del-baix-llobregat-celebren-junts-la-diada-dels-drets-dels-infants\/","name":"Els esplais del Baix Llobregat celebren junts la Diada dels Drets dels Infants - Esplac","isPartOf":{"@id":"https:\/\/www.esplac.cat\/#website"},"datePublished":"2014-12-05T09:44:21+00:00","breadcrumb":{"@id":"https:\/\/www.esplac.cat\/es\/els-esplais-del-baix-llobregat-celebren-junts-la-diada-dels-drets-dels-infants\/#breadcrumb"},"inLanguage":"es","potentialAction":[{"@type":"ReadAction","target":["https:\/\/www.esplac.cat\/es\/els-esplais-del-baix-llobregat-celebren-junts-la-diada-dels-drets-dels-infants\/"]}]},{"@type":"BreadcrumbList","@id":"https:\/\/www.esplac.cat\/es\/els-esplais-del-baix-llobregat-celebren-junts-la-diada-dels-drets-dels-infants\/#breadcrumb","itemListElement":[{"@type":"ListItem","position":1,"name":"Inici","item":"https:\/\/www.esplac.cat\/es\/"},{"@type":"ListItem","position":2,"name":"Els esplais del Baix Llobregat celebren junts la Diada dels Drets dels Infants"}]},{"@type":"WebSite","@id":"https:\/\/www.esplac.cat\/#website","url":"https:\/\/www.esplac.cat\/","name":"Esplac","description":"Esplais Catalans","publisher":{"@id":"https:\/\/www.esplac.cat\/#organization"},"potentialAction":[{"@type":"SearchAction","target":{"@type":"EntryPoint","urlTemplate":"https:\/\/www.esplac.cat\/?s={search_term_string}"},"query-input":{"@type":"PropertyValueSpecification","valueRequired":true,"valueName":"search_term_string"}}],"inLanguage":"es"},{"@type":"Organization","@id":"https:\/\/www.esplac.cat\/#organization","name":"Esplac","url":"https:\/\/www.esplac.cat\/","logo":{"@type":"ImageObject","inLanguage":"es","@id":"https:\/\/www.esplac.cat\/#\/schema\/logo\/image\/","url":"https:\/\/www.esplac.cat\/wp-content\/uploads\/2019\/08\/logox2.png","contentUrl":"https:\/\/www.esplac.cat\/wp-content\/uploads\/2019\/08\/logox2.png","width":600,"height":295,"caption":"Esplac"},"image":{"@id":"https:\/\/www.esplac.cat\/#\/schema\/logo\/image\/"}},{"@type":"Person","@id":"https:\/\/www.esplac.cat\/#\/schema\/person\/908383cf240be18b68f8855d0583faca","name":"Comunicaci\u00f3 Esplac","image":{"@type":"ImageObject","inLanguage":"es","@id":"https:\/\/secure.gravatar.com\/avatar\/7a4cf8feb412a76ea4a740ca02d95b06b2907b5a6c648c2dd0a1082a093c3141?s=96&d=mm&r=g","url":"https:\/\/secure.gravatar.com\/avatar\/7a4cf8feb412a76ea4a740ca02d95b06b2907b5a6c648c2dd0a1082a093c3141?s=96&d=mm&r=g","contentUrl":"https:\/\/secure.gravatar.com\/avatar\/7a4cf8feb412a76ea4a740ca02d95b06b2907b5a6c648c2dd0a1082a093c3141?s=96&d=mm&r=g","caption":"Comunicaci\u00f3 Esplac"}}]}},"_links":{"self":[{"href":"https:\/\/www.esplac.cat\/es\/wp-json\/wp\/v2\/posts\/25681","targetHints":{"allow":["GET"]}}],"collection":[{"href":"https:\/\/www.esplac.cat\/es\/wp-json\/wp\/v2\/posts"}],"about":[{"href":"https:\/\/www.esplac.cat\/es\/wp-json\/wp\/v2\/types\/post"}],"author":[{"embeddable":true,"href":"https:\/\/www.esplac.cat\/es\/wp-json\/wp\/v2\/users\/3"}],"replies":[{"embeddable":true,"href":"https:\/\/www.esplac.cat\/es\/wp-json\/wp\/v2\/comments?post=25681"}],"version-history":[{"count":0,"href":"https:\/\/www.esplac.cat\/es\/wp-json\/wp\/v2\/posts\/25681\/revisions"}],"wp:attachment":[{"href":"https:\/\/www.esplac.cat\/es\/wp-json\/wp\/v2\/media?parent=25681"}],"wp:term":[{"taxonomy":"category","embeddable":true,"href":"https:\/\/www.esplac.cat\/es\/wp-json\/wp\/v2\/categories?post=25681"},{"taxonomy":"post_tag","embeddable":true,"href":"https:\/\/www.esplac.cat\/es\/wp-json\/wp\/v2\/tags?post=25681"}],"curies":[{"name":"wp","href":"https:\/\/api.w.org\/{rel}","templated":true}]}}