{"id":25685,"date":"2014-11-21T13:41:27","date_gmt":"2014-11-21T11:41:27","guid":{"rendered":"http:\/\/esplac.cat\/?p=5825"},"modified":"2014-11-21T13:41:27","modified_gmt":"2014-11-21T11:41:27","slug":"placa-tecnic-de-escola-esplac-i-esplaiada-2015","status":"publish","type":"post","link":"https:\/\/www.esplac.cat\/es\/placa-tecnic-de-escola-esplac-i-esplaiada-2015\/","title":{"rendered":"Pla\u00e7a de T\u00e8cnic\/a de l&#8217;Escola d&#8217;Esplac i l&#8217;Esplaiada del 2015"},"content":{"rendered":"<p><!--:CA-->Volem comunicar-vos que hem obert un termini per a la presentaci\u00f3 de curr\u00edculums amb l\u2019objectiu de cobrir una pla\u00e7a de t\u00e8cnic\/a de l&#8217;Escola d&#8217;Esplac i l&#8217;Esplaiada (Trobada General) d&#8217;Esplais Catalans del 2015. El termini finalitza el dia 30 de novembre de 2014 . Els curr\u00edculums i l es cartes de motivaci\u00f3 les heu de fer arribar a <strong>esplac@esplac.cat<\/strong> amb la refer\u00e8ncia <strong>STACTESORG<\/strong> a l&#8217;assumpte del mail.<\/p>\n<p>Funcions Escola d&#8217;Esplac:<\/p>\n<ul>\n<li>Fer suport a la gesti\u00f3 t\u00e8cnica administrativa de Ger\u00e8ncia, Secretaria general i la resta d&#8217;\u00e0rees.<\/li>\n<li>Suport a la coordinaci\u00f3 amb els ponents i formadors i amb l&#8217;Escola Lliure el Sol.<\/li>\n<li>Assistir a les reunions t\u00e8cniques amb l&#8217;equip per a l&#8217;organitzaci\u00f3.<\/li>\n<li>Gesti\u00f3 de les inscripcions participants.<\/li>\n<li>Suport a la tasca de comunicaci\u00f3.<\/li>\n<li>Suport a la gesti\u00f3 amb l&#8217;alberg on es far\u00e0 la l&#8217;Escola d&#8217;Esplac.<\/li>\n<li>Coordinaci\u00f3 de tota la log\u00edstica de material i \u00e0pats necessari per a l&#8217;esdeveniment.<\/li>\n<li>Coordinaci\u00f3 de l transport de les participants i organitzaci\u00f3.<\/li>\n<li>Elaboraci\u00f3 del projecte i mem\u00f2ria de l&#8217;Escola d&#8217;Esplac d&#8217;acord amb el Pla de Treball aprovat per AGO, junt amb Cap de projectes.<\/li>\n<li>Elaborar la sol\u00b7licitud i justificaci\u00f3 de les possibles subvencions, junt amb Ger\u00e8ncia i Secretaria general.<\/li>\n<li>Elaborar la sol\u00b7licitud i dossier per a les possibles col\u00b7laboracions amb terecers, junt amb Ger\u00e8ncia i Secretaria general.<\/li>\n<\/ul>\n<p>Funcions Esplaiada 2015:<\/p>\n<ul>\n<li>Assistir a les reunions t\u00e8cniques amb administracions un cop s&#8217;hagin tancat les condicions de col\u00b7laboraci\u00f3.<\/li>\n<li>Assistir a les reunions dels sectors i comissions per a la organitzaci\u00f3 de la trobada per donar el suport t\u00e8cnic, si s&#8217;escau.<\/li>\n<li>Coordinaci\u00f3 t\u00e8cnica amb Enc\u00eds, junt amb Ger\u00e8ncia.<\/li>\n<li>Coordinaci\u00f3 amb altres entitats de la poblaci\u00f3 o la comarca, si s&#8217;escau.<\/li>\n<li>Fer suport a la gesti\u00f3 t\u00e8cnica administrativa de Ger\u00e8ncia, Secretaria general i la resta d&#8217;\u00e0rees.<\/li>\n<li>Gesti\u00f3 de les inscripcions participants.<\/li>\n<li>Suport a la tasca de comunicaci\u00f3.<\/li>\n<li>Coordinaci\u00f3 de tota la log\u00edstica de material i \u00e0pats necessari per a l&#8217;esdeveniment.<\/li>\n<li>Coordinaci\u00f3 del transport de les participants i organitzaci\u00f3.<\/li>\n<li>Elaboraci\u00f3 del projecte i mem\u00f2ria de l&#8217;Esplaiada d&#8217;acord amb el Pla de Treball aprovat per AGO, junt amb Secretaria general.<\/li>\n<li>Elaborar la sol\u00b7licitud i justificaci\u00f3 de les possibles subvencions, junt amb Ger\u00e8ncia i Secretaria general.<\/li>\n<li>Elaborar la sol\u00b7licitud i dossier per a les possibles col\u00b7laboracions amb tercers, junt amb Ger\u00e8ncia i Secretaria general.<\/li>\n<\/ul>\n<p>Es demana:<\/p>\n<ul>\n<li>Experi\u00e8ncia en l&#8217;organitzaci\u00f3 d&#8217;esdeveniments.<\/li>\n<li>Tenir menys de 30 anys.<\/li>\n<li>Nivell alt de catal\u00e0 i compet\u00e8ncia escrita.<\/li>\n<li>Coneixement de l&#8217;elaboraci\u00f3 de projectes, mem\u00f2ries i altra documentaci\u00f3.<\/li>\n<li>Coneixement i experi\u00e8ncia en l&#8217;\u00e0mbit de l&#8217;associacionisme educatiu i els esplais.<\/li>\n<li>Coneixements d&#8217;entorn Linux: LibreOffice, gesti\u00f3 de correu i Internet.<\/li>\n<li>Capacitat d&#8217;organitzaci\u00f3 i gesti\u00f3 del temps.<\/li>\n<li>Capacitat de treball en equip i autonomia personal.<\/li>\n<li>Capacitat de flexibilitat i adaptabilitat.<\/li>\n<li>Assist\u00e8ncia a reunions o activitats d\u2019especial inter\u00e8s fora de l\u2019horari laboral.<\/li>\n<li>Vocaci\u00f3 de servei als esplais i comprom\u00eds amb els valors d&#8217;Esplais Catalans.<\/li>\n<li>Carnet de conduir i vehicle propi.<\/li>\n<\/ul>\n<p>Es valorar\u00e0:<\/p>\n<ul>\n<li>Titulaci\u00f3 universit\u00e0ria en el camp de l\u2019educaci\u00f3 i\/o social o en proc\u00e9s d&#8217;obtenir-la.<\/li>\n<li>T\u00edtol de Director\/a d\u2019entitats de lleure infantil i juvenil.<\/li>\n<li>Experi\u00e8ncia com a responsable d&#8217;esplai.<\/li>\n<li>Experi\u00e8ncia en les funcions descrites.<\/li>\n<li>Coneixement d\u2019idiomes.<\/li>\n<\/ul>\n<p>Condicions laborals:<\/p>\n<ul>\n<li>Contracte de 20 hores setmanals. Sou segons l\u2019escala salarial de l\u2019entitat (793,76 \u20ac bruts\/mes).<\/li>\n<li>Incorporaci\u00f3 el 11\/12\/14.<\/li>\n<li>Duraci\u00f3 del contracte 6 mesos.<\/li>\n<li>Lloc de treball habitual: Barcelona.<\/li>\n<li>Jornada habitual: de 9 a 14h de dilluns a dijous.<\/li>\n<\/ul>\n<p>Tot esperant rebre les vostres sol\u00b7licituds, rebeu una molt cordial salutaci\u00f3.<!--:--><!--:es-->&nbsp;<\/p>\n<p><!--:--><!--:en-->&nbsp;<\/p>\n<p><!--:--><!--:fr-->&nbsp;<\/p>\n<p><!--:--><\/p>\n","protected":false},"excerpt":{"rendered":"<p>Volem comunicar-vos que hem obert un termini per a la [&hellip;]<\/p>\n","protected":false},"author":3,"featured_media":25600,"comment_status":"closed","ping_status":"open","sticky":false,"template":"","format":"standard","meta":{"om_disable_all_campaigns":false,"_monsterinsights_skip_tracking":false,"_monsterinsights_sitenote_active":false,"_monsterinsights_sitenote_note":"","_monsterinsights_sitenote_category":0,"_uf_show_specific_survey":0,"_uf_disable_surveys":false,"footnotes":""},"categories":[1116],"tags":[297,299,306,330,250,389],"class_list":["post-25685","post","type-post","status-publish","format-standard","has-post-thumbnail","hentry","category-secretaria-esplac","tag-convocatories-de-feina","tag-esplaiada","tag-feina","tag-oferta-feina","tag-secretaria-tecnica","tag-tecnic"],"yoast_head":"<!-- This site is optimized with the Yoast SEO plugin v27.4 - https:\/\/yoast.com\/product\/yoast-seo-wordpress\/ -->\n<title>Pla\u00e7a de T\u00e8cnic\/a de l&#039;Escola d&#039;Esplac i l&#039;Esplaiada del 2015 - Esplac<\/title>\n<meta name=\"robots\" content=\"index, follow, max-snippet:-1, max-image-preview:large, max-video-preview:-1\" \/>\n<link rel=\"canonical\" href=\"https:\/\/www.esplac.cat\/es\/placa-tecnic-de-escola-esplac-i-esplaiada-2015\/\" \/>\n<meta property=\"og:locale\" content=\"es_ES\" \/>\n<meta property=\"og:type\" content=\"article\" \/>\n<meta property=\"og:title\" content=\"Pla\u00e7a de T\u00e8cnic\/a de l&#039;Escola d&#039;Esplac i l&#039;Esplaiada del 2015 - Esplac\" \/>\n<meta property=\"og:description\" content=\"Volem comunicar-vos que hem obert un termini per a la [&hellip;]\" \/>\n<meta property=\"og:url\" content=\"https:\/\/www.esplac.cat\/es\/placa-tecnic-de-escola-esplac-i-esplaiada-2015\/\" \/>\n<meta property=\"og:site_name\" content=\"Esplac\" \/>\n<meta property=\"article:published_time\" content=\"2014-11-21T11:41:27+00:00\" \/>\n<meta property=\"og:image\" content=\"https:\/\/www.esplac.cat\/wp-content\/uploads\/2012\/10\/curs_monitors_escola_sol-e1351092774841.jpeg\" \/>\n\t<meta property=\"og:image:width\" content=\"719\" \/>\n\t<meta property=\"og:image:height\" content=\"336\" \/>\n\t<meta property=\"og:image:type\" content=\"image\/jpeg\" \/>\n<meta name=\"author\" content=\"Comunicaci\u00f3 Esplac\" \/>\n<meta name=\"twitter:card\" content=\"summary_large_image\" \/>\n<meta name=\"twitter:label1\" content=\"Escrito por\" \/>\n\t<meta name=\"twitter:data1\" content=\"Comunicaci\u00f3 Esplac\" \/>\n\t<meta name=\"twitter:label2\" content=\"Tiempo de lectura\" \/>\n\t<meta name=\"twitter:data2\" content=\"3 minutos\" \/>\n<script type=\"application\/ld+json\" class=\"yoast-schema-graph\">{\"@context\":\"https:\\\/\\\/schema.org\",\"@graph\":[{\"@type\":\"Article\",\"@id\":\"https:\\\/\\\/www.esplac.cat\\\/es\\\/placa-tecnic-de-escola-esplac-i-esplaiada-2015\\\/#article\",\"isPartOf\":{\"@id\":\"https:\\\/\\\/www.esplac.cat\\\/es\\\/placa-tecnic-de-escola-esplac-i-esplaiada-2015\\\/\"},\"author\":{\"name\":\"Comunicaci\u00f3 Esplac\",\"@id\":\"https:\\\/\\\/www.esplac.cat\\\/#\\\/schema\\\/person\\\/908383cf240be18b68f8855d0583faca\"},\"headline\":\"Pla\u00e7a de T\u00e8cnic\\\/a de l&#8217;Escola d&#8217;Esplac i l&#8217;Esplaiada del 2015\",\"datePublished\":\"2014-11-21T11:41:27+00:00\",\"mainEntityOfPage\":{\"@id\":\"https:\\\/\\\/www.esplac.cat\\\/es\\\/placa-tecnic-de-escola-esplac-i-esplaiada-2015\\\/\"},\"wordCount\":646,\"publisher\":{\"@id\":\"https:\\\/\\\/www.esplac.cat\\\/#organization\"},\"image\":{\"@id\":\"https:\\\/\\\/www.esplac.cat\\\/es\\\/placa-tecnic-de-escola-esplac-i-esplaiada-2015\\\/#primaryimage\"},\"thumbnailUrl\":\"https:\\\/\\\/www.esplac.cat\\\/wp-content\\\/uploads\\\/2012\\\/10\\\/curs_monitors_escola_sol-e1351092774841.jpeg\",\"keywords\":[\"convocat\u00f2ries de feina\",\"esplaiada\",\"feina\",\"oferta feina\",\"secretaria t\u00e8cnica\",\"t\u00e8cnic\"],\"articleSection\":[\"Secretaria T\u00e8cnica\"],\"inLanguage\":\"es\"},{\"@type\":\"WebPage\",\"@id\":\"https:\\\/\\\/www.esplac.cat\\\/es\\\/placa-tecnic-de-escola-esplac-i-esplaiada-2015\\\/\",\"url\":\"https:\\\/\\\/www.esplac.cat\\\/es\\\/placa-tecnic-de-escola-esplac-i-esplaiada-2015\\\/\",\"name\":\"Pla\u00e7a de T\u00e8cnic\\\/a de l'Escola d'Esplac i l'Esplaiada del 2015 - Esplac\",\"isPartOf\":{\"@id\":\"https:\\\/\\\/www.esplac.cat\\\/#website\"},\"primaryImageOfPage\":{\"@id\":\"https:\\\/\\\/www.esplac.cat\\\/es\\\/placa-tecnic-de-escola-esplac-i-esplaiada-2015\\\/#primaryimage\"},\"image\":{\"@id\":\"https:\\\/\\\/www.esplac.cat\\\/es\\\/placa-tecnic-de-escola-esplac-i-esplaiada-2015\\\/#primaryimage\"},\"thumbnailUrl\":\"https:\\\/\\\/www.esplac.cat\\\/wp-content\\\/uploads\\\/2012\\\/10\\\/curs_monitors_escola_sol-e1351092774841.jpeg\",\"datePublished\":\"2014-11-21T11:41:27+00:00\",\"breadcrumb\":{\"@id\":\"https:\\\/\\\/www.esplac.cat\\\/es\\\/placa-tecnic-de-escola-esplac-i-esplaiada-2015\\\/#breadcrumb\"},\"inLanguage\":\"es\",\"potentialAction\":[{\"@type\":\"ReadAction\",\"target\":[\"https:\\\/\\\/www.esplac.cat\\\/es\\\/placa-tecnic-de-escola-esplac-i-esplaiada-2015\\\/\"]}]},{\"@type\":\"ImageObject\",\"inLanguage\":\"es\",\"@id\":\"https:\\\/\\\/www.esplac.cat\\\/es\\\/placa-tecnic-de-escola-esplac-i-esplaiada-2015\\\/#primaryimage\",\"url\":\"https:\\\/\\\/www.esplac.cat\\\/wp-content\\\/uploads\\\/2012\\\/10\\\/curs_monitors_escola_sol-e1351092774841.jpeg\",\"contentUrl\":\"https:\\\/\\\/www.esplac.cat\\\/wp-content\\\/uploads\\\/2012\\\/10\\\/curs_monitors_escola_sol-e1351092774841.jpeg\",\"width\":719,\"height\":336},{\"@type\":\"BreadcrumbList\",\"@id\":\"https:\\\/\\\/www.esplac.cat\\\/es\\\/placa-tecnic-de-escola-esplac-i-esplaiada-2015\\\/#breadcrumb\",\"itemListElement\":[{\"@type\":\"ListItem\",\"position\":1,\"name\":\"Inici\",\"item\":\"https:\\\/\\\/www.esplac.cat\\\/es\\\/\"},{\"@type\":\"ListItem\",\"position\":2,\"name\":\"Pla\u00e7a de T\u00e8cnic\\\/a de l&#8217;Escola d&#8217;Esplac i l&#8217;Esplaiada del 2015\"}]},{\"@type\":\"WebSite\",\"@id\":\"https:\\\/\\\/www.esplac.cat\\\/#website\",\"url\":\"https:\\\/\\\/www.esplac.cat\\\/\",\"name\":\"Esplac\",\"description\":\"Esplais Catalans\",\"publisher\":{\"@id\":\"https:\\\/\\\/www.esplac.cat\\\/#organization\"},\"potentialAction\":[{\"@type\":\"SearchAction\",\"target\":{\"@type\":\"EntryPoint\",\"urlTemplate\":\"https:\\\/\\\/www.esplac.cat\\\/?s={search_term_string}\"},\"query-input\":{\"@type\":\"PropertyValueSpecification\",\"valueRequired\":true,\"valueName\":\"search_term_string\"}}],\"inLanguage\":\"es\"},{\"@type\":\"Organization\",\"@id\":\"https:\\\/\\\/www.esplac.cat\\\/#organization\",\"name\":\"Esplac\",\"url\":\"https:\\\/\\\/www.esplac.cat\\\/\",\"logo\":{\"@type\":\"ImageObject\",\"inLanguage\":\"es\",\"@id\":\"https:\\\/\\\/www.esplac.cat\\\/#\\\/schema\\\/logo\\\/image\\\/\",\"url\":\"https:\\\/\\\/www.esplac.cat\\\/wp-content\\\/uploads\\\/2019\\\/08\\\/logox2.png\",\"contentUrl\":\"https:\\\/\\\/www.esplac.cat\\\/wp-content\\\/uploads\\\/2019\\\/08\\\/logox2.png\",\"width\":600,\"height\":295,\"caption\":\"Esplac\"},\"image\":{\"@id\":\"https:\\\/\\\/www.esplac.cat\\\/#\\\/schema\\\/logo\\\/image\\\/\"}},{\"@type\":\"Person\",\"@id\":\"https:\\\/\\\/www.esplac.cat\\\/#\\\/schema\\\/person\\\/908383cf240be18b68f8855d0583faca\",\"name\":\"Comunicaci\u00f3 Esplac\",\"image\":{\"@type\":\"ImageObject\",\"inLanguage\":\"es\",\"@id\":\"https:\\\/\\\/secure.gravatar.com\\\/avatar\\\/7a4cf8feb412a76ea4a740ca02d95b06b2907b5a6c648c2dd0a1082a093c3141?s=96&d=mm&r=g\",\"url\":\"https:\\\/\\\/secure.gravatar.com\\\/avatar\\\/7a4cf8feb412a76ea4a740ca02d95b06b2907b5a6c648c2dd0a1082a093c3141?s=96&d=mm&r=g\",\"contentUrl\":\"https:\\\/\\\/secure.gravatar.com\\\/avatar\\\/7a4cf8feb412a76ea4a740ca02d95b06b2907b5a6c648c2dd0a1082a093c3141?s=96&d=mm&r=g\",\"caption\":\"Comunicaci\u00f3 Esplac\"}}]}<\/script>\n<!-- \/ Yoast SEO plugin. -->","yoast_head_json":{"title":"Pla\u00e7a de T\u00e8cnic\/a de l'Escola d'Esplac i l'Esplaiada del 2015 - Esplac","robots":{"index":"index","follow":"follow","max-snippet":"max-snippet:-1","max-image-preview":"max-image-preview:large","max-video-preview":"max-video-preview:-1"},"canonical":"https:\/\/www.esplac.cat\/es\/placa-tecnic-de-escola-esplac-i-esplaiada-2015\/","og_locale":"es_ES","og_type":"article","og_title":"Pla\u00e7a de T\u00e8cnic\/a de l'Escola d'Esplac i l'Esplaiada del 2015 - Esplac","og_description":"Volem comunicar-vos que hem obert un termini per a la [&hellip;]","og_url":"https:\/\/www.esplac.cat\/es\/placa-tecnic-de-escola-esplac-i-esplaiada-2015\/","og_site_name":"Esplac","article_published_time":"2014-11-21T11:41:27+00:00","og_image":[{"width":719,"height":336,"url":"https:\/\/www.esplac.cat\/wp-content\/uploads\/2012\/10\/curs_monitors_escola_sol-e1351092774841.jpeg","type":"image\/jpeg"}],"author":"Comunicaci\u00f3 Esplac","twitter_card":"summary_large_image","twitter_misc":{"Escrito por":"Comunicaci\u00f3 Esplac","Tiempo de lectura":"3 minutos"},"schema":{"@context":"https:\/\/schema.org","@graph":[{"@type":"Article","@id":"https:\/\/www.esplac.cat\/es\/placa-tecnic-de-escola-esplac-i-esplaiada-2015\/#article","isPartOf":{"@id":"https:\/\/www.esplac.cat\/es\/placa-tecnic-de-escola-esplac-i-esplaiada-2015\/"},"author":{"name":"Comunicaci\u00f3 Esplac","@id":"https:\/\/www.esplac.cat\/#\/schema\/person\/908383cf240be18b68f8855d0583faca"},"headline":"Pla\u00e7a de T\u00e8cnic\/a de l&#8217;Escola d&#8217;Esplac i l&#8217;Esplaiada del 2015","datePublished":"2014-11-21T11:41:27+00:00","mainEntityOfPage":{"@id":"https:\/\/www.esplac.cat\/es\/placa-tecnic-de-escola-esplac-i-esplaiada-2015\/"},"wordCount":646,"publisher":{"@id":"https:\/\/www.esplac.cat\/#organization"},"image":{"@id":"https:\/\/www.esplac.cat\/es\/placa-tecnic-de-escola-esplac-i-esplaiada-2015\/#primaryimage"},"thumbnailUrl":"https:\/\/www.esplac.cat\/wp-content\/uploads\/2012\/10\/curs_monitors_escola_sol-e1351092774841.jpeg","keywords":["convocat\u00f2ries de feina","esplaiada","feina","oferta feina","secretaria t\u00e8cnica","t\u00e8cnic"],"articleSection":["Secretaria T\u00e8cnica"],"inLanguage":"es"},{"@type":"WebPage","@id":"https:\/\/www.esplac.cat\/es\/placa-tecnic-de-escola-esplac-i-esplaiada-2015\/","url":"https:\/\/www.esplac.cat\/es\/placa-tecnic-de-escola-esplac-i-esplaiada-2015\/","name":"Pla\u00e7a de T\u00e8cnic\/a de l'Escola d'Esplac i l'Esplaiada del 2015 - Esplac","isPartOf":{"@id":"https:\/\/www.esplac.cat\/#website"},"primaryImageOfPage":{"@id":"https:\/\/www.esplac.cat\/es\/placa-tecnic-de-escola-esplac-i-esplaiada-2015\/#primaryimage"},"image":{"@id":"https:\/\/www.esplac.cat\/es\/placa-tecnic-de-escola-esplac-i-esplaiada-2015\/#primaryimage"},"thumbnailUrl":"https:\/\/www.esplac.cat\/wp-content\/uploads\/2012\/10\/curs_monitors_escola_sol-e1351092774841.jpeg","datePublished":"2014-11-21T11:41:27+00:00","breadcrumb":{"@id":"https:\/\/www.esplac.cat\/es\/placa-tecnic-de-escola-esplac-i-esplaiada-2015\/#breadcrumb"},"inLanguage":"es","potentialAction":[{"@type":"ReadAction","target":["https:\/\/www.esplac.cat\/es\/placa-tecnic-de-escola-esplac-i-esplaiada-2015\/"]}]},{"@type":"ImageObject","inLanguage":"es","@id":"https:\/\/www.esplac.cat\/es\/placa-tecnic-de-escola-esplac-i-esplaiada-2015\/#primaryimage","url":"https:\/\/www.esplac.cat\/wp-content\/uploads\/2012\/10\/curs_monitors_escola_sol-e1351092774841.jpeg","contentUrl":"https:\/\/www.esplac.cat\/wp-content\/uploads\/2012\/10\/curs_monitors_escola_sol-e1351092774841.jpeg","width":719,"height":336},{"@type":"BreadcrumbList","@id":"https:\/\/www.esplac.cat\/es\/placa-tecnic-de-escola-esplac-i-esplaiada-2015\/#breadcrumb","itemListElement":[{"@type":"ListItem","position":1,"name":"Inici","item":"https:\/\/www.esplac.cat\/es\/"},{"@type":"ListItem","position":2,"name":"Pla\u00e7a de T\u00e8cnic\/a de l&#8217;Escola d&#8217;Esplac i l&#8217;Esplaiada del 2015"}]},{"@type":"WebSite","@id":"https:\/\/www.esplac.cat\/#website","url":"https:\/\/www.esplac.cat\/","name":"Esplac","description":"Esplais Catalans","publisher":{"@id":"https:\/\/www.esplac.cat\/#organization"},"potentialAction":[{"@type":"SearchAction","target":{"@type":"EntryPoint","urlTemplate":"https:\/\/www.esplac.cat\/?s={search_term_string}"},"query-input":{"@type":"PropertyValueSpecification","valueRequired":true,"valueName":"search_term_string"}}],"inLanguage":"es"},{"@type":"Organization","@id":"https:\/\/www.esplac.cat\/#organization","name":"Esplac","url":"https:\/\/www.esplac.cat\/","logo":{"@type":"ImageObject","inLanguage":"es","@id":"https:\/\/www.esplac.cat\/#\/schema\/logo\/image\/","url":"https:\/\/www.esplac.cat\/wp-content\/uploads\/2019\/08\/logox2.png","contentUrl":"https:\/\/www.esplac.cat\/wp-content\/uploads\/2019\/08\/logox2.png","width":600,"height":295,"caption":"Esplac"},"image":{"@id":"https:\/\/www.esplac.cat\/#\/schema\/logo\/image\/"}},{"@type":"Person","@id":"https:\/\/www.esplac.cat\/#\/schema\/person\/908383cf240be18b68f8855d0583faca","name":"Comunicaci\u00f3 Esplac","image":{"@type":"ImageObject","inLanguage":"es","@id":"https:\/\/secure.gravatar.com\/avatar\/7a4cf8feb412a76ea4a740ca02d95b06b2907b5a6c648c2dd0a1082a093c3141?s=96&d=mm&r=g","url":"https:\/\/secure.gravatar.com\/avatar\/7a4cf8feb412a76ea4a740ca02d95b06b2907b5a6c648c2dd0a1082a093c3141?s=96&d=mm&r=g","contentUrl":"https:\/\/secure.gravatar.com\/avatar\/7a4cf8feb412a76ea4a740ca02d95b06b2907b5a6c648c2dd0a1082a093c3141?s=96&d=mm&r=g","caption":"Comunicaci\u00f3 Esplac"}}]}},"_links":{"self":[{"href":"https:\/\/www.esplac.cat\/es\/wp-json\/wp\/v2\/posts\/25685","targetHints":{"allow":["GET"]}}],"collection":[{"href":"https:\/\/www.esplac.cat\/es\/wp-json\/wp\/v2\/posts"}],"about":[{"href":"https:\/\/www.esplac.cat\/es\/wp-json\/wp\/v2\/types\/post"}],"author":[{"embeddable":true,"href":"https:\/\/www.esplac.cat\/es\/wp-json\/wp\/v2\/users\/3"}],"replies":[{"embeddable":true,"href":"https:\/\/www.esplac.cat\/es\/wp-json\/wp\/v2\/comments?post=25685"}],"version-history":[{"count":0,"href":"https:\/\/www.esplac.cat\/es\/wp-json\/wp\/v2\/posts\/25685\/revisions"}],"wp:featuredmedia":[{"embeddable":true,"href":"https:\/\/www.esplac.cat\/es\/wp-json\/wp\/v2\/media\/25600"}],"wp:attachment":[{"href":"https:\/\/www.esplac.cat\/es\/wp-json\/wp\/v2\/media?parent=25685"}],"wp:term":[{"taxonomy":"category","embeddable":true,"href":"https:\/\/www.esplac.cat\/es\/wp-json\/wp\/v2\/categories?post=25685"},{"taxonomy":"post_tag","embeddable":true,"href":"https:\/\/www.esplac.cat\/es\/wp-json\/wp\/v2\/tags?post=25685"}],"curies":[{"name":"wp","href":"https:\/\/api.w.org\/{rel}","templated":true}]}}