{"id":25691,"date":"2014-11-14T23:07:23","date_gmt":"2014-11-14T21:07:23","guid":{"rendered":"http:\/\/esplac.cat\/?p=5778"},"modified":"2014-11-14T23:07:23","modified_gmt":"2014-11-14T21:07:23","slug":"esplais-catalans-rebutgem-que-el-feixisme-i-el-racisme-entrin-a-espais-educatius","status":"publish","type":"post","link":"https:\/\/www.esplac.cat\/es\/esplais-catalans-rebutgem-que-el-feixisme-i-el-racisme-entrin-a-espais-educatius\/","title":{"rendered":"Esplais Catalans rebutgem que el feixisme i el racisme entrin a espais educatius"},"content":{"rendered":"<p><!--:CA--><\/p>\n<div>Esplais Catalans som una associaci\u00f3 educativa d\u2019infants i joves per la llibertat de pensament i l\u2019acci\u00f3 de la ciutadania, especialment, amb els Drets Humans i dels Infants com a marc de refer\u00e8ncia. Tenim com objectiu promoure la transformaci\u00f3 social a trav\u00e9s d\u2019una educaci\u00f3 integral i alliberadora educant en valors i, per tant,<a href=\"http:\/\/esplac.cat\/wp-content\/uploads\/2013\/10\/resolucio_combat_feixisme.pdf\" target=\"_blank\" rel=\"noopener noreferrer\"> hem de combatre des dels esplais totes aquelles actituds violentes, hom\u00f2fobes, racistes o sexistes<\/a>.<\/div>\n<div><\/div>\n<div>Recentment hem sabut que les joventuts de Plataforma per Catalunya faran una trobada a la casa de col\u00f2nies La Censada, a Santa Margarida de Montbui, i des d&#8217;Esplais Catalans manifestem el nostre rebuig frontal a l&#8217;\u00fas d&#8217;un espai educatiu com s\u00f3n les cases de col\u00f2nies de la Xarxa Catalana d&#8217;Instal\u00b7lacions Juvenils. Segons la pr\u00f2pia definici\u00f3 de la Generalitat de Catalunya, les cases de col\u00f2nies s\u00f3n \u00abinstal\u00b7lacions destinades principalment a donar allotjament a grups d&#8217;infants o de joves que participen en activitats educatives en el temps lliure, culturals i de lleure\u00bb.<\/div>\n<div><\/div>\n<div><strong>Des d&#8217;Esplais Catalans ens sumem a la demanda de la\u00a0<a href=\"http:\/\/www.fceg.cat\/la-fceg-rebutja-lus-de-la-instal%C2%B7lacio-juvenil-la-censada-per-acollir-una-trobada-on-es-difondran-idees-neofeixistes-i-racistes\/\" target=\"_blank\" rel=\"noopener noreferrer\">Federaci\u00f3 Catalana d&#8217;Escoltisme i Guiatge<\/a>\u00a0i emplacem als poders p\u00fablics a actuar en conseq\u00fc\u00e8ncia i no permetin aquesta trobada de joves feixistes.<\/strong> Aix\u00ed mateix, tamb\u00e9 ens sumem al boicot\u00a0d\u2019aquelles instal\u00b7lacions que acullin activitats que pretenen fomentar la xenofobia i el racisme.<\/div>\n<p><!--:--><!--:es-->&nbsp;<\/p>\n<p><!--:--><!--:en-->&nbsp;<\/p>\n<p><!--:--><!--:fr-->&nbsp;<\/p>\n<p><!--:--><\/p>\n","protected":false},"excerpt":{"rendered":"<p>Esplais Catalans som una associaci\u00f3 educativa d\u2019infants i joves per [&hellip;]<\/p>\n","protected":false},"author":3,"featured_media":0,"comment_status":"open","ping_status":"open","sticky":false,"template":"","format":"standard","meta":{"om_disable_all_campaigns":false,"_monsterinsights_skip_tracking":false,"_monsterinsights_sitenote_active":false,"_monsterinsights_sitenote_note":"","_monsterinsights_sitenote_category":0,"_uf_show_specific_survey":0,"_uf_disable_surveys":false,"footnotes":""},"categories":[1127],"tags":[186,92,336,378,315,379,134],"class_list":["post-25691","post","type-post","status-publish","format-standard","hentry","category-comunicats-posicionaments","tag-drets-infants","tag-educacio","tag-esplac","tag-feixisme","tag-interculturalitat","tag-racisme","tag-transformacio-social"],"yoast_head":"<!-- This site is optimized with the Yoast SEO plugin v27.4 - https:\/\/yoast.com\/product\/yoast-seo-wordpress\/ -->\n<title>Esplais Catalans rebutgem que el feixisme i el racisme entrin a espais educatius - Esplac<\/title>\n<meta name=\"robots\" content=\"index, follow, max-snippet:-1, max-image-preview:large, max-video-preview:-1\" \/>\n<link rel=\"canonical\" href=\"https:\/\/www.esplac.cat\/esplais-catalans-rebutgem-que-el-feixisme-i-el-racisme-entrin-a-espais-educatius\/\" \/>\n<meta property=\"og:locale\" content=\"es_ES\" \/>\n<meta property=\"og:type\" content=\"article\" \/>\n<meta property=\"og:title\" content=\"Esplais Catalans rebutgem que el feixisme i el racisme entrin a espais educatius - Esplac\" \/>\n<meta property=\"og:description\" content=\"Esplais Catalans som una associaci\u00f3 educativa d\u2019infants i joves per [&hellip;]\" \/>\n<meta property=\"og:url\" content=\"https:\/\/www.esplac.cat\/esplais-catalans-rebutgem-que-el-feixisme-i-el-racisme-entrin-a-espais-educatius\/\" \/>\n<meta property=\"og:site_name\" content=\"Esplac\" \/>\n<meta property=\"article:published_time\" content=\"2014-11-14T21:07:23+00:00\" \/>\n<meta property=\"og:image\" content=\"https:\/\/www.esplac.cat\/wp-content\/uploads\/2019\/11\/logo-open.jpg\" \/>\n\t<meta property=\"og:image:width\" content=\"1200\" \/>\n\t<meta property=\"og:image:height\" content=\"630\" \/>\n\t<meta property=\"og:image:type\" content=\"image\/jpeg\" \/>\n<meta name=\"author\" content=\"Comunicaci\u00f3 Esplac\" \/>\n<meta name=\"twitter:card\" content=\"summary_large_image\" \/>\n<meta name=\"twitter:label1\" content=\"Escrito por\" \/>\n\t<meta name=\"twitter:data1\" content=\"Comunicaci\u00f3 Esplac\" \/>\n\t<meta name=\"twitter:label2\" content=\"Tiempo de lectura\" \/>\n\t<meta name=\"twitter:data2\" content=\"1 minuto\" \/>\n<script type=\"application\/ld+json\" class=\"yoast-schema-graph\">{\"@context\":\"https:\\\/\\\/schema.org\",\"@graph\":[{\"@type\":\"Article\",\"@id\":\"https:\\\/\\\/www.esplac.cat\\\/esplais-catalans-rebutgem-que-el-feixisme-i-el-racisme-entrin-a-espais-educatius\\\/#article\",\"isPartOf\":{\"@id\":\"https:\\\/\\\/www.esplac.cat\\\/esplais-catalans-rebutgem-que-el-feixisme-i-el-racisme-entrin-a-espais-educatius\\\/\"},\"author\":{\"name\":\"Comunicaci\u00f3 Esplac\",\"@id\":\"https:\\\/\\\/www.esplac.cat\\\/#\\\/schema\\\/person\\\/908383cf240be18b68f8855d0583faca\"},\"headline\":\"Esplais Catalans rebutgem que el feixisme i el racisme entrin a espais educatius\",\"datePublished\":\"2014-11-14T21:07:23+00:00\",\"mainEntityOfPage\":{\"@id\":\"https:\\\/\\\/www.esplac.cat\\\/esplais-catalans-rebutgem-que-el-feixisme-i-el-racisme-entrin-a-espais-educatius\\\/\"},\"wordCount\":249,\"commentCount\":0,\"publisher\":{\"@id\":\"https:\\\/\\\/www.esplac.cat\\\/#organization\"},\"keywords\":[\"drets infants\",\"educaci\u00f3\",\"Esplac\",\"feixisme\",\"interculturalitat\",\"racisme\",\"transformaci\u00f3 social\"],\"articleSection\":[\"Comunicats i posicionaments\"],\"inLanguage\":\"es\",\"potentialAction\":[{\"@type\":\"CommentAction\",\"name\":\"Comment\",\"target\":[\"https:\\\/\\\/www.esplac.cat\\\/esplais-catalans-rebutgem-que-el-feixisme-i-el-racisme-entrin-a-espais-educatius\\\/#respond\"]}]},{\"@type\":\"WebPage\",\"@id\":\"https:\\\/\\\/www.esplac.cat\\\/esplais-catalans-rebutgem-que-el-feixisme-i-el-racisme-entrin-a-espais-educatius\\\/\",\"url\":\"https:\\\/\\\/www.esplac.cat\\\/esplais-catalans-rebutgem-que-el-feixisme-i-el-racisme-entrin-a-espais-educatius\\\/\",\"name\":\"Esplais Catalans rebutgem que el feixisme i el racisme entrin a espais educatius - Esplac\",\"isPartOf\":{\"@id\":\"https:\\\/\\\/www.esplac.cat\\\/#website\"},\"datePublished\":\"2014-11-14T21:07:23+00:00\",\"breadcrumb\":{\"@id\":\"https:\\\/\\\/www.esplac.cat\\\/esplais-catalans-rebutgem-que-el-feixisme-i-el-racisme-entrin-a-espais-educatius\\\/#breadcrumb\"},\"inLanguage\":\"es\",\"potentialAction\":[{\"@type\":\"ReadAction\",\"target\":[\"https:\\\/\\\/www.esplac.cat\\\/esplais-catalans-rebutgem-que-el-feixisme-i-el-racisme-entrin-a-espais-educatius\\\/\"]}]},{\"@type\":\"BreadcrumbList\",\"@id\":\"https:\\\/\\\/www.esplac.cat\\\/esplais-catalans-rebutgem-que-el-feixisme-i-el-racisme-entrin-a-espais-educatius\\\/#breadcrumb\",\"itemListElement\":[{\"@type\":\"ListItem\",\"position\":1,\"name\":\"Inici\",\"item\":\"https:\\\/\\\/www.esplac.cat\\\/es\\\/\"},{\"@type\":\"ListItem\",\"position\":2,\"name\":\"Esplais Catalans rebutgem que el feixisme i el racisme entrin a espais educatius\"}]},{\"@type\":\"WebSite\",\"@id\":\"https:\\\/\\\/www.esplac.cat\\\/#website\",\"url\":\"https:\\\/\\\/www.esplac.cat\\\/\",\"name\":\"Esplac\",\"description\":\"Esplais Catalans\",\"publisher\":{\"@id\":\"https:\\\/\\\/www.esplac.cat\\\/#organization\"},\"potentialAction\":[{\"@type\":\"SearchAction\",\"target\":{\"@type\":\"EntryPoint\",\"urlTemplate\":\"https:\\\/\\\/www.esplac.cat\\\/?s={search_term_string}\"},\"query-input\":{\"@type\":\"PropertyValueSpecification\",\"valueRequired\":true,\"valueName\":\"search_term_string\"}}],\"inLanguage\":\"es\"},{\"@type\":\"Organization\",\"@id\":\"https:\\\/\\\/www.esplac.cat\\\/#organization\",\"name\":\"Esplac\",\"url\":\"https:\\\/\\\/www.esplac.cat\\\/\",\"logo\":{\"@type\":\"ImageObject\",\"inLanguage\":\"es\",\"@id\":\"https:\\\/\\\/www.esplac.cat\\\/#\\\/schema\\\/logo\\\/image\\\/\",\"url\":\"https:\\\/\\\/www.esplac.cat\\\/wp-content\\\/uploads\\\/2019\\\/08\\\/logox2.png\",\"contentUrl\":\"https:\\\/\\\/www.esplac.cat\\\/wp-content\\\/uploads\\\/2019\\\/08\\\/logox2.png\",\"width\":600,\"height\":295,\"caption\":\"Esplac\"},\"image\":{\"@id\":\"https:\\\/\\\/www.esplac.cat\\\/#\\\/schema\\\/logo\\\/image\\\/\"}},{\"@type\":\"Person\",\"@id\":\"https:\\\/\\\/www.esplac.cat\\\/#\\\/schema\\\/person\\\/908383cf240be18b68f8855d0583faca\",\"name\":\"Comunicaci\u00f3 Esplac\",\"image\":{\"@type\":\"ImageObject\",\"inLanguage\":\"es\",\"@id\":\"https:\\\/\\\/secure.gravatar.com\\\/avatar\\\/7a4cf8feb412a76ea4a740ca02d95b06b2907b5a6c648c2dd0a1082a093c3141?s=96&d=mm&r=g\",\"url\":\"https:\\\/\\\/secure.gravatar.com\\\/avatar\\\/7a4cf8feb412a76ea4a740ca02d95b06b2907b5a6c648c2dd0a1082a093c3141?s=96&d=mm&r=g\",\"contentUrl\":\"https:\\\/\\\/secure.gravatar.com\\\/avatar\\\/7a4cf8feb412a76ea4a740ca02d95b06b2907b5a6c648c2dd0a1082a093c3141?s=96&d=mm&r=g\",\"caption\":\"Comunicaci\u00f3 Esplac\"}}]}<\/script>\n<!-- \/ Yoast SEO plugin. -->","yoast_head_json":{"title":"Esplais Catalans rebutgem que el feixisme i el racisme entrin a espais educatius - Esplac","robots":{"index":"index","follow":"follow","max-snippet":"max-snippet:-1","max-image-preview":"max-image-preview:large","max-video-preview":"max-video-preview:-1"},"canonical":"https:\/\/www.esplac.cat\/esplais-catalans-rebutgem-que-el-feixisme-i-el-racisme-entrin-a-espais-educatius\/","og_locale":"es_ES","og_type":"article","og_title":"Esplais Catalans rebutgem que el feixisme i el racisme entrin a espais educatius - Esplac","og_description":"Esplais Catalans som una associaci\u00f3 educativa d\u2019infants i joves per [&hellip;]","og_url":"https:\/\/www.esplac.cat\/esplais-catalans-rebutgem-que-el-feixisme-i-el-racisme-entrin-a-espais-educatius\/","og_site_name":"Esplac","article_published_time":"2014-11-14T21:07:23+00:00","og_image":[{"width":1200,"height":630,"url":"https:\/\/www.esplac.cat\/wp-content\/uploads\/2019\/11\/logo-open.jpg","type":"image\/jpeg"}],"author":"Comunicaci\u00f3 Esplac","twitter_card":"summary_large_image","twitter_misc":{"Escrito por":"Comunicaci\u00f3 Esplac","Tiempo de lectura":"1 minuto"},"schema":{"@context":"https:\/\/schema.org","@graph":[{"@type":"Article","@id":"https:\/\/www.esplac.cat\/esplais-catalans-rebutgem-que-el-feixisme-i-el-racisme-entrin-a-espais-educatius\/#article","isPartOf":{"@id":"https:\/\/www.esplac.cat\/esplais-catalans-rebutgem-que-el-feixisme-i-el-racisme-entrin-a-espais-educatius\/"},"author":{"name":"Comunicaci\u00f3 Esplac","@id":"https:\/\/www.esplac.cat\/#\/schema\/person\/908383cf240be18b68f8855d0583faca"},"headline":"Esplais Catalans rebutgem que el feixisme i el racisme entrin a espais educatius","datePublished":"2014-11-14T21:07:23+00:00","mainEntityOfPage":{"@id":"https:\/\/www.esplac.cat\/esplais-catalans-rebutgem-que-el-feixisme-i-el-racisme-entrin-a-espais-educatius\/"},"wordCount":249,"commentCount":0,"publisher":{"@id":"https:\/\/www.esplac.cat\/#organization"},"keywords":["drets infants","educaci\u00f3","Esplac","feixisme","interculturalitat","racisme","transformaci\u00f3 social"],"articleSection":["Comunicats i posicionaments"],"inLanguage":"es","potentialAction":[{"@type":"CommentAction","name":"Comment","target":["https:\/\/www.esplac.cat\/esplais-catalans-rebutgem-que-el-feixisme-i-el-racisme-entrin-a-espais-educatius\/#respond"]}]},{"@type":"WebPage","@id":"https:\/\/www.esplac.cat\/esplais-catalans-rebutgem-que-el-feixisme-i-el-racisme-entrin-a-espais-educatius\/","url":"https:\/\/www.esplac.cat\/esplais-catalans-rebutgem-que-el-feixisme-i-el-racisme-entrin-a-espais-educatius\/","name":"Esplais Catalans rebutgem que el feixisme i el racisme entrin a espais educatius - Esplac","isPartOf":{"@id":"https:\/\/www.esplac.cat\/#website"},"datePublished":"2014-11-14T21:07:23+00:00","breadcrumb":{"@id":"https:\/\/www.esplac.cat\/esplais-catalans-rebutgem-que-el-feixisme-i-el-racisme-entrin-a-espais-educatius\/#breadcrumb"},"inLanguage":"es","potentialAction":[{"@type":"ReadAction","target":["https:\/\/www.esplac.cat\/esplais-catalans-rebutgem-que-el-feixisme-i-el-racisme-entrin-a-espais-educatius\/"]}]},{"@type":"BreadcrumbList","@id":"https:\/\/www.esplac.cat\/esplais-catalans-rebutgem-que-el-feixisme-i-el-racisme-entrin-a-espais-educatius\/#breadcrumb","itemListElement":[{"@type":"ListItem","position":1,"name":"Inici","item":"https:\/\/www.esplac.cat\/es\/"},{"@type":"ListItem","position":2,"name":"Esplais Catalans rebutgem que el feixisme i el racisme entrin a espais educatius"}]},{"@type":"WebSite","@id":"https:\/\/www.esplac.cat\/#website","url":"https:\/\/www.esplac.cat\/","name":"Esplac","description":"Esplais Catalans","publisher":{"@id":"https:\/\/www.esplac.cat\/#organization"},"potentialAction":[{"@type":"SearchAction","target":{"@type":"EntryPoint","urlTemplate":"https:\/\/www.esplac.cat\/?s={search_term_string}"},"query-input":{"@type":"PropertyValueSpecification","valueRequired":true,"valueName":"search_term_string"}}],"inLanguage":"es"},{"@type":"Organization","@id":"https:\/\/www.esplac.cat\/#organization","name":"Esplac","url":"https:\/\/www.esplac.cat\/","logo":{"@type":"ImageObject","inLanguage":"es","@id":"https:\/\/www.esplac.cat\/#\/schema\/logo\/image\/","url":"https:\/\/www.esplac.cat\/wp-content\/uploads\/2019\/08\/logox2.png","contentUrl":"https:\/\/www.esplac.cat\/wp-content\/uploads\/2019\/08\/logox2.png","width":600,"height":295,"caption":"Esplac"},"image":{"@id":"https:\/\/www.esplac.cat\/#\/schema\/logo\/image\/"}},{"@type":"Person","@id":"https:\/\/www.esplac.cat\/#\/schema\/person\/908383cf240be18b68f8855d0583faca","name":"Comunicaci\u00f3 Esplac","image":{"@type":"ImageObject","inLanguage":"es","@id":"https:\/\/secure.gravatar.com\/avatar\/7a4cf8feb412a76ea4a740ca02d95b06b2907b5a6c648c2dd0a1082a093c3141?s=96&d=mm&r=g","url":"https:\/\/secure.gravatar.com\/avatar\/7a4cf8feb412a76ea4a740ca02d95b06b2907b5a6c648c2dd0a1082a093c3141?s=96&d=mm&r=g","contentUrl":"https:\/\/secure.gravatar.com\/avatar\/7a4cf8feb412a76ea4a740ca02d95b06b2907b5a6c648c2dd0a1082a093c3141?s=96&d=mm&r=g","caption":"Comunicaci\u00f3 Esplac"}}]}},"_links":{"self":[{"href":"https:\/\/www.esplac.cat\/es\/wp-json\/wp\/v2\/posts\/25691","targetHints":{"allow":["GET"]}}],"collection":[{"href":"https:\/\/www.esplac.cat\/es\/wp-json\/wp\/v2\/posts"}],"about":[{"href":"https:\/\/www.esplac.cat\/es\/wp-json\/wp\/v2\/types\/post"}],"author":[{"embeddable":true,"href":"https:\/\/www.esplac.cat\/es\/wp-json\/wp\/v2\/users\/3"}],"replies":[{"embeddable":true,"href":"https:\/\/www.esplac.cat\/es\/wp-json\/wp\/v2\/comments?post=25691"}],"version-history":[{"count":0,"href":"https:\/\/www.esplac.cat\/es\/wp-json\/wp\/v2\/posts\/25691\/revisions"}],"wp:attachment":[{"href":"https:\/\/www.esplac.cat\/es\/wp-json\/wp\/v2\/media?parent=25691"}],"wp:term":[{"taxonomy":"category","embeddable":true,"href":"https:\/\/www.esplac.cat\/es\/wp-json\/wp\/v2\/categories?post=25691"},{"taxonomy":"post_tag","embeddable":true,"href":"https:\/\/www.esplac.cat\/es\/wp-json\/wp\/v2\/tags?post=25691"}],"curies":[{"name":"wp","href":"https:\/\/api.w.org\/{rel}","templated":true}]}}