{"id":25699,"date":"2014-11-03T14:50:05","date_gmt":"2014-11-03T12:50:05","guid":{"rendered":"http:\/\/esplac.cat\/?p=5669"},"modified":"2014-11-03T14:50:05","modified_gmt":"2014-11-03T12:50:05","slug":"el-sector-maresme-comenca-un-curs-carregat-de-canvis-participacio-i-energia","status":"publish","type":"post","link":"https:\/\/www.esplac.cat\/es\/el-sector-maresme-comenca-un-curs-carregat-de-canvis-participacio-i-energia\/","title":{"rendered":"El sector Maresme comen\u00e7a un curs carregat de participaci\u00f3 i energia!"},"content":{"rendered":"<p><!--:CA-->L&#8217;Assemblea del sector Maresme es va dur a terme el passat dissabte 25 d&#8217;octubre a la tarda, a l&#8217;Esplai Garb\u00ed, amb la participaci\u00f3 de 37 monitors i monitores, que van representar els set esplais actius del sector.<\/p>\n<p>En aquest espai, es va aprovar la mem\u00f2ria del curs 2013\/14, tot recordant la valoraci\u00f3 de cada una de les activitats i projectes. Tamb\u00e9 es va escollir un nou Equip General de Sector (EGS): l&#8217;Albert continua i s&#8217;incorporen l&#8217;Andrea, en Jaume, en Marc i la Patri, que van ser escollits per vetllar per l&#8217;energia del sector durant tot el curs. Formalment, es va acomiadar a la Meri i la Jess, que deixen l&#8217;equip per continuar la seva tasca educativa internacionalment, per\u00f2 donaran suport a l&#8217;equip fins que inici\u00efn aquest nou projecte a principis d&#8217;any.<\/p>\n<div id=\"attachment_5675\" style=\"width: 370px\" class=\"wp-caption aligncenter\"><a href=\"http:\/\/esplac.cat\/wp-content\/uploads\/2014\/11\/AGO-Maresme-7.jpg\"><img decoding=\"async\" aria-describedby=\"caption-attachment-5675\" class=\"size-medium wp-image-5675\" title=\"AGO Maresme (7)\" src=\"http:\/\/esplac.cat\/wp-content\/uploads\/2014\/11\/AGO-Maresme-7-360x270.jpg\" alt=\"\" width=\"360\" height=\"270\" \/><\/a><p id=\"caption-attachment-5675\" class=\"wp-caption-text\">L&#8217;EGS del sector Maresme pel proper curs!<\/p><\/div>\n<p>Amb noves aportacions, debats i esmenes, <strong>es va aprovar el Pla de Treball del sector<\/strong> on es recullen els objectius, les accions i projectes que es volen dur a terme aquest nou curs que comen\u00e7a amb molta energia.<\/p>\n<p>Al Maresme estan a punt per tenir les agendes plenes d&#8217;espais de trobada, formaci\u00f3 i projectes; aquest any reafirmant el seu esperit cr\u00edtic i la voluntat de fer que la tasca dels esplais esdevingui un model educatiu reconegut que faciliti la transformaci\u00f3 social i permeti crear xarxes amb diferents entitats i moviments propers del territori.<\/p>\n<p>Es va tancar l&#8217;assemblea amb el recordatori de tota la informaci\u00f3 de l&#8217;AGO d&#8217;Esplac, per\u00f2 els i les monis no van acabar la trobada fins tenir la panxa ben plena compartint experi\u00e8ncies mentre sopaven.<\/p>\n<p><strong>Lliures i tropicals, res no ens atura!<\/strong><!--:--><!--:es-->&nbsp;<\/p>\n<p><!--:--><!--:en-->&nbsp;<\/p>\n<p><!--:--><!--:fr-->&nbsp;<\/p>\n<p><!--:--><\/p>\n","protected":false},"excerpt":{"rendered":"<p>L&#8217;Assemblea del sector Maresme es va dur a terme el [&hellip;]<\/p>\n","protected":false},"author":3,"featured_media":0,"comment_status":"open","ping_status":"open","sticky":false,"template":"","format":"standard","meta":{"om_disable_all_campaigns":false,"_monsterinsights_skip_tracking":false,"_monsterinsights_sitenote_active":false,"_monsterinsights_sitenote_note":"","_monsterinsights_sitenote_category":0,"_uf_show_specific_survey":0,"_uf_disable_surveys":false,"footnotes":""},"categories":[1110,1113],"tags":[335,356,358,21,57],"class_list":["post-25699","post","type-post","status-publish","format-standard","hentry","category-activitats-sectors","category-sector-maresme","tag-ago","tag-c5-egs","tag-pla-de-treball-14-15","tag-sector-maresme","tag-trobada-de-monitors"],"yoast_head":"<!-- This site is optimized with the Yoast SEO plugin v27.5 - https:\/\/yoast.com\/product\/yoast-seo-wordpress\/ -->\n<title>El sector Maresme comen\u00e7a un curs carregat de participaci\u00f3 i energia! - Esplac<\/title>\n<meta name=\"robots\" content=\"index, follow, max-snippet:-1, max-image-preview:large, max-video-preview:-1\" \/>\n<link rel=\"canonical\" href=\"https:\/\/www.esplac.cat\/el-sector-maresme-comenca-un-curs-carregat-de-canvis-participacio-i-energia\/\" \/>\n<meta property=\"og:locale\" content=\"es_ES\" \/>\n<meta property=\"og:type\" content=\"article\" \/>\n<meta property=\"og:title\" content=\"El sector Maresme comen\u00e7a un curs carregat de participaci\u00f3 i energia! - Esplac\" \/>\n<meta property=\"og:description\" content=\"L&#8217;Assemblea del sector Maresme es va dur a terme el [&hellip;]\" \/>\n<meta property=\"og:url\" content=\"https:\/\/www.esplac.cat\/el-sector-maresme-comenca-un-curs-carregat-de-canvis-participacio-i-energia\/\" \/>\n<meta property=\"og:site_name\" content=\"Esplac\" \/>\n<meta property=\"article:published_time\" content=\"2014-11-03T12:50:05+00:00\" \/>\n<meta property=\"og:image\" content=\"http:\/\/esplac.cat\/wp-content\/uploads\/2014\/11\/AGO-Maresme-7-360x270.jpg\" \/>\n<meta name=\"author\" content=\"Comunicaci\u00f3 Esplac\" \/>\n<meta name=\"twitter:card\" content=\"summary_large_image\" \/>\n<meta name=\"twitter:label1\" content=\"Escrito por\" \/>\n\t<meta name=\"twitter:data1\" content=\"Comunicaci\u00f3 Esplac\" \/>\n\t<meta name=\"twitter:label2\" content=\"Tiempo de lectura\" \/>\n\t<meta name=\"twitter:data2\" content=\"1 minuto\" \/>\n<script type=\"application\/ld+json\" class=\"yoast-schema-graph\">{\"@context\":\"https:\\\/\\\/schema.org\",\"@graph\":[{\"@type\":\"Article\",\"@id\":\"https:\\\/\\\/www.esplac.cat\\\/el-sector-maresme-comenca-un-curs-carregat-de-canvis-participacio-i-energia\\\/#article\",\"isPartOf\":{\"@id\":\"https:\\\/\\\/www.esplac.cat\\\/el-sector-maresme-comenca-un-curs-carregat-de-canvis-participacio-i-energia\\\/\"},\"author\":{\"name\":\"Comunicaci\u00f3 Esplac\",\"@id\":\"https:\\\/\\\/www.esplac.cat\\\/#\\\/schema\\\/person\\\/908383cf240be18b68f8855d0583faca\"},\"headline\":\"El sector Maresme comen\u00e7a un curs carregat de participaci\u00f3 i energia!\",\"datePublished\":\"2014-11-03T12:50:05+00:00\",\"mainEntityOfPage\":{\"@id\":\"https:\\\/\\\/www.esplac.cat\\\/el-sector-maresme-comenca-un-curs-carregat-de-canvis-participacio-i-energia\\\/\"},\"wordCount\":311,\"commentCount\":0,\"publisher\":{\"@id\":\"https:\\\/\\\/www.esplac.cat\\\/#organization\"},\"image\":{\"@id\":\"https:\\\/\\\/www.esplac.cat\\\/el-sector-maresme-comenca-un-curs-carregat-de-canvis-participacio-i-energia\\\/#primaryimage\"},\"thumbnailUrl\":\"http:\\\/\\\/esplac.cat\\\/wp-content\\\/uploads\\\/2014\\\/11\\\/AGO-Maresme-7-360x270.jpg\",\"keywords\":[\"AGO\",\"EGS\",\"pla de treball 14-15\",\"sector Maresme\",\"trobada de monitors\"],\"articleSection\":[\"Activitats sectors\",\"Sector Maresme\"],\"inLanguage\":\"es\",\"potentialAction\":[{\"@type\":\"CommentAction\",\"name\":\"Comment\",\"target\":[\"https:\\\/\\\/www.esplac.cat\\\/el-sector-maresme-comenca-un-curs-carregat-de-canvis-participacio-i-energia\\\/#respond\"]}]},{\"@type\":\"WebPage\",\"@id\":\"https:\\\/\\\/www.esplac.cat\\\/el-sector-maresme-comenca-un-curs-carregat-de-canvis-participacio-i-energia\\\/\",\"url\":\"https:\\\/\\\/www.esplac.cat\\\/el-sector-maresme-comenca-un-curs-carregat-de-canvis-participacio-i-energia\\\/\",\"name\":\"El sector Maresme comen\u00e7a un curs carregat de participaci\u00f3 i energia! - Esplac\",\"isPartOf\":{\"@id\":\"https:\\\/\\\/www.esplac.cat\\\/#website\"},\"primaryImageOfPage\":{\"@id\":\"https:\\\/\\\/www.esplac.cat\\\/el-sector-maresme-comenca-un-curs-carregat-de-canvis-participacio-i-energia\\\/#primaryimage\"},\"image\":{\"@id\":\"https:\\\/\\\/www.esplac.cat\\\/el-sector-maresme-comenca-un-curs-carregat-de-canvis-participacio-i-energia\\\/#primaryimage\"},\"thumbnailUrl\":\"http:\\\/\\\/esplac.cat\\\/wp-content\\\/uploads\\\/2014\\\/11\\\/AGO-Maresme-7-360x270.jpg\",\"datePublished\":\"2014-11-03T12:50:05+00:00\",\"breadcrumb\":{\"@id\":\"https:\\\/\\\/www.esplac.cat\\\/el-sector-maresme-comenca-un-curs-carregat-de-canvis-participacio-i-energia\\\/#breadcrumb\"},\"inLanguage\":\"es\",\"potentialAction\":[{\"@type\":\"ReadAction\",\"target\":[\"https:\\\/\\\/www.esplac.cat\\\/el-sector-maresme-comenca-un-curs-carregat-de-canvis-participacio-i-energia\\\/\"]}]},{\"@type\":\"ImageObject\",\"inLanguage\":\"es\",\"@id\":\"https:\\\/\\\/www.esplac.cat\\\/el-sector-maresme-comenca-un-curs-carregat-de-canvis-participacio-i-energia\\\/#primaryimage\",\"url\":\"http:\\\/\\\/esplac.cat\\\/wp-content\\\/uploads\\\/2014\\\/11\\\/AGO-Maresme-7-360x270.jpg\",\"contentUrl\":\"http:\\\/\\\/esplac.cat\\\/wp-content\\\/uploads\\\/2014\\\/11\\\/AGO-Maresme-7-360x270.jpg\"},{\"@type\":\"BreadcrumbList\",\"@id\":\"https:\\\/\\\/www.esplac.cat\\\/el-sector-maresme-comenca-un-curs-carregat-de-canvis-participacio-i-energia\\\/#breadcrumb\",\"itemListElement\":[{\"@type\":\"ListItem\",\"position\":1,\"name\":\"Inici\",\"item\":\"https:\\\/\\\/www.esplac.cat\\\/es\\\/\"},{\"@type\":\"ListItem\",\"position\":2,\"name\":\"El sector Maresme comen\u00e7a un curs carregat de participaci\u00f3 i energia!\"}]},{\"@type\":\"WebSite\",\"@id\":\"https:\\\/\\\/www.esplac.cat\\\/#website\",\"url\":\"https:\\\/\\\/www.esplac.cat\\\/\",\"name\":\"Esplac\",\"description\":\"Esplais Catalans\",\"publisher\":{\"@id\":\"https:\\\/\\\/www.esplac.cat\\\/#organization\"},\"potentialAction\":[{\"@type\":\"SearchAction\",\"target\":{\"@type\":\"EntryPoint\",\"urlTemplate\":\"https:\\\/\\\/www.esplac.cat\\\/?s={search_term_string}\"},\"query-input\":{\"@type\":\"PropertyValueSpecification\",\"valueRequired\":true,\"valueName\":\"search_term_string\"}}],\"inLanguage\":\"es\"},{\"@type\":\"Organization\",\"@id\":\"https:\\\/\\\/www.esplac.cat\\\/#organization\",\"name\":\"Esplac\",\"url\":\"https:\\\/\\\/www.esplac.cat\\\/\",\"logo\":{\"@type\":\"ImageObject\",\"inLanguage\":\"es\",\"@id\":\"https:\\\/\\\/www.esplac.cat\\\/#\\\/schema\\\/logo\\\/image\\\/\",\"url\":\"https:\\\/\\\/www.esplac.cat\\\/wp-content\\\/uploads\\\/2019\\\/08\\\/logox2.png\",\"contentUrl\":\"https:\\\/\\\/www.esplac.cat\\\/wp-content\\\/uploads\\\/2019\\\/08\\\/logox2.png\",\"width\":600,\"height\":295,\"caption\":\"Esplac\"},\"image\":{\"@id\":\"https:\\\/\\\/www.esplac.cat\\\/#\\\/schema\\\/logo\\\/image\\\/\"}},{\"@type\":\"Person\",\"@id\":\"https:\\\/\\\/www.esplac.cat\\\/#\\\/schema\\\/person\\\/908383cf240be18b68f8855d0583faca\",\"name\":\"Comunicaci\u00f3 Esplac\",\"image\":{\"@type\":\"ImageObject\",\"inLanguage\":\"es\",\"@id\":\"https:\\\/\\\/secure.gravatar.com\\\/avatar\\\/7a4cf8feb412a76ea4a740ca02d95b06b2907b5a6c648c2dd0a1082a093c3141?s=96&d=mm&r=g\",\"url\":\"https:\\\/\\\/secure.gravatar.com\\\/avatar\\\/7a4cf8feb412a76ea4a740ca02d95b06b2907b5a6c648c2dd0a1082a093c3141?s=96&d=mm&r=g\",\"contentUrl\":\"https:\\\/\\\/secure.gravatar.com\\\/avatar\\\/7a4cf8feb412a76ea4a740ca02d95b06b2907b5a6c648c2dd0a1082a093c3141?s=96&d=mm&r=g\",\"caption\":\"Comunicaci\u00f3 Esplac\"}}]}<\/script>\n<!-- \/ Yoast SEO plugin. -->","yoast_head_json":{"title":"El sector Maresme comen\u00e7a un curs carregat de participaci\u00f3 i energia! - Esplac","robots":{"index":"index","follow":"follow","max-snippet":"max-snippet:-1","max-image-preview":"max-image-preview:large","max-video-preview":"max-video-preview:-1"},"canonical":"https:\/\/www.esplac.cat\/el-sector-maresme-comenca-un-curs-carregat-de-canvis-participacio-i-energia\/","og_locale":"es_ES","og_type":"article","og_title":"El sector Maresme comen\u00e7a un curs carregat de participaci\u00f3 i energia! - Esplac","og_description":"L&#8217;Assemblea del sector Maresme es va dur a terme el [&hellip;]","og_url":"https:\/\/www.esplac.cat\/el-sector-maresme-comenca-un-curs-carregat-de-canvis-participacio-i-energia\/","og_site_name":"Esplac","article_published_time":"2014-11-03T12:50:05+00:00","og_image":[{"url":"http:\/\/esplac.cat\/wp-content\/uploads\/2014\/11\/AGO-Maresme-7-360x270.jpg","type":"","width":"","height":""}],"author":"Comunicaci\u00f3 Esplac","twitter_card":"summary_large_image","twitter_misc":{"Escrito por":"Comunicaci\u00f3 Esplac","Tiempo de lectura":"1 minuto"},"schema":{"@context":"https:\/\/schema.org","@graph":[{"@type":"Article","@id":"https:\/\/www.esplac.cat\/el-sector-maresme-comenca-un-curs-carregat-de-canvis-participacio-i-energia\/#article","isPartOf":{"@id":"https:\/\/www.esplac.cat\/el-sector-maresme-comenca-un-curs-carregat-de-canvis-participacio-i-energia\/"},"author":{"name":"Comunicaci\u00f3 Esplac","@id":"https:\/\/www.esplac.cat\/#\/schema\/person\/908383cf240be18b68f8855d0583faca"},"headline":"El sector Maresme comen\u00e7a un curs carregat de participaci\u00f3 i energia!","datePublished":"2014-11-03T12:50:05+00:00","mainEntityOfPage":{"@id":"https:\/\/www.esplac.cat\/el-sector-maresme-comenca-un-curs-carregat-de-canvis-participacio-i-energia\/"},"wordCount":311,"commentCount":0,"publisher":{"@id":"https:\/\/www.esplac.cat\/#organization"},"image":{"@id":"https:\/\/www.esplac.cat\/el-sector-maresme-comenca-un-curs-carregat-de-canvis-participacio-i-energia\/#primaryimage"},"thumbnailUrl":"http:\/\/esplac.cat\/wp-content\/uploads\/2014\/11\/AGO-Maresme-7-360x270.jpg","keywords":["AGO","EGS","pla de treball 14-15","sector Maresme","trobada de monitors"],"articleSection":["Activitats sectors","Sector Maresme"],"inLanguage":"es","potentialAction":[{"@type":"CommentAction","name":"Comment","target":["https:\/\/www.esplac.cat\/el-sector-maresme-comenca-un-curs-carregat-de-canvis-participacio-i-energia\/#respond"]}]},{"@type":"WebPage","@id":"https:\/\/www.esplac.cat\/el-sector-maresme-comenca-un-curs-carregat-de-canvis-participacio-i-energia\/","url":"https:\/\/www.esplac.cat\/el-sector-maresme-comenca-un-curs-carregat-de-canvis-participacio-i-energia\/","name":"El sector Maresme comen\u00e7a un curs carregat de participaci\u00f3 i energia! - Esplac","isPartOf":{"@id":"https:\/\/www.esplac.cat\/#website"},"primaryImageOfPage":{"@id":"https:\/\/www.esplac.cat\/el-sector-maresme-comenca-un-curs-carregat-de-canvis-participacio-i-energia\/#primaryimage"},"image":{"@id":"https:\/\/www.esplac.cat\/el-sector-maresme-comenca-un-curs-carregat-de-canvis-participacio-i-energia\/#primaryimage"},"thumbnailUrl":"http:\/\/esplac.cat\/wp-content\/uploads\/2014\/11\/AGO-Maresme-7-360x270.jpg","datePublished":"2014-11-03T12:50:05+00:00","breadcrumb":{"@id":"https:\/\/www.esplac.cat\/el-sector-maresme-comenca-un-curs-carregat-de-canvis-participacio-i-energia\/#breadcrumb"},"inLanguage":"es","potentialAction":[{"@type":"ReadAction","target":["https:\/\/www.esplac.cat\/el-sector-maresme-comenca-un-curs-carregat-de-canvis-participacio-i-energia\/"]}]},{"@type":"ImageObject","inLanguage":"es","@id":"https:\/\/www.esplac.cat\/el-sector-maresme-comenca-un-curs-carregat-de-canvis-participacio-i-energia\/#primaryimage","url":"http:\/\/esplac.cat\/wp-content\/uploads\/2014\/11\/AGO-Maresme-7-360x270.jpg","contentUrl":"http:\/\/esplac.cat\/wp-content\/uploads\/2014\/11\/AGO-Maresme-7-360x270.jpg"},{"@type":"BreadcrumbList","@id":"https:\/\/www.esplac.cat\/el-sector-maresme-comenca-un-curs-carregat-de-canvis-participacio-i-energia\/#breadcrumb","itemListElement":[{"@type":"ListItem","position":1,"name":"Inici","item":"https:\/\/www.esplac.cat\/es\/"},{"@type":"ListItem","position":2,"name":"El sector Maresme comen\u00e7a un curs carregat de participaci\u00f3 i energia!"}]},{"@type":"WebSite","@id":"https:\/\/www.esplac.cat\/#website","url":"https:\/\/www.esplac.cat\/","name":"Esplac","description":"Esplais Catalans","publisher":{"@id":"https:\/\/www.esplac.cat\/#organization"},"potentialAction":[{"@type":"SearchAction","target":{"@type":"EntryPoint","urlTemplate":"https:\/\/www.esplac.cat\/?s={search_term_string}"},"query-input":{"@type":"PropertyValueSpecification","valueRequired":true,"valueName":"search_term_string"}}],"inLanguage":"es"},{"@type":"Organization","@id":"https:\/\/www.esplac.cat\/#organization","name":"Esplac","url":"https:\/\/www.esplac.cat\/","logo":{"@type":"ImageObject","inLanguage":"es","@id":"https:\/\/www.esplac.cat\/#\/schema\/logo\/image\/","url":"https:\/\/www.esplac.cat\/wp-content\/uploads\/2019\/08\/logox2.png","contentUrl":"https:\/\/www.esplac.cat\/wp-content\/uploads\/2019\/08\/logox2.png","width":600,"height":295,"caption":"Esplac"},"image":{"@id":"https:\/\/www.esplac.cat\/#\/schema\/logo\/image\/"}},{"@type":"Person","@id":"https:\/\/www.esplac.cat\/#\/schema\/person\/908383cf240be18b68f8855d0583faca","name":"Comunicaci\u00f3 Esplac","image":{"@type":"ImageObject","inLanguage":"es","@id":"https:\/\/secure.gravatar.com\/avatar\/7a4cf8feb412a76ea4a740ca02d95b06b2907b5a6c648c2dd0a1082a093c3141?s=96&d=mm&r=g","url":"https:\/\/secure.gravatar.com\/avatar\/7a4cf8feb412a76ea4a740ca02d95b06b2907b5a6c648c2dd0a1082a093c3141?s=96&d=mm&r=g","contentUrl":"https:\/\/secure.gravatar.com\/avatar\/7a4cf8feb412a76ea4a740ca02d95b06b2907b5a6c648c2dd0a1082a093c3141?s=96&d=mm&r=g","caption":"Comunicaci\u00f3 Esplac"}}]}},"_links":{"self":[{"href":"https:\/\/www.esplac.cat\/es\/wp-json\/wp\/v2\/posts\/25699","targetHints":{"allow":["GET"]}}],"collection":[{"href":"https:\/\/www.esplac.cat\/es\/wp-json\/wp\/v2\/posts"}],"about":[{"href":"https:\/\/www.esplac.cat\/es\/wp-json\/wp\/v2\/types\/post"}],"author":[{"embeddable":true,"href":"https:\/\/www.esplac.cat\/es\/wp-json\/wp\/v2\/users\/3"}],"replies":[{"embeddable":true,"href":"https:\/\/www.esplac.cat\/es\/wp-json\/wp\/v2\/comments?post=25699"}],"version-history":[{"count":0,"href":"https:\/\/www.esplac.cat\/es\/wp-json\/wp\/v2\/posts\/25699\/revisions"}],"wp:attachment":[{"href":"https:\/\/www.esplac.cat\/es\/wp-json\/wp\/v2\/media?parent=25699"}],"wp:term":[{"taxonomy":"category","embeddable":true,"href":"https:\/\/www.esplac.cat\/es\/wp-json\/wp\/v2\/categories?post=25699"},{"taxonomy":"post_tag","embeddable":true,"href":"https:\/\/www.esplac.cat\/es\/wp-json\/wp\/v2\/tags?post=25699"}],"curies":[{"name":"wp","href":"https:\/\/api.w.org\/{rel}","templated":true}]}}