{"id":25703,"date":"2014-10-24T12:59:43","date_gmt":"2014-10-24T10:59:43","guid":{"rendered":"http:\/\/esplac.cat\/?p=5581"},"modified":"2019-11-14T13:38:39","modified_gmt":"2019-11-14T11:38:39","slug":"treu-pols-projecte-educatiu","status":"publish","type":"post","link":"https:\/\/www.esplac.cat\/es\/treu-pols-projecte-educatiu\/","title":{"rendered":"10 indicadors que indiquen que el Projecte educatiu de l&#8217;esplai necessita una revisi\u00f3"},"content":{"rendered":"<h4><!--:CA--><span style=\"color: #000000;\">Escolteu les paraules \u00abprojecte educatiu\u00bb i us envaeix una gran mandra a tot el cos? Heu intentat entendre&#8217;l, per\u00f2 \u00e9s impossible? Si has respost que s\u00ed, s\u00f3n pistes de que\u00a0<\/span><strong>el vostre projecte educatiu necessita una revisi\u00f3<\/strong><span style=\"color: #000000;\">.<\/span><\/h4>\n<p style=\"text-align: justify;\"><span style=\"color: #000000;\">El\u00a0projecte\u00a0educatiu\u00a0(PE)\u00a0<\/span><strong>defineix com eduquem\u00a0<\/strong><span style=\"color: #000000;\">a l\u2019esplai<\/span><span style=\"color: #000000;\">\u00a0<\/span><span style=\"color: #000000;\">i \u00e9s la base\u00a0per desenvolupar<\/span><span style=\"color: #000000;\">\u00a0<\/span><span style=\"color: #000000;\">els nostres projectes<\/span><span style=\"color: #000000;\">\u00a0<\/span><span style=\"color: #000000;\">del curs<\/span><span style=\"color: #000000;\">\u00a0<\/span><span style=\"color: #000000;\">i activitats.\u00a0No es tracta d&#8217;un document escrit,<\/span><span style=\"color: #000000;\">\u00a0<\/span><span style=\"color: #000000;\">sin\u00f3\u00a0de les idees, de<\/span><span style=\"color: #000000;\">\u00a0<\/span><span style=\"color: #000000;\">la nostra missi\u00f3\u00a0i\u00a0dels<\/span><span style=\"color: #000000;\">\u00a0<\/span><span style=\"color: #000000;\">objectius generals\u00a0que\u00a0tenim vers els infants, les fam\u00edlies, l&#8217;entorn i el m\u00f3n.<\/span><\/p>\n<p style=\"text-align: justify;\"><span style=\"color: #000000;\">Com que les idees no es poden quedar nom\u00e9s en el cap d&#8217;uns quants monitors i monitores, i volem que l&#8217;esplai sigui conegut i reconegut en el nostre entorn immediat i m\u00e9s enll\u00e0,\u00a0<\/span><strong>necessitem plasmar aquestes idees de manera que es puguin compartir<\/strong><span style=\"color: #000000;\">: un document, un dibuix, un v\u00eddeo, etc. Aquest document no pot ser finit, sin\u00f3 que\u00a0<\/span><strong>s&#8217;adapta als canvis de la societat, de l&#8217;entorn i dels agents educatius de l&#8217;esplai, entre d&#8217;altres.<\/strong><\/p>\n<p style=\"text-align: justify;\"><span style=\"color: #000000;\">A Esplac vetllem per a qu\u00e8 els esplais revisin el seu projecte educatiu i redefineixin la seva tasca educativa al llarg del temps.\u00a0<\/span>Si no teniu clar si \u00e9s el vostre moment de treure-li la pols i revisar-lo, <strong>aqu\u00ed teniu algunes\u00a0<\/strong><strong>pistes que us poden servir d&#8217;ajuda.\u00a0<\/strong><span style=\"color: #000000;\">N&#8217;anirem publicant d&#8217;altres al llarg d&#8217;aquests dies.<\/span><span style=\"color: #000000;\">\u00a0<\/span><span style=\"color: #000000;\">Ah! I no oblideu consultar els recursos que us proposem!<\/span><\/p>\n<h4 style=\"text-align: justify;\"><span style=\"color: #ff9900;\"><strong>Indicador\u00a01: No sabeu\u00a0quan es va fer ni on para<\/strong><\/span><\/h4>\n<p style=\"text-align: justify;\"><a href=\"http:\/\/esplac.cat\/wp-content\/uploads\/2014\/10\/indicador1.jpg\"><img decoding=\"async\" class=\"size-full wp-image-9531 aligncenter\" src=\"http:\/\/esplac.cat\/wp-content\/uploads\/2014\/10\/indicador1.jpg\" alt=\"indicador1\" width=\"599\" height=\"510\" srcset=\"https:\/\/www.esplac.cat\/wp-content\/uploads\/2014\/10\/indicador1-200x170.jpg 200w, https:\/\/www.esplac.cat\/wp-content\/uploads\/2014\/10\/indicador1-300x255.jpg 300w, https:\/\/www.esplac.cat\/wp-content\/uploads\/2014\/10\/indicador1-400x341.jpg 400w, https:\/\/www.esplac.cat\/wp-content\/uploads\/2014\/10\/indicador1.jpg 599w\" sizes=\"(max-width: 599px) 100vw, 599px\" \/><\/a><\/p>\n<p style=\"text-align: justify;\"><span style=\"color: #000000;\">\u00c9s important que el projecte educatiu estigui compartit, com a m\u00ednim, entre tot l&#8217;equip de monitors i monitores. Si no el coneixeu, o nom\u00e9s el t\u00e9 present una part de l&#8217;equip, ara \u00e9s el moment de fer el vostre projecte educatiu d&#8217;acord amb l&#8217;actualitat de l&#8217;esplai, l&#8217;equip de monis i l&#8217;entorn.<\/span><\/p>\n<p style=\"text-align: justify;\"><span style=\"color: #000000;\">Per comen\u00e7ar, els primers dos recursos que us recomanem que llegiu s\u00f3n <a href=\"http:\/\/assac.esplac.cat\/documents\/document_i_web44.pdf\" target=\"_blank\" rel=\"noopener noreferrer\">\u00ab<\/a><\/span><a href=\"http:\/\/assac.esplac.cat\/documents\/document_i_web44.pdf\" target=\"_blank\" rel=\"noopener noreferrer\"><strong>El projecte com a eina organitzativa i pedag\u00f2gica<\/strong><\/a><span style=\"color: #000000;\"><a href=\"http:\/\/assac.esplac.cat\/documents\/document_i_web44.pdf\" target=\"_blank\" rel=\"noopener noreferrer\">\u00ab<\/a> i <a href=\"http:\/\/assac.esplac.cat\/documents\/document_i_web46.pdf\" target=\"_blank\" rel=\"noopener noreferrer\">\u00ab<\/a><\/span><a href=\"http:\/\/assac.esplac.cat\/documents\/document_i_web46.pdf\" target=\"_blank\" rel=\"noopener noreferrer\"><strong>Gui\u00f3 per fer un bon projecte<\/strong><\/a><span style=\"color: #000000;\"><a href=\"http:\/\/assac.esplac.cat\/documents\/document_i_web46.pdf\" target=\"_blank\" rel=\"noopener noreferrer\">\u00ab<\/a>, podeu descarregar-vos-els al\u00a0<\/span><a href=\"http:\/\/esplac.cat\/banc-de-recursos\/\" target=\"_blank\" rel=\"noopener noreferrer\">Banc Recursos<\/a><span style=\"color: #000000;\">.<\/span><\/p>\n<h4 style=\"text-align: justify;\"><span style=\"color: #ff9900;\"><strong>Indicador 2: No coneixeu qui el va fer<\/strong><\/span><\/h4>\n<p style=\"text-align: justify;\"><a href=\"http:\/\/esplac.cat\/wp-content\/uploads\/2014\/10\/indicador-2.jpg\"><img decoding=\"async\" class=\"size-full wp-image-9522 aligncenter\" src=\"http:\/\/esplac.cat\/wp-content\/uploads\/2014\/10\/indicador-2.jpg\" alt=\"indicador-2\" width=\"500\" height=\"599\" srcset=\"https:\/\/www.esplac.cat\/wp-content\/uploads\/2014\/10\/indicador-2-200x240.jpg 200w, https:\/\/www.esplac.cat\/wp-content\/uploads\/2014\/10\/indicador-2-250x300.jpg 250w, https:\/\/www.esplac.cat\/wp-content\/uploads\/2014\/10\/indicador-2-400x479.jpg 400w, https:\/\/www.esplac.cat\/wp-content\/uploads\/2014\/10\/indicador-2.jpg 500w\" sizes=\"(max-width: 500px) 100vw, 500px\" \/><\/a><\/p>\n<p style=\"text-align: justify;\"><span style=\"color: #000000;\">El vostre projecte educatiu \u00e9s tan antic que no sabeu qui el va fer? Probablement hi ha hagut algun problema en el trasp\u00e0s d&#8217;informaci\u00f3 entre generacions de l&#8217;esplai. Ara \u00e9s el moment pel vostre equip d&#8217;establir com es fa el relleu de persones, idees i responsabilitats a l&#8217;esplai!<\/span><\/p>\n<p style=\"text-align: justify;\"><span style=\"color: #000000;\">Us recomanem la lectura del llibre\u00a0<\/span><strong><a href=\"http:\/\/assac.esplac.cat\/documents\/document_i_web194.pdf\" target=\"_blank\" rel=\"noopener noreferrer\">La roda del relleu<\/a><\/strong>. No\u00a0<span style=\"color: #000000;\">perdeu cap detall de la part pr\u00e0ctica!<\/span><\/p>\n<h4 style=\"text-align: justify;\"><span style=\"color: #ff9900;\"><strong>Indicador 3:\u00a0El vostre projecte educatiu nom\u00e9s utilitza la paraula \u201cnen\u201d<\/strong><\/span><\/h4>\n<p style=\"text-align: justify;\"><a href=\"http:\/\/esplac.cat\/wp-content\/uploads\/2014\/10\/indicador-3.jpg\"><img decoding=\"async\" class=\"size-full wp-image-9523 aligncenter\" src=\"http:\/\/esplac.cat\/wp-content\/uploads\/2014\/10\/indicador-3.jpg\" alt=\"indicador-3\" width=\"395\" height=\"599\" srcset=\"https:\/\/www.esplac.cat\/wp-content\/uploads\/2014\/10\/indicador-3-198x300.jpg 198w, https:\/\/www.esplac.cat\/wp-content\/uploads\/2014\/10\/indicador-3-200x303.jpg 200w, https:\/\/www.esplac.cat\/wp-content\/uploads\/2014\/10\/indicador-3.jpg 395w\" sizes=\"(max-width: 395px) 100vw, 395px\" \/><\/a><\/p>\n<p style=\"text-align: justify;\">A l&#8217;esplai hi participen nenes i nenes, per\u00f2 encara queda algun projecte educatiu que se li escapa. S&#8217;utilitzen diverses paraules per evitar fer servir nom\u00e9s un dels dos g\u00e8neres: com per exemple infants o inf\u00e0ncia i adolescents o adolesc\u00e8ncia. Pel que fa a les fam\u00edlies, no nom\u00e9s hi participen els pares, si no que tamb\u00e9 ho fan les mares, algunes tietes i oncles i, fins i tot, avis i \u00e0vies. Per parlar de totes aquestes persones, utilitzem la paraula \u00abfam\u00edlia\u00bb.<\/p>\n<p style=\"text-align: justify;\">En l&#8217;educaci\u00f3 no nom\u00e9s \u00e9s important el llenguatge, sin\u00f3 l&#8217;actitud i el comportament dels referents dels infants i tamb\u00e9 les activitats que fem a l&#8217;esplai. Per aix\u00f2 us recomanem fer un cop d&#8217;ull als\u00a0<a href=\"http:\/\/esplac.cat\/banc-de-recursos\/?cerca_contingut=&amp;cercador_contingut=g%C3%A8nere&amp;cerca_activitat=on&amp;cerca_web=on&amp;cerca_llibre=on&amp;cerca_document=on\">materials del Banc de recursos sobre g\u00e8nere<\/a>.<\/p>\n<h4 style=\"text-align: justify;\"><span style=\"color: #ff9900;\"><strong>Indicador 4: No queda clar com els infants i joves participen a l&#8217;esplai<\/strong><\/span><a href=\"http:\/\/esplac.cat\/wp-content\/uploads\/2014\/10\/participacio_infantil.jpg\"><br \/>\n<\/a><\/h4>\n<p style=\"text-align: justify;\"><a href=\"http:\/\/esplac.cat\/wp-content\/uploads\/2014\/10\/indicador-4.jpg\"><img decoding=\"async\" class=\"size-full wp-image-9524 aligncenter\" src=\"http:\/\/esplac.cat\/wp-content\/uploads\/2014\/10\/indicador-4.jpg\" alt=\"indicador-4\" width=\"500\" height=\"498\" srcset=\"https:\/\/www.esplac.cat\/wp-content\/uploads\/2014\/10\/indicador-4-66x66.jpg 66w, https:\/\/www.esplac.cat\/wp-content\/uploads\/2014\/10\/indicador-4-150x150.jpg 150w, https:\/\/www.esplac.cat\/wp-content\/uploads\/2014\/10\/indicador-4-200x199.jpg 200w, https:\/\/www.esplac.cat\/wp-content\/uploads\/2014\/10\/indicador-4-300x300.jpg 300w, https:\/\/www.esplac.cat\/wp-content\/uploads\/2014\/10\/indicador-4-400x398.jpg 400w, https:\/\/www.esplac.cat\/wp-content\/uploads\/2014\/10\/indicador-4.jpg 500w\" sizes=\"(max-width: 500px) 100vw, 500px\" \/><\/a>Volem que els infants i joves participin m\u00e9s a l&#8217;esplai, per\u00f2 no sabem com facilitar-ho? No hi estem gaire acostumats i acostumades m\u00e9s enll\u00e0 de les activitats? El projecte educatiu no reflecteix com s\u00f3n els processos de presa de decisi\u00f3 dels infants i joves?<\/p>\n<p style=\"text-align: justify;\">Us proposem una activitat per iniciar-se al di\u00e0leg i a decidir. Ens d\u00f3na idees sobre com influeix la comunicaci\u00f3 i contribueix a que els infants i joves puguin tenir converses enriquidores i no rebutjar cap idea d&#8217;entrada. Si us animeu a fer l&#8217;activitat, podeu valorar-la al <a href=\"http:\/\/esplac.cat\/banc-recursos\/?cerca_contingut=&amp;cercador_contingut=pastanaga&amp;cerca_activitat=on&amp;cerca_web=on&amp;cerca_llibre=on&amp;cerca_document=on#dalt\">Banc de recursos.<\/a><\/p>\n<h4 style=\"text-align: justify;\"><span style=\"color: #ff9900;\"><strong>Indicador 5: Els infants i joves de l&#8217;esplai volen decidir m\u00e9s coses!<\/strong><\/span><\/h4>\n<p style=\"text-align: justify;\"><a href=\"http:\/\/esplac.cat\/wp-content\/uploads\/2014\/10\/indicador-5.jpg\"><img decoding=\"async\" class=\"size-full wp-image-9525 aligncenter\" src=\"http:\/\/esplac.cat\/wp-content\/uploads\/2014\/10\/indicador-5.jpg\" alt=\"indicador-5\" width=\"453\" height=\"599\" srcset=\"https:\/\/www.esplac.cat\/wp-content\/uploads\/2014\/10\/indicador-5-200x264.jpg 200w, https:\/\/www.esplac.cat\/wp-content\/uploads\/2014\/10\/indicador-5-227x300.jpg 227w, https:\/\/www.esplac.cat\/wp-content\/uploads\/2014\/10\/indicador-5-400x529.jpg 400w, https:\/\/www.esplac.cat\/wp-content\/uploads\/2014\/10\/indicador-5.jpg 453w\" sizes=\"(max-width: 453px) 100vw, 453px\" \/><\/a><\/p>\n<p style=\"text-align: justify;\">Els infants i joves participen a l&#8217;esplai, per\u00f2 volen anar m\u00e9s enll\u00e0! Com a protagonistes del seu proc\u00e9s d&#8217;aprenentatge i com a centre de la tasca educativa dels monitors i monitores, els infant i joves han de fer saber quines coses els interessen i qu\u00e8 volen fer a l&#8217;esplai. A participar, se n&#8217;apr\u00e8n participant, i l&#8217;esplai \u00e9s un dels primers llocs on els infants exerceixen, practiquen i milloren les seves habilitats, coneixement i actituds necess\u00e0ries per a la participaci\u00f3.<\/p>\n<p style=\"text-align: justify;\">Us recomanem <a href=\"http:\/\/assac.esplac.cat\/esplai\/banc_recursos_fitxes_activitat\/genera_pdf_act.php?id_activitat=47\">una activitat de reflexi\u00f3 i treball en equip<\/a> que servir\u00e0, per una banda, per a que els infants i joves puguin decidir com participen a l&#8217;esplai i alhora com ho volen fer. Ens ajudar\u00e0 als monitors i monitores a l&#8217;hora de revisar el nostre projecte educatiu.<\/p>\n<h4 style=\"text-align: justify;\"><span style=\"color: #ff9900;\"><strong>Indicador 6: Les coses funcionen b\u00e9 com les hem fet sempre?<\/strong><\/span><\/h4>\n<p style=\"text-align: justify;\"><a href=\"http:\/\/esplac.cat\/wp-content\/uploads\/2014\/10\/indicador-6.jpg\"><img decoding=\"async\" class=\"size-full wp-image-9526 aligncenter\" src=\"http:\/\/esplac.cat\/wp-content\/uploads\/2014\/10\/indicador-6.jpg\" alt=\"indicador-6\" width=\"498\" height=\"499\" srcset=\"https:\/\/www.esplac.cat\/wp-content\/uploads\/2014\/10\/indicador-6-66x66.jpg 66w, https:\/\/www.esplac.cat\/wp-content\/uploads\/2014\/10\/indicador-6-150x150.jpg 150w, https:\/\/www.esplac.cat\/wp-content\/uploads\/2014\/10\/indicador-6-200x200.jpg 200w, https:\/\/www.esplac.cat\/wp-content\/uploads\/2014\/10\/indicador-6-300x300.jpg 300w, https:\/\/www.esplac.cat\/wp-content\/uploads\/2014\/10\/indicador-6-400x401.jpg 400w, https:\/\/www.esplac.cat\/wp-content\/uploads\/2014\/10\/indicador-6.jpg 498w\" sizes=\"(max-width: 498px) 100vw, 498px\" \/><\/a><\/p>\n<p style=\"text-align: justify;\">Creieu que teniu la f\u00f3rmula perfecta de l&#8217;esplai i tot funciona rodat? Poseu a prova la vostra afirmaci\u00f3!<\/p>\n<p style=\"text-align: justify;\">Us proposem que tot l&#8217;equip de monitores i monitors jugueu al<a href=\"http:\/\/esplac.cat\/encerta-la-recurs-per-detectar-punts-forts-i-febles-esplai\/\" target=\"_blank\" rel=\"noopener noreferrer\"> <strong>joc de detecci\u00f3 de necessitats<\/strong><\/a>. \u00c9s un joc de taula que ens serveix per aprofundir en com es troba el nostre esplai en temes de participaci\u00f3, organitzaci\u00f3, ideari, participaci\u00f3 infantil, relaci\u00f3 amb les fam\u00edlies, cohesi\u00f3&#8230; Poseu-vos en contacte amb la vostra coordinadora de projectes del sector si voleu provar-lo i esteu obertes a millorar el vostre projecte educatiu!<\/p>\n<h4 style=\"text-align: justify;\"><span style=\"color: #ff9900;\"><strong>Indicador 7: Els infants i joves volen fer activitats noves!<\/strong><\/span><\/h4>\n<p style=\"text-align: justify;\"><a href=\"http:\/\/esplac.cat\/wp-content\/uploads\/2014\/10\/indicador-7.jpg\"><img decoding=\"async\" class=\"size-full wp-image-9527 aligncenter\" src=\"http:\/\/esplac.cat\/wp-content\/uploads\/2014\/10\/indicador-7.jpg\" alt=\"indicador-7\" width=\"599\" height=\"398\" srcset=\"https:\/\/www.esplac.cat\/wp-content\/uploads\/2014\/10\/indicador-7-200x133.jpg 200w, https:\/\/www.esplac.cat\/wp-content\/uploads\/2014\/10\/indicador-7-300x199.jpg 300w, https:\/\/www.esplac.cat\/wp-content\/uploads\/2014\/10\/indicador-7-400x266.jpg 400w, https:\/\/www.esplac.cat\/wp-content\/uploads\/2014\/10\/indicador-7.jpg 599w\" sizes=\"(max-width: 599px) 100vw, 599px\" \/><\/a><\/p>\n<p style=\"text-align: justify;\">Feu moltes activitats repetides? Sovint heu de rec\u00f3rrer a l&#8217;activitat estrella que mai falla? Potser l&#8217;equip de monis heu de debatre sobre les activitats a l&#8217;esplai i la seva finalitat i trobar-ne de noves. \u00c9s important reflexionar sobre qu\u00e8 fem a l&#8217;esplai i amb quina finalitat, i aix\u00f2 \u00e9s precisament el que recull el projecte educatiu de l&#8217;esplai!<\/p>\n<p style=\"text-align: justify;\">Traieu la pols del vostre projecte educatiu! Us recomanem <a href=\"http:\/\/assac.esplac.cat\/esplai\/banc_recursos_fitxes_activitat\/genera_pdf_act.php?id_activitat=445\">aquesta din\u00e0mica<\/a> i <a href=\"http:\/\/assac.esplac.cat\/esplai\/banc_recursos_fitxes_activitat\/genera_pdf_act.php?id_activitat=426\">el bar\u00f2metre<\/a> per ajudar-vos a repensar-lo.<!--:--><!--:es--><\/p>\n<h2 style=\"text-align: justify;\"><span style=\"color: #ff9900;\"><strong>Indicador 8: <\/strong>Fer el projecte educatiu sembla\u00a0una missi\u00f3 impossible<\/span><\/h2>\n<p class=\"p1\"><a href=\"http:\/\/esplac.cat\/wp-content\/uploads\/2014\/10\/indicador-8-1.jpg\" rel=\"attachment wp-att-9557\"><img decoding=\"async\" class=\"size-full wp-image-9557 aligncenter\" src=\"http:\/\/esplac.cat\/wp-content\/uploads\/2014\/10\/indicador-8-1.jpg\" alt=\"indicador-8\" width=\"500\" height=\"499\" srcset=\"https:\/\/www.esplac.cat\/wp-content\/uploads\/2014\/10\/indicador-8-1-66x66.jpg 66w, https:\/\/www.esplac.cat\/wp-content\/uploads\/2014\/10\/indicador-8-1-150x150.jpg 150w, https:\/\/www.esplac.cat\/wp-content\/uploads\/2014\/10\/indicador-8-1-200x200.jpg 200w, https:\/\/www.esplac.cat\/wp-content\/uploads\/2014\/10\/indicador-8-1-300x300.jpg 300w, https:\/\/www.esplac.cat\/wp-content\/uploads\/2014\/10\/indicador-8-1-400x399.jpg 400w, https:\/\/www.esplac.cat\/wp-content\/uploads\/2014\/10\/indicador-8-1.jpg 500w\" sizes=\"(max-width: 500px) 100vw, 500px\" \/><\/a><\/p>\n<p class=\"p1\">Si posar-vos a debatre el projecte educatiu \u00e9s igual a fer el cim m\u00e9s alt que heu fet mai, us donem alguns consells. Podeu consultar els apunts dels cursos de monis sobre pedagogia, psicologia, treball amb fam\u00edlies i posar a debat algunes preguntes. Cada moni pot mirar-se un bloc i portar dues o tres preguntes a l&#8217;assemblea de monis.<\/p>\n<p class=\"p3\"><span class=\"s1\">L&#8217;Esplai MIV fa uns mesos ens va compartir una <a href=\"http:\/\/esplac.cat\/bona-practica-eines-de-suport-per-a-la-programacio-dactivitats\/\"><span class=\"s2\">bona pr\u00e0ctica<\/span><\/a><\/span> on, a trav\u00e9s d&#8217;aquest apunts i l&#8217;aportaci\u00f3 de la resta de l&#8217;equip de monis, van fer un cartell sobre la psicologia evolutiva dels infants i joves. Vosaltres podeu aprofitar-ho per revisar el vostre projecte educatiu.<\/p>\n<h4 style=\"text-align: justify;\"><span style=\"color: #ff9900;\"><strong>Indicador 9:\u00a0<\/strong>No queda gaire clar com, quan i per qu\u00e8 participen les families<\/span><\/h4>\n<p class=\"p1\"><a href=\"http:\/\/esplac.cat\/wp-content\/uploads\/2014\/10\/indicador-9-1.jpg\" rel=\"attachment wp-att-9558\"><img decoding=\"async\" class=\"size-full wp-image-9558 aligncenter\" src=\"http:\/\/esplac.cat\/wp-content\/uploads\/2014\/10\/indicador-9-1.jpg\" alt=\"indicador-9\" width=\"498\" height=\"499\" srcset=\"https:\/\/www.esplac.cat\/wp-content\/uploads\/2014\/10\/indicador-9-1-66x66.jpg 66w, https:\/\/www.esplac.cat\/wp-content\/uploads\/2014\/10\/indicador-9-1-150x150.jpg 150w, https:\/\/www.esplac.cat\/wp-content\/uploads\/2014\/10\/indicador-9-1-200x200.jpg 200w, https:\/\/www.esplac.cat\/wp-content\/uploads\/2014\/10\/indicador-9-1-300x300.jpg 300w, https:\/\/www.esplac.cat\/wp-content\/uploads\/2014\/10\/indicador-9-1-400x401.jpg 400w, https:\/\/www.esplac.cat\/wp-content\/uploads\/2014\/10\/indicador-9-1.jpg 498w\" sizes=\"(max-width: 498px) 100vw, 498px\" \/><\/a><\/p>\n<p class=\"p1\">Voleu que les fam\u00edlies formin tamb\u00e9 part de l&#8217;esplai per\u00f2 quan els hi demaneu participen les quatre fam\u00edlies de sempre. A vegades les families demanen participar en un sortida que no teniu previst que hi siguin presents.<\/p>\n<p class=\"p1\">No acabeu de trobar l&#8217;encaix perfecte entre esplai i fam\u00edlies? \u00c9s el moment de revisar el triangle infant &#8211; monis &#8211; fam\u00edlia! Sense aquest triangle de relaci\u00f3 i implicaci\u00f3 a l&#8217;esplai, el projecte\u00a0no est\u00e0 complet.<\/p>\n<p class=\"p1\">Si feu una lectura a l&#8217;<strong><a href=\"http:\/\/assac.esplac.cat\/documents\/document_i_web319.pdf\"><span class=\"s1\">Esmolet de participaci\u00f3<\/span><\/a><\/strong> (concretament a partir de la p\u00e0gina 84) us fareu una idea d&#8217;alguns tipus de participaci\u00f3 per part de les fam\u00edlies i algunes maneres de coordinar-se amb elles. Segur que agafeu moltes idees i podeu crear el vostre propi model de participaci\u00f3 de les fam\u00edlies a l&#8217;esplai. Ah! Tingueu en compte que elles tamb\u00e9 tenen quelcom a dir sobre la seva participaci\u00f3!<\/p>\n<h4 style=\"text-align: justify;\"><span style=\"color: #ff9900;\"><strong>Indicador 10:\u00a0<\/strong>Els monis no us poseu d&#8217;acord sobre l&#8217;\u00fas dels jocs i les joguines<\/span><\/h4>\n<p class=\"p1\"><a href=\"http:\/\/esplac.cat\/wp-content\/uploads\/2014\/10\/indicador-10-1.jpg\" rel=\"attachment wp-att-9559\"><img decoding=\"async\" class=\"size-full wp-image-9559 aligncenter\" src=\"http:\/\/esplac.cat\/wp-content\/uploads\/2014\/10\/indicador-10-1.jpg\" alt=\"indicador-10\" width=\"427\" height=\"380\" srcset=\"https:\/\/www.esplac.cat\/wp-content\/uploads\/2014\/10\/indicador-10-1-200x178.jpg 200w, https:\/\/www.esplac.cat\/wp-content\/uploads\/2014\/10\/indicador-10-1-300x267.jpg 300w, https:\/\/www.esplac.cat\/wp-content\/uploads\/2014\/10\/indicador-10-1-400x356.jpg 400w, https:\/\/www.esplac.cat\/wp-content\/uploads\/2014\/10\/indicador-10-1.jpg 427w\" sizes=\"(max-width: 427px) 100vw, 427px\" \/><\/a><\/p>\n<p class=\"p1\">Al vostre esplai est\u00e0 totalment prohibit portar videojocs? O aprofiteu les estones lliures per compartir-los entre tots i totes? El petits no poden portar joguines, per\u00f2 els joves poden portar els tel\u00e8fons m\u00f2bils?<\/p>\n<p class=\"p1\">El m\u00e9s important \u00e9s que la gesti\u00f3 que fem amb els jocs i les joguines en qualsevol edat sigui coherent entre elles i amb la resta del projecte educatiu de l&#8217;esplai.<\/p>\n<p class=\"p1\"><b>Teniu una bona pr\u00e0ctica sobre algun d&#8217;aquestes temes?<\/b> Compartiu-lo amb la resta d&#8217;esplais i contacteu amb la Coordinadora de Projectes del vostre sector.<\/p>\n<p><!--:--><!--:en--><\/p>\n<p><!--:--><!--:fr--><\/p>\n<p><!--:--><\/p>\n","protected":false},"excerpt":{"rendered":"<p>Escolteu les paraules \u00abprojecte educatiu\u00bb i us envaeix una gran [&hellip;]<\/p>\n","protected":false},"author":3,"featured_media":25426,"comment_status":"open","ping_status":"open","sticky":false,"template":"","format":"standard","meta":{"om_disable_all_campaigns":false,"_monsterinsights_skip_tracking":false,"_monsterinsights_sitenote_active":false,"_monsterinsights_sitenote_note":"","_monsterinsights_sitenote_category":0,"_uf_show_specific_survey":0,"_uf_disable_surveys":false,"footnotes":""},"categories":[1167,1162,1114,1],"tags":[334,359,50,137],"class_list":["post-25703","post","type-post","status-publish","format-standard","has-post-thumbnail","hentry","category-infancia","category-linies-pedagogiques","category-recursos","category-sense-categoria","tag-monitors-i-monitores","tag-pe","tag-projecte-educatiu","tag-revisio-projecte-educatiu"],"yoast_head":"<!-- This site is optimized with the Yoast SEO plugin v27.4 - https:\/\/yoast.com\/product\/yoast-seo-wordpress\/ -->\n<title>10 indicadors que indiquen que el Projecte educatiu de l&#039;esplai necessita una revisi\u00f3 - Esplac<\/title>\n<meta name=\"robots\" content=\"index, follow, max-snippet:-1, max-image-preview:large, max-video-preview:-1\" \/>\n<link rel=\"canonical\" href=\"https:\/\/www.esplac.cat\/treu-pols-projecte-educatiu\/\" \/>\n<meta property=\"og:locale\" content=\"es_ES\" \/>\n<meta property=\"og:type\" content=\"article\" \/>\n<meta property=\"og:title\" content=\"10 indicadors que indiquen que el Projecte educatiu de l&#039;esplai necessita una revisi\u00f3 - Esplac\" \/>\n<meta property=\"og:description\" content=\"Escolteu les paraules \u00abprojecte educatiu\u00bb i us envaeix una gran [&hellip;]\" \/>\n<meta property=\"og:url\" content=\"https:\/\/www.esplac.cat\/treu-pols-projecte-educatiu\/\" \/>\n<meta property=\"og:site_name\" content=\"Esplac\" \/>\n<meta property=\"article:published_time\" content=\"2014-10-24T10:59:43+00:00\" \/>\n<meta property=\"article:modified_time\" content=\"2019-11-14T11:38:39+00:00\" \/>\n<meta property=\"og:image\" content=\"https:\/\/www.esplac.cat\/wp-content\/uploads\/2014\/10\/20141024_TreuPolsPE.jpg\" \/>\n\t<meta property=\"og:image:width\" content=\"847\" \/>\n\t<meta property=\"og:image:height\" content=\"350\" \/>\n\t<meta property=\"og:image:type\" content=\"image\/jpeg\" \/>\n<meta name=\"author\" content=\"Comunicaci\u00f3 Esplac\" \/>\n<meta name=\"twitter:card\" content=\"summary_large_image\" \/>\n<meta name=\"twitter:label1\" content=\"Escrito por\" \/>\n\t<meta name=\"twitter:data1\" content=\"Comunicaci\u00f3 Esplac\" \/>\n\t<meta name=\"twitter:label2\" content=\"Tiempo de lectura\" \/>\n\t<meta name=\"twitter:data2\" content=\"7 minutos\" \/>\n<script type=\"application\/ld+json\" class=\"yoast-schema-graph\">{\"@context\":\"https:\\\/\\\/schema.org\",\"@graph\":[{\"@type\":\"Article\",\"@id\":\"https:\\\/\\\/www.esplac.cat\\\/treu-pols-projecte-educatiu\\\/#article\",\"isPartOf\":{\"@id\":\"https:\\\/\\\/www.esplac.cat\\\/treu-pols-projecte-educatiu\\\/\"},\"author\":{\"name\":\"Comunicaci\u00f3 Esplac\",\"@id\":\"https:\\\/\\\/www.esplac.cat\\\/#\\\/schema\\\/person\\\/908383cf240be18b68f8855d0583faca\"},\"headline\":\"10 indicadors que indiquen que el Projecte educatiu de l&#8217;esplai necessita una revisi\u00f3\",\"datePublished\":\"2014-10-24T10:59:43+00:00\",\"dateModified\":\"2019-11-14T11:38:39+00:00\",\"mainEntityOfPage\":{\"@id\":\"https:\\\/\\\/www.esplac.cat\\\/treu-pols-projecte-educatiu\\\/\"},\"wordCount\":1449,\"commentCount\":0,\"publisher\":{\"@id\":\"https:\\\/\\\/www.esplac.cat\\\/#organization\"},\"image\":{\"@id\":\"https:\\\/\\\/www.esplac.cat\\\/treu-pols-projecte-educatiu\\\/#primaryimage\"},\"thumbnailUrl\":\"https:\\\/\\\/www.esplac.cat\\\/wp-content\\\/uploads\\\/2014\\\/10\\\/20141024_TreuPolsPE.jpg\",\"keywords\":[\"monitors i monitores\",\"PE\",\"projecte educatiu\",\"revisi\u00f3 projecte educatiu\"],\"articleSection\":[\"Inf\u00e0ncia i Esplaiada\",\"L\u00ednies pedag\u00f2giques\",\"Recursos\",\"Sense categoria\"],\"inLanguage\":\"es\",\"potentialAction\":[{\"@type\":\"CommentAction\",\"name\":\"Comment\",\"target\":[\"https:\\\/\\\/www.esplac.cat\\\/treu-pols-projecte-educatiu\\\/#respond\"]}]},{\"@type\":\"WebPage\",\"@id\":\"https:\\\/\\\/www.esplac.cat\\\/treu-pols-projecte-educatiu\\\/\",\"url\":\"https:\\\/\\\/www.esplac.cat\\\/treu-pols-projecte-educatiu\\\/\",\"name\":\"10 indicadors que indiquen que el Projecte educatiu de l'esplai necessita una revisi\u00f3 - Esplac\",\"isPartOf\":{\"@id\":\"https:\\\/\\\/www.esplac.cat\\\/#website\"},\"primaryImageOfPage\":{\"@id\":\"https:\\\/\\\/www.esplac.cat\\\/treu-pols-projecte-educatiu\\\/#primaryimage\"},\"image\":{\"@id\":\"https:\\\/\\\/www.esplac.cat\\\/treu-pols-projecte-educatiu\\\/#primaryimage\"},\"thumbnailUrl\":\"https:\\\/\\\/www.esplac.cat\\\/wp-content\\\/uploads\\\/2014\\\/10\\\/20141024_TreuPolsPE.jpg\",\"datePublished\":\"2014-10-24T10:59:43+00:00\",\"dateModified\":\"2019-11-14T11:38:39+00:00\",\"breadcrumb\":{\"@id\":\"https:\\\/\\\/www.esplac.cat\\\/treu-pols-projecte-educatiu\\\/#breadcrumb\"},\"inLanguage\":\"es\",\"potentialAction\":[{\"@type\":\"ReadAction\",\"target\":[\"https:\\\/\\\/www.esplac.cat\\\/treu-pols-projecte-educatiu\\\/\"]}]},{\"@type\":\"ImageObject\",\"inLanguage\":\"es\",\"@id\":\"https:\\\/\\\/www.esplac.cat\\\/treu-pols-projecte-educatiu\\\/#primaryimage\",\"url\":\"https:\\\/\\\/www.esplac.cat\\\/wp-content\\\/uploads\\\/2014\\\/10\\\/20141024_TreuPolsPE.jpg\",\"contentUrl\":\"https:\\\/\\\/www.esplac.cat\\\/wp-content\\\/uploads\\\/2014\\\/10\\\/20141024_TreuPolsPE.jpg\",\"width\":847,\"height\":350},{\"@type\":\"BreadcrumbList\",\"@id\":\"https:\\\/\\\/www.esplac.cat\\\/treu-pols-projecte-educatiu\\\/#breadcrumb\",\"itemListElement\":[{\"@type\":\"ListItem\",\"position\":1,\"name\":\"Inici\",\"item\":\"https:\\\/\\\/www.esplac.cat\\\/es\\\/\"},{\"@type\":\"ListItem\",\"position\":2,\"name\":\"10 indicadors que indiquen que el Projecte educatiu de l&#8217;esplai necessita una revisi\u00f3\"}]},{\"@type\":\"WebSite\",\"@id\":\"https:\\\/\\\/www.esplac.cat\\\/#website\",\"url\":\"https:\\\/\\\/www.esplac.cat\\\/\",\"name\":\"Esplac\",\"description\":\"Esplais Catalans\",\"publisher\":{\"@id\":\"https:\\\/\\\/www.esplac.cat\\\/#organization\"},\"potentialAction\":[{\"@type\":\"SearchAction\",\"target\":{\"@type\":\"EntryPoint\",\"urlTemplate\":\"https:\\\/\\\/www.esplac.cat\\\/?s={search_term_string}\"},\"query-input\":{\"@type\":\"PropertyValueSpecification\",\"valueRequired\":true,\"valueName\":\"search_term_string\"}}],\"inLanguage\":\"es\"},{\"@type\":\"Organization\",\"@id\":\"https:\\\/\\\/www.esplac.cat\\\/#organization\",\"name\":\"Esplac\",\"url\":\"https:\\\/\\\/www.esplac.cat\\\/\",\"logo\":{\"@type\":\"ImageObject\",\"inLanguage\":\"es\",\"@id\":\"https:\\\/\\\/www.esplac.cat\\\/#\\\/schema\\\/logo\\\/image\\\/\",\"url\":\"https:\\\/\\\/www.esplac.cat\\\/wp-content\\\/uploads\\\/2019\\\/08\\\/logox2.png\",\"contentUrl\":\"https:\\\/\\\/www.esplac.cat\\\/wp-content\\\/uploads\\\/2019\\\/08\\\/logox2.png\",\"width\":600,\"height\":295,\"caption\":\"Esplac\"},\"image\":{\"@id\":\"https:\\\/\\\/www.esplac.cat\\\/#\\\/schema\\\/logo\\\/image\\\/\"}},{\"@type\":\"Person\",\"@id\":\"https:\\\/\\\/www.esplac.cat\\\/#\\\/schema\\\/person\\\/908383cf240be18b68f8855d0583faca\",\"name\":\"Comunicaci\u00f3 Esplac\",\"image\":{\"@type\":\"ImageObject\",\"inLanguage\":\"es\",\"@id\":\"https:\\\/\\\/secure.gravatar.com\\\/avatar\\\/7a4cf8feb412a76ea4a740ca02d95b06b2907b5a6c648c2dd0a1082a093c3141?s=96&d=mm&r=g\",\"url\":\"https:\\\/\\\/secure.gravatar.com\\\/avatar\\\/7a4cf8feb412a76ea4a740ca02d95b06b2907b5a6c648c2dd0a1082a093c3141?s=96&d=mm&r=g\",\"contentUrl\":\"https:\\\/\\\/secure.gravatar.com\\\/avatar\\\/7a4cf8feb412a76ea4a740ca02d95b06b2907b5a6c648c2dd0a1082a093c3141?s=96&d=mm&r=g\",\"caption\":\"Comunicaci\u00f3 Esplac\"}}]}<\/script>\n<!-- \/ Yoast SEO plugin. -->","yoast_head_json":{"title":"10 indicadors que indiquen que el Projecte educatiu de l'esplai necessita una revisi\u00f3 - Esplac","robots":{"index":"index","follow":"follow","max-snippet":"max-snippet:-1","max-image-preview":"max-image-preview:large","max-video-preview":"max-video-preview:-1"},"canonical":"https:\/\/www.esplac.cat\/treu-pols-projecte-educatiu\/","og_locale":"es_ES","og_type":"article","og_title":"10 indicadors que indiquen que el Projecte educatiu de l'esplai necessita una revisi\u00f3 - Esplac","og_description":"Escolteu les paraules \u00abprojecte educatiu\u00bb i us envaeix una gran [&hellip;]","og_url":"https:\/\/www.esplac.cat\/treu-pols-projecte-educatiu\/","og_site_name":"Esplac","article_published_time":"2014-10-24T10:59:43+00:00","article_modified_time":"2019-11-14T11:38:39+00:00","og_image":[{"width":847,"height":350,"url":"https:\/\/www.esplac.cat\/wp-content\/uploads\/2014\/10\/20141024_TreuPolsPE.jpg","type":"image\/jpeg"}],"author":"Comunicaci\u00f3 Esplac","twitter_card":"summary_large_image","twitter_misc":{"Escrito por":"Comunicaci\u00f3 Esplac","Tiempo de lectura":"7 minutos"},"schema":{"@context":"https:\/\/schema.org","@graph":[{"@type":"Article","@id":"https:\/\/www.esplac.cat\/treu-pols-projecte-educatiu\/#article","isPartOf":{"@id":"https:\/\/www.esplac.cat\/treu-pols-projecte-educatiu\/"},"author":{"name":"Comunicaci\u00f3 Esplac","@id":"https:\/\/www.esplac.cat\/#\/schema\/person\/908383cf240be18b68f8855d0583faca"},"headline":"10 indicadors que indiquen que el Projecte educatiu de l&#8217;esplai necessita una revisi\u00f3","datePublished":"2014-10-24T10:59:43+00:00","dateModified":"2019-11-14T11:38:39+00:00","mainEntityOfPage":{"@id":"https:\/\/www.esplac.cat\/treu-pols-projecte-educatiu\/"},"wordCount":1449,"commentCount":0,"publisher":{"@id":"https:\/\/www.esplac.cat\/#organization"},"image":{"@id":"https:\/\/www.esplac.cat\/treu-pols-projecte-educatiu\/#primaryimage"},"thumbnailUrl":"https:\/\/www.esplac.cat\/wp-content\/uploads\/2014\/10\/20141024_TreuPolsPE.jpg","keywords":["monitors i monitores","PE","projecte educatiu","revisi\u00f3 projecte educatiu"],"articleSection":["Inf\u00e0ncia i Esplaiada","L\u00ednies pedag\u00f2giques","Recursos","Sense categoria"],"inLanguage":"es","potentialAction":[{"@type":"CommentAction","name":"Comment","target":["https:\/\/www.esplac.cat\/treu-pols-projecte-educatiu\/#respond"]}]},{"@type":"WebPage","@id":"https:\/\/www.esplac.cat\/treu-pols-projecte-educatiu\/","url":"https:\/\/www.esplac.cat\/treu-pols-projecte-educatiu\/","name":"10 indicadors que indiquen que el Projecte educatiu de l'esplai necessita una revisi\u00f3 - Esplac","isPartOf":{"@id":"https:\/\/www.esplac.cat\/#website"},"primaryImageOfPage":{"@id":"https:\/\/www.esplac.cat\/treu-pols-projecte-educatiu\/#primaryimage"},"image":{"@id":"https:\/\/www.esplac.cat\/treu-pols-projecte-educatiu\/#primaryimage"},"thumbnailUrl":"https:\/\/www.esplac.cat\/wp-content\/uploads\/2014\/10\/20141024_TreuPolsPE.jpg","datePublished":"2014-10-24T10:59:43+00:00","dateModified":"2019-11-14T11:38:39+00:00","breadcrumb":{"@id":"https:\/\/www.esplac.cat\/treu-pols-projecte-educatiu\/#breadcrumb"},"inLanguage":"es","potentialAction":[{"@type":"ReadAction","target":["https:\/\/www.esplac.cat\/treu-pols-projecte-educatiu\/"]}]},{"@type":"ImageObject","inLanguage":"es","@id":"https:\/\/www.esplac.cat\/treu-pols-projecte-educatiu\/#primaryimage","url":"https:\/\/www.esplac.cat\/wp-content\/uploads\/2014\/10\/20141024_TreuPolsPE.jpg","contentUrl":"https:\/\/www.esplac.cat\/wp-content\/uploads\/2014\/10\/20141024_TreuPolsPE.jpg","width":847,"height":350},{"@type":"BreadcrumbList","@id":"https:\/\/www.esplac.cat\/treu-pols-projecte-educatiu\/#breadcrumb","itemListElement":[{"@type":"ListItem","position":1,"name":"Inici","item":"https:\/\/www.esplac.cat\/es\/"},{"@type":"ListItem","position":2,"name":"10 indicadors que indiquen que el Projecte educatiu de l&#8217;esplai necessita una revisi\u00f3"}]},{"@type":"WebSite","@id":"https:\/\/www.esplac.cat\/#website","url":"https:\/\/www.esplac.cat\/","name":"Esplac","description":"Esplais Catalans","publisher":{"@id":"https:\/\/www.esplac.cat\/#organization"},"potentialAction":[{"@type":"SearchAction","target":{"@type":"EntryPoint","urlTemplate":"https:\/\/www.esplac.cat\/?s={search_term_string}"},"query-input":{"@type":"PropertyValueSpecification","valueRequired":true,"valueName":"search_term_string"}}],"inLanguage":"es"},{"@type":"Organization","@id":"https:\/\/www.esplac.cat\/#organization","name":"Esplac","url":"https:\/\/www.esplac.cat\/","logo":{"@type":"ImageObject","inLanguage":"es","@id":"https:\/\/www.esplac.cat\/#\/schema\/logo\/image\/","url":"https:\/\/www.esplac.cat\/wp-content\/uploads\/2019\/08\/logox2.png","contentUrl":"https:\/\/www.esplac.cat\/wp-content\/uploads\/2019\/08\/logox2.png","width":600,"height":295,"caption":"Esplac"},"image":{"@id":"https:\/\/www.esplac.cat\/#\/schema\/logo\/image\/"}},{"@type":"Person","@id":"https:\/\/www.esplac.cat\/#\/schema\/person\/908383cf240be18b68f8855d0583faca","name":"Comunicaci\u00f3 Esplac","image":{"@type":"ImageObject","inLanguage":"es","@id":"https:\/\/secure.gravatar.com\/avatar\/7a4cf8feb412a76ea4a740ca02d95b06b2907b5a6c648c2dd0a1082a093c3141?s=96&d=mm&r=g","url":"https:\/\/secure.gravatar.com\/avatar\/7a4cf8feb412a76ea4a740ca02d95b06b2907b5a6c648c2dd0a1082a093c3141?s=96&d=mm&r=g","contentUrl":"https:\/\/secure.gravatar.com\/avatar\/7a4cf8feb412a76ea4a740ca02d95b06b2907b5a6c648c2dd0a1082a093c3141?s=96&d=mm&r=g","caption":"Comunicaci\u00f3 Esplac"}}]}},"_links":{"self":[{"href":"https:\/\/www.esplac.cat\/es\/wp-json\/wp\/v2\/posts\/25703","targetHints":{"allow":["GET"]}}],"collection":[{"href":"https:\/\/www.esplac.cat\/es\/wp-json\/wp\/v2\/posts"}],"about":[{"href":"https:\/\/www.esplac.cat\/es\/wp-json\/wp\/v2\/types\/post"}],"author":[{"embeddable":true,"href":"https:\/\/www.esplac.cat\/es\/wp-json\/wp\/v2\/users\/3"}],"replies":[{"embeddable":true,"href":"https:\/\/www.esplac.cat\/es\/wp-json\/wp\/v2\/comments?post=25703"}],"version-history":[{"count":0,"href":"https:\/\/www.esplac.cat\/es\/wp-json\/wp\/v2\/posts\/25703\/revisions"}],"wp:featuredmedia":[{"embeddable":true,"href":"https:\/\/www.esplac.cat\/es\/wp-json\/wp\/v2\/media\/25426"}],"wp:attachment":[{"href":"https:\/\/www.esplac.cat\/es\/wp-json\/wp\/v2\/media?parent=25703"}],"wp:term":[{"taxonomy":"category","embeddable":true,"href":"https:\/\/www.esplac.cat\/es\/wp-json\/wp\/v2\/categories?post=25703"},{"taxonomy":"post_tag","embeddable":true,"href":"https:\/\/www.esplac.cat\/es\/wp-json\/wp\/v2\/tags?post=25703"}],"curies":[{"name":"wp","href":"https:\/\/api.w.org\/{rel}","templated":true}]}}