{"id":25722,"date":"2014-10-16T13:30:16","date_gmt":"2014-10-16T11:30:16","guid":{"rendered":"http:\/\/esplac.cat\/?p=5533"},"modified":"2014-10-16T13:30:16","modified_gmt":"2014-10-16T11:30:16","slug":"curs-intervencio-abus-sexual-infants","status":"publish","type":"post","link":"https:\/\/www.esplac.cat\/es\/curs-intervencio-abus-sexual-infants\/","title":{"rendered":"Curs d&#8217;intervenci\u00f3 en l&#8217;ab\u00fas sexual a infants"},"content":{"rendered":"<p><!--:CA-->Esplais Catalans vam participar el curs passat en un projecte\u00a0amb\u00a0altres federacions del lleure de Catalunya i la <a title=\"Fundaci\u00f3 Vicki Bernadet\" href=\"http:\/\/www.fbernadet.org\/\" target=\"_blank\" rel=\"noopener noreferrer\">Fundaci\u00f3\u00a0Vicki\u00a0Bernadet<\/a>, per a\u00a0<a title=\"Protocol abusos menos\" href=\"http:\/\/esplac.cat\/grup-treball-protocol-abusos-a-menor\/\" target=\"_blank\" rel=\"noopener noreferrer\">crear un protocol d\u2019actuacions en abusos sexuals i altres maltractaments greus a infants en l\u2019\u00e0mbit del lleure<\/a>.<\/p>\n<p>L&#8217;esplai \u00e9s un lloc on l&#8217;infant hauria de sentir-se en confian\u00e7a per revelar que ha estat o est\u00e0 sent v\u00edctima d\u2019un ab\u00fas i \u00e9s tamb\u00e9 deure nostre com a entitats educatives actuar correctament i frenar aquestes circumst\u00e0ncies. \u00c9s imprescindible tenir present que cal fer un exercici de sensibilitzaci\u00f3 social i, per aix\u00f2, \u00e9s necessari que a l&#8217;esplai adquirim <strong>consci\u00e8ncia, coneixements i eines per a prevenir, detectar i actuar<\/strong> davant de possibles situacions de risc.<\/p>\n<p>A l&#8217;espera de la publicaci\u00f3 d&#8217;aquest protocol, la Fundaci\u00f3\u00a0Vicki\u00a0Bernadet ens proposa participar\u00a0en el curs subvencionat de 20 hores\u00a0<strong>Intervenci\u00f3 en l&#8217;ab\u00fas sexual a menors: prevenci\u00f3, detecci\u00f3, actuaci\u00f3<\/strong>. Es realitzar\u00e0 el <span style=\"text-decoration: underline;\">20 i 27 d\u2019octubre i el 3 i 10 de novembre de 9:30h\u00a0a 14:30h<\/span>\u00a0a Barcelona (carrer Taqu\u00edgraf Mart\u00ed, 30-32, planta baixa, Barcelona).<\/p>\n<p>El <span style=\"text-decoration: underline;\">contingut<\/span> del curs \u00e9s el seg\u00fcent:<\/p>\n<p><strong>CONCEPTUALITZACI\u00d3 de l\u2019ab\u00fas sexual infantil:<\/strong><\/p>\n<ul>\n<li>Definici\u00f3 i tipologia<\/li>\n<li>Falses creences<\/li>\n<li>Incid\u00e8ncia i prevalen\u00e7a<\/li>\n<li>Perfil de l\u2019abusador\/a<\/li>\n<\/ul>\n<p><strong>DETECCI\u00d3 de l\u2019ab\u00fas sexual infantil:<\/strong><\/p>\n<ul>\n<li>Factors de risc<\/li>\n<li>Indicadors<\/li>\n<li>Detecci\u00f3, comunicaci\u00f3 i principis b\u00e0sics d\u2019actuaci\u00f3<\/li>\n<\/ul>\n<p><strong>CONSEQ\u00dc\u00c8NCIES de l\u2019ab\u00fas sexual infantil:<\/strong><\/p>\n<ul>\n<li>Inicials i a llarg termini<\/li>\n<li>Concepte de\u00a0resilience\u00a0o resist\u00e8ncia a l\u2019estr\u00e8s<\/li>\n<\/ul>\n<p><strong>INTERVENCI\u00d3 I TRACTAMENT:<\/strong><\/p>\n<ul>\n<li>Afectat\/da<\/li>\n<li>Menor<\/li>\n<li>Fam\u00edlia<\/li>\n<\/ul>\n<p><strong>PREVENCI\u00d3:<\/strong><\/p>\n<ul>\n<li>Materials audiovisuals<\/li>\n<li>Materials en altres formats<\/li>\n<li><span style=\"text-decoration: underline;\">PROTOCOL DE PREVENCI\u00d3 DELS ABUSOS SEXUALS EN L\u2019\u00c0MBIT DEL LLEURE<\/span><\/li>\n<\/ul>\n<p>Si hi voleu participar, heu d&#8217;enviar un correu electr\u00f2nic <strong>abans del dilluns dia 20 d&#8217;octubre a\u00a0<span style=\"text-decoration: underline;\">formacio@fbernadet.org<\/span><\/strong>, posant en c\u00f2pia a\u00a0<strong>esplac@esplac.cat<\/strong> i especificant el vostre nom, DNI i tel\u00e8fon de contacte. Tamb\u00e9 heu de precisar que pertanyeu a Esplais Catalans i el lloc de la formaci\u00f3 (Barcelona).<!--:--><!--:es-->&nbsp;<\/p>\n<p><!--:--><!--:en-->&nbsp;<\/p>\n<p><!--:--><!--:fr-->&nbsp;<\/p>\n<p><!--:--><\/p>\n","protected":false},"excerpt":{"rendered":"<p>Esplais Catalans vam participar el curs passat en un projecte\u00a0amb\u00a0altres [&hellip;]<\/p>\n","protected":false},"author":3,"featured_media":25163,"comment_status":"open","ping_status":"open","sticky":false,"template":"","format":"standard","meta":{"om_disable_all_campaigns":false,"_monsterinsights_skip_tracking":false,"_monsterinsights_sitenote_active":false,"_monsterinsights_sitenote_note":"","_monsterinsights_sitenote_category":0,"_uf_show_specific_survey":0,"_uf_disable_surveys":false,"footnotes":""},"categories":[1131],"tags":[342,45,54,343,344,345,346],"class_list":["post-25722","post","type-post","status-publish","format-standard","has-post-thumbnail","hentry","category-cursos-formacions","tag-abusos-sexuals","tag-drets-dels-infants","tag-formacio","tag-fundacio-vicki-bernadet","tag-infants","tag-protocol-dactuacions","tag-recursos-pedagogics-2"],"yoast_head":"<!-- This site is optimized with the Yoast SEO plugin v27.5 - https:\/\/yoast.com\/product\/yoast-seo-wordpress\/ -->\n<title>Curs d&#039;intervenci\u00f3 en l&#039;ab\u00fas sexual a infants - Esplac<\/title>\n<meta name=\"robots\" content=\"index, follow, max-snippet:-1, max-image-preview:large, max-video-preview:-1\" \/>\n<link rel=\"canonical\" href=\"https:\/\/www.esplac.cat\/en\/curs-intervencio-abus-sexual-infants\/\" \/>\n<meta property=\"og:locale\" content=\"es_ES\" \/>\n<meta property=\"og:type\" content=\"article\" \/>\n<meta property=\"og:title\" content=\"Curs d&#039;intervenci\u00f3 en l&#039;ab\u00fas sexual a infants - Esplac\" \/>\n<meta property=\"og:description\" content=\"Esplais Catalans vam participar el curs passat en un projecte\u00a0amb\u00a0altres [&hellip;]\" \/>\n<meta property=\"og:url\" content=\"https:\/\/www.esplac.cat\/en\/curs-intervencio-abus-sexual-infants\/\" \/>\n<meta property=\"og:site_name\" content=\"Esplac\" \/>\n<meta property=\"article:published_time\" content=\"2014-10-16T11:30:16+00:00\" \/>\n<meta property=\"og:image\" content=\"https:\/\/www.esplac.cat\/wp-content\/uploads\/2016\/10\/20161004_Formacio_Vicki_Bernadet.jpg\" \/>\n\t<meta property=\"og:image:width\" content=\"847\" \/>\n\t<meta property=\"og:image:height\" content=\"350\" \/>\n\t<meta property=\"og:image:type\" content=\"image\/jpeg\" \/>\n<meta name=\"author\" content=\"Comunicaci\u00f3 Esplac\" \/>\n<meta name=\"twitter:card\" content=\"summary_large_image\" \/>\n<meta name=\"twitter:label1\" content=\"Escrito por\" \/>\n\t<meta name=\"twitter:data1\" content=\"Comunicaci\u00f3 Esplac\" \/>\n\t<meta name=\"twitter:label2\" content=\"Tiempo de lectura\" \/>\n\t<meta name=\"twitter:data2\" content=\"2 minutos\" \/>\n<script type=\"application\/ld+json\" class=\"yoast-schema-graph\">{\"@context\":\"https:\\\/\\\/schema.org\",\"@graph\":[{\"@type\":\"Article\",\"@id\":\"https:\\\/\\\/www.esplac.cat\\\/en\\\/curs-intervencio-abus-sexual-infants\\\/#article\",\"isPartOf\":{\"@id\":\"https:\\\/\\\/www.esplac.cat\\\/en\\\/curs-intervencio-abus-sexual-infants\\\/\"},\"author\":{\"name\":\"Comunicaci\u00f3 Esplac\",\"@id\":\"https:\\\/\\\/www.esplac.cat\\\/#\\\/schema\\\/person\\\/908383cf240be18b68f8855d0583faca\"},\"headline\":\"Curs d&#8217;intervenci\u00f3 en l&#8217;ab\u00fas sexual a infants\",\"datePublished\":\"2014-10-16T11:30:16+00:00\",\"mainEntityOfPage\":{\"@id\":\"https:\\\/\\\/www.esplac.cat\\\/en\\\/curs-intervencio-abus-sexual-infants\\\/\"},\"wordCount\":351,\"commentCount\":0,\"publisher\":{\"@id\":\"https:\\\/\\\/www.esplac.cat\\\/#organization\"},\"image\":{\"@id\":\"https:\\\/\\\/www.esplac.cat\\\/en\\\/curs-intervencio-abus-sexual-infants\\\/#primaryimage\"},\"thumbnailUrl\":\"https:\\\/\\\/www.esplac.cat\\\/wp-content\\\/uploads\\\/2016\\\/10\\\/20161004_Formacio_Vicki_Bernadet.jpg\",\"keywords\":[\"abusos sexuals\",\"drets dels infants\",\"formaci\u00f3\",\"Fundaci\u00f3 Vicki Bernadet\",\"infants\",\"Protocol d'actuacions\",\"recursos pedag\u00f2gics\"],\"articleSection\":[\"Cursos i formacions\"],\"inLanguage\":\"es\",\"potentialAction\":[{\"@type\":\"CommentAction\",\"name\":\"Comment\",\"target\":[\"https:\\\/\\\/www.esplac.cat\\\/en\\\/curs-intervencio-abus-sexual-infants\\\/#respond\"]}]},{\"@type\":\"WebPage\",\"@id\":\"https:\\\/\\\/www.esplac.cat\\\/en\\\/curs-intervencio-abus-sexual-infants\\\/\",\"url\":\"https:\\\/\\\/www.esplac.cat\\\/en\\\/curs-intervencio-abus-sexual-infants\\\/\",\"name\":\"Curs d'intervenci\u00f3 en l'ab\u00fas sexual a infants - Esplac\",\"isPartOf\":{\"@id\":\"https:\\\/\\\/www.esplac.cat\\\/#website\"},\"primaryImageOfPage\":{\"@id\":\"https:\\\/\\\/www.esplac.cat\\\/en\\\/curs-intervencio-abus-sexual-infants\\\/#primaryimage\"},\"image\":{\"@id\":\"https:\\\/\\\/www.esplac.cat\\\/en\\\/curs-intervencio-abus-sexual-infants\\\/#primaryimage\"},\"thumbnailUrl\":\"https:\\\/\\\/www.esplac.cat\\\/wp-content\\\/uploads\\\/2016\\\/10\\\/20161004_Formacio_Vicki_Bernadet.jpg\",\"datePublished\":\"2014-10-16T11:30:16+00:00\",\"breadcrumb\":{\"@id\":\"https:\\\/\\\/www.esplac.cat\\\/en\\\/curs-intervencio-abus-sexual-infants\\\/#breadcrumb\"},\"inLanguage\":\"es\",\"potentialAction\":[{\"@type\":\"ReadAction\",\"target\":[\"https:\\\/\\\/www.esplac.cat\\\/en\\\/curs-intervencio-abus-sexual-infants\\\/\"]}]},{\"@type\":\"ImageObject\",\"inLanguage\":\"es\",\"@id\":\"https:\\\/\\\/www.esplac.cat\\\/en\\\/curs-intervencio-abus-sexual-infants\\\/#primaryimage\",\"url\":\"https:\\\/\\\/www.esplac.cat\\\/wp-content\\\/uploads\\\/2016\\\/10\\\/20161004_Formacio_Vicki_Bernadet.jpg\",\"contentUrl\":\"https:\\\/\\\/www.esplac.cat\\\/wp-content\\\/uploads\\\/2016\\\/10\\\/20161004_Formacio_Vicki_Bernadet.jpg\",\"width\":847,\"height\":350},{\"@type\":\"BreadcrumbList\",\"@id\":\"https:\\\/\\\/www.esplac.cat\\\/en\\\/curs-intervencio-abus-sexual-infants\\\/#breadcrumb\",\"itemListElement\":[{\"@type\":\"ListItem\",\"position\":1,\"name\":\"Inici\",\"item\":\"https:\\\/\\\/www.esplac.cat\\\/es\\\/\"},{\"@type\":\"ListItem\",\"position\":2,\"name\":\"Curs d&#8217;intervenci\u00f3 en l&#8217;ab\u00fas sexual a infants\"}]},{\"@type\":\"WebSite\",\"@id\":\"https:\\\/\\\/www.esplac.cat\\\/#website\",\"url\":\"https:\\\/\\\/www.esplac.cat\\\/\",\"name\":\"Esplac\",\"description\":\"Esplais Catalans\",\"publisher\":{\"@id\":\"https:\\\/\\\/www.esplac.cat\\\/#organization\"},\"potentialAction\":[{\"@type\":\"SearchAction\",\"target\":{\"@type\":\"EntryPoint\",\"urlTemplate\":\"https:\\\/\\\/www.esplac.cat\\\/?s={search_term_string}\"},\"query-input\":{\"@type\":\"PropertyValueSpecification\",\"valueRequired\":true,\"valueName\":\"search_term_string\"}}],\"inLanguage\":\"es\"},{\"@type\":\"Organization\",\"@id\":\"https:\\\/\\\/www.esplac.cat\\\/#organization\",\"name\":\"Esplac\",\"url\":\"https:\\\/\\\/www.esplac.cat\\\/\",\"logo\":{\"@type\":\"ImageObject\",\"inLanguage\":\"es\",\"@id\":\"https:\\\/\\\/www.esplac.cat\\\/#\\\/schema\\\/logo\\\/image\\\/\",\"url\":\"https:\\\/\\\/www.esplac.cat\\\/wp-content\\\/uploads\\\/2019\\\/08\\\/logox2.png\",\"contentUrl\":\"https:\\\/\\\/www.esplac.cat\\\/wp-content\\\/uploads\\\/2019\\\/08\\\/logox2.png\",\"width\":600,\"height\":295,\"caption\":\"Esplac\"},\"image\":{\"@id\":\"https:\\\/\\\/www.esplac.cat\\\/#\\\/schema\\\/logo\\\/image\\\/\"}},{\"@type\":\"Person\",\"@id\":\"https:\\\/\\\/www.esplac.cat\\\/#\\\/schema\\\/person\\\/908383cf240be18b68f8855d0583faca\",\"name\":\"Comunicaci\u00f3 Esplac\",\"image\":{\"@type\":\"ImageObject\",\"inLanguage\":\"es\",\"@id\":\"https:\\\/\\\/secure.gravatar.com\\\/avatar\\\/7a4cf8feb412a76ea4a740ca02d95b06b2907b5a6c648c2dd0a1082a093c3141?s=96&d=mm&r=g\",\"url\":\"https:\\\/\\\/secure.gravatar.com\\\/avatar\\\/7a4cf8feb412a76ea4a740ca02d95b06b2907b5a6c648c2dd0a1082a093c3141?s=96&d=mm&r=g\",\"contentUrl\":\"https:\\\/\\\/secure.gravatar.com\\\/avatar\\\/7a4cf8feb412a76ea4a740ca02d95b06b2907b5a6c648c2dd0a1082a093c3141?s=96&d=mm&r=g\",\"caption\":\"Comunicaci\u00f3 Esplac\"}}]}<\/script>\n<!-- \/ Yoast SEO plugin. -->","yoast_head_json":{"title":"Curs d'intervenci\u00f3 en l'ab\u00fas sexual a infants - Esplac","robots":{"index":"index","follow":"follow","max-snippet":"max-snippet:-1","max-image-preview":"max-image-preview:large","max-video-preview":"max-video-preview:-1"},"canonical":"https:\/\/www.esplac.cat\/en\/curs-intervencio-abus-sexual-infants\/","og_locale":"es_ES","og_type":"article","og_title":"Curs d'intervenci\u00f3 en l'ab\u00fas sexual a infants - Esplac","og_description":"Esplais Catalans vam participar el curs passat en un projecte\u00a0amb\u00a0altres [&hellip;]","og_url":"https:\/\/www.esplac.cat\/en\/curs-intervencio-abus-sexual-infants\/","og_site_name":"Esplac","article_published_time":"2014-10-16T11:30:16+00:00","og_image":[{"width":847,"height":350,"url":"https:\/\/www.esplac.cat\/wp-content\/uploads\/2016\/10\/20161004_Formacio_Vicki_Bernadet.jpg","type":"image\/jpeg"}],"author":"Comunicaci\u00f3 Esplac","twitter_card":"summary_large_image","twitter_misc":{"Escrito por":"Comunicaci\u00f3 Esplac","Tiempo de lectura":"2 minutos"},"schema":{"@context":"https:\/\/schema.org","@graph":[{"@type":"Article","@id":"https:\/\/www.esplac.cat\/en\/curs-intervencio-abus-sexual-infants\/#article","isPartOf":{"@id":"https:\/\/www.esplac.cat\/en\/curs-intervencio-abus-sexual-infants\/"},"author":{"name":"Comunicaci\u00f3 Esplac","@id":"https:\/\/www.esplac.cat\/#\/schema\/person\/908383cf240be18b68f8855d0583faca"},"headline":"Curs d&#8217;intervenci\u00f3 en l&#8217;ab\u00fas sexual a infants","datePublished":"2014-10-16T11:30:16+00:00","mainEntityOfPage":{"@id":"https:\/\/www.esplac.cat\/en\/curs-intervencio-abus-sexual-infants\/"},"wordCount":351,"commentCount":0,"publisher":{"@id":"https:\/\/www.esplac.cat\/#organization"},"image":{"@id":"https:\/\/www.esplac.cat\/en\/curs-intervencio-abus-sexual-infants\/#primaryimage"},"thumbnailUrl":"https:\/\/www.esplac.cat\/wp-content\/uploads\/2016\/10\/20161004_Formacio_Vicki_Bernadet.jpg","keywords":["abusos sexuals","drets dels infants","formaci\u00f3","Fundaci\u00f3 Vicki Bernadet","infants","Protocol d'actuacions","recursos pedag\u00f2gics"],"articleSection":["Cursos i formacions"],"inLanguage":"es","potentialAction":[{"@type":"CommentAction","name":"Comment","target":["https:\/\/www.esplac.cat\/en\/curs-intervencio-abus-sexual-infants\/#respond"]}]},{"@type":"WebPage","@id":"https:\/\/www.esplac.cat\/en\/curs-intervencio-abus-sexual-infants\/","url":"https:\/\/www.esplac.cat\/en\/curs-intervencio-abus-sexual-infants\/","name":"Curs d'intervenci\u00f3 en l'ab\u00fas sexual a infants - Esplac","isPartOf":{"@id":"https:\/\/www.esplac.cat\/#website"},"primaryImageOfPage":{"@id":"https:\/\/www.esplac.cat\/en\/curs-intervencio-abus-sexual-infants\/#primaryimage"},"image":{"@id":"https:\/\/www.esplac.cat\/en\/curs-intervencio-abus-sexual-infants\/#primaryimage"},"thumbnailUrl":"https:\/\/www.esplac.cat\/wp-content\/uploads\/2016\/10\/20161004_Formacio_Vicki_Bernadet.jpg","datePublished":"2014-10-16T11:30:16+00:00","breadcrumb":{"@id":"https:\/\/www.esplac.cat\/en\/curs-intervencio-abus-sexual-infants\/#breadcrumb"},"inLanguage":"es","potentialAction":[{"@type":"ReadAction","target":["https:\/\/www.esplac.cat\/en\/curs-intervencio-abus-sexual-infants\/"]}]},{"@type":"ImageObject","inLanguage":"es","@id":"https:\/\/www.esplac.cat\/en\/curs-intervencio-abus-sexual-infants\/#primaryimage","url":"https:\/\/www.esplac.cat\/wp-content\/uploads\/2016\/10\/20161004_Formacio_Vicki_Bernadet.jpg","contentUrl":"https:\/\/www.esplac.cat\/wp-content\/uploads\/2016\/10\/20161004_Formacio_Vicki_Bernadet.jpg","width":847,"height":350},{"@type":"BreadcrumbList","@id":"https:\/\/www.esplac.cat\/en\/curs-intervencio-abus-sexual-infants\/#breadcrumb","itemListElement":[{"@type":"ListItem","position":1,"name":"Inici","item":"https:\/\/www.esplac.cat\/es\/"},{"@type":"ListItem","position":2,"name":"Curs d&#8217;intervenci\u00f3 en l&#8217;ab\u00fas sexual a infants"}]},{"@type":"WebSite","@id":"https:\/\/www.esplac.cat\/#website","url":"https:\/\/www.esplac.cat\/","name":"Esplac","description":"Esplais Catalans","publisher":{"@id":"https:\/\/www.esplac.cat\/#organization"},"potentialAction":[{"@type":"SearchAction","target":{"@type":"EntryPoint","urlTemplate":"https:\/\/www.esplac.cat\/?s={search_term_string}"},"query-input":{"@type":"PropertyValueSpecification","valueRequired":true,"valueName":"search_term_string"}}],"inLanguage":"es"},{"@type":"Organization","@id":"https:\/\/www.esplac.cat\/#organization","name":"Esplac","url":"https:\/\/www.esplac.cat\/","logo":{"@type":"ImageObject","inLanguage":"es","@id":"https:\/\/www.esplac.cat\/#\/schema\/logo\/image\/","url":"https:\/\/www.esplac.cat\/wp-content\/uploads\/2019\/08\/logox2.png","contentUrl":"https:\/\/www.esplac.cat\/wp-content\/uploads\/2019\/08\/logox2.png","width":600,"height":295,"caption":"Esplac"},"image":{"@id":"https:\/\/www.esplac.cat\/#\/schema\/logo\/image\/"}},{"@type":"Person","@id":"https:\/\/www.esplac.cat\/#\/schema\/person\/908383cf240be18b68f8855d0583faca","name":"Comunicaci\u00f3 Esplac","image":{"@type":"ImageObject","inLanguage":"es","@id":"https:\/\/secure.gravatar.com\/avatar\/7a4cf8feb412a76ea4a740ca02d95b06b2907b5a6c648c2dd0a1082a093c3141?s=96&d=mm&r=g","url":"https:\/\/secure.gravatar.com\/avatar\/7a4cf8feb412a76ea4a740ca02d95b06b2907b5a6c648c2dd0a1082a093c3141?s=96&d=mm&r=g","contentUrl":"https:\/\/secure.gravatar.com\/avatar\/7a4cf8feb412a76ea4a740ca02d95b06b2907b5a6c648c2dd0a1082a093c3141?s=96&d=mm&r=g","caption":"Comunicaci\u00f3 Esplac"}}]}},"_links":{"self":[{"href":"https:\/\/www.esplac.cat\/es\/wp-json\/wp\/v2\/posts\/25722","targetHints":{"allow":["GET"]}}],"collection":[{"href":"https:\/\/www.esplac.cat\/es\/wp-json\/wp\/v2\/posts"}],"about":[{"href":"https:\/\/www.esplac.cat\/es\/wp-json\/wp\/v2\/types\/post"}],"author":[{"embeddable":true,"href":"https:\/\/www.esplac.cat\/es\/wp-json\/wp\/v2\/users\/3"}],"replies":[{"embeddable":true,"href":"https:\/\/www.esplac.cat\/es\/wp-json\/wp\/v2\/comments?post=25722"}],"version-history":[{"count":0,"href":"https:\/\/www.esplac.cat\/es\/wp-json\/wp\/v2\/posts\/25722\/revisions"}],"wp:featuredmedia":[{"embeddable":true,"href":"https:\/\/www.esplac.cat\/es\/wp-json\/wp\/v2\/media\/25163"}],"wp:attachment":[{"href":"https:\/\/www.esplac.cat\/es\/wp-json\/wp\/v2\/media?parent=25722"}],"wp:term":[{"taxonomy":"category","embeddable":true,"href":"https:\/\/www.esplac.cat\/es\/wp-json\/wp\/v2\/categories?post=25722"},{"taxonomy":"post_tag","embeddable":true,"href":"https:\/\/www.esplac.cat\/es\/wp-json\/wp\/v2\/tags?post=25722"}],"curies":[{"name":"wp","href":"https:\/\/api.w.org\/{rel}","templated":true}]}}