{"id":25726,"date":"2014-10-07T14:20:55","date_gmt":"2014-10-07T12:20:55","guid":{"rendered":"http:\/\/esplac.cat\/?p=5466"},"modified":"2014-10-07T14:20:55","modified_gmt":"2014-10-07T12:20:55","slug":"placa-de-coordinadora-de-projectes-dels-sectors-camp-de-tarragona-i-penedes-garraf","status":"publish","type":"post","link":"https:\/\/www.esplac.cat\/es\/placa-de-coordinadora-de-projectes-dels-sectors-camp-de-tarragona-i-penedes-garraf\/","title":{"rendered":"Pla\u00e7a de coordinador\/a de projectes dels Sectors Camp de Tarragona i Pened\u00e8s-Garraf"},"content":{"rendered":"<p><!--:CA-->Volem comunicar-vos que hem obert un termini per a la presentaci\u00f3 de curr\u00edculums amb l\u2019objectiu de cobrir una pla\u00e7a de Coordinador\/a de Projectes dels Sectors Geogr\u00e0fics del Camp de Tarragona i el Pened\u00e8s-Garraf d&#8217;Esplais Catalans. El termini finalitza el dia <strong>12 d&#8217;octubre de 2014<\/strong>. Els curr\u00edculums i les cartes de motivaci\u00f3 les heu de fer arribar a esplac@esplac.cat amb la refer\u00e8ncia <strong>ST_CDTPG<\/strong> a l&#8217;assumpte del mail.<\/p>\n<p><strong>Funcions:<\/strong><\/p>\n<p>\u2022 Coordinar i desenvolupar el suport associatiu i pedag\u00f2gic als esplais.<\/p>\n<p>\u2022 Assistir a les reunions de Sector i a les de l&#8217;Equip general de sector que s&#8217;escaiguin.<\/p>\n<p>\u2022 Suport al funcionament, activitats i projectes definits en el Pla de treball del Sector geogr\u00e0fic.<\/p>\n<p>\u2022 Redacci\u00f3, seguiment i avaluaci\u00f3 dels projectes definits en el Pla de treball d&#8217;Esplais Catalans.<\/p>\n<p>\u2022 Coordinaci\u00f3 amb la Secretaria t\u00e8cnica per a les funcions assignades i d&#8217;altres que puguin sorgir com part de l&#8217;equip.<\/p>\n<p><strong>Es demana:<\/strong><\/p>\n<p>\u2022 Titulaci\u00f3 universit\u00e0ria en el camp de l\u2019educaci\u00f3 i\/o social o en proc\u00e9s d&#8217;obtenir-la.<\/p>\n<p>\u2022 T\u00edtol de Director\/a d\u2019entitats de lleure infantil i juvenil.<\/p>\n<p>\u2022 Tenir menys de 30 anys.<\/p>\n<p>\u2022 Nivell alt de catal\u00e0 i compet\u00e8ncia escrita.<\/p>\n<p>\u2022 Coneixement de l&#8217;elaboraci\u00f3 de projectes, mem\u00f2ries i altra documentaci\u00f3.<\/p>\n<p>\u2022 Coneixement i experi\u00e8ncia en l&#8217;\u00e0mbit de l&#8217;associacionisme educatiu i els esplais.<\/p>\n<p>\u2022 Coneixements d&#8217;entorn Linux: LibreOffice, gesti\u00f3 de correu i Internet.<\/p>\n<p>\u2022 Capacitat d&#8217;organitzaci\u00f3 i gesti\u00f3 del temps.<\/p>\n<p>\u2022 Capacitat de treball en equip i autonomia personal.<\/p>\n<p>\u2022 Capacitat de flexibilitat i adaptabilitat.<\/p>\n<p>\u2022 Assist\u00e8ncia a reunions o activitats d\u2019especial inter\u00e8s fora de l\u2019horari laboral.<\/p>\n<p>\u2022 Vocaci\u00f3 de servei als esplais i comprom\u00eds amb els valors d&#8217;Esplais Catalans.<\/p>\n<p>\u2022 Carnet de conduir i vehicle propi.<\/p>\n<p><strong>Es valorar\u00e0:<\/strong><\/p>\n<p>\u2022 Experi\u00e8ncia com a responsable d\u2019esplai.<\/p>\n<p>\u2022 Experi\u00e8ncia en les funcions descrites.<\/p>\n<p>\u2022 Coneixement d\u2019idiomes.<\/p>\n<p>\u2022 Coneixement en temes espec\u00edfics relacionats amb el projecte educatiu d&#8217;Esplais Catalans.<\/p>\n<p><strong>Condicions laborals:<\/strong><\/p>\n<p>\u2022 Contracte de 20 hores setmanals. Sou segons l\u2019escala salarial de l\u2019entitat (11.450 \u20ac bruts anuals).<\/p>\n<p>\u2022 Incorporaci\u00f3 el 20\/10\/14.<\/p>\n<p>\u2022 Lloc de treball habitual: Tarragona, Vilafranca i Barcelona.<\/p>\n<p>Tot esperant rebre les vostres sol\u00b7licituds, rebeu una molt cordial salutaci\u00f3.<!--:--><!--:es-->&nbsp;<\/p>\n<p><!--:--><!--:en-->&nbsp;<\/p>\n<p><!--:--><!--:fr-->&nbsp;<\/p>\n<p><!--:--><\/p>\n","protected":false},"excerpt":{"rendered":"<p>Volem comunicar-vos que hem obert un termini per a la [&hellip;]<\/p>\n","protected":false},"author":3,"featured_media":25628,"comment_status":"open","ping_status":"open","sticky":false,"template":"","format":"standard","meta":{"om_disable_all_campaigns":false,"_monsterinsights_skip_tracking":false,"_monsterinsights_sitenote_active":false,"_monsterinsights_sitenote_note":"","_monsterinsights_sitenote_category":0,"_uf_show_specific_survey":0,"_uf_disable_surveys":false,"footnotes":""},"categories":[1110,1116,1122,1123],"tags":[329,306,330,331,120],"class_list":["post-25726","post","type-post","status-publish","format-standard","has-post-thumbnail","hentry","category-activitats-sectors","category-secretaria-esplac","category-sector-camp-de-tarragona","category-sector-penedes-garraf-anoia","tag-coordinador-de-projectes","tag-feina","tag-oferta-feina","tag-penedes-garraf","tag-sector-camp-de-tarragona"],"yoast_head":"<!-- This site is optimized with the Yoast SEO plugin v27.4 - https:\/\/yoast.com\/product\/yoast-seo-wordpress\/ -->\n<title>Pla\u00e7a de coordinador\/a de projectes dels Sectors Camp de Tarragona i Pened\u00e8s-Garraf - Esplac<\/title>\n<meta name=\"robots\" content=\"index, follow, max-snippet:-1, max-image-preview:large, max-video-preview:-1\" \/>\n<link rel=\"canonical\" href=\"https:\/\/www.esplac.cat\/es\/placa-de-coordinadora-de-projectes-dels-sectors-camp-de-tarragona-i-penedes-garraf\/\" \/>\n<meta property=\"og:locale\" content=\"es_ES\" \/>\n<meta property=\"og:type\" content=\"article\" \/>\n<meta property=\"og:title\" content=\"Pla\u00e7a de coordinador\/a de projectes dels Sectors Camp de Tarragona i Pened\u00e8s-Garraf - Esplac\" \/>\n<meta property=\"og:description\" content=\"Volem comunicar-vos que hem obert un termini per a la [&hellip;]\" \/>\n<meta property=\"og:url\" content=\"https:\/\/www.esplac.cat\/es\/placa-de-coordinadora-de-projectes-dels-sectors-camp-de-tarragona-i-penedes-garraf\/\" \/>\n<meta property=\"og:site_name\" content=\"Esplac\" \/>\n<meta property=\"article:published_time\" content=\"2014-10-07T12:20:55+00:00\" \/>\n<meta property=\"og:image\" content=\"https:\/\/www.esplac.cat\/wp-content\/uploads\/2013\/02\/DSC08098.jpg\" \/>\n\t<meta property=\"og:image:width\" content=\"3872\" \/>\n\t<meta property=\"og:image:height\" content=\"2176\" \/>\n\t<meta property=\"og:image:type\" content=\"image\/jpeg\" \/>\n<meta name=\"author\" content=\"Comunicaci\u00f3 Esplac\" \/>\n<meta name=\"twitter:card\" content=\"summary_large_image\" \/>\n<meta name=\"twitter:label1\" content=\"Escrito por\" \/>\n\t<meta name=\"twitter:data1\" content=\"Comunicaci\u00f3 Esplac\" \/>\n\t<meta name=\"twitter:label2\" content=\"Tiempo de lectura\" \/>\n\t<meta name=\"twitter:data2\" content=\"2 minutos\" \/>\n<script type=\"application\/ld+json\" class=\"yoast-schema-graph\">{\"@context\":\"https:\\\/\\\/schema.org\",\"@graph\":[{\"@type\":\"Article\",\"@id\":\"https:\\\/\\\/www.esplac.cat\\\/es\\\/placa-de-coordinadora-de-projectes-dels-sectors-camp-de-tarragona-i-penedes-garraf\\\/#article\",\"isPartOf\":{\"@id\":\"https:\\\/\\\/www.esplac.cat\\\/es\\\/placa-de-coordinadora-de-projectes-dels-sectors-camp-de-tarragona-i-penedes-garraf\\\/\"},\"author\":{\"name\":\"Comunicaci\u00f3 Esplac\",\"@id\":\"https:\\\/\\\/www.esplac.cat\\\/#\\\/schema\\\/person\\\/908383cf240be18b68f8855d0583faca\"},\"headline\":\"Pla\u00e7a de coordinador\\\/a de projectes dels Sectors Camp de Tarragona i Pened\u00e8s-Garraf\",\"datePublished\":\"2014-10-07T12:20:55+00:00\",\"mainEntityOfPage\":{\"@id\":\"https:\\\/\\\/www.esplac.cat\\\/es\\\/placa-de-coordinadora-de-projectes-dels-sectors-camp-de-tarragona-i-penedes-garraf\\\/\"},\"wordCount\":382,\"commentCount\":0,\"publisher\":{\"@id\":\"https:\\\/\\\/www.esplac.cat\\\/#organization\"},\"image\":{\"@id\":\"https:\\\/\\\/www.esplac.cat\\\/es\\\/placa-de-coordinadora-de-projectes-dels-sectors-camp-de-tarragona-i-penedes-garraf\\\/#primaryimage\"},\"thumbnailUrl\":\"https:\\\/\\\/www.esplac.cat\\\/wp-content\\\/uploads\\\/2013\\\/02\\\/DSC08098.jpg\",\"keywords\":[\"coordinador de projectes\",\"feina\",\"oferta feina\",\"Pened\u00e8s Garraf\",\"sector Camp de Tarragona\"],\"articleSection\":[\"Activitats sectors\",\"Secretaria T\u00e8cnica\",\"Sector Camp de Tarragona\",\"Sector Pened\u00e8s, Garraf i Anoia\"],\"inLanguage\":\"es\",\"potentialAction\":[{\"@type\":\"CommentAction\",\"name\":\"Comment\",\"target\":[\"https:\\\/\\\/www.esplac.cat\\\/es\\\/placa-de-coordinadora-de-projectes-dels-sectors-camp-de-tarragona-i-penedes-garraf\\\/#respond\"]}]},{\"@type\":\"WebPage\",\"@id\":\"https:\\\/\\\/www.esplac.cat\\\/es\\\/placa-de-coordinadora-de-projectes-dels-sectors-camp-de-tarragona-i-penedes-garraf\\\/\",\"url\":\"https:\\\/\\\/www.esplac.cat\\\/es\\\/placa-de-coordinadora-de-projectes-dels-sectors-camp-de-tarragona-i-penedes-garraf\\\/\",\"name\":\"Pla\u00e7a de coordinador\\\/a de projectes dels Sectors Camp de Tarragona i Pened\u00e8s-Garraf - Esplac\",\"isPartOf\":{\"@id\":\"https:\\\/\\\/www.esplac.cat\\\/#website\"},\"primaryImageOfPage\":{\"@id\":\"https:\\\/\\\/www.esplac.cat\\\/es\\\/placa-de-coordinadora-de-projectes-dels-sectors-camp-de-tarragona-i-penedes-garraf\\\/#primaryimage\"},\"image\":{\"@id\":\"https:\\\/\\\/www.esplac.cat\\\/es\\\/placa-de-coordinadora-de-projectes-dels-sectors-camp-de-tarragona-i-penedes-garraf\\\/#primaryimage\"},\"thumbnailUrl\":\"https:\\\/\\\/www.esplac.cat\\\/wp-content\\\/uploads\\\/2013\\\/02\\\/DSC08098.jpg\",\"datePublished\":\"2014-10-07T12:20:55+00:00\",\"breadcrumb\":{\"@id\":\"https:\\\/\\\/www.esplac.cat\\\/es\\\/placa-de-coordinadora-de-projectes-dels-sectors-camp-de-tarragona-i-penedes-garraf\\\/#breadcrumb\"},\"inLanguage\":\"es\",\"potentialAction\":[{\"@type\":\"ReadAction\",\"target\":[\"https:\\\/\\\/www.esplac.cat\\\/es\\\/placa-de-coordinadora-de-projectes-dels-sectors-camp-de-tarragona-i-penedes-garraf\\\/\"]}]},{\"@type\":\"ImageObject\",\"inLanguage\":\"es\",\"@id\":\"https:\\\/\\\/www.esplac.cat\\\/es\\\/placa-de-coordinadora-de-projectes-dels-sectors-camp-de-tarragona-i-penedes-garraf\\\/#primaryimage\",\"url\":\"https:\\\/\\\/www.esplac.cat\\\/wp-content\\\/uploads\\\/2013\\\/02\\\/DSC08098.jpg\",\"contentUrl\":\"https:\\\/\\\/www.esplac.cat\\\/wp-content\\\/uploads\\\/2013\\\/02\\\/DSC08098.jpg\",\"width\":3872,\"height\":2176},{\"@type\":\"BreadcrumbList\",\"@id\":\"https:\\\/\\\/www.esplac.cat\\\/es\\\/placa-de-coordinadora-de-projectes-dels-sectors-camp-de-tarragona-i-penedes-garraf\\\/#breadcrumb\",\"itemListElement\":[{\"@type\":\"ListItem\",\"position\":1,\"name\":\"Inici\",\"item\":\"https:\\\/\\\/www.esplac.cat\\\/es\\\/\"},{\"@type\":\"ListItem\",\"position\":2,\"name\":\"Pla\u00e7a de coordinador\\\/a de projectes dels Sectors Camp de Tarragona i Pened\u00e8s-Garraf\"}]},{\"@type\":\"WebSite\",\"@id\":\"https:\\\/\\\/www.esplac.cat\\\/#website\",\"url\":\"https:\\\/\\\/www.esplac.cat\\\/\",\"name\":\"Esplac\",\"description\":\"Esplais Catalans\",\"publisher\":{\"@id\":\"https:\\\/\\\/www.esplac.cat\\\/#organization\"},\"potentialAction\":[{\"@type\":\"SearchAction\",\"target\":{\"@type\":\"EntryPoint\",\"urlTemplate\":\"https:\\\/\\\/www.esplac.cat\\\/?s={search_term_string}\"},\"query-input\":{\"@type\":\"PropertyValueSpecification\",\"valueRequired\":true,\"valueName\":\"search_term_string\"}}],\"inLanguage\":\"es\"},{\"@type\":\"Organization\",\"@id\":\"https:\\\/\\\/www.esplac.cat\\\/#organization\",\"name\":\"Esplac\",\"url\":\"https:\\\/\\\/www.esplac.cat\\\/\",\"logo\":{\"@type\":\"ImageObject\",\"inLanguage\":\"es\",\"@id\":\"https:\\\/\\\/www.esplac.cat\\\/#\\\/schema\\\/logo\\\/image\\\/\",\"url\":\"https:\\\/\\\/www.esplac.cat\\\/wp-content\\\/uploads\\\/2019\\\/08\\\/logox2.png\",\"contentUrl\":\"https:\\\/\\\/www.esplac.cat\\\/wp-content\\\/uploads\\\/2019\\\/08\\\/logox2.png\",\"width\":600,\"height\":295,\"caption\":\"Esplac\"},\"image\":{\"@id\":\"https:\\\/\\\/www.esplac.cat\\\/#\\\/schema\\\/logo\\\/image\\\/\"}},{\"@type\":\"Person\",\"@id\":\"https:\\\/\\\/www.esplac.cat\\\/#\\\/schema\\\/person\\\/908383cf240be18b68f8855d0583faca\",\"name\":\"Comunicaci\u00f3 Esplac\",\"image\":{\"@type\":\"ImageObject\",\"inLanguage\":\"es\",\"@id\":\"https:\\\/\\\/secure.gravatar.com\\\/avatar\\\/7a4cf8feb412a76ea4a740ca02d95b06b2907b5a6c648c2dd0a1082a093c3141?s=96&d=mm&r=g\",\"url\":\"https:\\\/\\\/secure.gravatar.com\\\/avatar\\\/7a4cf8feb412a76ea4a740ca02d95b06b2907b5a6c648c2dd0a1082a093c3141?s=96&d=mm&r=g\",\"contentUrl\":\"https:\\\/\\\/secure.gravatar.com\\\/avatar\\\/7a4cf8feb412a76ea4a740ca02d95b06b2907b5a6c648c2dd0a1082a093c3141?s=96&d=mm&r=g\",\"caption\":\"Comunicaci\u00f3 Esplac\"}}]}<\/script>\n<!-- \/ Yoast SEO plugin. -->","yoast_head_json":{"title":"Pla\u00e7a de coordinador\/a de projectes dels Sectors Camp de Tarragona i Pened\u00e8s-Garraf - Esplac","robots":{"index":"index","follow":"follow","max-snippet":"max-snippet:-1","max-image-preview":"max-image-preview:large","max-video-preview":"max-video-preview:-1"},"canonical":"https:\/\/www.esplac.cat\/es\/placa-de-coordinadora-de-projectes-dels-sectors-camp-de-tarragona-i-penedes-garraf\/","og_locale":"es_ES","og_type":"article","og_title":"Pla\u00e7a de coordinador\/a de projectes dels Sectors Camp de Tarragona i Pened\u00e8s-Garraf - Esplac","og_description":"Volem comunicar-vos que hem obert un termini per a la [&hellip;]","og_url":"https:\/\/www.esplac.cat\/es\/placa-de-coordinadora-de-projectes-dels-sectors-camp-de-tarragona-i-penedes-garraf\/","og_site_name":"Esplac","article_published_time":"2014-10-07T12:20:55+00:00","og_image":[{"width":3872,"height":2176,"url":"https:\/\/www.esplac.cat\/wp-content\/uploads\/2013\/02\/DSC08098.jpg","type":"image\/jpeg"}],"author":"Comunicaci\u00f3 Esplac","twitter_card":"summary_large_image","twitter_misc":{"Escrito por":"Comunicaci\u00f3 Esplac","Tiempo de lectura":"2 minutos"},"schema":{"@context":"https:\/\/schema.org","@graph":[{"@type":"Article","@id":"https:\/\/www.esplac.cat\/es\/placa-de-coordinadora-de-projectes-dels-sectors-camp-de-tarragona-i-penedes-garraf\/#article","isPartOf":{"@id":"https:\/\/www.esplac.cat\/es\/placa-de-coordinadora-de-projectes-dels-sectors-camp-de-tarragona-i-penedes-garraf\/"},"author":{"name":"Comunicaci\u00f3 Esplac","@id":"https:\/\/www.esplac.cat\/#\/schema\/person\/908383cf240be18b68f8855d0583faca"},"headline":"Pla\u00e7a de coordinador\/a de projectes dels Sectors Camp de Tarragona i Pened\u00e8s-Garraf","datePublished":"2014-10-07T12:20:55+00:00","mainEntityOfPage":{"@id":"https:\/\/www.esplac.cat\/es\/placa-de-coordinadora-de-projectes-dels-sectors-camp-de-tarragona-i-penedes-garraf\/"},"wordCount":382,"commentCount":0,"publisher":{"@id":"https:\/\/www.esplac.cat\/#organization"},"image":{"@id":"https:\/\/www.esplac.cat\/es\/placa-de-coordinadora-de-projectes-dels-sectors-camp-de-tarragona-i-penedes-garraf\/#primaryimage"},"thumbnailUrl":"https:\/\/www.esplac.cat\/wp-content\/uploads\/2013\/02\/DSC08098.jpg","keywords":["coordinador de projectes","feina","oferta feina","Pened\u00e8s Garraf","sector Camp de Tarragona"],"articleSection":["Activitats sectors","Secretaria T\u00e8cnica","Sector Camp de Tarragona","Sector Pened\u00e8s, Garraf i Anoia"],"inLanguage":"es","potentialAction":[{"@type":"CommentAction","name":"Comment","target":["https:\/\/www.esplac.cat\/es\/placa-de-coordinadora-de-projectes-dels-sectors-camp-de-tarragona-i-penedes-garraf\/#respond"]}]},{"@type":"WebPage","@id":"https:\/\/www.esplac.cat\/es\/placa-de-coordinadora-de-projectes-dels-sectors-camp-de-tarragona-i-penedes-garraf\/","url":"https:\/\/www.esplac.cat\/es\/placa-de-coordinadora-de-projectes-dels-sectors-camp-de-tarragona-i-penedes-garraf\/","name":"Pla\u00e7a de coordinador\/a de projectes dels Sectors Camp de Tarragona i Pened\u00e8s-Garraf - Esplac","isPartOf":{"@id":"https:\/\/www.esplac.cat\/#website"},"primaryImageOfPage":{"@id":"https:\/\/www.esplac.cat\/es\/placa-de-coordinadora-de-projectes-dels-sectors-camp-de-tarragona-i-penedes-garraf\/#primaryimage"},"image":{"@id":"https:\/\/www.esplac.cat\/es\/placa-de-coordinadora-de-projectes-dels-sectors-camp-de-tarragona-i-penedes-garraf\/#primaryimage"},"thumbnailUrl":"https:\/\/www.esplac.cat\/wp-content\/uploads\/2013\/02\/DSC08098.jpg","datePublished":"2014-10-07T12:20:55+00:00","breadcrumb":{"@id":"https:\/\/www.esplac.cat\/es\/placa-de-coordinadora-de-projectes-dels-sectors-camp-de-tarragona-i-penedes-garraf\/#breadcrumb"},"inLanguage":"es","potentialAction":[{"@type":"ReadAction","target":["https:\/\/www.esplac.cat\/es\/placa-de-coordinadora-de-projectes-dels-sectors-camp-de-tarragona-i-penedes-garraf\/"]}]},{"@type":"ImageObject","inLanguage":"es","@id":"https:\/\/www.esplac.cat\/es\/placa-de-coordinadora-de-projectes-dels-sectors-camp-de-tarragona-i-penedes-garraf\/#primaryimage","url":"https:\/\/www.esplac.cat\/wp-content\/uploads\/2013\/02\/DSC08098.jpg","contentUrl":"https:\/\/www.esplac.cat\/wp-content\/uploads\/2013\/02\/DSC08098.jpg","width":3872,"height":2176},{"@type":"BreadcrumbList","@id":"https:\/\/www.esplac.cat\/es\/placa-de-coordinadora-de-projectes-dels-sectors-camp-de-tarragona-i-penedes-garraf\/#breadcrumb","itemListElement":[{"@type":"ListItem","position":1,"name":"Inici","item":"https:\/\/www.esplac.cat\/es\/"},{"@type":"ListItem","position":2,"name":"Pla\u00e7a de coordinador\/a de projectes dels Sectors Camp de Tarragona i Pened\u00e8s-Garraf"}]},{"@type":"WebSite","@id":"https:\/\/www.esplac.cat\/#website","url":"https:\/\/www.esplac.cat\/","name":"Esplac","description":"Esplais Catalans","publisher":{"@id":"https:\/\/www.esplac.cat\/#organization"},"potentialAction":[{"@type":"SearchAction","target":{"@type":"EntryPoint","urlTemplate":"https:\/\/www.esplac.cat\/?s={search_term_string}"},"query-input":{"@type":"PropertyValueSpecification","valueRequired":true,"valueName":"search_term_string"}}],"inLanguage":"es"},{"@type":"Organization","@id":"https:\/\/www.esplac.cat\/#organization","name":"Esplac","url":"https:\/\/www.esplac.cat\/","logo":{"@type":"ImageObject","inLanguage":"es","@id":"https:\/\/www.esplac.cat\/#\/schema\/logo\/image\/","url":"https:\/\/www.esplac.cat\/wp-content\/uploads\/2019\/08\/logox2.png","contentUrl":"https:\/\/www.esplac.cat\/wp-content\/uploads\/2019\/08\/logox2.png","width":600,"height":295,"caption":"Esplac"},"image":{"@id":"https:\/\/www.esplac.cat\/#\/schema\/logo\/image\/"}},{"@type":"Person","@id":"https:\/\/www.esplac.cat\/#\/schema\/person\/908383cf240be18b68f8855d0583faca","name":"Comunicaci\u00f3 Esplac","image":{"@type":"ImageObject","inLanguage":"es","@id":"https:\/\/secure.gravatar.com\/avatar\/7a4cf8feb412a76ea4a740ca02d95b06b2907b5a6c648c2dd0a1082a093c3141?s=96&d=mm&r=g","url":"https:\/\/secure.gravatar.com\/avatar\/7a4cf8feb412a76ea4a740ca02d95b06b2907b5a6c648c2dd0a1082a093c3141?s=96&d=mm&r=g","contentUrl":"https:\/\/secure.gravatar.com\/avatar\/7a4cf8feb412a76ea4a740ca02d95b06b2907b5a6c648c2dd0a1082a093c3141?s=96&d=mm&r=g","caption":"Comunicaci\u00f3 Esplac"}}]}},"_links":{"self":[{"href":"https:\/\/www.esplac.cat\/es\/wp-json\/wp\/v2\/posts\/25726","targetHints":{"allow":["GET"]}}],"collection":[{"href":"https:\/\/www.esplac.cat\/es\/wp-json\/wp\/v2\/posts"}],"about":[{"href":"https:\/\/www.esplac.cat\/es\/wp-json\/wp\/v2\/types\/post"}],"author":[{"embeddable":true,"href":"https:\/\/www.esplac.cat\/es\/wp-json\/wp\/v2\/users\/3"}],"replies":[{"embeddable":true,"href":"https:\/\/www.esplac.cat\/es\/wp-json\/wp\/v2\/comments?post=25726"}],"version-history":[{"count":0,"href":"https:\/\/www.esplac.cat\/es\/wp-json\/wp\/v2\/posts\/25726\/revisions"}],"wp:featuredmedia":[{"embeddable":true,"href":"https:\/\/www.esplac.cat\/es\/wp-json\/wp\/v2\/media\/25628"}],"wp:attachment":[{"href":"https:\/\/www.esplac.cat\/es\/wp-json\/wp\/v2\/media?parent=25726"}],"wp:term":[{"taxonomy":"category","embeddable":true,"href":"https:\/\/www.esplac.cat\/es\/wp-json\/wp\/v2\/categories?post=25726"},{"taxonomy":"post_tag","embeddable":true,"href":"https:\/\/www.esplac.cat\/es\/wp-json\/wp\/v2\/tags?post=25726"}],"curies":[{"name":"wp","href":"https:\/\/api.w.org\/{rel}","templated":true}]}}