{"id":25738,"date":"2014-06-27T12:19:45","date_gmt":"2014-06-27T10:19:45","guid":{"rendered":"http:\/\/esplac.cat\/?p=5390"},"modified":"2014-06-27T12:19:45","modified_gmt":"2014-06-27T10:19:45","slug":"estiu-vivim-esplai-intensament","status":"publish","type":"post","link":"https:\/\/www.esplac.cat\/es\/estiu-vivim-esplai-intensament\/","title":{"rendered":"A l&#8217;estiu vivim l&#8217;esplai intensament!"},"content":{"rendered":"<p><!--:CA--><\/p>\n<p style=\"text-align: left;\" align=\"justify\">El solstici d&#8217;estiu posa fi als dissabtes d&#8217;esplai i <strong>d\u00f3na el tret de sortida als campaments, les col\u00f2nies, les rutes, les activitats internacionals i els camps de treball que han preparat els esplais en els darrers mesos<\/strong>. Els primers han marxat el dia 25 de juny i els \u00faltims tornaran el 10 de setembre. Ens espera un estiu ben ple!<\/p>\n<p style=\"text-align: left;\" align=\"justify\">En total, <strong>vora 4.600 infants i joves i 1.000 monitors i monitores participaran en aquestes activitats tan esperades<\/strong>. Durant els dies d&#8217;estada, els infants conviuran amb la natura i vetllaran pel respecte al medi ambient, posaran en pr\u00e0ctica, m\u00e9s que mai, els h\u00e0bits saludables i l&#8217;autonomia personal, jugaran sols i en equip, tindran temps per descansar i relaxar-se i, per suposat, gaudiran de l&#8217;aigua fresca d&#8217;un riu, platja o piscina.<\/p>\n<p style=\"text-align: left;\" align=\"justify\">A m\u00e9s a m\u00e9s, <strong>Esplais Catalans seguim treballant<\/strong> aquest estiu per l&#8217;acompliment dels projectes que tenim engegats i per preparar un proper curs encara millor que l&#8217;actual. Despr\u00e9s del recull de valoracions, propostes de millora i reptes de futur fet per part de tots els esplais, <strong>comen\u00e7arem el nou curs definint quin ser\u00e0 el viatge compartit dels esplais d&#8217;Esplac en els propers tres cursos<\/strong>. Tot aix\u00f2 quedar\u00e0 recollit en el que anomenem Pla estrat\u00e8gic.<\/p>\n<p style=\"text-align: left;\" align=\"justify\">Gaudiu de l&#8217;estiu, descanseu i agafeu noves idees, que ens trobem al setembre carregats d&#8217;energia de l&#8217;esplai!<\/p>\n<p style=\"text-align: center;\" align=\"justify\"><a href=\"http:\/\/esplac.cat\/wp-content\/uploads\/2014\/06\/esplais-estiu-2014.png\"><img decoding=\"async\" class=\"aligncenter  wp-image-5391\" title=\"esplais-estiu-2014\" src=\"http:\/\/esplac.cat\/wp-content\/uploads\/2014\/06\/esplais-estiu-2014.png\" alt=\"\" width=\"400\" \/><\/a><\/p>\n<p><!--:--><!--:es-->&nbsp;<\/p>\n<p><!--:--><!--:en-->&nbsp;<\/p>\n<p><!--:--><!--:fr-->&nbsp;<\/p>\n<p><!--:--><\/p>\n","protected":false},"excerpt":{"rendered":"<p>El solstici d&#8217;estiu posa fi als dissabtes d&#8217;esplai i d\u00f3na [&hellip;]<\/p>\n","protected":false},"author":3,"featured_media":7831,"comment_status":"open","ping_status":"open","sticky":false,"template":"","format":"standard","meta":{"om_disable_all_campaigns":false,"_monsterinsights_skip_tracking":false,"_monsterinsights_sitenote_active":false,"_monsterinsights_sitenote_note":"","_monsterinsights_sitenote_category":0,"_uf_show_specific_survey":0,"_uf_disable_surveys":false,"footnotes":""},"categories":[1117],"tags":[270,53,104,101,309,115],"class_list":["post-25738","post","type-post","status-publish","format-standard","has-post-thumbnail","hentry","category-activitats-esplais","tag-activitats-internacionals","tag-campaments","tag-colonies","tag-esplaisfemlestiu","tag-pla-estrategic","tag-rutes"],"yoast_head":"<!-- This site is optimized with the Yoast SEO plugin v27.4 - https:\/\/yoast.com\/product\/yoast-seo-wordpress\/ -->\n<title>A l&#039;estiu vivim l&#039;esplai intensament! - Esplac<\/title>\n<meta name=\"robots\" content=\"index, follow, max-snippet:-1, max-image-preview:large, max-video-preview:-1\" \/>\n<link rel=\"canonical\" href=\"https:\/\/www.esplac.cat\/estiu-vivim-esplai-intensament\/\" \/>\n<meta property=\"og:locale\" content=\"es_ES\" \/>\n<meta property=\"og:type\" content=\"article\" \/>\n<meta property=\"og:title\" content=\"A l&#039;estiu vivim l&#039;esplai intensament! - Esplac\" \/>\n<meta property=\"og:description\" content=\"El solstici d&#8217;estiu posa fi als dissabtes d&#8217;esplai i d\u00f3na [&hellip;]\" \/>\n<meta property=\"og:url\" content=\"https:\/\/www.esplac.cat\/estiu-vivim-esplai-intensament\/\" \/>\n<meta property=\"og:site_name\" content=\"Esplac\" \/>\n<meta property=\"article:published_time\" content=\"2014-06-27T10:19:45+00:00\" \/>\n<meta property=\"og:image\" content=\"https:\/\/www.esplac.cat\/wp-content\/uploads\/2019\/11\/logo-open.jpg\" \/>\n\t<meta property=\"og:image:width\" content=\"1200\" \/>\n\t<meta property=\"og:image:height\" content=\"630\" \/>\n\t<meta property=\"og:image:type\" content=\"image\/jpeg\" \/>\n<meta name=\"author\" content=\"Comunicaci\u00f3 Esplac\" \/>\n<meta name=\"twitter:card\" content=\"summary_large_image\" \/>\n<meta name=\"twitter:label1\" content=\"Escrito por\" \/>\n\t<meta name=\"twitter:data1\" content=\"Comunicaci\u00f3 Esplac\" \/>\n\t<meta name=\"twitter:label2\" content=\"Tiempo de lectura\" \/>\n\t<meta name=\"twitter:data2\" content=\"1 minuto\" \/>\n<script type=\"application\/ld+json\" class=\"yoast-schema-graph\">{\"@context\":\"https:\\\/\\\/schema.org\",\"@graph\":[{\"@type\":\"Article\",\"@id\":\"https:\\\/\\\/www.esplac.cat\\\/estiu-vivim-esplai-intensament\\\/#article\",\"isPartOf\":{\"@id\":\"https:\\\/\\\/www.esplac.cat\\\/estiu-vivim-esplai-intensament\\\/\"},\"author\":{\"name\":\"Comunicaci\u00f3 Esplac\",\"@id\":\"https:\\\/\\\/www.esplac.cat\\\/#\\\/schema\\\/person\\\/908383cf240be18b68f8855d0583faca\"},\"headline\":\"A l&#8217;estiu vivim l&#8217;esplai intensament!\",\"datePublished\":\"2014-06-27T10:19:45+00:00\",\"mainEntityOfPage\":{\"@id\":\"https:\\\/\\\/www.esplac.cat\\\/estiu-vivim-esplai-intensament\\\/\"},\"wordCount\":249,\"commentCount\":0,\"publisher\":{\"@id\":\"https:\\\/\\\/www.esplac.cat\\\/#organization\"},\"image\":{\"@id\":\"https:\\\/\\\/www.esplac.cat\\\/estiu-vivim-esplai-intensament\\\/#primaryimage\"},\"thumbnailUrl\":\"\",\"keywords\":[\"activitats internacionals\",\"campaments\",\"colonies\",\"esplaisfemlestiu\",\"pla estrat\u00e8gic\",\"rutes\"],\"articleSection\":[\"Activitats esplais\"],\"inLanguage\":\"es\",\"potentialAction\":[{\"@type\":\"CommentAction\",\"name\":\"Comment\",\"target\":[\"https:\\\/\\\/www.esplac.cat\\\/estiu-vivim-esplai-intensament\\\/#respond\"]}]},{\"@type\":\"WebPage\",\"@id\":\"https:\\\/\\\/www.esplac.cat\\\/estiu-vivim-esplai-intensament\\\/\",\"url\":\"https:\\\/\\\/www.esplac.cat\\\/estiu-vivim-esplai-intensament\\\/\",\"name\":\"A l'estiu vivim l'esplai intensament! - Esplac\",\"isPartOf\":{\"@id\":\"https:\\\/\\\/www.esplac.cat\\\/#website\"},\"primaryImageOfPage\":{\"@id\":\"https:\\\/\\\/www.esplac.cat\\\/estiu-vivim-esplai-intensament\\\/#primaryimage\"},\"image\":{\"@id\":\"https:\\\/\\\/www.esplac.cat\\\/estiu-vivim-esplai-intensament\\\/#primaryimage\"},\"thumbnailUrl\":\"\",\"datePublished\":\"2014-06-27T10:19:45+00:00\",\"breadcrumb\":{\"@id\":\"https:\\\/\\\/www.esplac.cat\\\/estiu-vivim-esplai-intensament\\\/#breadcrumb\"},\"inLanguage\":\"es\",\"potentialAction\":[{\"@type\":\"ReadAction\",\"target\":[\"https:\\\/\\\/www.esplac.cat\\\/estiu-vivim-esplai-intensament\\\/\"]}]},{\"@type\":\"ImageObject\",\"inLanguage\":\"es\",\"@id\":\"https:\\\/\\\/www.esplac.cat\\\/estiu-vivim-esplai-intensament\\\/#primaryimage\",\"url\":\"\",\"contentUrl\":\"\"},{\"@type\":\"BreadcrumbList\",\"@id\":\"https:\\\/\\\/www.esplac.cat\\\/estiu-vivim-esplai-intensament\\\/#breadcrumb\",\"itemListElement\":[{\"@type\":\"ListItem\",\"position\":1,\"name\":\"Inici\",\"item\":\"https:\\\/\\\/www.esplac.cat\\\/es\\\/\"},{\"@type\":\"ListItem\",\"position\":2,\"name\":\"A l&#8217;estiu vivim l&#8217;esplai intensament!\"}]},{\"@type\":\"WebSite\",\"@id\":\"https:\\\/\\\/www.esplac.cat\\\/#website\",\"url\":\"https:\\\/\\\/www.esplac.cat\\\/\",\"name\":\"Esplac\",\"description\":\"Esplais Catalans\",\"publisher\":{\"@id\":\"https:\\\/\\\/www.esplac.cat\\\/#organization\"},\"potentialAction\":[{\"@type\":\"SearchAction\",\"target\":{\"@type\":\"EntryPoint\",\"urlTemplate\":\"https:\\\/\\\/www.esplac.cat\\\/?s={search_term_string}\"},\"query-input\":{\"@type\":\"PropertyValueSpecification\",\"valueRequired\":true,\"valueName\":\"search_term_string\"}}],\"inLanguage\":\"es\"},{\"@type\":\"Organization\",\"@id\":\"https:\\\/\\\/www.esplac.cat\\\/#organization\",\"name\":\"Esplac\",\"url\":\"https:\\\/\\\/www.esplac.cat\\\/\",\"logo\":{\"@type\":\"ImageObject\",\"inLanguage\":\"es\",\"@id\":\"https:\\\/\\\/www.esplac.cat\\\/#\\\/schema\\\/logo\\\/image\\\/\",\"url\":\"https:\\\/\\\/www.esplac.cat\\\/wp-content\\\/uploads\\\/2019\\\/08\\\/logox2.png\",\"contentUrl\":\"https:\\\/\\\/www.esplac.cat\\\/wp-content\\\/uploads\\\/2019\\\/08\\\/logox2.png\",\"width\":600,\"height\":295,\"caption\":\"Esplac\"},\"image\":{\"@id\":\"https:\\\/\\\/www.esplac.cat\\\/#\\\/schema\\\/logo\\\/image\\\/\"}},{\"@type\":\"Person\",\"@id\":\"https:\\\/\\\/www.esplac.cat\\\/#\\\/schema\\\/person\\\/908383cf240be18b68f8855d0583faca\",\"name\":\"Comunicaci\u00f3 Esplac\",\"image\":{\"@type\":\"ImageObject\",\"inLanguage\":\"es\",\"@id\":\"https:\\\/\\\/secure.gravatar.com\\\/avatar\\\/7a4cf8feb412a76ea4a740ca02d95b06b2907b5a6c648c2dd0a1082a093c3141?s=96&d=mm&r=g\",\"url\":\"https:\\\/\\\/secure.gravatar.com\\\/avatar\\\/7a4cf8feb412a76ea4a740ca02d95b06b2907b5a6c648c2dd0a1082a093c3141?s=96&d=mm&r=g\",\"contentUrl\":\"https:\\\/\\\/secure.gravatar.com\\\/avatar\\\/7a4cf8feb412a76ea4a740ca02d95b06b2907b5a6c648c2dd0a1082a093c3141?s=96&d=mm&r=g\",\"caption\":\"Comunicaci\u00f3 Esplac\"}}]}<\/script>\n<!-- \/ Yoast SEO plugin. -->","yoast_head_json":{"title":"A l'estiu vivim l'esplai intensament! - Esplac","robots":{"index":"index","follow":"follow","max-snippet":"max-snippet:-1","max-image-preview":"max-image-preview:large","max-video-preview":"max-video-preview:-1"},"canonical":"https:\/\/www.esplac.cat\/estiu-vivim-esplai-intensament\/","og_locale":"es_ES","og_type":"article","og_title":"A l'estiu vivim l'esplai intensament! - Esplac","og_description":"El solstici d&#8217;estiu posa fi als dissabtes d&#8217;esplai i d\u00f3na [&hellip;]","og_url":"https:\/\/www.esplac.cat\/estiu-vivim-esplai-intensament\/","og_site_name":"Esplac","article_published_time":"2014-06-27T10:19:45+00:00","og_image":[{"width":1200,"height":630,"url":"https:\/\/www.esplac.cat\/wp-content\/uploads\/2019\/11\/logo-open.jpg","type":"image\/jpeg"}],"author":"Comunicaci\u00f3 Esplac","twitter_card":"summary_large_image","twitter_misc":{"Escrito por":"Comunicaci\u00f3 Esplac","Tiempo de lectura":"1 minuto"},"schema":{"@context":"https:\/\/schema.org","@graph":[{"@type":"Article","@id":"https:\/\/www.esplac.cat\/estiu-vivim-esplai-intensament\/#article","isPartOf":{"@id":"https:\/\/www.esplac.cat\/estiu-vivim-esplai-intensament\/"},"author":{"name":"Comunicaci\u00f3 Esplac","@id":"https:\/\/www.esplac.cat\/#\/schema\/person\/908383cf240be18b68f8855d0583faca"},"headline":"A l&#8217;estiu vivim l&#8217;esplai intensament!","datePublished":"2014-06-27T10:19:45+00:00","mainEntityOfPage":{"@id":"https:\/\/www.esplac.cat\/estiu-vivim-esplai-intensament\/"},"wordCount":249,"commentCount":0,"publisher":{"@id":"https:\/\/www.esplac.cat\/#organization"},"image":{"@id":"https:\/\/www.esplac.cat\/estiu-vivim-esplai-intensament\/#primaryimage"},"thumbnailUrl":"","keywords":["activitats internacionals","campaments","colonies","esplaisfemlestiu","pla estrat\u00e8gic","rutes"],"articleSection":["Activitats esplais"],"inLanguage":"es","potentialAction":[{"@type":"CommentAction","name":"Comment","target":["https:\/\/www.esplac.cat\/estiu-vivim-esplai-intensament\/#respond"]}]},{"@type":"WebPage","@id":"https:\/\/www.esplac.cat\/estiu-vivim-esplai-intensament\/","url":"https:\/\/www.esplac.cat\/estiu-vivim-esplai-intensament\/","name":"A l'estiu vivim l'esplai intensament! - Esplac","isPartOf":{"@id":"https:\/\/www.esplac.cat\/#website"},"primaryImageOfPage":{"@id":"https:\/\/www.esplac.cat\/estiu-vivim-esplai-intensament\/#primaryimage"},"image":{"@id":"https:\/\/www.esplac.cat\/estiu-vivim-esplai-intensament\/#primaryimage"},"thumbnailUrl":"","datePublished":"2014-06-27T10:19:45+00:00","breadcrumb":{"@id":"https:\/\/www.esplac.cat\/estiu-vivim-esplai-intensament\/#breadcrumb"},"inLanguage":"es","potentialAction":[{"@type":"ReadAction","target":["https:\/\/www.esplac.cat\/estiu-vivim-esplai-intensament\/"]}]},{"@type":"ImageObject","inLanguage":"es","@id":"https:\/\/www.esplac.cat\/estiu-vivim-esplai-intensament\/#primaryimage","url":"","contentUrl":""},{"@type":"BreadcrumbList","@id":"https:\/\/www.esplac.cat\/estiu-vivim-esplai-intensament\/#breadcrumb","itemListElement":[{"@type":"ListItem","position":1,"name":"Inici","item":"https:\/\/www.esplac.cat\/es\/"},{"@type":"ListItem","position":2,"name":"A l&#8217;estiu vivim l&#8217;esplai intensament!"}]},{"@type":"WebSite","@id":"https:\/\/www.esplac.cat\/#website","url":"https:\/\/www.esplac.cat\/","name":"Esplac","description":"Esplais Catalans","publisher":{"@id":"https:\/\/www.esplac.cat\/#organization"},"potentialAction":[{"@type":"SearchAction","target":{"@type":"EntryPoint","urlTemplate":"https:\/\/www.esplac.cat\/?s={search_term_string}"},"query-input":{"@type":"PropertyValueSpecification","valueRequired":true,"valueName":"search_term_string"}}],"inLanguage":"es"},{"@type":"Organization","@id":"https:\/\/www.esplac.cat\/#organization","name":"Esplac","url":"https:\/\/www.esplac.cat\/","logo":{"@type":"ImageObject","inLanguage":"es","@id":"https:\/\/www.esplac.cat\/#\/schema\/logo\/image\/","url":"https:\/\/www.esplac.cat\/wp-content\/uploads\/2019\/08\/logox2.png","contentUrl":"https:\/\/www.esplac.cat\/wp-content\/uploads\/2019\/08\/logox2.png","width":600,"height":295,"caption":"Esplac"},"image":{"@id":"https:\/\/www.esplac.cat\/#\/schema\/logo\/image\/"}},{"@type":"Person","@id":"https:\/\/www.esplac.cat\/#\/schema\/person\/908383cf240be18b68f8855d0583faca","name":"Comunicaci\u00f3 Esplac","image":{"@type":"ImageObject","inLanguage":"es","@id":"https:\/\/secure.gravatar.com\/avatar\/7a4cf8feb412a76ea4a740ca02d95b06b2907b5a6c648c2dd0a1082a093c3141?s=96&d=mm&r=g","url":"https:\/\/secure.gravatar.com\/avatar\/7a4cf8feb412a76ea4a740ca02d95b06b2907b5a6c648c2dd0a1082a093c3141?s=96&d=mm&r=g","contentUrl":"https:\/\/secure.gravatar.com\/avatar\/7a4cf8feb412a76ea4a740ca02d95b06b2907b5a6c648c2dd0a1082a093c3141?s=96&d=mm&r=g","caption":"Comunicaci\u00f3 Esplac"}}]}},"_links":{"self":[{"href":"https:\/\/www.esplac.cat\/es\/wp-json\/wp\/v2\/posts\/25738","targetHints":{"allow":["GET"]}}],"collection":[{"href":"https:\/\/www.esplac.cat\/es\/wp-json\/wp\/v2\/posts"}],"about":[{"href":"https:\/\/www.esplac.cat\/es\/wp-json\/wp\/v2\/types\/post"}],"author":[{"embeddable":true,"href":"https:\/\/www.esplac.cat\/es\/wp-json\/wp\/v2\/users\/3"}],"replies":[{"embeddable":true,"href":"https:\/\/www.esplac.cat\/es\/wp-json\/wp\/v2\/comments?post=25738"}],"version-history":[{"count":0,"href":"https:\/\/www.esplac.cat\/es\/wp-json\/wp\/v2\/posts\/25738\/revisions"}],"wp:featuredmedia":[{"embeddable":true,"href":"https:\/\/www.esplac.cat\/es\/wp-json\/"}],"wp:attachment":[{"href":"https:\/\/www.esplac.cat\/es\/wp-json\/wp\/v2\/media?parent=25738"}],"wp:term":[{"taxonomy":"category","embeddable":true,"href":"https:\/\/www.esplac.cat\/es\/wp-json\/wp\/v2\/categories?post=25738"},{"taxonomy":"post_tag","embeddable":true,"href":"https:\/\/www.esplac.cat\/es\/wp-json\/wp\/v2\/tags?post=25738"}],"curies":[{"name":"wp","href":"https:\/\/api.w.org\/{rel}","templated":true}]}}