{"id":25741,"date":"2014-06-19T11:19:48","date_gmt":"2014-06-19T09:19:48","guid":{"rendered":"http:\/\/esplac.cat\/?p=5342"},"modified":"2014-06-19T11:19:48","modified_gmt":"2014-06-19T09:19:48","slug":"bona-practica-dinamitzar-les-estones-dels-apats","status":"publish","type":"post","link":"https:\/\/www.esplac.cat\/es\/bona-practica-dinamitzar-les-estones-dels-apats\/","title":{"rendered":"Bona pr\u00e0ctica: dinamitzar les estones dels \u00e0pats"},"content":{"rendered":"<p><!--:CA--><\/p>\n<p style=\"text-align: left;\" align=\"justify\">L&#8217;hora de menjar \u00e9s un moment de trobada en el qual <strong>satisfem les necessitats b\u00e0siques d&#8217;alimentaci\u00f3<\/strong>,<strong> per\u00f2 tamb\u00e9 un espai de relaci\u00f3, de conviv\u00e8ncia i de treball d&#8217;h\u00e0bits saludables<\/strong>. Sigui amb taules o en rotllana a terra, a l&#8217;esplai els \u00e0pats s\u00f3n q\u00fcesti\u00f3 de tots i totes; avui us n&#8217;expliquem dues bones pr\u00e0ctiques.<\/p>\n<p style=\"text-align: left;\" align=\"justify\">A l&#8217;esplai, el moment de menjar \u00e9s on <strong>aprenem vivencialment<\/strong> a trav\u00e9s del quotidi\u00e0; \u00e9s important posar atenci\u00f3 en les oportunitats educatives que apareixen i cal que comptem amb la <strong>participaci\u00f3 activa<\/strong> d&#8217;infants i monitors i monitores parant taula, servint o assumint els torns de neteja.<\/p>\n<p style=\"text-align: left;\" align=\"justify\">A l&#8217;esplai <strong><a href=\"http:\/\/esplac.cat\/mapa\/?esplai=ger&amp;poblacio=\">Ger<\/a> <\/strong>fan <strong>roda de tasques<\/strong> (menjador, lavabos, exterior, habitacions, revista). Les assumeixen per equips, integrats per infants dels diferents grups d&#8217;edat de l&#8217;esplai. Aquests es posen un nom inventat i tenen un monitor o monitora que els acompanya. La tasca de menjador consisteix a parar taula i recollir la sala despr\u00e9s. Durant els \u00e0pats, els infants poden seure on vulguin.<\/p>\n<p style=\"text-align: left;\" align=\"justify\">Al principi de les col\u00f2nies, l&#8217;<strong>esplai <a href=\"http:\/\/esplac.cat\/mapa\/?esplai=penyesaltes&amp;poblacio=\">Penyes Altes<\/a> <\/strong>fa un taller, emmarcat dins l&#8217;ambientaci\u00f3 de l&#8217;activitat i en el qual<strong> cada infant i cada monitora es fabrica un element o objecte que el representa<\/strong>. A l&#8217;hora de parar taula, els infants reparteixen aquests elements a l&#8217;atzar pels diferents plats de tal manera que, quan arriba el moment d&#8217;entaular-se, cadasc\u00fa es situa on hi ha el seu objecte. Aix\u00ed <strong>mai s&#8217;asseuen de la mateixa manera i cadasc\u00fa comparteix cada \u00e0pat amb infants i monitores diferents<\/strong>.<\/p>\n<p style=\"text-align: left;\" align=\"justify\"><strong>L&#8217;hora de menjar tamb\u00e9<\/strong> <strong>\u00e9s un moment on treballar la consci\u00e8ncia de grup i la pertinen\u00e7a a l\u2019esplai<\/strong>. Ja vam comentar que <a href=\"http:\/\/esplac.cat\/bona-practica-els-canconers\/\">les can\u00e7ons i la m\u00fasica<\/a> s\u00f3n una eina important: cantant una can\u00e7\u00f3 de \u00abbon profit\u00bb quan estiguem totes servides, ens pot fer ser m\u00e9s conscients que \u00e9s important compartir i comen\u00e7ar a menjar plegades.<\/p>\n<p style=\"text-align: left;\" align=\"justify\">A l&#8217;esplai, especialment a activitats com els campaments, les col\u00f2nies o les rutes, ens hem de parar atenci\u00f3 com treballarem aspectes vinculats als <strong>h\u00e0bits i als espais quotidians<\/strong>. Com seuran els infants? I els i les monitores? Qui servir\u00e0 el menjar? Qui ha de recollir i netejar l&#8217;espai i els estris? Quina ha de ser l&#8217;actitud que esperem durant aquest espai? Establirem normes? Com? Quines?&#8230; tot aix\u00f2 marca el nostre <strong>projecte educatiu<\/strong>.<\/p>\n<p style=\"text-align: left;\" align=\"justify\">De la mateixa manera, en aquests espais els monitors i monitores esdevenen referents i per aix\u00f2 hem d&#8217;actuar amb coher\u00e8ncia amb el nostre projecte educatiu.<\/p>\n<p style=\"text-align: left;\" align=\"justify\">Qu\u00e8 us semblen aquestes idees? Ens expliquem atres maneres de dinamitzar el moment dels \u00e0pats?<\/p>\n<p style=\"text-align: left;\" align=\"justify\">Bona feina, esplais Ger i Penyes Altes!<\/p>\n<p><!--:--><!--:es-->&nbsp;<\/p>\n<p><!--:--><!--:en-->&nbsp;<\/p>\n<p><!--:--><!--:fr-->&nbsp;<\/p>\n<p><!--:--><\/p>\n","protected":false},"excerpt":{"rendered":"<p>L&#8217;hora de menjar \u00e9s un moment de trobada en el [&hellip;]<\/p>\n","protected":false},"author":3,"featured_media":25628,"comment_status":"open","ping_status":"open","sticky":false,"template":"","format":"standard","meta":{"om_disable_all_campaigns":false,"_monsterinsights_skip_tracking":false,"_monsterinsights_sitenote_active":false,"_monsterinsights_sitenote_note":"","_monsterinsights_sitenote_category":0,"_uf_show_specific_survey":0,"_uf_disable_surveys":false,"footnotes":""},"categories":[1121],"tags":[302,67,53,104,303,304,115,305],"class_list":["post-25741","post","type-post","status-publish","format-standard","has-post-thumbnail","hentry","category-bones-practiques-2","tag-alimentacio","tag-bones-practiques","tag-campaments","tag-colonies","tag-habits","tag-quotidia","tag-rutes","tag-salut"],"yoast_head":"<!-- This site is optimized with the Yoast SEO plugin v27.4 - https:\/\/yoast.com\/product\/yoast-seo-wordpress\/ -->\n<title>Bona pr\u00e0ctica: dinamitzar les estones dels \u00e0pats - Esplac<\/title>\n<meta name=\"robots\" content=\"index, follow, max-snippet:-1, max-image-preview:large, max-video-preview:-1\" \/>\n<link rel=\"canonical\" href=\"https:\/\/www.esplac.cat\/bona-practica-dinamitzar-les-estones-dels-apats\/\" \/>\n<meta property=\"og:locale\" content=\"es_ES\" \/>\n<meta property=\"og:type\" content=\"article\" \/>\n<meta property=\"og:title\" content=\"Bona pr\u00e0ctica: dinamitzar les estones dels \u00e0pats - Esplac\" \/>\n<meta property=\"og:description\" content=\"L&#8217;hora de menjar \u00e9s un moment de trobada en el [&hellip;]\" \/>\n<meta property=\"og:url\" content=\"https:\/\/www.esplac.cat\/bona-practica-dinamitzar-les-estones-dels-apats\/\" \/>\n<meta property=\"og:site_name\" content=\"Esplac\" \/>\n<meta property=\"article:published_time\" content=\"2014-06-19T09:19:48+00:00\" \/>\n<meta property=\"og:image\" content=\"https:\/\/www.esplac.cat\/wp-content\/uploads\/2013\/02\/DSC08098.jpg\" \/>\n\t<meta property=\"og:image:width\" content=\"3872\" \/>\n\t<meta property=\"og:image:height\" content=\"2176\" \/>\n\t<meta property=\"og:image:type\" content=\"image\/jpeg\" \/>\n<meta name=\"author\" content=\"Comunicaci\u00f3 Esplac\" \/>\n<meta name=\"twitter:card\" content=\"summary_large_image\" \/>\n<meta name=\"twitter:label1\" content=\"Escrito por\" \/>\n\t<meta name=\"twitter:data1\" content=\"Comunicaci\u00f3 Esplac\" \/>\n\t<meta name=\"twitter:label2\" content=\"Tiempo de lectura\" \/>\n\t<meta name=\"twitter:data2\" content=\"2 minutos\" \/>\n<script type=\"application\/ld+json\" class=\"yoast-schema-graph\">{\"@context\":\"https:\\\/\\\/schema.org\",\"@graph\":[{\"@type\":\"Article\",\"@id\":\"https:\\\/\\\/www.esplac.cat\\\/bona-practica-dinamitzar-les-estones-dels-apats\\\/#article\",\"isPartOf\":{\"@id\":\"https:\\\/\\\/www.esplac.cat\\\/bona-practica-dinamitzar-les-estones-dels-apats\\\/\"},\"author\":{\"name\":\"Comunicaci\u00f3 Esplac\",\"@id\":\"https:\\\/\\\/www.esplac.cat\\\/#\\\/schema\\\/person\\\/908383cf240be18b68f8855d0583faca\"},\"headline\":\"Bona pr\u00e0ctica: dinamitzar les estones dels \u00e0pats\",\"datePublished\":\"2014-06-19T09:19:48+00:00\",\"mainEntityOfPage\":{\"@id\":\"https:\\\/\\\/www.esplac.cat\\\/bona-practica-dinamitzar-les-estones-dels-apats\\\/\"},\"wordCount\":473,\"commentCount\":0,\"publisher\":{\"@id\":\"https:\\\/\\\/www.esplac.cat\\\/#organization\"},\"image\":{\"@id\":\"https:\\\/\\\/www.esplac.cat\\\/bona-practica-dinamitzar-les-estones-dels-apats\\\/#primaryimage\"},\"thumbnailUrl\":\"https:\\\/\\\/www.esplac.cat\\\/wp-content\\\/uploads\\\/2013\\\/02\\\/DSC08098.jpg\",\"keywords\":[\"alimentaci\u00f3\",\"bones pr\u00e0ctiques\",\"campaments\",\"colonies\",\"h\u00e0bits\",\"quotidi\u00e0\",\"rutes\",\"salut\"],\"articleSection\":[\"Bones pr\u00e0ctiques\"],\"inLanguage\":\"es\",\"potentialAction\":[{\"@type\":\"CommentAction\",\"name\":\"Comment\",\"target\":[\"https:\\\/\\\/www.esplac.cat\\\/bona-practica-dinamitzar-les-estones-dels-apats\\\/#respond\"]}]},{\"@type\":\"WebPage\",\"@id\":\"https:\\\/\\\/www.esplac.cat\\\/bona-practica-dinamitzar-les-estones-dels-apats\\\/\",\"url\":\"https:\\\/\\\/www.esplac.cat\\\/bona-practica-dinamitzar-les-estones-dels-apats\\\/\",\"name\":\"Bona pr\u00e0ctica: dinamitzar les estones dels \u00e0pats - Esplac\",\"isPartOf\":{\"@id\":\"https:\\\/\\\/www.esplac.cat\\\/#website\"},\"primaryImageOfPage\":{\"@id\":\"https:\\\/\\\/www.esplac.cat\\\/bona-practica-dinamitzar-les-estones-dels-apats\\\/#primaryimage\"},\"image\":{\"@id\":\"https:\\\/\\\/www.esplac.cat\\\/bona-practica-dinamitzar-les-estones-dels-apats\\\/#primaryimage\"},\"thumbnailUrl\":\"https:\\\/\\\/www.esplac.cat\\\/wp-content\\\/uploads\\\/2013\\\/02\\\/DSC08098.jpg\",\"datePublished\":\"2014-06-19T09:19:48+00:00\",\"breadcrumb\":{\"@id\":\"https:\\\/\\\/www.esplac.cat\\\/bona-practica-dinamitzar-les-estones-dels-apats\\\/#breadcrumb\"},\"inLanguage\":\"es\",\"potentialAction\":[{\"@type\":\"ReadAction\",\"target\":[\"https:\\\/\\\/www.esplac.cat\\\/bona-practica-dinamitzar-les-estones-dels-apats\\\/\"]}]},{\"@type\":\"ImageObject\",\"inLanguage\":\"es\",\"@id\":\"https:\\\/\\\/www.esplac.cat\\\/bona-practica-dinamitzar-les-estones-dels-apats\\\/#primaryimage\",\"url\":\"https:\\\/\\\/www.esplac.cat\\\/wp-content\\\/uploads\\\/2013\\\/02\\\/DSC08098.jpg\",\"contentUrl\":\"https:\\\/\\\/www.esplac.cat\\\/wp-content\\\/uploads\\\/2013\\\/02\\\/DSC08098.jpg\",\"width\":3872,\"height\":2176},{\"@type\":\"BreadcrumbList\",\"@id\":\"https:\\\/\\\/www.esplac.cat\\\/bona-practica-dinamitzar-les-estones-dels-apats\\\/#breadcrumb\",\"itemListElement\":[{\"@type\":\"ListItem\",\"position\":1,\"name\":\"Inici\",\"item\":\"https:\\\/\\\/www.esplac.cat\\\/es\\\/\"},{\"@type\":\"ListItem\",\"position\":2,\"name\":\"Bona pr\u00e0ctica: dinamitzar les estones dels \u00e0pats\"}]},{\"@type\":\"WebSite\",\"@id\":\"https:\\\/\\\/www.esplac.cat\\\/#website\",\"url\":\"https:\\\/\\\/www.esplac.cat\\\/\",\"name\":\"Esplac\",\"description\":\"Esplais Catalans\",\"publisher\":{\"@id\":\"https:\\\/\\\/www.esplac.cat\\\/#organization\"},\"potentialAction\":[{\"@type\":\"SearchAction\",\"target\":{\"@type\":\"EntryPoint\",\"urlTemplate\":\"https:\\\/\\\/www.esplac.cat\\\/?s={search_term_string}\"},\"query-input\":{\"@type\":\"PropertyValueSpecification\",\"valueRequired\":true,\"valueName\":\"search_term_string\"}}],\"inLanguage\":\"es\"},{\"@type\":\"Organization\",\"@id\":\"https:\\\/\\\/www.esplac.cat\\\/#organization\",\"name\":\"Esplac\",\"url\":\"https:\\\/\\\/www.esplac.cat\\\/\",\"logo\":{\"@type\":\"ImageObject\",\"inLanguage\":\"es\",\"@id\":\"https:\\\/\\\/www.esplac.cat\\\/#\\\/schema\\\/logo\\\/image\\\/\",\"url\":\"https:\\\/\\\/www.esplac.cat\\\/wp-content\\\/uploads\\\/2019\\\/08\\\/logox2.png\",\"contentUrl\":\"https:\\\/\\\/www.esplac.cat\\\/wp-content\\\/uploads\\\/2019\\\/08\\\/logox2.png\",\"width\":600,\"height\":295,\"caption\":\"Esplac\"},\"image\":{\"@id\":\"https:\\\/\\\/www.esplac.cat\\\/#\\\/schema\\\/logo\\\/image\\\/\"}},{\"@type\":\"Person\",\"@id\":\"https:\\\/\\\/www.esplac.cat\\\/#\\\/schema\\\/person\\\/908383cf240be18b68f8855d0583faca\",\"name\":\"Comunicaci\u00f3 Esplac\",\"image\":{\"@type\":\"ImageObject\",\"inLanguage\":\"es\",\"@id\":\"https:\\\/\\\/secure.gravatar.com\\\/avatar\\\/7a4cf8feb412a76ea4a740ca02d95b06b2907b5a6c648c2dd0a1082a093c3141?s=96&d=mm&r=g\",\"url\":\"https:\\\/\\\/secure.gravatar.com\\\/avatar\\\/7a4cf8feb412a76ea4a740ca02d95b06b2907b5a6c648c2dd0a1082a093c3141?s=96&d=mm&r=g\",\"contentUrl\":\"https:\\\/\\\/secure.gravatar.com\\\/avatar\\\/7a4cf8feb412a76ea4a740ca02d95b06b2907b5a6c648c2dd0a1082a093c3141?s=96&d=mm&r=g\",\"caption\":\"Comunicaci\u00f3 Esplac\"}}]}<\/script>\n<!-- \/ Yoast SEO plugin. -->","yoast_head_json":{"title":"Bona pr\u00e0ctica: dinamitzar les estones dels \u00e0pats - Esplac","robots":{"index":"index","follow":"follow","max-snippet":"max-snippet:-1","max-image-preview":"max-image-preview:large","max-video-preview":"max-video-preview:-1"},"canonical":"https:\/\/www.esplac.cat\/bona-practica-dinamitzar-les-estones-dels-apats\/","og_locale":"es_ES","og_type":"article","og_title":"Bona pr\u00e0ctica: dinamitzar les estones dels \u00e0pats - Esplac","og_description":"L&#8217;hora de menjar \u00e9s un moment de trobada en el [&hellip;]","og_url":"https:\/\/www.esplac.cat\/bona-practica-dinamitzar-les-estones-dels-apats\/","og_site_name":"Esplac","article_published_time":"2014-06-19T09:19:48+00:00","og_image":[{"width":3872,"height":2176,"url":"https:\/\/www.esplac.cat\/wp-content\/uploads\/2013\/02\/DSC08098.jpg","type":"image\/jpeg"}],"author":"Comunicaci\u00f3 Esplac","twitter_card":"summary_large_image","twitter_misc":{"Escrito por":"Comunicaci\u00f3 Esplac","Tiempo de lectura":"2 minutos"},"schema":{"@context":"https:\/\/schema.org","@graph":[{"@type":"Article","@id":"https:\/\/www.esplac.cat\/bona-practica-dinamitzar-les-estones-dels-apats\/#article","isPartOf":{"@id":"https:\/\/www.esplac.cat\/bona-practica-dinamitzar-les-estones-dels-apats\/"},"author":{"name":"Comunicaci\u00f3 Esplac","@id":"https:\/\/www.esplac.cat\/#\/schema\/person\/908383cf240be18b68f8855d0583faca"},"headline":"Bona pr\u00e0ctica: dinamitzar les estones dels \u00e0pats","datePublished":"2014-06-19T09:19:48+00:00","mainEntityOfPage":{"@id":"https:\/\/www.esplac.cat\/bona-practica-dinamitzar-les-estones-dels-apats\/"},"wordCount":473,"commentCount":0,"publisher":{"@id":"https:\/\/www.esplac.cat\/#organization"},"image":{"@id":"https:\/\/www.esplac.cat\/bona-practica-dinamitzar-les-estones-dels-apats\/#primaryimage"},"thumbnailUrl":"https:\/\/www.esplac.cat\/wp-content\/uploads\/2013\/02\/DSC08098.jpg","keywords":["alimentaci\u00f3","bones pr\u00e0ctiques","campaments","colonies","h\u00e0bits","quotidi\u00e0","rutes","salut"],"articleSection":["Bones pr\u00e0ctiques"],"inLanguage":"es","potentialAction":[{"@type":"CommentAction","name":"Comment","target":["https:\/\/www.esplac.cat\/bona-practica-dinamitzar-les-estones-dels-apats\/#respond"]}]},{"@type":"WebPage","@id":"https:\/\/www.esplac.cat\/bona-practica-dinamitzar-les-estones-dels-apats\/","url":"https:\/\/www.esplac.cat\/bona-practica-dinamitzar-les-estones-dels-apats\/","name":"Bona pr\u00e0ctica: dinamitzar les estones dels \u00e0pats - Esplac","isPartOf":{"@id":"https:\/\/www.esplac.cat\/#website"},"primaryImageOfPage":{"@id":"https:\/\/www.esplac.cat\/bona-practica-dinamitzar-les-estones-dels-apats\/#primaryimage"},"image":{"@id":"https:\/\/www.esplac.cat\/bona-practica-dinamitzar-les-estones-dels-apats\/#primaryimage"},"thumbnailUrl":"https:\/\/www.esplac.cat\/wp-content\/uploads\/2013\/02\/DSC08098.jpg","datePublished":"2014-06-19T09:19:48+00:00","breadcrumb":{"@id":"https:\/\/www.esplac.cat\/bona-practica-dinamitzar-les-estones-dels-apats\/#breadcrumb"},"inLanguage":"es","potentialAction":[{"@type":"ReadAction","target":["https:\/\/www.esplac.cat\/bona-practica-dinamitzar-les-estones-dels-apats\/"]}]},{"@type":"ImageObject","inLanguage":"es","@id":"https:\/\/www.esplac.cat\/bona-practica-dinamitzar-les-estones-dels-apats\/#primaryimage","url":"https:\/\/www.esplac.cat\/wp-content\/uploads\/2013\/02\/DSC08098.jpg","contentUrl":"https:\/\/www.esplac.cat\/wp-content\/uploads\/2013\/02\/DSC08098.jpg","width":3872,"height":2176},{"@type":"BreadcrumbList","@id":"https:\/\/www.esplac.cat\/bona-practica-dinamitzar-les-estones-dels-apats\/#breadcrumb","itemListElement":[{"@type":"ListItem","position":1,"name":"Inici","item":"https:\/\/www.esplac.cat\/es\/"},{"@type":"ListItem","position":2,"name":"Bona pr\u00e0ctica: dinamitzar les estones dels \u00e0pats"}]},{"@type":"WebSite","@id":"https:\/\/www.esplac.cat\/#website","url":"https:\/\/www.esplac.cat\/","name":"Esplac","description":"Esplais Catalans","publisher":{"@id":"https:\/\/www.esplac.cat\/#organization"},"potentialAction":[{"@type":"SearchAction","target":{"@type":"EntryPoint","urlTemplate":"https:\/\/www.esplac.cat\/?s={search_term_string}"},"query-input":{"@type":"PropertyValueSpecification","valueRequired":true,"valueName":"search_term_string"}}],"inLanguage":"es"},{"@type":"Organization","@id":"https:\/\/www.esplac.cat\/#organization","name":"Esplac","url":"https:\/\/www.esplac.cat\/","logo":{"@type":"ImageObject","inLanguage":"es","@id":"https:\/\/www.esplac.cat\/#\/schema\/logo\/image\/","url":"https:\/\/www.esplac.cat\/wp-content\/uploads\/2019\/08\/logox2.png","contentUrl":"https:\/\/www.esplac.cat\/wp-content\/uploads\/2019\/08\/logox2.png","width":600,"height":295,"caption":"Esplac"},"image":{"@id":"https:\/\/www.esplac.cat\/#\/schema\/logo\/image\/"}},{"@type":"Person","@id":"https:\/\/www.esplac.cat\/#\/schema\/person\/908383cf240be18b68f8855d0583faca","name":"Comunicaci\u00f3 Esplac","image":{"@type":"ImageObject","inLanguage":"es","@id":"https:\/\/secure.gravatar.com\/avatar\/7a4cf8feb412a76ea4a740ca02d95b06b2907b5a6c648c2dd0a1082a093c3141?s=96&d=mm&r=g","url":"https:\/\/secure.gravatar.com\/avatar\/7a4cf8feb412a76ea4a740ca02d95b06b2907b5a6c648c2dd0a1082a093c3141?s=96&d=mm&r=g","contentUrl":"https:\/\/secure.gravatar.com\/avatar\/7a4cf8feb412a76ea4a740ca02d95b06b2907b5a6c648c2dd0a1082a093c3141?s=96&d=mm&r=g","caption":"Comunicaci\u00f3 Esplac"}}]}},"_links":{"self":[{"href":"https:\/\/www.esplac.cat\/es\/wp-json\/wp\/v2\/posts\/25741","targetHints":{"allow":["GET"]}}],"collection":[{"href":"https:\/\/www.esplac.cat\/es\/wp-json\/wp\/v2\/posts"}],"about":[{"href":"https:\/\/www.esplac.cat\/es\/wp-json\/wp\/v2\/types\/post"}],"author":[{"embeddable":true,"href":"https:\/\/www.esplac.cat\/es\/wp-json\/wp\/v2\/users\/3"}],"replies":[{"embeddable":true,"href":"https:\/\/www.esplac.cat\/es\/wp-json\/wp\/v2\/comments?post=25741"}],"version-history":[{"count":0,"href":"https:\/\/www.esplac.cat\/es\/wp-json\/wp\/v2\/posts\/25741\/revisions"}],"wp:featuredmedia":[{"embeddable":true,"href":"https:\/\/www.esplac.cat\/es\/wp-json\/wp\/v2\/media\/25628"}],"wp:attachment":[{"href":"https:\/\/www.esplac.cat\/es\/wp-json\/wp\/v2\/media?parent=25741"}],"wp:term":[{"taxonomy":"category","embeddable":true,"href":"https:\/\/www.esplac.cat\/es\/wp-json\/wp\/v2\/categories?post=25741"},{"taxonomy":"post_tag","embeddable":true,"href":"https:\/\/www.esplac.cat\/es\/wp-json\/wp\/v2\/tags?post=25741"}],"curies":[{"name":"wp","href":"https:\/\/api.w.org\/{rel}","templated":true}]}}