{"id":25748,"date":"2014-06-10T16:10:33","date_gmt":"2014-06-10T14:10:33","guid":{"rendered":"http:\/\/esplac.cat\/?p=5276"},"modified":"2014-06-10T16:10:33","modified_gmt":"2014-06-10T14:10:33","slug":"cursos-marta-mata-exit-2014-directora","status":"publish","type":"post","link":"https:\/\/www.esplac.cat\/es\/cursos-marta-mata-exit-2014-directora\/","title":{"rendered":"Cursos Marta Mata \u00c8xit 2014 (director\/a)"},"content":{"rendered":"<p><!--:CA--><strong>Redacci\u00f3:<\/strong> Escola Lliure el Sol<\/p>\n<p>Inscriu-te als cursos Marta Mata \u00c8xit (Director\/a) d&#8217;aquest estiu i gaudir\u00e0s d&#8217;una formaci\u00f3 a mida, orientada a l&#8217;associacionisme educatiu i amb un equip estable de formadors\/es que faran del curs una experi\u00e8ncia \u00fanica. A m\u00e9s, tindr\u00e0s la possibilitat de compartir els debats amb gent que com tu, estan impulsant l&#8217;esplai, l&#8217;agrupament o el casal de joves. No ho dubtis, vine i ho podr\u00e0s viure!<\/p>\n<p>Aquests s\u00f3n els \u00fanics cursos programats enguany en aquest format intensiu i de conviv\u00e8ncia i les places s\u00f3n limitades. Recorda que nom\u00e9s poden participar-hi tres persones de la mateixa entitat per curs.<\/p>\n<p>Per a m\u00e9s informaci\u00f3 consulteu:<\/p>\n<ul>\n<li><a title=\"curs viladrau\" href=\"http:\/\/www.escolaelsol.org\/index.php?action=curs_detall&amp;lang=cat&amp;id_menu_curs=31&amp;id=484&amp;id_ambit=1&amp;apartat=2\" target=\"_blank\" rel=\"noopener noreferrer\">Curs \u00c8XIT Marta Mata (DIRECTOR\/A) (14310301)<br \/>\n<\/a>VILADRAU<br \/>\nDates: del 03\/08\/2014 al 21\/09\/2014<\/li>\n<li><a title=\"curs saifores\" href=\"http:\/\/www.escolaelsol.org\/index.php?action=curs_detall&amp;lang=cat&amp;id_menu_curs=31&amp;id=483&amp;id_ambit=1&amp;apartat=2\" target=\"_blank\" rel=\"noopener noreferrer\">\u00a0Curs \u00c8XIT Marta Mata (DIRECTOR\/A) (14310302)<\/a><br \/>\nSAIFORES<br \/>\nDates: del16\/08\/2014 al 21\/09\/2014<\/li>\n<\/ul>\n<p>El Programa Marta Mata est\u00e0 adre\u00e7at a m\u00e9s de 3.000 persones que exerceixen de motor a les entitats de base: monitor\/a i director\/a d\u2019esplai, cap escolta, cap d\u2019unitat o cap d\u2019agrupament escolta, dinamitzador o animador de casal de joves, monitor\/a o dinamitzador\/a d&#8217;entitat d&#8217;acci\u00f3 social i comunit\u00e0ria, responsable de secci\u00f3 o membre de la junta directiva a l\u2019ateneu, etc. i d\u00f3na dret acc\u00e9s al t\u00edtol oficial de monitor i director de temps lliure.<\/p>\n<p>&nbsp;<!--:--><!--:es-->&nbsp;<\/p>\n<p><!--:--><!--:en-->&nbsp;<\/p>\n<p><!--:--><!--:fr-->&nbsp;<\/p>\n<p><!--:--><\/p>\n","protected":false},"excerpt":{"rendered":"<p>Redacci\u00f3: Escola Lliure el Sol Inscriu-te als cursos Marta Mata [&hellip;]<\/p>\n","protected":false},"author":3,"featured_media":25628,"comment_status":"open","ping_status":"open","sticky":false,"template":"","format":"standard","meta":{"om_disable_all_campaigns":false,"_monsterinsights_skip_tracking":false,"_monsterinsights_sitenote_active":false,"_monsterinsights_sitenote_note":"","_monsterinsights_sitenote_category":0,"_uf_show_specific_survey":0,"_uf_disable_surveys":false,"footnotes":""},"categories":[1131],"tags":[286,287,43,288,289],"class_list":["post-25748","post","type-post","status-publish","format-standard","has-post-thumbnail","hentry","category-cursos-formacions","tag-curs-directorses","tag-curs-marta-mata-exit","tag-escola-lliure-el-sol","tag-saifores","tag-viladrau"],"yoast_head":"<!-- This site is optimized with the Yoast SEO plugin v27.5 - https:\/\/yoast.com\/product\/yoast-seo-wordpress\/ -->\n<title>Cursos Marta Mata \u00c8xit 2014 (director\/a) - Esplac<\/title>\n<meta name=\"robots\" content=\"index, follow, max-snippet:-1, max-image-preview:large, max-video-preview:-1\" \/>\n<link rel=\"canonical\" href=\"https:\/\/www.esplac.cat\/cursos-marta-mata-exit-2014-directora\/\" \/>\n<meta property=\"og:locale\" content=\"es_ES\" \/>\n<meta property=\"og:type\" content=\"article\" \/>\n<meta property=\"og:title\" content=\"Cursos Marta Mata \u00c8xit 2014 (director\/a) - Esplac\" \/>\n<meta property=\"og:description\" content=\"Redacci\u00f3: Escola Lliure el Sol Inscriu-te als cursos Marta Mata [&hellip;]\" \/>\n<meta property=\"og:url\" content=\"https:\/\/www.esplac.cat\/cursos-marta-mata-exit-2014-directora\/\" \/>\n<meta property=\"og:site_name\" content=\"Esplac\" \/>\n<meta property=\"article:published_time\" content=\"2014-06-10T14:10:33+00:00\" \/>\n<meta property=\"og:image\" content=\"https:\/\/www.esplac.cat\/wp-content\/uploads\/2013\/02\/DSC08098.jpg\" \/>\n\t<meta property=\"og:image:width\" content=\"3872\" \/>\n\t<meta property=\"og:image:height\" content=\"2176\" \/>\n\t<meta property=\"og:image:type\" content=\"image\/jpeg\" \/>\n<meta name=\"author\" content=\"Comunicaci\u00f3 Esplac\" \/>\n<meta name=\"twitter:card\" content=\"summary_large_image\" \/>\n<meta name=\"twitter:label1\" content=\"Escrito por\" \/>\n\t<meta name=\"twitter:data1\" content=\"Comunicaci\u00f3 Esplac\" \/>\n\t<meta name=\"twitter:label2\" content=\"Tiempo de lectura\" \/>\n\t<meta name=\"twitter:data2\" content=\"1 minuto\" \/>\n<script type=\"application\/ld+json\" class=\"yoast-schema-graph\">{\"@context\":\"https:\\\/\\\/schema.org\",\"@graph\":[{\"@type\":\"Article\",\"@id\":\"https:\\\/\\\/www.esplac.cat\\\/cursos-marta-mata-exit-2014-directora\\\/#article\",\"isPartOf\":{\"@id\":\"https:\\\/\\\/www.esplac.cat\\\/cursos-marta-mata-exit-2014-directora\\\/\"},\"author\":{\"name\":\"Comunicaci\u00f3 Esplac\",\"@id\":\"https:\\\/\\\/www.esplac.cat\\\/#\\\/schema\\\/person\\\/908383cf240be18b68f8855d0583faca\"},\"headline\":\"Cursos Marta Mata \u00c8xit 2014 (director\\\/a)\",\"datePublished\":\"2014-06-10T14:10:33+00:00\",\"mainEntityOfPage\":{\"@id\":\"https:\\\/\\\/www.esplac.cat\\\/cursos-marta-mata-exit-2014-directora\\\/\"},\"wordCount\":241,\"commentCount\":0,\"publisher\":{\"@id\":\"https:\\\/\\\/www.esplac.cat\\\/#organization\"},\"image\":{\"@id\":\"https:\\\/\\\/www.esplac.cat\\\/cursos-marta-mata-exit-2014-directora\\\/#primaryimage\"},\"thumbnailUrl\":\"https:\\\/\\\/www.esplac.cat\\\/wp-content\\\/uploads\\\/2013\\\/02\\\/DSC08098.jpg\",\"keywords\":[\"curs directors\\\/es\",\"curs marta mata \u00e8xit\",\"escola lliure el sol\",\"saifores\",\"viladrau\"],\"articleSection\":[\"Cursos i formacions\"],\"inLanguage\":\"es\",\"potentialAction\":[{\"@type\":\"CommentAction\",\"name\":\"Comment\",\"target\":[\"https:\\\/\\\/www.esplac.cat\\\/cursos-marta-mata-exit-2014-directora\\\/#respond\"]}]},{\"@type\":\"WebPage\",\"@id\":\"https:\\\/\\\/www.esplac.cat\\\/cursos-marta-mata-exit-2014-directora\\\/\",\"url\":\"https:\\\/\\\/www.esplac.cat\\\/cursos-marta-mata-exit-2014-directora\\\/\",\"name\":\"Cursos Marta Mata \u00c8xit 2014 (director\\\/a) - Esplac\",\"isPartOf\":{\"@id\":\"https:\\\/\\\/www.esplac.cat\\\/#website\"},\"primaryImageOfPage\":{\"@id\":\"https:\\\/\\\/www.esplac.cat\\\/cursos-marta-mata-exit-2014-directora\\\/#primaryimage\"},\"image\":{\"@id\":\"https:\\\/\\\/www.esplac.cat\\\/cursos-marta-mata-exit-2014-directora\\\/#primaryimage\"},\"thumbnailUrl\":\"https:\\\/\\\/www.esplac.cat\\\/wp-content\\\/uploads\\\/2013\\\/02\\\/DSC08098.jpg\",\"datePublished\":\"2014-06-10T14:10:33+00:00\",\"breadcrumb\":{\"@id\":\"https:\\\/\\\/www.esplac.cat\\\/cursos-marta-mata-exit-2014-directora\\\/#breadcrumb\"},\"inLanguage\":\"es\",\"potentialAction\":[{\"@type\":\"ReadAction\",\"target\":[\"https:\\\/\\\/www.esplac.cat\\\/cursos-marta-mata-exit-2014-directora\\\/\"]}]},{\"@type\":\"ImageObject\",\"inLanguage\":\"es\",\"@id\":\"https:\\\/\\\/www.esplac.cat\\\/cursos-marta-mata-exit-2014-directora\\\/#primaryimage\",\"url\":\"https:\\\/\\\/www.esplac.cat\\\/wp-content\\\/uploads\\\/2013\\\/02\\\/DSC08098.jpg\",\"contentUrl\":\"https:\\\/\\\/www.esplac.cat\\\/wp-content\\\/uploads\\\/2013\\\/02\\\/DSC08098.jpg\",\"width\":3872,\"height\":2176},{\"@type\":\"BreadcrumbList\",\"@id\":\"https:\\\/\\\/www.esplac.cat\\\/cursos-marta-mata-exit-2014-directora\\\/#breadcrumb\",\"itemListElement\":[{\"@type\":\"ListItem\",\"position\":1,\"name\":\"Inici\",\"item\":\"https:\\\/\\\/www.esplac.cat\\\/es\\\/\"},{\"@type\":\"ListItem\",\"position\":2,\"name\":\"Cursos Marta Mata \u00c8xit 2014 (director\\\/a)\"}]},{\"@type\":\"WebSite\",\"@id\":\"https:\\\/\\\/www.esplac.cat\\\/#website\",\"url\":\"https:\\\/\\\/www.esplac.cat\\\/\",\"name\":\"Esplac\",\"description\":\"Esplais Catalans\",\"publisher\":{\"@id\":\"https:\\\/\\\/www.esplac.cat\\\/#organization\"},\"potentialAction\":[{\"@type\":\"SearchAction\",\"target\":{\"@type\":\"EntryPoint\",\"urlTemplate\":\"https:\\\/\\\/www.esplac.cat\\\/?s={search_term_string}\"},\"query-input\":{\"@type\":\"PropertyValueSpecification\",\"valueRequired\":true,\"valueName\":\"search_term_string\"}}],\"inLanguage\":\"es\"},{\"@type\":\"Organization\",\"@id\":\"https:\\\/\\\/www.esplac.cat\\\/#organization\",\"name\":\"Esplac\",\"url\":\"https:\\\/\\\/www.esplac.cat\\\/\",\"logo\":{\"@type\":\"ImageObject\",\"inLanguage\":\"es\",\"@id\":\"https:\\\/\\\/www.esplac.cat\\\/#\\\/schema\\\/logo\\\/image\\\/\",\"url\":\"https:\\\/\\\/www.esplac.cat\\\/wp-content\\\/uploads\\\/2019\\\/08\\\/logox2.png\",\"contentUrl\":\"https:\\\/\\\/www.esplac.cat\\\/wp-content\\\/uploads\\\/2019\\\/08\\\/logox2.png\",\"width\":600,\"height\":295,\"caption\":\"Esplac\"},\"image\":{\"@id\":\"https:\\\/\\\/www.esplac.cat\\\/#\\\/schema\\\/logo\\\/image\\\/\"}},{\"@type\":\"Person\",\"@id\":\"https:\\\/\\\/www.esplac.cat\\\/#\\\/schema\\\/person\\\/908383cf240be18b68f8855d0583faca\",\"name\":\"Comunicaci\u00f3 Esplac\",\"image\":{\"@type\":\"ImageObject\",\"inLanguage\":\"es\",\"@id\":\"https:\\\/\\\/secure.gravatar.com\\\/avatar\\\/7a4cf8feb412a76ea4a740ca02d95b06b2907b5a6c648c2dd0a1082a093c3141?s=96&d=mm&r=g\",\"url\":\"https:\\\/\\\/secure.gravatar.com\\\/avatar\\\/7a4cf8feb412a76ea4a740ca02d95b06b2907b5a6c648c2dd0a1082a093c3141?s=96&d=mm&r=g\",\"contentUrl\":\"https:\\\/\\\/secure.gravatar.com\\\/avatar\\\/7a4cf8feb412a76ea4a740ca02d95b06b2907b5a6c648c2dd0a1082a093c3141?s=96&d=mm&r=g\",\"caption\":\"Comunicaci\u00f3 Esplac\"}}]}<\/script>\n<!-- \/ Yoast SEO plugin. -->","yoast_head_json":{"title":"Cursos Marta Mata \u00c8xit 2014 (director\/a) - Esplac","robots":{"index":"index","follow":"follow","max-snippet":"max-snippet:-1","max-image-preview":"max-image-preview:large","max-video-preview":"max-video-preview:-1"},"canonical":"https:\/\/www.esplac.cat\/cursos-marta-mata-exit-2014-directora\/","og_locale":"es_ES","og_type":"article","og_title":"Cursos Marta Mata \u00c8xit 2014 (director\/a) - Esplac","og_description":"Redacci\u00f3: Escola Lliure el Sol Inscriu-te als cursos Marta Mata [&hellip;]","og_url":"https:\/\/www.esplac.cat\/cursos-marta-mata-exit-2014-directora\/","og_site_name":"Esplac","article_published_time":"2014-06-10T14:10:33+00:00","og_image":[{"width":3872,"height":2176,"url":"https:\/\/www.esplac.cat\/wp-content\/uploads\/2013\/02\/DSC08098.jpg","type":"image\/jpeg"}],"author":"Comunicaci\u00f3 Esplac","twitter_card":"summary_large_image","twitter_misc":{"Escrito por":"Comunicaci\u00f3 Esplac","Tiempo de lectura":"1 minuto"},"schema":{"@context":"https:\/\/schema.org","@graph":[{"@type":"Article","@id":"https:\/\/www.esplac.cat\/cursos-marta-mata-exit-2014-directora\/#article","isPartOf":{"@id":"https:\/\/www.esplac.cat\/cursos-marta-mata-exit-2014-directora\/"},"author":{"name":"Comunicaci\u00f3 Esplac","@id":"https:\/\/www.esplac.cat\/#\/schema\/person\/908383cf240be18b68f8855d0583faca"},"headline":"Cursos Marta Mata \u00c8xit 2014 (director\/a)","datePublished":"2014-06-10T14:10:33+00:00","mainEntityOfPage":{"@id":"https:\/\/www.esplac.cat\/cursos-marta-mata-exit-2014-directora\/"},"wordCount":241,"commentCount":0,"publisher":{"@id":"https:\/\/www.esplac.cat\/#organization"},"image":{"@id":"https:\/\/www.esplac.cat\/cursos-marta-mata-exit-2014-directora\/#primaryimage"},"thumbnailUrl":"https:\/\/www.esplac.cat\/wp-content\/uploads\/2013\/02\/DSC08098.jpg","keywords":["curs directors\/es","curs marta mata \u00e8xit","escola lliure el sol","saifores","viladrau"],"articleSection":["Cursos i formacions"],"inLanguage":"es","potentialAction":[{"@type":"CommentAction","name":"Comment","target":["https:\/\/www.esplac.cat\/cursos-marta-mata-exit-2014-directora\/#respond"]}]},{"@type":"WebPage","@id":"https:\/\/www.esplac.cat\/cursos-marta-mata-exit-2014-directora\/","url":"https:\/\/www.esplac.cat\/cursos-marta-mata-exit-2014-directora\/","name":"Cursos Marta Mata \u00c8xit 2014 (director\/a) - Esplac","isPartOf":{"@id":"https:\/\/www.esplac.cat\/#website"},"primaryImageOfPage":{"@id":"https:\/\/www.esplac.cat\/cursos-marta-mata-exit-2014-directora\/#primaryimage"},"image":{"@id":"https:\/\/www.esplac.cat\/cursos-marta-mata-exit-2014-directora\/#primaryimage"},"thumbnailUrl":"https:\/\/www.esplac.cat\/wp-content\/uploads\/2013\/02\/DSC08098.jpg","datePublished":"2014-06-10T14:10:33+00:00","breadcrumb":{"@id":"https:\/\/www.esplac.cat\/cursos-marta-mata-exit-2014-directora\/#breadcrumb"},"inLanguage":"es","potentialAction":[{"@type":"ReadAction","target":["https:\/\/www.esplac.cat\/cursos-marta-mata-exit-2014-directora\/"]}]},{"@type":"ImageObject","inLanguage":"es","@id":"https:\/\/www.esplac.cat\/cursos-marta-mata-exit-2014-directora\/#primaryimage","url":"https:\/\/www.esplac.cat\/wp-content\/uploads\/2013\/02\/DSC08098.jpg","contentUrl":"https:\/\/www.esplac.cat\/wp-content\/uploads\/2013\/02\/DSC08098.jpg","width":3872,"height":2176},{"@type":"BreadcrumbList","@id":"https:\/\/www.esplac.cat\/cursos-marta-mata-exit-2014-directora\/#breadcrumb","itemListElement":[{"@type":"ListItem","position":1,"name":"Inici","item":"https:\/\/www.esplac.cat\/es\/"},{"@type":"ListItem","position":2,"name":"Cursos Marta Mata \u00c8xit 2014 (director\/a)"}]},{"@type":"WebSite","@id":"https:\/\/www.esplac.cat\/#website","url":"https:\/\/www.esplac.cat\/","name":"Esplac","description":"Esplais Catalans","publisher":{"@id":"https:\/\/www.esplac.cat\/#organization"},"potentialAction":[{"@type":"SearchAction","target":{"@type":"EntryPoint","urlTemplate":"https:\/\/www.esplac.cat\/?s={search_term_string}"},"query-input":{"@type":"PropertyValueSpecification","valueRequired":true,"valueName":"search_term_string"}}],"inLanguage":"es"},{"@type":"Organization","@id":"https:\/\/www.esplac.cat\/#organization","name":"Esplac","url":"https:\/\/www.esplac.cat\/","logo":{"@type":"ImageObject","inLanguage":"es","@id":"https:\/\/www.esplac.cat\/#\/schema\/logo\/image\/","url":"https:\/\/www.esplac.cat\/wp-content\/uploads\/2019\/08\/logox2.png","contentUrl":"https:\/\/www.esplac.cat\/wp-content\/uploads\/2019\/08\/logox2.png","width":600,"height":295,"caption":"Esplac"},"image":{"@id":"https:\/\/www.esplac.cat\/#\/schema\/logo\/image\/"}},{"@type":"Person","@id":"https:\/\/www.esplac.cat\/#\/schema\/person\/908383cf240be18b68f8855d0583faca","name":"Comunicaci\u00f3 Esplac","image":{"@type":"ImageObject","inLanguage":"es","@id":"https:\/\/secure.gravatar.com\/avatar\/7a4cf8feb412a76ea4a740ca02d95b06b2907b5a6c648c2dd0a1082a093c3141?s=96&d=mm&r=g","url":"https:\/\/secure.gravatar.com\/avatar\/7a4cf8feb412a76ea4a740ca02d95b06b2907b5a6c648c2dd0a1082a093c3141?s=96&d=mm&r=g","contentUrl":"https:\/\/secure.gravatar.com\/avatar\/7a4cf8feb412a76ea4a740ca02d95b06b2907b5a6c648c2dd0a1082a093c3141?s=96&d=mm&r=g","caption":"Comunicaci\u00f3 Esplac"}}]}},"_links":{"self":[{"href":"https:\/\/www.esplac.cat\/es\/wp-json\/wp\/v2\/posts\/25748","targetHints":{"allow":["GET"]}}],"collection":[{"href":"https:\/\/www.esplac.cat\/es\/wp-json\/wp\/v2\/posts"}],"about":[{"href":"https:\/\/www.esplac.cat\/es\/wp-json\/wp\/v2\/types\/post"}],"author":[{"embeddable":true,"href":"https:\/\/www.esplac.cat\/es\/wp-json\/wp\/v2\/users\/3"}],"replies":[{"embeddable":true,"href":"https:\/\/www.esplac.cat\/es\/wp-json\/wp\/v2\/comments?post=25748"}],"version-history":[{"count":0,"href":"https:\/\/www.esplac.cat\/es\/wp-json\/wp\/v2\/posts\/25748\/revisions"}],"wp:featuredmedia":[{"embeddable":true,"href":"https:\/\/www.esplac.cat\/es\/wp-json\/wp\/v2\/media\/25628"}],"wp:attachment":[{"href":"https:\/\/www.esplac.cat\/es\/wp-json\/wp\/v2\/media?parent=25748"}],"wp:term":[{"taxonomy":"category","embeddable":true,"href":"https:\/\/www.esplac.cat\/es\/wp-json\/wp\/v2\/categories?post=25748"},{"taxonomy":"post_tag","embeddable":true,"href":"https:\/\/www.esplac.cat\/es\/wp-json\/wp\/v2\/tags?post=25748"}],"curies":[{"name":"wp","href":"https:\/\/api.w.org\/{rel}","templated":true}]}}