{"id":25749,"date":"2014-06-05T16:05:40","date_gmt":"2014-06-05T14:05:40","guid":{"rendered":"http:\/\/esplac.cat\/?p=5270"},"modified":"2014-06-05T16:05:40","modified_gmt":"2014-06-05T14:05:40","slug":"25e-aniversari-esplai-drac-magic","status":"publish","type":"post","link":"https:\/\/www.esplac.cat\/es\/25e-aniversari-esplai-drac-magic\/","title":{"rendered":"25\u00e8 aniversari de l&#8217;esplai Drac M\u00e0gic"},"content":{"rendered":"<p><!--:CA--><strong>Redacci\u00f3<\/strong>: monitors i monitores de l&#8217;<a title=\"esplai drac m\u00e0gic\" href=\"http:\/\/www.dracmagic.org\" target=\"_blank\" rel=\"noopener noreferrer\">esplai Drac M\u00e0gic<\/a><\/p>\n<p>Al Centre d\u2019Esplai Drac M\u00e0gic ja portem vint-i-cinc anys educant a la nostra vila, valorant els petits plaers, vetllant per l\u2019esperit cr\u00edtic; vint-i-cinc anys de companyonia entre infants, joves, fam\u00edlies i monis. Per aquests motius i molts m\u00e9s, enguany ser\u00e0 un\u00a0any ple de sorpreses!<\/p>\n<p>Tenim preparades molt\u00edssimes coses, per\u00f2 a l\u2019esplai anem lentes perqu\u00e8 anem lluny! Aix\u00ed que de moment, us anunciem el nostre primer esdeveniment, les <strong>GRANS JORNADES ESPLA\u00cdSTIQUES DEL DISSABTE 7 DE JUNY!<\/strong><\/p>\n<p>El proper DISSABTE 7 DE JUNY carregueu-vos de mooolta energia de l\u2019esplai perqu\u00e8 estem preparant un dia molt intens per a tots i totes vosaltres! Aqu\u00ed us deixem l\u2019horari (A sota trobareu la informaci\u00f3 detallada de cadascun dels actes):<\/p>\n<ul>\n<li>09:00 &#8211; <strong>FAREM EL CIM!<\/strong> (Excursi\u00f3 popular a LA TALAIA)<\/li>\n<li>13.30 &#8211; <strong>DINAR POPULAR<\/strong>\u00a0Vine a tastar la nostra Fideu\u00e0!<\/li>\n<li>16.30 &#8211; <strong>ESPECTACLE INFANTIL: PEPSICOLEN<\/strong> + Berenar Trakil<\/li>\n<li>17.15 &#8211; <strong>TAULES RODONES<\/strong> (Posem en dubte el c\u00e0stig \/ El joc des del decreixement, tant a l&#8217;esplai com a casa)<\/li>\n<li>20.30 &#8211; <strong>VETLLADA<\/strong> (Can\u00e7ons, jocs i contes!)<\/li>\n<\/ul>\n<p>Durant tot el dissabte tindrem la paradeta de marxandatge! Podreu comprar motxilles, tela i beta pel fulard, gots, dessuadores, samarretes, i&#8230; la samarreta del 25\u00e8!<\/p>\n<p>Us podeu inscriure fent un correu a\u00a0<a href=\"mailto:cedracmagic@gmail.com\" target=\"_blank\" rel=\"noopener noreferrer\">cedracmagic@gmail.com<\/a>. \u00a0M\u00e9s informaci\u00f3 al <a title=\"esplai drac m\u00e0gic\" href=\"http:\/\/www.dracmagic.org\/index.php?option=com_content&amp;view=article&amp;id=297:7-de-juny-informacio-detallada-de-les-jornades&amp;catid=1:generals\" target=\"_blank\" rel=\"noopener noreferrer\">web del Drac M\u00e0gic<\/a>.<\/p>\n<p style=\"text-align: center;\"><a href=\"http:\/\/esplac.cat\/wp-content\/uploads\/2014\/06\/10441363_747513688605269_7524238290265838337_n.jpg\"><img decoding=\"async\" class=\"aligncenter  wp-image-5271\" title=\"25-aniversari-esplai-drac-magic\" src=\"http:\/\/esplac.cat\/wp-content\/uploads\/2014\/06\/10441363_747513688605269_7524238290265838337_n.jpg\" alt=\"\" width=\"400\" \/><\/a><\/p>\n<p><!--:--><!--:es-->&nbsp;<\/p>\n<p><!--:--><!--:en-->&nbsp;<\/p>\n<p><!--:--><!--:fr-->&nbsp;<\/p>\n<p><!--:--><\/p>\n","protected":false},"excerpt":{"rendered":"<p>Redacci\u00f3: monitors i monitores de l&#8217;esplai Drac M\u00e0gic Al Centre [&hellip;]<\/p>\n","protected":false},"author":3,"featured_media":7828,"comment_status":"open","ping_status":"open","sticky":false,"template":"","format":"standard","meta":{"om_disable_all_campaigns":false,"_monsterinsights_skip_tracking":false,"_monsterinsights_sitenote_active":false,"_monsterinsights_sitenote_note":"","_monsterinsights_sitenote_category":0,"_uf_show_specific_survey":0,"_uf_disable_surveys":false,"footnotes":""},"categories":[1117],"tags":[236,285,106],"class_list":["post-25749","post","type-post","status-publish","format-standard","has-post-thumbnail","hentry","category-activitats-esplais","tag-aniversaris","tag-esplai-drac-magic","tag-sector-penedes-garraf"],"yoast_head":"<!-- This site is optimized with the Yoast SEO plugin v27.4 - https:\/\/yoast.com\/product\/yoast-seo-wordpress\/ -->\n<title>25\u00e8 aniversari de l&#039;esplai Drac M\u00e0gic - Esplac<\/title>\n<meta name=\"robots\" content=\"index, follow, max-snippet:-1, max-image-preview:large, max-video-preview:-1\" \/>\n<link rel=\"canonical\" href=\"https:\/\/www.esplac.cat\/es\/25e-aniversari-esplai-drac-magic\/\" \/>\n<meta property=\"og:locale\" content=\"es_ES\" \/>\n<meta property=\"og:type\" content=\"article\" \/>\n<meta property=\"og:title\" content=\"25\u00e8 aniversari de l&#039;esplai Drac M\u00e0gic - Esplac\" \/>\n<meta property=\"og:description\" content=\"Redacci\u00f3: monitors i monitores de l&#8217;esplai Drac M\u00e0gic Al Centre [&hellip;]\" \/>\n<meta property=\"og:url\" content=\"https:\/\/www.esplac.cat\/es\/25e-aniversari-esplai-drac-magic\/\" \/>\n<meta property=\"og:site_name\" content=\"Esplac\" \/>\n<meta property=\"article:published_time\" content=\"2014-06-05T14:05:40+00:00\" \/>\n<meta property=\"og:image\" content=\"https:\/\/www.esplac.cat\/wp-content\/uploads\/2019\/11\/logo-open.jpg\" \/>\n\t<meta property=\"og:image:width\" content=\"1200\" \/>\n\t<meta property=\"og:image:height\" content=\"630\" \/>\n\t<meta property=\"og:image:type\" content=\"image\/jpeg\" \/>\n<meta name=\"author\" content=\"Comunicaci\u00f3 Esplac\" \/>\n<meta name=\"twitter:card\" content=\"summary_large_image\" \/>\n<meta name=\"twitter:label1\" content=\"Escrito por\" \/>\n\t<meta name=\"twitter:data1\" content=\"Comunicaci\u00f3 Esplac\" \/>\n\t<meta name=\"twitter:label2\" content=\"Tiempo de lectura\" \/>\n\t<meta name=\"twitter:data2\" content=\"1 minuto\" \/>\n<script type=\"application\/ld+json\" class=\"yoast-schema-graph\">{\"@context\":\"https:\\\/\\\/schema.org\",\"@graph\":[{\"@type\":\"Article\",\"@id\":\"https:\\\/\\\/www.esplac.cat\\\/es\\\/25e-aniversari-esplai-drac-magic\\\/#article\",\"isPartOf\":{\"@id\":\"https:\\\/\\\/www.esplac.cat\\\/es\\\/25e-aniversari-esplai-drac-magic\\\/\"},\"author\":{\"name\":\"Comunicaci\u00f3 Esplac\",\"@id\":\"https:\\\/\\\/www.esplac.cat\\\/#\\\/schema\\\/person\\\/908383cf240be18b68f8855d0583faca\"},\"headline\":\"25\u00e8 aniversari de l&#8217;esplai Drac M\u00e0gic\",\"datePublished\":\"2014-06-05T14:05:40+00:00\",\"mainEntityOfPage\":{\"@id\":\"https:\\\/\\\/www.esplac.cat\\\/es\\\/25e-aniversari-esplai-drac-magic\\\/\"},\"wordCount\":239,\"commentCount\":0,\"publisher\":{\"@id\":\"https:\\\/\\\/www.esplac.cat\\\/#organization\"},\"image\":{\"@id\":\"https:\\\/\\\/www.esplac.cat\\\/es\\\/25e-aniversari-esplai-drac-magic\\\/#primaryimage\"},\"thumbnailUrl\":\"\",\"keywords\":[\"aniversaris\",\"esplai Drac M\u00e0gic\",\"Sector Pened\u00e8s-Garraf\"],\"articleSection\":[\"Activitats esplais\"],\"inLanguage\":\"es\",\"potentialAction\":[{\"@type\":\"CommentAction\",\"name\":\"Comment\",\"target\":[\"https:\\\/\\\/www.esplac.cat\\\/es\\\/25e-aniversari-esplai-drac-magic\\\/#respond\"]}]},{\"@type\":\"WebPage\",\"@id\":\"https:\\\/\\\/www.esplac.cat\\\/es\\\/25e-aniversari-esplai-drac-magic\\\/\",\"url\":\"https:\\\/\\\/www.esplac.cat\\\/es\\\/25e-aniversari-esplai-drac-magic\\\/\",\"name\":\"25\u00e8 aniversari de l'esplai Drac M\u00e0gic - Esplac\",\"isPartOf\":{\"@id\":\"https:\\\/\\\/www.esplac.cat\\\/#website\"},\"primaryImageOfPage\":{\"@id\":\"https:\\\/\\\/www.esplac.cat\\\/es\\\/25e-aniversari-esplai-drac-magic\\\/#primaryimage\"},\"image\":{\"@id\":\"https:\\\/\\\/www.esplac.cat\\\/es\\\/25e-aniversari-esplai-drac-magic\\\/#primaryimage\"},\"thumbnailUrl\":\"\",\"datePublished\":\"2014-06-05T14:05:40+00:00\",\"breadcrumb\":{\"@id\":\"https:\\\/\\\/www.esplac.cat\\\/es\\\/25e-aniversari-esplai-drac-magic\\\/#breadcrumb\"},\"inLanguage\":\"es\",\"potentialAction\":[{\"@type\":\"ReadAction\",\"target\":[\"https:\\\/\\\/www.esplac.cat\\\/es\\\/25e-aniversari-esplai-drac-magic\\\/\"]}]},{\"@type\":\"ImageObject\",\"inLanguage\":\"es\",\"@id\":\"https:\\\/\\\/www.esplac.cat\\\/es\\\/25e-aniversari-esplai-drac-magic\\\/#primaryimage\",\"url\":\"\",\"contentUrl\":\"\"},{\"@type\":\"BreadcrumbList\",\"@id\":\"https:\\\/\\\/www.esplac.cat\\\/es\\\/25e-aniversari-esplai-drac-magic\\\/#breadcrumb\",\"itemListElement\":[{\"@type\":\"ListItem\",\"position\":1,\"name\":\"Inici\",\"item\":\"https:\\\/\\\/www.esplac.cat\\\/es\\\/\"},{\"@type\":\"ListItem\",\"position\":2,\"name\":\"25\u00e8 aniversari de l&#8217;esplai Drac M\u00e0gic\"}]},{\"@type\":\"WebSite\",\"@id\":\"https:\\\/\\\/www.esplac.cat\\\/#website\",\"url\":\"https:\\\/\\\/www.esplac.cat\\\/\",\"name\":\"Esplac\",\"description\":\"Esplais Catalans\",\"publisher\":{\"@id\":\"https:\\\/\\\/www.esplac.cat\\\/#organization\"},\"potentialAction\":[{\"@type\":\"SearchAction\",\"target\":{\"@type\":\"EntryPoint\",\"urlTemplate\":\"https:\\\/\\\/www.esplac.cat\\\/?s={search_term_string}\"},\"query-input\":{\"@type\":\"PropertyValueSpecification\",\"valueRequired\":true,\"valueName\":\"search_term_string\"}}],\"inLanguage\":\"es\"},{\"@type\":\"Organization\",\"@id\":\"https:\\\/\\\/www.esplac.cat\\\/#organization\",\"name\":\"Esplac\",\"url\":\"https:\\\/\\\/www.esplac.cat\\\/\",\"logo\":{\"@type\":\"ImageObject\",\"inLanguage\":\"es\",\"@id\":\"https:\\\/\\\/www.esplac.cat\\\/#\\\/schema\\\/logo\\\/image\\\/\",\"url\":\"https:\\\/\\\/www.esplac.cat\\\/wp-content\\\/uploads\\\/2019\\\/08\\\/logox2.png\",\"contentUrl\":\"https:\\\/\\\/www.esplac.cat\\\/wp-content\\\/uploads\\\/2019\\\/08\\\/logox2.png\",\"width\":600,\"height\":295,\"caption\":\"Esplac\"},\"image\":{\"@id\":\"https:\\\/\\\/www.esplac.cat\\\/#\\\/schema\\\/logo\\\/image\\\/\"}},{\"@type\":\"Person\",\"@id\":\"https:\\\/\\\/www.esplac.cat\\\/#\\\/schema\\\/person\\\/908383cf240be18b68f8855d0583faca\",\"name\":\"Comunicaci\u00f3 Esplac\",\"image\":{\"@type\":\"ImageObject\",\"inLanguage\":\"es\",\"@id\":\"https:\\\/\\\/secure.gravatar.com\\\/avatar\\\/7a4cf8feb412a76ea4a740ca02d95b06b2907b5a6c648c2dd0a1082a093c3141?s=96&d=mm&r=g\",\"url\":\"https:\\\/\\\/secure.gravatar.com\\\/avatar\\\/7a4cf8feb412a76ea4a740ca02d95b06b2907b5a6c648c2dd0a1082a093c3141?s=96&d=mm&r=g\",\"contentUrl\":\"https:\\\/\\\/secure.gravatar.com\\\/avatar\\\/7a4cf8feb412a76ea4a740ca02d95b06b2907b5a6c648c2dd0a1082a093c3141?s=96&d=mm&r=g\",\"caption\":\"Comunicaci\u00f3 Esplac\"}}]}<\/script>\n<!-- \/ Yoast SEO plugin. -->","yoast_head_json":{"title":"25\u00e8 aniversari de l'esplai Drac M\u00e0gic - Esplac","robots":{"index":"index","follow":"follow","max-snippet":"max-snippet:-1","max-image-preview":"max-image-preview:large","max-video-preview":"max-video-preview:-1"},"canonical":"https:\/\/www.esplac.cat\/es\/25e-aniversari-esplai-drac-magic\/","og_locale":"es_ES","og_type":"article","og_title":"25\u00e8 aniversari de l'esplai Drac M\u00e0gic - Esplac","og_description":"Redacci\u00f3: monitors i monitores de l&#8217;esplai Drac M\u00e0gic Al Centre [&hellip;]","og_url":"https:\/\/www.esplac.cat\/es\/25e-aniversari-esplai-drac-magic\/","og_site_name":"Esplac","article_published_time":"2014-06-05T14:05:40+00:00","og_image":[{"width":1200,"height":630,"url":"https:\/\/www.esplac.cat\/wp-content\/uploads\/2019\/11\/logo-open.jpg","type":"image\/jpeg"}],"author":"Comunicaci\u00f3 Esplac","twitter_card":"summary_large_image","twitter_misc":{"Escrito por":"Comunicaci\u00f3 Esplac","Tiempo de lectura":"1 minuto"},"schema":{"@context":"https:\/\/schema.org","@graph":[{"@type":"Article","@id":"https:\/\/www.esplac.cat\/es\/25e-aniversari-esplai-drac-magic\/#article","isPartOf":{"@id":"https:\/\/www.esplac.cat\/es\/25e-aniversari-esplai-drac-magic\/"},"author":{"name":"Comunicaci\u00f3 Esplac","@id":"https:\/\/www.esplac.cat\/#\/schema\/person\/908383cf240be18b68f8855d0583faca"},"headline":"25\u00e8 aniversari de l&#8217;esplai Drac M\u00e0gic","datePublished":"2014-06-05T14:05:40+00:00","mainEntityOfPage":{"@id":"https:\/\/www.esplac.cat\/es\/25e-aniversari-esplai-drac-magic\/"},"wordCount":239,"commentCount":0,"publisher":{"@id":"https:\/\/www.esplac.cat\/#organization"},"image":{"@id":"https:\/\/www.esplac.cat\/es\/25e-aniversari-esplai-drac-magic\/#primaryimage"},"thumbnailUrl":"","keywords":["aniversaris","esplai Drac M\u00e0gic","Sector Pened\u00e8s-Garraf"],"articleSection":["Activitats esplais"],"inLanguage":"es","potentialAction":[{"@type":"CommentAction","name":"Comment","target":["https:\/\/www.esplac.cat\/es\/25e-aniversari-esplai-drac-magic\/#respond"]}]},{"@type":"WebPage","@id":"https:\/\/www.esplac.cat\/es\/25e-aniversari-esplai-drac-magic\/","url":"https:\/\/www.esplac.cat\/es\/25e-aniversari-esplai-drac-magic\/","name":"25\u00e8 aniversari de l'esplai Drac M\u00e0gic - Esplac","isPartOf":{"@id":"https:\/\/www.esplac.cat\/#website"},"primaryImageOfPage":{"@id":"https:\/\/www.esplac.cat\/es\/25e-aniversari-esplai-drac-magic\/#primaryimage"},"image":{"@id":"https:\/\/www.esplac.cat\/es\/25e-aniversari-esplai-drac-magic\/#primaryimage"},"thumbnailUrl":"","datePublished":"2014-06-05T14:05:40+00:00","breadcrumb":{"@id":"https:\/\/www.esplac.cat\/es\/25e-aniversari-esplai-drac-magic\/#breadcrumb"},"inLanguage":"es","potentialAction":[{"@type":"ReadAction","target":["https:\/\/www.esplac.cat\/es\/25e-aniversari-esplai-drac-magic\/"]}]},{"@type":"ImageObject","inLanguage":"es","@id":"https:\/\/www.esplac.cat\/es\/25e-aniversari-esplai-drac-magic\/#primaryimage","url":"","contentUrl":""},{"@type":"BreadcrumbList","@id":"https:\/\/www.esplac.cat\/es\/25e-aniversari-esplai-drac-magic\/#breadcrumb","itemListElement":[{"@type":"ListItem","position":1,"name":"Inici","item":"https:\/\/www.esplac.cat\/es\/"},{"@type":"ListItem","position":2,"name":"25\u00e8 aniversari de l&#8217;esplai Drac M\u00e0gic"}]},{"@type":"WebSite","@id":"https:\/\/www.esplac.cat\/#website","url":"https:\/\/www.esplac.cat\/","name":"Esplac","description":"Esplais Catalans","publisher":{"@id":"https:\/\/www.esplac.cat\/#organization"},"potentialAction":[{"@type":"SearchAction","target":{"@type":"EntryPoint","urlTemplate":"https:\/\/www.esplac.cat\/?s={search_term_string}"},"query-input":{"@type":"PropertyValueSpecification","valueRequired":true,"valueName":"search_term_string"}}],"inLanguage":"es"},{"@type":"Organization","@id":"https:\/\/www.esplac.cat\/#organization","name":"Esplac","url":"https:\/\/www.esplac.cat\/","logo":{"@type":"ImageObject","inLanguage":"es","@id":"https:\/\/www.esplac.cat\/#\/schema\/logo\/image\/","url":"https:\/\/www.esplac.cat\/wp-content\/uploads\/2019\/08\/logox2.png","contentUrl":"https:\/\/www.esplac.cat\/wp-content\/uploads\/2019\/08\/logox2.png","width":600,"height":295,"caption":"Esplac"},"image":{"@id":"https:\/\/www.esplac.cat\/#\/schema\/logo\/image\/"}},{"@type":"Person","@id":"https:\/\/www.esplac.cat\/#\/schema\/person\/908383cf240be18b68f8855d0583faca","name":"Comunicaci\u00f3 Esplac","image":{"@type":"ImageObject","inLanguage":"es","@id":"https:\/\/secure.gravatar.com\/avatar\/7a4cf8feb412a76ea4a740ca02d95b06b2907b5a6c648c2dd0a1082a093c3141?s=96&d=mm&r=g","url":"https:\/\/secure.gravatar.com\/avatar\/7a4cf8feb412a76ea4a740ca02d95b06b2907b5a6c648c2dd0a1082a093c3141?s=96&d=mm&r=g","contentUrl":"https:\/\/secure.gravatar.com\/avatar\/7a4cf8feb412a76ea4a740ca02d95b06b2907b5a6c648c2dd0a1082a093c3141?s=96&d=mm&r=g","caption":"Comunicaci\u00f3 Esplac"}}]}},"_links":{"self":[{"href":"https:\/\/www.esplac.cat\/es\/wp-json\/wp\/v2\/posts\/25749","targetHints":{"allow":["GET"]}}],"collection":[{"href":"https:\/\/www.esplac.cat\/es\/wp-json\/wp\/v2\/posts"}],"about":[{"href":"https:\/\/www.esplac.cat\/es\/wp-json\/wp\/v2\/types\/post"}],"author":[{"embeddable":true,"href":"https:\/\/www.esplac.cat\/es\/wp-json\/wp\/v2\/users\/3"}],"replies":[{"embeddable":true,"href":"https:\/\/www.esplac.cat\/es\/wp-json\/wp\/v2\/comments?post=25749"}],"version-history":[{"count":0,"href":"https:\/\/www.esplac.cat\/es\/wp-json\/wp\/v2\/posts\/25749\/revisions"}],"wp:featuredmedia":[{"embeddable":true,"href":"https:\/\/www.esplac.cat\/es\/wp-json\/"}],"wp:attachment":[{"href":"https:\/\/www.esplac.cat\/es\/wp-json\/wp\/v2\/media?parent=25749"}],"wp:term":[{"taxonomy":"category","embeddable":true,"href":"https:\/\/www.esplac.cat\/es\/wp-json\/wp\/v2\/categories?post=25749"},{"taxonomy":"post_tag","embeddable":true,"href":"https:\/\/www.esplac.cat\/es\/wp-json\/wp\/v2\/tags?post=25749"}],"curies":[{"name":"wp","href":"https:\/\/api.w.org\/{rel}","templated":true}]}}