{"id":25750,"date":"2014-06-05T12:08:31","date_gmt":"2014-06-05T10:08:31","guid":{"rendered":"http:\/\/esplac.cat\/?p=5260"},"modified":"2014-06-05T12:08:31","modified_gmt":"2014-06-05T10:08:31","slug":"esplai-verd-esplai-compromes","status":"publish","type":"post","link":"https:\/\/www.esplac.cat\/es\/esplai-verd-esplai-compromes\/","title":{"rendered":"Esplai verd, esplai comprom\u00e8s!"},"content":{"rendered":"<p><!--:CA-->Avui \u00e9s 5 de juny, el <a href=\"http:\/\/ca.wikipedia.org\/wiki\/Dia_Mundial_del_Medi_Ambient\">D<\/a><a href=\"http:\/\/ca.wikipedia.org\/wiki\/Dia_Mundial_del_Medi_Ambient\">ia <\/a><a href=\"http:\/\/ca.wikipedia.org\/wiki\/Dia_Mundial_del_Medi_Ambient\">M<\/a><a href=\"http:\/\/ca.wikipedia.org\/wiki\/Dia_Mundial_del_Medi_Ambient\">undial del <\/a><a href=\"http:\/\/ca.wikipedia.org\/wiki\/Dia_Mundial_del_Medi_Ambient\">M<\/a><a href=\"http:\/\/ca.wikipedia.org\/wiki\/Dia_Mundial_del_Medi_Ambient\">edi <\/a><a href=\"http:\/\/ca.wikipedia.org\/wiki\/Dia_Mundial_del_Medi_Ambient\">A<\/a><a href=\"http:\/\/ca.wikipedia.org\/wiki\/Dia_Mundial_del_Medi_Ambient\">mbient<\/a> i a m\u00e9s a m\u00e9s, ja tenim les primeres activitats d&#8217;estiu a la cantonada! Qu\u00e8 hi ha millor que l&#8217;estiu per treballar l&#8217;educaci\u00f3 ambiental amb els infants de l&#8217;esplai? Aprofitar els recursos naturals per fer activitats ben xules i sostenibles est\u00e0 a l&#8217;abast de tot equip de monitors i monitores i, nosaltres, volem oferir-vos tots els recursos per fer-ho!<\/p>\n<ul>\n<li>Tenim a la vostra disposici\u00f3<strong> forns solars<\/strong> que podeu utilitzar per fer un taller de cuina. Al <a href=\"http:\/\/esplac.cat\/banc-recursos\/?gen_3=on&amp;durada=indiferent&amp;edat_ini=4&amp;edat_fi=99&amp;part=&amp;espai=2&amp;activitats=Cerca+activitats&amp;data_ini=1998&amp;data_fi=2014\">Banc de Recursos<\/a> i a la xarxa hi ha un munt de <a href=\"http:\/\/assac.esplac.cat\/esplai\/banc_recursos_fitxes_activitat\/genera_pdf_act.php?id_activitat=13\">receptes senzilles<\/a> i molt bones que podeu fer amb els infants! Aqu\u00ed us deixem la recepta d&#8217;un past\u00eds de poma bon\u00edssim!<\/li>\n<\/ul>\n<p style=\"text-align: center;\"><a href=\"http:\/\/esplac.cat\/wp-content\/uploads\/2014\/06\/recepta_past\u00ed_poma.jpg\"><img decoding=\"async\" class=\"aligncenter  wp-image-5263\" title=\"recepta_past\u00ed_poma\" src=\"http:\/\/esplac.cat\/wp-content\/uploads\/2014\/06\/recepta_past\u00ed_poma-509x360.jpg\" alt=\"\" width=\"400\" \/><\/a><\/p>\n<ul>\n<li>Sabeu qu\u00e8 \u00e9s un <strong>ClickCells<\/strong>? Doncs \u00e9s un carregador de m\u00f2bils solar que \u00e9s perfecte per anar de ruta o de campaments! Amb ell podem tenir el tel\u00e8fon d&#8217;emerg\u00e8ncia de l&#8217;esplai a punt per quan sigui necessari.<\/li>\n<\/ul>\n<p style=\"text-align: center;\"><a href=\"http:\/\/esplac.cat\/wp-content\/uploads\/2014\/06\/clickcells.jpg\"><img decoding=\"async\" class=\"aligncenter  wp-image-5262\" title=\"clickcells\" src=\"http:\/\/esplac.cat\/wp-content\/uploads\/2014\/06\/clickcells-509x360.jpg\" alt=\"\" width=\"400\" \/><\/a><\/p>\n<ul>\n<li>A m\u00e9s a m\u00e9s, al <strong>Banc de Recursos<\/strong> hi ha un munt de tallers de reciclatge, <a href=\"http:\/\/assac.esplac.cat\/esplai\/banc_recursos_fitxes_activitat\/genera_pdf_act.php?id_activitat=17\">activitats<\/a> i jocs d&#8217;educaci\u00f3 ambiental, com les <a href=\"http:\/\/assac.esplac.cat\/esplai\/banc_recursos_fitxes_activitat\/genera_pdf_act.php?id_activitat=8\">Ecocartes<\/a>,que us poden ajudar a completar la vostra programaci\u00f3 dels campaments, les col\u00f2nies i les rutes.<\/li>\n<\/ul>\n<p>Us animem a que feu una volta pel Banc de Recursos i que, si no trobeu el que busqueu, ens ho feu saber i aix\u00ed, entre totes, anem fent-lo m\u00e9s gran i m\u00e9s \u00fatil!<!--:--><!--:es-->&nbsp;<\/p>\n<p><!--:--><!--:en-->&nbsp;<\/p>\n<p><!--:--><!--:fr-->&nbsp;<\/p>\n<p><!--:--><\/p>\n","protected":false},"excerpt":{"rendered":"<p>Avui \u00e9s 5 de juny, el Dia Mundial del Medi [&hellip;]<\/p>\n","protected":false},"author":3,"featured_media":7737,"comment_status":"open","ping_status":"open","sticky":false,"template":"","format":"standard","meta":{"om_disable_all_campaigns":false,"_monsterinsights_skip_tracking":false,"_monsterinsights_sitenote_active":false,"_monsterinsights_sitenote_note":"","_monsterinsights_sitenote_category":0,"_uf_show_specific_survey":0,"_uf_disable_surveys":false,"footnotes":""},"categories":[1114],"tags":[44,53,104,82,101,284,115],"class_list":["post-25750","post","type-post","status-publish","format-standard","has-post-thumbnail","hentry","category-recursos","tag-banc-de-recursos","tag-campaments","tag-colonies","tag-educacio-ambiental","tag-esplaisfemlestiu","tag-recursos","tag-rutes"],"yoast_head":"<!-- This site is optimized with the Yoast SEO plugin v27.4 - https:\/\/yoast.com\/product\/yoast-seo-wordpress\/ -->\n<title>Esplai verd, esplai comprom\u00e8s! - Esplac<\/title>\n<meta name=\"robots\" content=\"index, follow, max-snippet:-1, max-image-preview:large, max-video-preview:-1\" \/>\n<link rel=\"canonical\" href=\"https:\/\/www.esplac.cat\/en\/esplai-verd-esplai-compromes\/\" \/>\n<meta property=\"og:locale\" content=\"es_ES\" \/>\n<meta property=\"og:type\" content=\"article\" \/>\n<meta property=\"og:title\" content=\"Esplai verd, esplai comprom\u00e8s! - Esplac\" \/>\n<meta property=\"og:description\" content=\"Avui \u00e9s 5 de juny, el Dia Mundial del Medi [&hellip;]\" \/>\n<meta property=\"og:url\" content=\"https:\/\/www.esplac.cat\/en\/esplai-verd-esplai-compromes\/\" \/>\n<meta property=\"og:site_name\" content=\"Esplac\" \/>\n<meta property=\"article:published_time\" content=\"2014-06-05T10:08:31+00:00\" \/>\n<meta property=\"og:image\" content=\"https:\/\/www.esplac.cat\/wp-content\/uploads\/2019\/11\/logo-open.jpg\" \/>\n\t<meta property=\"og:image:width\" content=\"1200\" \/>\n\t<meta property=\"og:image:height\" content=\"630\" \/>\n\t<meta property=\"og:image:type\" content=\"image\/jpeg\" \/>\n<meta name=\"author\" content=\"Comunicaci\u00f3 Esplac\" \/>\n<meta name=\"twitter:card\" content=\"summary_large_image\" \/>\n<meta name=\"twitter:label1\" content=\"Escrito por\" \/>\n\t<meta name=\"twitter:data1\" content=\"Comunicaci\u00f3 Esplac\" \/>\n\t<meta name=\"twitter:label2\" content=\"Tiempo de lectura\" \/>\n\t<meta name=\"twitter:data2\" content=\"1 minuto\" \/>\n<script type=\"application\/ld+json\" class=\"yoast-schema-graph\">{\"@context\":\"https:\\\/\\\/schema.org\",\"@graph\":[{\"@type\":\"Article\",\"@id\":\"https:\\\/\\\/www.esplac.cat\\\/en\\\/esplai-verd-esplai-compromes\\\/#article\",\"isPartOf\":{\"@id\":\"https:\\\/\\\/www.esplac.cat\\\/en\\\/esplai-verd-esplai-compromes\\\/\"},\"author\":{\"name\":\"Comunicaci\u00f3 Esplac\",\"@id\":\"https:\\\/\\\/www.esplac.cat\\\/#\\\/schema\\\/person\\\/908383cf240be18b68f8855d0583faca\"},\"headline\":\"Esplai verd, esplai comprom\u00e8s!\",\"datePublished\":\"2014-06-05T10:08:31+00:00\",\"mainEntityOfPage\":{\"@id\":\"https:\\\/\\\/www.esplac.cat\\\/en\\\/esplai-verd-esplai-compromes\\\/\"},\"wordCount\":263,\"commentCount\":0,\"publisher\":{\"@id\":\"https:\\\/\\\/www.esplac.cat\\\/#organization\"},\"image\":{\"@id\":\"https:\\\/\\\/www.esplac.cat\\\/en\\\/esplai-verd-esplai-compromes\\\/#primaryimage\"},\"thumbnailUrl\":\"\",\"keywords\":[\"banc de recursos\",\"campaments\",\"colonies\",\"educacio ambiental\",\"esplaisfemlestiu\",\"recursos\",\"rutes\"],\"articleSection\":[\"Recursos\"],\"inLanguage\":\"es\",\"potentialAction\":[{\"@type\":\"CommentAction\",\"name\":\"Comment\",\"target\":[\"https:\\\/\\\/www.esplac.cat\\\/en\\\/esplai-verd-esplai-compromes\\\/#respond\"]}]},{\"@type\":\"WebPage\",\"@id\":\"https:\\\/\\\/www.esplac.cat\\\/en\\\/esplai-verd-esplai-compromes\\\/\",\"url\":\"https:\\\/\\\/www.esplac.cat\\\/en\\\/esplai-verd-esplai-compromes\\\/\",\"name\":\"Esplai verd, esplai comprom\u00e8s! - Esplac\",\"isPartOf\":{\"@id\":\"https:\\\/\\\/www.esplac.cat\\\/#website\"},\"primaryImageOfPage\":{\"@id\":\"https:\\\/\\\/www.esplac.cat\\\/en\\\/esplai-verd-esplai-compromes\\\/#primaryimage\"},\"image\":{\"@id\":\"https:\\\/\\\/www.esplac.cat\\\/en\\\/esplai-verd-esplai-compromes\\\/#primaryimage\"},\"thumbnailUrl\":\"\",\"datePublished\":\"2014-06-05T10:08:31+00:00\",\"breadcrumb\":{\"@id\":\"https:\\\/\\\/www.esplac.cat\\\/en\\\/esplai-verd-esplai-compromes\\\/#breadcrumb\"},\"inLanguage\":\"es\",\"potentialAction\":[{\"@type\":\"ReadAction\",\"target\":[\"https:\\\/\\\/www.esplac.cat\\\/en\\\/esplai-verd-esplai-compromes\\\/\"]}]},{\"@type\":\"ImageObject\",\"inLanguage\":\"es\",\"@id\":\"https:\\\/\\\/www.esplac.cat\\\/en\\\/esplai-verd-esplai-compromes\\\/#primaryimage\",\"url\":\"\",\"contentUrl\":\"\"},{\"@type\":\"BreadcrumbList\",\"@id\":\"https:\\\/\\\/www.esplac.cat\\\/en\\\/esplai-verd-esplai-compromes\\\/#breadcrumb\",\"itemListElement\":[{\"@type\":\"ListItem\",\"position\":1,\"name\":\"Inici\",\"item\":\"https:\\\/\\\/www.esplac.cat\\\/es\\\/\"},{\"@type\":\"ListItem\",\"position\":2,\"name\":\"Esplai verd, esplai comprom\u00e8s!\"}]},{\"@type\":\"WebSite\",\"@id\":\"https:\\\/\\\/www.esplac.cat\\\/#website\",\"url\":\"https:\\\/\\\/www.esplac.cat\\\/\",\"name\":\"Esplac\",\"description\":\"Esplais Catalans\",\"publisher\":{\"@id\":\"https:\\\/\\\/www.esplac.cat\\\/#organization\"},\"potentialAction\":[{\"@type\":\"SearchAction\",\"target\":{\"@type\":\"EntryPoint\",\"urlTemplate\":\"https:\\\/\\\/www.esplac.cat\\\/?s={search_term_string}\"},\"query-input\":{\"@type\":\"PropertyValueSpecification\",\"valueRequired\":true,\"valueName\":\"search_term_string\"}}],\"inLanguage\":\"es\"},{\"@type\":\"Organization\",\"@id\":\"https:\\\/\\\/www.esplac.cat\\\/#organization\",\"name\":\"Esplac\",\"url\":\"https:\\\/\\\/www.esplac.cat\\\/\",\"logo\":{\"@type\":\"ImageObject\",\"inLanguage\":\"es\",\"@id\":\"https:\\\/\\\/www.esplac.cat\\\/#\\\/schema\\\/logo\\\/image\\\/\",\"url\":\"https:\\\/\\\/www.esplac.cat\\\/wp-content\\\/uploads\\\/2019\\\/08\\\/logox2.png\",\"contentUrl\":\"https:\\\/\\\/www.esplac.cat\\\/wp-content\\\/uploads\\\/2019\\\/08\\\/logox2.png\",\"width\":600,\"height\":295,\"caption\":\"Esplac\"},\"image\":{\"@id\":\"https:\\\/\\\/www.esplac.cat\\\/#\\\/schema\\\/logo\\\/image\\\/\"}},{\"@type\":\"Person\",\"@id\":\"https:\\\/\\\/www.esplac.cat\\\/#\\\/schema\\\/person\\\/908383cf240be18b68f8855d0583faca\",\"name\":\"Comunicaci\u00f3 Esplac\",\"image\":{\"@type\":\"ImageObject\",\"inLanguage\":\"es\",\"@id\":\"https:\\\/\\\/secure.gravatar.com\\\/avatar\\\/7a4cf8feb412a76ea4a740ca02d95b06b2907b5a6c648c2dd0a1082a093c3141?s=96&d=mm&r=g\",\"url\":\"https:\\\/\\\/secure.gravatar.com\\\/avatar\\\/7a4cf8feb412a76ea4a740ca02d95b06b2907b5a6c648c2dd0a1082a093c3141?s=96&d=mm&r=g\",\"contentUrl\":\"https:\\\/\\\/secure.gravatar.com\\\/avatar\\\/7a4cf8feb412a76ea4a740ca02d95b06b2907b5a6c648c2dd0a1082a093c3141?s=96&d=mm&r=g\",\"caption\":\"Comunicaci\u00f3 Esplac\"}}]}<\/script>\n<!-- \/ Yoast SEO plugin. -->","yoast_head_json":{"title":"Esplai verd, esplai comprom\u00e8s! - Esplac","robots":{"index":"index","follow":"follow","max-snippet":"max-snippet:-1","max-image-preview":"max-image-preview:large","max-video-preview":"max-video-preview:-1"},"canonical":"https:\/\/www.esplac.cat\/en\/esplai-verd-esplai-compromes\/","og_locale":"es_ES","og_type":"article","og_title":"Esplai verd, esplai comprom\u00e8s! - Esplac","og_description":"Avui \u00e9s 5 de juny, el Dia Mundial del Medi [&hellip;]","og_url":"https:\/\/www.esplac.cat\/en\/esplai-verd-esplai-compromes\/","og_site_name":"Esplac","article_published_time":"2014-06-05T10:08:31+00:00","og_image":[{"width":1200,"height":630,"url":"https:\/\/www.esplac.cat\/wp-content\/uploads\/2019\/11\/logo-open.jpg","type":"image\/jpeg"}],"author":"Comunicaci\u00f3 Esplac","twitter_card":"summary_large_image","twitter_misc":{"Escrito por":"Comunicaci\u00f3 Esplac","Tiempo de lectura":"1 minuto"},"schema":{"@context":"https:\/\/schema.org","@graph":[{"@type":"Article","@id":"https:\/\/www.esplac.cat\/en\/esplai-verd-esplai-compromes\/#article","isPartOf":{"@id":"https:\/\/www.esplac.cat\/en\/esplai-verd-esplai-compromes\/"},"author":{"name":"Comunicaci\u00f3 Esplac","@id":"https:\/\/www.esplac.cat\/#\/schema\/person\/908383cf240be18b68f8855d0583faca"},"headline":"Esplai verd, esplai comprom\u00e8s!","datePublished":"2014-06-05T10:08:31+00:00","mainEntityOfPage":{"@id":"https:\/\/www.esplac.cat\/en\/esplai-verd-esplai-compromes\/"},"wordCount":263,"commentCount":0,"publisher":{"@id":"https:\/\/www.esplac.cat\/#organization"},"image":{"@id":"https:\/\/www.esplac.cat\/en\/esplai-verd-esplai-compromes\/#primaryimage"},"thumbnailUrl":"","keywords":["banc de recursos","campaments","colonies","educacio ambiental","esplaisfemlestiu","recursos","rutes"],"articleSection":["Recursos"],"inLanguage":"es","potentialAction":[{"@type":"CommentAction","name":"Comment","target":["https:\/\/www.esplac.cat\/en\/esplai-verd-esplai-compromes\/#respond"]}]},{"@type":"WebPage","@id":"https:\/\/www.esplac.cat\/en\/esplai-verd-esplai-compromes\/","url":"https:\/\/www.esplac.cat\/en\/esplai-verd-esplai-compromes\/","name":"Esplai verd, esplai comprom\u00e8s! - Esplac","isPartOf":{"@id":"https:\/\/www.esplac.cat\/#website"},"primaryImageOfPage":{"@id":"https:\/\/www.esplac.cat\/en\/esplai-verd-esplai-compromes\/#primaryimage"},"image":{"@id":"https:\/\/www.esplac.cat\/en\/esplai-verd-esplai-compromes\/#primaryimage"},"thumbnailUrl":"","datePublished":"2014-06-05T10:08:31+00:00","breadcrumb":{"@id":"https:\/\/www.esplac.cat\/en\/esplai-verd-esplai-compromes\/#breadcrumb"},"inLanguage":"es","potentialAction":[{"@type":"ReadAction","target":["https:\/\/www.esplac.cat\/en\/esplai-verd-esplai-compromes\/"]}]},{"@type":"ImageObject","inLanguage":"es","@id":"https:\/\/www.esplac.cat\/en\/esplai-verd-esplai-compromes\/#primaryimage","url":"","contentUrl":""},{"@type":"BreadcrumbList","@id":"https:\/\/www.esplac.cat\/en\/esplai-verd-esplai-compromes\/#breadcrumb","itemListElement":[{"@type":"ListItem","position":1,"name":"Inici","item":"https:\/\/www.esplac.cat\/es\/"},{"@type":"ListItem","position":2,"name":"Esplai verd, esplai comprom\u00e8s!"}]},{"@type":"WebSite","@id":"https:\/\/www.esplac.cat\/#website","url":"https:\/\/www.esplac.cat\/","name":"Esplac","description":"Esplais Catalans","publisher":{"@id":"https:\/\/www.esplac.cat\/#organization"},"potentialAction":[{"@type":"SearchAction","target":{"@type":"EntryPoint","urlTemplate":"https:\/\/www.esplac.cat\/?s={search_term_string}"},"query-input":{"@type":"PropertyValueSpecification","valueRequired":true,"valueName":"search_term_string"}}],"inLanguage":"es"},{"@type":"Organization","@id":"https:\/\/www.esplac.cat\/#organization","name":"Esplac","url":"https:\/\/www.esplac.cat\/","logo":{"@type":"ImageObject","inLanguage":"es","@id":"https:\/\/www.esplac.cat\/#\/schema\/logo\/image\/","url":"https:\/\/www.esplac.cat\/wp-content\/uploads\/2019\/08\/logox2.png","contentUrl":"https:\/\/www.esplac.cat\/wp-content\/uploads\/2019\/08\/logox2.png","width":600,"height":295,"caption":"Esplac"},"image":{"@id":"https:\/\/www.esplac.cat\/#\/schema\/logo\/image\/"}},{"@type":"Person","@id":"https:\/\/www.esplac.cat\/#\/schema\/person\/908383cf240be18b68f8855d0583faca","name":"Comunicaci\u00f3 Esplac","image":{"@type":"ImageObject","inLanguage":"es","@id":"https:\/\/secure.gravatar.com\/avatar\/7a4cf8feb412a76ea4a740ca02d95b06b2907b5a6c648c2dd0a1082a093c3141?s=96&d=mm&r=g","url":"https:\/\/secure.gravatar.com\/avatar\/7a4cf8feb412a76ea4a740ca02d95b06b2907b5a6c648c2dd0a1082a093c3141?s=96&d=mm&r=g","contentUrl":"https:\/\/secure.gravatar.com\/avatar\/7a4cf8feb412a76ea4a740ca02d95b06b2907b5a6c648c2dd0a1082a093c3141?s=96&d=mm&r=g","caption":"Comunicaci\u00f3 Esplac"}}]}},"_links":{"self":[{"href":"https:\/\/www.esplac.cat\/es\/wp-json\/wp\/v2\/posts\/25750","targetHints":{"allow":["GET"]}}],"collection":[{"href":"https:\/\/www.esplac.cat\/es\/wp-json\/wp\/v2\/posts"}],"about":[{"href":"https:\/\/www.esplac.cat\/es\/wp-json\/wp\/v2\/types\/post"}],"author":[{"embeddable":true,"href":"https:\/\/www.esplac.cat\/es\/wp-json\/wp\/v2\/users\/3"}],"replies":[{"embeddable":true,"href":"https:\/\/www.esplac.cat\/es\/wp-json\/wp\/v2\/comments?post=25750"}],"version-history":[{"count":0,"href":"https:\/\/www.esplac.cat\/es\/wp-json\/wp\/v2\/posts\/25750\/revisions"}],"wp:featuredmedia":[{"embeddable":true,"href":"https:\/\/www.esplac.cat\/es\/wp-json\/"}],"wp:attachment":[{"href":"https:\/\/www.esplac.cat\/es\/wp-json\/wp\/v2\/media?parent=25750"}],"wp:term":[{"taxonomy":"category","embeddable":true,"href":"https:\/\/www.esplac.cat\/es\/wp-json\/wp\/v2\/categories?post=25750"},{"taxonomy":"post_tag","embeddable":true,"href":"https:\/\/www.esplac.cat\/es\/wp-json\/wp\/v2\/tags?post=25750"}],"curies":[{"name":"wp","href":"https:\/\/api.w.org\/{rel}","templated":true}]}}