{"id":25751,"date":"2014-06-04T18:51:08","date_gmt":"2014-06-04T16:51:08","guid":{"rendered":"http:\/\/esplac.cat\/?p=5256"},"modified":"2014-06-04T18:51:08","modified_gmt":"2014-06-04T16:51:08","slug":"els-esplais-del-bages-bergueda-ens-iniciem-al-monitoratge","status":"publish","type":"post","link":"https:\/\/www.esplac.cat\/es\/els-esplais-del-bages-bergueda-ens-iniciem-al-monitoratge\/","title":{"rendered":"Els esplais del Bages-Bergued\u00e0 ens iniciem al monitoratge!"},"content":{"rendered":"<p><!--:CA--><\/p>\n<p style=\"text-align: left;\" align=\"justify\">Aquest cap de setmana, el 31 de maig i l&#8217;1 de juny, el sector Bages-Bergued\u00e0 hem organitzat un Curs d&#8217;Iniciaci\u00f3 al Monitoratge (CIM), del programa d&#8217;acollida Marta Mata, per les joves que han estat per primera vegada fent de monitors i monitores a l&#8217;esplai. En total hem sigut uns 15 participants els esplais d&#8217;<a href=\"http:\/\/esplac.cat\/mapa\/?esplai=avia&amp;poblacio=\">Avi\u00e0<\/a>, <a href=\"http:\/\/esplac.cat\/mapa\/?esplai=avia&amp;poblacio=\">GEPS<\/a> i <a href=\"http:\/\/esplac.cat\/mapa\/?esplai=avia&amp;poblacio=\">Merlot<\/a>, i 5 monitors i monitores d&#8217;<a href=\"http:\/\/esplac.cat\/mapa\/?esplai=avia&amp;poblacio=\">Avi\u00e0<\/a>, <a href=\"http:\/\/esplac.cat\/mapa\/?esplai=avia&amp;poblacio=\">Merlot<\/a>, <a href=\"http:\/\/esplac.cat\/mapa\/?esplai=avia&amp;poblacio=\">GEPS<\/a> i <a href=\"http:\/\/esplac.cat\/mapa\/?esplai=roquesalbes&amp;poblacio=\">Roques Albes<\/a>, que han organitzat i dinamitzat les formacions. A m\u00e9s a m\u00e9s, hem comptat amb el suport de dos monitors de l&#8217;esplai d&#8217;<a href=\"http:\/\/esplac.cat\/mapa\/?esplai=avia&amp;poblacio=\">Avi\u00e0<\/a>, que s&#8217;han encarregat de la intend\u00e8ncia durant el cap de setmana.<\/p>\n<p style=\"text-align: left;\" align=\"justify\">Inicialment hav\u00edem d&#8217;anar al terreny d&#8217;acampada de la Font de la Cristi\u00f3, a Avi\u00e0, per\u00f2 a causa de la pluja que havia caigut i l&#8217;estat del terreny, v\u00e0rem optar per l&#8217;alternativa que ja ten\u00edem plantejada en aquest cas, que era fer el curs a l&#8217;Hotel d&#8217;Entitats. L&#8217;espai ens el va cedir l&#8217;Ajuntament i \u00e9s on l&#8217;esplai d&#8217;Avi\u00e0 hi desenvolupa la seva activitat, estem molt agra\u00efdes que ens hagin acollit tan b\u00e9.<\/p>\n<p style=\"text-align: left;\" align=\"justify\">Enguany ha sigut la primera vegada que hem fet un CIM des de l&#8217;autoformaci\u00f3, sent els monitors i monitores els mateixos organitzadors i formadors del curs. \u00a0En plantejar el CIM a principi de curs, vol\u00edem crear un espai de debat i de reflexi\u00f3, un lloc on compartir opinions i viv\u00e8ncies, pors i dubtes&#8230; Ha estat una ocasi\u00f3 per desconnectar, desintoxicar-nos de la societat i per aprendre les unes de les altres. Tamb\u00e9 hem pogut compartir eines i recursos pr\u00e0ctics per desenvolupar la nostra tasca educativa i la dels joves que hi han participat.<\/p>\n<p style=\"text-align: left;\" align=\"justify\">Durant el cap de setmana, hem tocat temes com el paper del monitor i la monitora a l&#8217;esplai, sobre lideratge i grups d&#8217;infants, hem parlat dels jocs i din\u00e0miques com a eina educativa, la import\u00e0ncia de la salut i la prevenci\u00f3, finalment, v\u00e0rem parlar sobre excursionisme, educaci\u00f3 ambiental i aprenentatge vivencial.<\/p>\n<p style=\"text-align: left;\" align=\"justify\">Estem molt contentes de com ha anat tot i esperem repetir aquesta experi\u00e8ncia!<\/p>\n<p style=\"text-align: center;\" align=\"justify\"><a href=\"http:\/\/esplac.cat\/wp-content\/uploads\/2014\/06\/IMG-20140601-WA0001.jpg\"><img decoding=\"async\" class=\"aligncenter  wp-image-5257\" title=\"cim-esplais-bages-bergueda-2014\" src=\"http:\/\/esplac.cat\/wp-content\/uploads\/2014\/06\/IMG-20140601-WA0001-640x360.jpg\" alt=\"\" width=\"400\" \/><\/a><\/p>\n<p><!--:--><!--:es-->&nbsp;<\/p>\n<p><!--:--><!--:en-->&nbsp;<\/p>\n<p><!--:--><!--:fr-->&nbsp;<\/p>\n<p><!--:--><\/p>\n","protected":false},"excerpt":{"rendered":"<p>Aquest cap de setmana, el 31 de maig i l&#8217;1 [&hellip;]<\/p>\n","protected":false},"author":3,"featured_media":7827,"comment_status":"open","ping_status":"open","sticky":false,"template":"","format":"standard","meta":{"om_disable_all_campaigns":false,"_monsterinsights_skip_tracking":false,"_monsterinsights_sitenote_active":false,"_monsterinsights_sitenote_note":"","_monsterinsights_sitenote_category":0,"_uf_show_specific_survey":0,"_uf_disable_surveys":false,"footnotes":""},"categories":[1110,1133],"tags":[283,85,118],"class_list":["post-25751","post","type-post","status-publish","format-standard","has-post-thumbnail","hentry","category-activitats-sectors","category-sector-bages-bergueda-cerdanya","tag-curs-iniciacio-monitoratge","tag-programa-marta-mata","tag-sector-bages-bergueda"],"yoast_head":"<!-- This site is optimized with the Yoast SEO plugin v27.5 - https:\/\/yoast.com\/product\/yoast-seo-wordpress\/ -->\n<title>Els esplais del Bages-Bergued\u00e0 ens iniciem al monitoratge! - Esplac<\/title>\n<meta name=\"robots\" content=\"index, follow, max-snippet:-1, max-image-preview:large, max-video-preview:-1\" \/>\n<link rel=\"canonical\" href=\"https:\/\/www.esplac.cat\/els-esplais-del-bages-bergueda-ens-iniciem-al-monitoratge\/\" \/>\n<meta property=\"og:locale\" content=\"es_ES\" \/>\n<meta property=\"og:type\" content=\"article\" \/>\n<meta property=\"og:title\" content=\"Els esplais del Bages-Bergued\u00e0 ens iniciem al monitoratge! - Esplac\" \/>\n<meta property=\"og:description\" content=\"Aquest cap de setmana, el 31 de maig i l&#8217;1 [&hellip;]\" \/>\n<meta property=\"og:url\" content=\"https:\/\/www.esplac.cat\/els-esplais-del-bages-bergueda-ens-iniciem-al-monitoratge\/\" \/>\n<meta property=\"og:site_name\" content=\"Esplac\" \/>\n<meta property=\"article:published_time\" content=\"2014-06-04T16:51:08+00:00\" \/>\n<meta property=\"og:image\" content=\"https:\/\/www.esplac.cat\/wp-content\/uploads\/2019\/11\/logo-open.jpg\" \/>\n\t<meta property=\"og:image:width\" content=\"1200\" \/>\n\t<meta property=\"og:image:height\" content=\"630\" \/>\n\t<meta property=\"og:image:type\" content=\"image\/jpeg\" \/>\n<meta name=\"author\" content=\"Comunicaci\u00f3 Esplac\" \/>\n<meta name=\"twitter:card\" content=\"summary_large_image\" \/>\n<meta name=\"twitter:label1\" content=\"Escrito por\" \/>\n\t<meta name=\"twitter:data1\" content=\"Comunicaci\u00f3 Esplac\" \/>\n\t<meta name=\"twitter:label2\" content=\"Tiempo de lectura\" \/>\n\t<meta name=\"twitter:data2\" content=\"2 minutos\" \/>\n<script type=\"application\/ld+json\" class=\"yoast-schema-graph\">{\"@context\":\"https:\\\/\\\/schema.org\",\"@graph\":[{\"@type\":\"Article\",\"@id\":\"https:\\\/\\\/www.esplac.cat\\\/els-esplais-del-bages-bergueda-ens-iniciem-al-monitoratge\\\/#article\",\"isPartOf\":{\"@id\":\"https:\\\/\\\/www.esplac.cat\\\/els-esplais-del-bages-bergueda-ens-iniciem-al-monitoratge\\\/\"},\"author\":{\"name\":\"Comunicaci\u00f3 Esplac\",\"@id\":\"https:\\\/\\\/www.esplac.cat\\\/#\\\/schema\\\/person\\\/908383cf240be18b68f8855d0583faca\"},\"headline\":\"Els esplais del Bages-Bergued\u00e0 ens iniciem al monitoratge!\",\"datePublished\":\"2014-06-04T16:51:08+00:00\",\"mainEntityOfPage\":{\"@id\":\"https:\\\/\\\/www.esplac.cat\\\/els-esplais-del-bages-bergueda-ens-iniciem-al-monitoratge\\\/\"},\"wordCount\":372,\"commentCount\":0,\"publisher\":{\"@id\":\"https:\\\/\\\/www.esplac.cat\\\/#organization\"},\"image\":{\"@id\":\"https:\\\/\\\/www.esplac.cat\\\/els-esplais-del-bages-bergueda-ens-iniciem-al-monitoratge\\\/#primaryimage\"},\"thumbnailUrl\":\"\",\"keywords\":[\"curs iniciacio monitoratge\",\"programa marta mata\",\"Sector Bages-Bergued\u00e0\"],\"articleSection\":[\"Activitats sectors\",\"Sector Bages, Bergued\u00e0 i La Cerdanya\"],\"inLanguage\":\"es\",\"potentialAction\":[{\"@type\":\"CommentAction\",\"name\":\"Comment\",\"target\":[\"https:\\\/\\\/www.esplac.cat\\\/els-esplais-del-bages-bergueda-ens-iniciem-al-monitoratge\\\/#respond\"]}]},{\"@type\":\"WebPage\",\"@id\":\"https:\\\/\\\/www.esplac.cat\\\/els-esplais-del-bages-bergueda-ens-iniciem-al-monitoratge\\\/\",\"url\":\"https:\\\/\\\/www.esplac.cat\\\/els-esplais-del-bages-bergueda-ens-iniciem-al-monitoratge\\\/\",\"name\":\"Els esplais del Bages-Bergued\u00e0 ens iniciem al monitoratge! - Esplac\",\"isPartOf\":{\"@id\":\"https:\\\/\\\/www.esplac.cat\\\/#website\"},\"primaryImageOfPage\":{\"@id\":\"https:\\\/\\\/www.esplac.cat\\\/els-esplais-del-bages-bergueda-ens-iniciem-al-monitoratge\\\/#primaryimage\"},\"image\":{\"@id\":\"https:\\\/\\\/www.esplac.cat\\\/els-esplais-del-bages-bergueda-ens-iniciem-al-monitoratge\\\/#primaryimage\"},\"thumbnailUrl\":\"\",\"datePublished\":\"2014-06-04T16:51:08+00:00\",\"breadcrumb\":{\"@id\":\"https:\\\/\\\/www.esplac.cat\\\/els-esplais-del-bages-bergueda-ens-iniciem-al-monitoratge\\\/#breadcrumb\"},\"inLanguage\":\"es\",\"potentialAction\":[{\"@type\":\"ReadAction\",\"target\":[\"https:\\\/\\\/www.esplac.cat\\\/els-esplais-del-bages-bergueda-ens-iniciem-al-monitoratge\\\/\"]}]},{\"@type\":\"ImageObject\",\"inLanguage\":\"es\",\"@id\":\"https:\\\/\\\/www.esplac.cat\\\/els-esplais-del-bages-bergueda-ens-iniciem-al-monitoratge\\\/#primaryimage\",\"url\":\"\",\"contentUrl\":\"\"},{\"@type\":\"BreadcrumbList\",\"@id\":\"https:\\\/\\\/www.esplac.cat\\\/els-esplais-del-bages-bergueda-ens-iniciem-al-monitoratge\\\/#breadcrumb\",\"itemListElement\":[{\"@type\":\"ListItem\",\"position\":1,\"name\":\"Inici\",\"item\":\"https:\\\/\\\/www.esplac.cat\\\/es\\\/\"},{\"@type\":\"ListItem\",\"position\":2,\"name\":\"Els esplais del Bages-Bergued\u00e0 ens iniciem al monitoratge!\"}]},{\"@type\":\"WebSite\",\"@id\":\"https:\\\/\\\/www.esplac.cat\\\/#website\",\"url\":\"https:\\\/\\\/www.esplac.cat\\\/\",\"name\":\"Esplac\",\"description\":\"Esplais Catalans\",\"publisher\":{\"@id\":\"https:\\\/\\\/www.esplac.cat\\\/#organization\"},\"potentialAction\":[{\"@type\":\"SearchAction\",\"target\":{\"@type\":\"EntryPoint\",\"urlTemplate\":\"https:\\\/\\\/www.esplac.cat\\\/?s={search_term_string}\"},\"query-input\":{\"@type\":\"PropertyValueSpecification\",\"valueRequired\":true,\"valueName\":\"search_term_string\"}}],\"inLanguage\":\"es\"},{\"@type\":\"Organization\",\"@id\":\"https:\\\/\\\/www.esplac.cat\\\/#organization\",\"name\":\"Esplac\",\"url\":\"https:\\\/\\\/www.esplac.cat\\\/\",\"logo\":{\"@type\":\"ImageObject\",\"inLanguage\":\"es\",\"@id\":\"https:\\\/\\\/www.esplac.cat\\\/#\\\/schema\\\/logo\\\/image\\\/\",\"url\":\"https:\\\/\\\/www.esplac.cat\\\/wp-content\\\/uploads\\\/2019\\\/08\\\/logox2.png\",\"contentUrl\":\"https:\\\/\\\/www.esplac.cat\\\/wp-content\\\/uploads\\\/2019\\\/08\\\/logox2.png\",\"width\":600,\"height\":295,\"caption\":\"Esplac\"},\"image\":{\"@id\":\"https:\\\/\\\/www.esplac.cat\\\/#\\\/schema\\\/logo\\\/image\\\/\"}},{\"@type\":\"Person\",\"@id\":\"https:\\\/\\\/www.esplac.cat\\\/#\\\/schema\\\/person\\\/908383cf240be18b68f8855d0583faca\",\"name\":\"Comunicaci\u00f3 Esplac\",\"image\":{\"@type\":\"ImageObject\",\"inLanguage\":\"es\",\"@id\":\"https:\\\/\\\/secure.gravatar.com\\\/avatar\\\/7a4cf8feb412a76ea4a740ca02d95b06b2907b5a6c648c2dd0a1082a093c3141?s=96&d=mm&r=g\",\"url\":\"https:\\\/\\\/secure.gravatar.com\\\/avatar\\\/7a4cf8feb412a76ea4a740ca02d95b06b2907b5a6c648c2dd0a1082a093c3141?s=96&d=mm&r=g\",\"contentUrl\":\"https:\\\/\\\/secure.gravatar.com\\\/avatar\\\/7a4cf8feb412a76ea4a740ca02d95b06b2907b5a6c648c2dd0a1082a093c3141?s=96&d=mm&r=g\",\"caption\":\"Comunicaci\u00f3 Esplac\"}}]}<\/script>\n<!-- \/ Yoast SEO plugin. -->","yoast_head_json":{"title":"Els esplais del Bages-Bergued\u00e0 ens iniciem al monitoratge! - Esplac","robots":{"index":"index","follow":"follow","max-snippet":"max-snippet:-1","max-image-preview":"max-image-preview:large","max-video-preview":"max-video-preview:-1"},"canonical":"https:\/\/www.esplac.cat\/els-esplais-del-bages-bergueda-ens-iniciem-al-monitoratge\/","og_locale":"es_ES","og_type":"article","og_title":"Els esplais del Bages-Bergued\u00e0 ens iniciem al monitoratge! - Esplac","og_description":"Aquest cap de setmana, el 31 de maig i l&#8217;1 [&hellip;]","og_url":"https:\/\/www.esplac.cat\/els-esplais-del-bages-bergueda-ens-iniciem-al-monitoratge\/","og_site_name":"Esplac","article_published_time":"2014-06-04T16:51:08+00:00","og_image":[{"width":1200,"height":630,"url":"https:\/\/www.esplac.cat\/wp-content\/uploads\/2019\/11\/logo-open.jpg","type":"image\/jpeg"}],"author":"Comunicaci\u00f3 Esplac","twitter_card":"summary_large_image","twitter_misc":{"Escrito por":"Comunicaci\u00f3 Esplac","Tiempo de lectura":"2 minutos"},"schema":{"@context":"https:\/\/schema.org","@graph":[{"@type":"Article","@id":"https:\/\/www.esplac.cat\/els-esplais-del-bages-bergueda-ens-iniciem-al-monitoratge\/#article","isPartOf":{"@id":"https:\/\/www.esplac.cat\/els-esplais-del-bages-bergueda-ens-iniciem-al-monitoratge\/"},"author":{"name":"Comunicaci\u00f3 Esplac","@id":"https:\/\/www.esplac.cat\/#\/schema\/person\/908383cf240be18b68f8855d0583faca"},"headline":"Els esplais del Bages-Bergued\u00e0 ens iniciem al monitoratge!","datePublished":"2014-06-04T16:51:08+00:00","mainEntityOfPage":{"@id":"https:\/\/www.esplac.cat\/els-esplais-del-bages-bergueda-ens-iniciem-al-monitoratge\/"},"wordCount":372,"commentCount":0,"publisher":{"@id":"https:\/\/www.esplac.cat\/#organization"},"image":{"@id":"https:\/\/www.esplac.cat\/els-esplais-del-bages-bergueda-ens-iniciem-al-monitoratge\/#primaryimage"},"thumbnailUrl":"","keywords":["curs iniciacio monitoratge","programa marta mata","Sector Bages-Bergued\u00e0"],"articleSection":["Activitats sectors","Sector Bages, Bergued\u00e0 i La Cerdanya"],"inLanguage":"es","potentialAction":[{"@type":"CommentAction","name":"Comment","target":["https:\/\/www.esplac.cat\/els-esplais-del-bages-bergueda-ens-iniciem-al-monitoratge\/#respond"]}]},{"@type":"WebPage","@id":"https:\/\/www.esplac.cat\/els-esplais-del-bages-bergueda-ens-iniciem-al-monitoratge\/","url":"https:\/\/www.esplac.cat\/els-esplais-del-bages-bergueda-ens-iniciem-al-monitoratge\/","name":"Els esplais del Bages-Bergued\u00e0 ens iniciem al monitoratge! - Esplac","isPartOf":{"@id":"https:\/\/www.esplac.cat\/#website"},"primaryImageOfPage":{"@id":"https:\/\/www.esplac.cat\/els-esplais-del-bages-bergueda-ens-iniciem-al-monitoratge\/#primaryimage"},"image":{"@id":"https:\/\/www.esplac.cat\/els-esplais-del-bages-bergueda-ens-iniciem-al-monitoratge\/#primaryimage"},"thumbnailUrl":"","datePublished":"2014-06-04T16:51:08+00:00","breadcrumb":{"@id":"https:\/\/www.esplac.cat\/els-esplais-del-bages-bergueda-ens-iniciem-al-monitoratge\/#breadcrumb"},"inLanguage":"es","potentialAction":[{"@type":"ReadAction","target":["https:\/\/www.esplac.cat\/els-esplais-del-bages-bergueda-ens-iniciem-al-monitoratge\/"]}]},{"@type":"ImageObject","inLanguage":"es","@id":"https:\/\/www.esplac.cat\/els-esplais-del-bages-bergueda-ens-iniciem-al-monitoratge\/#primaryimage","url":"","contentUrl":""},{"@type":"BreadcrumbList","@id":"https:\/\/www.esplac.cat\/els-esplais-del-bages-bergueda-ens-iniciem-al-monitoratge\/#breadcrumb","itemListElement":[{"@type":"ListItem","position":1,"name":"Inici","item":"https:\/\/www.esplac.cat\/es\/"},{"@type":"ListItem","position":2,"name":"Els esplais del Bages-Bergued\u00e0 ens iniciem al monitoratge!"}]},{"@type":"WebSite","@id":"https:\/\/www.esplac.cat\/#website","url":"https:\/\/www.esplac.cat\/","name":"Esplac","description":"Esplais Catalans","publisher":{"@id":"https:\/\/www.esplac.cat\/#organization"},"potentialAction":[{"@type":"SearchAction","target":{"@type":"EntryPoint","urlTemplate":"https:\/\/www.esplac.cat\/?s={search_term_string}"},"query-input":{"@type":"PropertyValueSpecification","valueRequired":true,"valueName":"search_term_string"}}],"inLanguage":"es"},{"@type":"Organization","@id":"https:\/\/www.esplac.cat\/#organization","name":"Esplac","url":"https:\/\/www.esplac.cat\/","logo":{"@type":"ImageObject","inLanguage":"es","@id":"https:\/\/www.esplac.cat\/#\/schema\/logo\/image\/","url":"https:\/\/www.esplac.cat\/wp-content\/uploads\/2019\/08\/logox2.png","contentUrl":"https:\/\/www.esplac.cat\/wp-content\/uploads\/2019\/08\/logox2.png","width":600,"height":295,"caption":"Esplac"},"image":{"@id":"https:\/\/www.esplac.cat\/#\/schema\/logo\/image\/"}},{"@type":"Person","@id":"https:\/\/www.esplac.cat\/#\/schema\/person\/908383cf240be18b68f8855d0583faca","name":"Comunicaci\u00f3 Esplac","image":{"@type":"ImageObject","inLanguage":"es","@id":"https:\/\/secure.gravatar.com\/avatar\/7a4cf8feb412a76ea4a740ca02d95b06b2907b5a6c648c2dd0a1082a093c3141?s=96&d=mm&r=g","url":"https:\/\/secure.gravatar.com\/avatar\/7a4cf8feb412a76ea4a740ca02d95b06b2907b5a6c648c2dd0a1082a093c3141?s=96&d=mm&r=g","contentUrl":"https:\/\/secure.gravatar.com\/avatar\/7a4cf8feb412a76ea4a740ca02d95b06b2907b5a6c648c2dd0a1082a093c3141?s=96&d=mm&r=g","caption":"Comunicaci\u00f3 Esplac"}}]}},"_links":{"self":[{"href":"https:\/\/www.esplac.cat\/es\/wp-json\/wp\/v2\/posts\/25751","targetHints":{"allow":["GET"]}}],"collection":[{"href":"https:\/\/www.esplac.cat\/es\/wp-json\/wp\/v2\/posts"}],"about":[{"href":"https:\/\/www.esplac.cat\/es\/wp-json\/wp\/v2\/types\/post"}],"author":[{"embeddable":true,"href":"https:\/\/www.esplac.cat\/es\/wp-json\/wp\/v2\/users\/3"}],"replies":[{"embeddable":true,"href":"https:\/\/www.esplac.cat\/es\/wp-json\/wp\/v2\/comments?post=25751"}],"version-history":[{"count":0,"href":"https:\/\/www.esplac.cat\/es\/wp-json\/wp\/v2\/posts\/25751\/revisions"}],"wp:featuredmedia":[{"embeddable":true,"href":"https:\/\/www.esplac.cat\/es\/wp-json\/"}],"wp:attachment":[{"href":"https:\/\/www.esplac.cat\/es\/wp-json\/wp\/v2\/media?parent=25751"}],"wp:term":[{"taxonomy":"category","embeddable":true,"href":"https:\/\/www.esplac.cat\/es\/wp-json\/wp\/v2\/categories?post=25751"},{"taxonomy":"post_tag","embeddable":true,"href":"https:\/\/www.esplac.cat\/es\/wp-json\/wp\/v2\/tags?post=25751"}],"curies":[{"name":"wp","href":"https:\/\/api.w.org\/{rel}","templated":true}]}}