{"id":25752,"date":"2014-06-04T16:40:27","date_gmt":"2014-06-04T14:40:27","guid":{"rendered":"http:\/\/esplac.cat\/?p=5244"},"modified":"2019-11-14T13:15:40","modified_gmt":"2019-11-14T11:15:40","slug":"konjuntivitis-2014-trobades-dinfants-del-sector-barcelona","status":"publish","type":"post","link":"https:\/\/www.esplac.cat\/es\/konjuntivitis-2014-trobades-dinfants-del-sector-barcelona\/","title":{"rendered":"Konjuntivitis 2014: trobades d&#8217;infants del Sector Barcelona"},"content":{"rendered":"<p><!--:CA--><\/p>\n<p style=\"text-align: left;\" align=\"justify\">El passat cap de setmana 17 i 18 de maig el sector Barcelona va realitzar les Konjuntivitis (trobades de grups d&#8217;edat) de Joves, Mitjans i Xics-petits.<\/p>\n<p style=\"text-align: left;\" align=\"justify\">Les Konjuntivitis serveixen per promoure l&#8217;intercanvi i la coneixen\u00e7a entre els esplais del sector, tant dels infants com dels joves, i els i les monitores. Creiem necess\u00e0ria la realitzaci\u00f3 de trobades d&#8217;aquesta mena, ja que promouen el sentiment de pertinen\u00e7a a l&#8217;esplai i es coneixen altres realitats esplaieres de la ciutat. Totes les trobades de grups d&#8217;edat han estat dinamitzades per les corresponents comissions organitzadores, que han buscat la participaci\u00f3 del m\u00e0xim d&#8217;esplais del sector i han vetllat -amb m\u00e9s o menys rapidesa- per l&#8217;organitzaci\u00f3 de la trobada.<\/p>\n<p style=\"text-align: left;\" align=\"justify\">A continuaci\u00f3 podeu llegir la cr\u00f2nica de les trobades de cada grup d&#8217;edat!<\/p>\n<p>Xics i petits <\/p>\n<p><a href=\"http:\/\/www.somesplai.cat\/2014\/06\/04\/xics-i-petits-a-la-konjuntivitis-2014\/\" target=\"_blank\" rel=\"noopener noreferrer\">Podeu veure la cr\u00f2nica de la Konjuntivitits del grup de Xics i de Petits al Som Esplai<\/a><\/p>\n<p>Mitjans <\/p>\n<p style=\"text-align: left;\" align=\"justify\">El cap de setmana del 17 i 18 de maig el sector Barcelona va realitzar v\u00e0ries Konjuntivitis; aquestes s\u00f3n trobades de grups d&#8217;edat dels diferents esplais del sector. Una d&#8217;elles \u00e9s la que van fer diferents grups de Mitjans!<\/p>\n<p style=\"text-align: left;\" align=\"justify\">Marxant dissabte al mat\u00ed des del centre de Barcelona, vam arribar a la casa de col\u00f2nies el Pinar (Canyelles). Vam participar aprop de 70 infants d&#8217;entre 8 i 12 anys de 6 esplais diferents del sector, que hav\u00eden de passar un cap de setmana de creuer!<\/p>\n<p style=\"text-align: left;\" align=\"justify\">O aix\u00f2 \u00e9s el que creien ells i elles perqu\u00e8&#8230; de sobte van naufragar, anant a parar a una illa desconeguda, mai investigada per ning\u00fa! All\u00e0 els esperaven les tribus aut\u00f2ctones d&#8217;aquell indret, que feia temps que cap persona els anava a visitar. \u00c9s ben sabut que les tribus de les illes perdudes a l&#8217;oce\u00e0 s\u00f3n molt hospital\u00e0ries, pel que els van preparar una gimcana als infants amb l&#8217;objectiu que es poguessin con\u00e8ixer millor: havien de descobrir les coses que diferenciaven als mitjans de la tribu i guanyar-se, aix\u00ed, el respecte dels seus caps. I un cop entrada la nit, les tribus van fer una demostraci\u00f3 de les seves danses i balls caracter\u00edstics de l&#8217;indret, que els infants van aprendre amb molt de gust!<\/p>\n<p style=\"text-align: left;\" align=\"justify\">Ara b\u00e9, el diumenge es va complicar la cosa ja que havien de tornar a casa des d&#8217;aquell punt remot i desconegut del mapa. Aix\u00ed que van haver de demanar consell, suport i fer una mica la pilota a la gent de la tribu per poder tornar a casa: i aix\u00ed va ser!<\/p>\n<p style=\"text-align: left;\" align=\"justify\">La Konjuntivitis \u00e9s un espai de coneixen\u00e7a i participaci\u00f3 dels infants i joves en una activitat comuna que els permet con\u00e8ixer altres infants d&#8217;esplais, noves maneres de funcionar i promoure el sentiment de pertinen\u00e7a a l&#8217;esplai. Coses a millorar de la trobada? Moltes! Per\u00f2 d&#8217;altres que van anar molt b\u00e9, i que valorem amb \u00e8xit. Tant els infants com els i les monitores estaven motivades durant el cap de setmana i els infants van participar, d&#8217;una manera molt motivada, durant les activitats programades.<\/p>\n<p style=\"text-align: left;\" align=\"justify\">Ara ja s&#8217;acaba el curs, i ho hem tancat amb una gran activitat al sector. Volem repetir aquesta trobada de cara als propers cursos, intentant que s&#8217;animin m\u00e9s esplais i m\u00e9s infants a participar-hi. Treballant conjuntament podem aconseguir que sigui una gran trobada de mitjans dels esplais de Barcelona, i aix\u00ed ser\u00e0!<\/p>\n<p align=\"justify\">\n<p align=\"justify\">Joves <\/p>\n<p style=\"text-align: left;\" align=\"justify\">El cap de setmana 16, 17 i 18 de maig el sector Barcelona va realitzar v\u00e0ries Konjuntivitis; aquestes s\u00f3n trobades de grups d&#8217;edat dels diferents esplais del sector. D&#8217;entre les que es van realitzar, aqu\u00ed explicarem com va anar la de Joves!<\/p>\n<p style=\"text-align: left;\" align=\"justify\">Marxant divendres a la tarda des de Barcelona, van instal\u00b7lar-se al terreny d&#8217;acampada de Can Girona (Mollet del Vall\u00e8s). Hi van participar 7 esplais del sector amb m\u00e9s de 110 participants d&#8217;entre 15 i 18 anys.<\/p>\n<p style=\"text-align: left;\" align=\"justify\">Despr\u00e9s de la instal\u00b7laci\u00f3 i muntatge de les tendes, els i les joves van tenir una estona de coneixen\u00e7a i preparaci\u00f3 del que seria un cap de setmana for\u00e7a intens. Dissabte van participar de diversos tallers pel mat\u00ed: serigrafia i plantilles, dansa, circ i malabars, ioga i massatges, teatre, acrosport i sab\u00f3. En general, les valoracions dels tallers s\u00f3n bones tot i que algun d&#8217;ells no acab\u00e9s de sortir com s&#8217;esperava! Va haver algun contratemps, com el sab\u00f3 que va acabar per convertir-se en una pasta enganxada a l&#8217;olla que l&#8217;estava bullint!<\/p>\n<p style=\"text-align: left;\" align=\"justify\">A la tarda i despr\u00e9s de dinar, els i les joves van participar de sessions de debat i formaci\u00f3 que els i les monitores dels esplais dinamitzaven segons els interessos dels i les participants. Aquestes sessions van dividir-se en diferents temes, d&#8217;unes dues hores llargues de durada: g\u00e8nere i avortament, drogues, sistemes pol\u00edtics, llibertat emocional i amor rom\u00e0ntic; tamb\u00e9 estava preparada la sessi\u00f3 de moviment estudiantil, que es va cancel\u00b7lar per la poca pres\u00e8ncia de joves a l&#8217;inici de la sessi\u00f3. Tant els i les formadores com participants estan contentes del funcionament global de les sessions i la participaci\u00f3 dels i les joves.<\/p>\n<p style=\"text-align: left;\" align=\"justify\">El diumenge pel mat\u00ed va estar destinat a fer jocs de c\u00f3rrer i contacte entre els i les participants. Tot i acabar sent un partit de rugbi improvitzat amb l&#8217;activaci\u00f3 de tothom, la recollida va ser for\u00e7a dificultosa; cosa de joves, i tamb\u00e9 de monis!!<\/p>\n<p style=\"text-align: left;\" align=\"justify\">La Konjuntivitis \u00e9s un espai de coneixen\u00e7a i participaci\u00f3 dels infants i joves en una activitat, a fi de promoure el sentiment de pertinen\u00e7a a l&#8217;esplai a l&#8217;hora que permet con\u00e8ixer altres maneres de funcionar d&#8217;altres esplais. Tenim coses a millorar d&#8217;aquesta trobada, com \u00e9s evident, per\u00f2 l&#8217;\u00e8xit d&#8217;aquesta recau en les ganes i predisposici\u00f3 dels i les joves a participar d&#8217;all\u00f2 planificat i dels i les monitores, que van estar molt motivades tant en la preparaci\u00f3 de la Konjuntivitis com in situ. Hem tancat l&#8217;any amb una gran activitat del Sector, que esperem poder repetir els propers anys i intentar que m\u00e9s esplais i m\u00e9s joves s&#8217;animin a participar-hi!<\/p>\n\n\t\t<style type=\"text\/css\">\n\t\t\t#gallery-1 {\n\t\t\t\tmargin: auto;\n\t\t\t}\n\t\t\t#gallery-1 .gallery-item {\n\t\t\t\tfloat: left;\n\t\t\t\tmargin-top: 10px;\n\t\t\t\ttext-align: center;\n\t\t\t\twidth: 33%;\n\t\t\t}\n\t\t\t#gallery-1 img {\n\t\t\t\tborder: 2px solid #cfcfcf;\n\t\t\t}\n\t\t\t#gallery-1 .gallery-caption {\n\t\t\t\tmargin-left: 0;\n\t\t\t}\n\t\t\t\/* see gallery_shortcode() in wp-includes\/media.php *\/\n\t\t<\/style>\n\t\t<div id='gallery-1' class='gallery galleryid-25752 gallery-columns-3 gallery-size-thumbnail'><dl class='gallery-item'>\n\t\t\t<dt class='gallery-icon landscape'>\n\t\t\t\t<a data-rel=\"iLightbox[postimages]\" data-title=\"BB\" data-caption=\"\" href='https:\/\/www.esplac.cat\/wp-content\/uploads\/2015\/11\/BB1.jpg'><img decoding=\"async\" width=\"150\" height=\"150\" src=\"https:\/\/www.esplac.cat\/wp-content\/uploads\/2015\/11\/BB1-150x150.jpg\" class=\"attachment-thumbnail size-thumbnail\" alt=\"\" srcset=\"https:\/\/www.esplac.cat\/wp-content\/uploads\/2015\/11\/BB1-66x66.jpg 66w, https:\/\/www.esplac.cat\/wp-content\/uploads\/2015\/11\/BB1-150x150.jpg 150w\" sizes=\"(max-width: 150px) 100vw, 150px\" \/><\/a>\n\t\t\t<\/dt><\/dl>\n\t\t\t<br style='clear: both' \/>\n\t\t<\/div>\n\n<p><!--:--><!--:es--><\/p>\n<p><!--:--><!--:en--><\/p>\n<p><!--:--><!--:fr--><\/p>\n<p><!--:--><\/p>\n","protected":false},"excerpt":{"rendered":"<p>El passat cap de setmana 17 i 18 de maig [&hellip;]<\/p>\n","protected":false},"author":3,"featured_media":25753,"comment_status":"open","ping_status":"open","sticky":false,"template":"","format":"standard","meta":{"om_disable_all_campaigns":false,"_monsterinsights_skip_tracking":false,"_monsterinsights_sitenote_active":false,"_monsterinsights_sitenote_note":"","_monsterinsights_sitenote_category":0,"_uf_show_specific_survey":0,"_uf_disable_surveys":false,"footnotes":""},"categories":[1110,1160,1128],"tags":[282,119,24],"class_list":["post-25752","post","type-post","status-publish","format-standard","has-post-thumbnail","hentry","category-activitats-sectors","category-comissio-gsdd","category-sector-barcelona","tag-konjuntivitis","tag-sector-barcelona","tag-trobada-dinfants"],"yoast_head":"<!-- This site is optimized with the Yoast SEO plugin v27.5 - https:\/\/yoast.com\/product\/yoast-seo-wordpress\/ -->\n<title>Konjuntivitis 2014: trobades d&#039;infants del Sector Barcelona - Esplac<\/title>\n<meta name=\"robots\" content=\"index, follow, max-snippet:-1, max-image-preview:large, max-video-preview:-1\" \/>\n<link rel=\"canonical\" href=\"https:\/\/www.esplac.cat\/konjuntivitis-2014-trobades-dinfants-del-sector-barcelona\/\" \/>\n<meta property=\"og:locale\" content=\"es_ES\" \/>\n<meta property=\"og:type\" content=\"article\" \/>\n<meta property=\"og:title\" content=\"Konjuntivitis 2014: trobades d&#039;infants del Sector Barcelona - Esplac\" \/>\n<meta property=\"og:description\" content=\"El passat cap de setmana 17 i 18 de maig [&hellip;]\" \/>\n<meta property=\"og:url\" content=\"https:\/\/www.esplac.cat\/konjuntivitis-2014-trobades-dinfants-del-sector-barcelona\/\" \/>\n<meta property=\"og:site_name\" content=\"Esplac\" \/>\n<meta property=\"article:published_time\" content=\"2014-06-04T14:40:27+00:00\" \/>\n<meta property=\"article:modified_time\" content=\"2019-11-14T11:15:40+00:00\" \/>\n<meta property=\"og:image\" content=\"https:\/\/www.esplac.cat\/wp-content\/uploads\/2015\/11\/BB1.jpg\" \/>\n\t<meta property=\"og:image:width\" content=\"847\" \/>\n\t<meta property=\"og:image:height\" content=\"350\" \/>\n\t<meta property=\"og:image:type\" content=\"image\/jpeg\" \/>\n<meta name=\"author\" content=\"Comunicaci\u00f3 Esplac\" \/>\n<meta name=\"twitter:card\" content=\"summary_large_image\" \/>\n<meta name=\"twitter:label1\" content=\"Escrito por\" \/>\n\t<meta name=\"twitter:data1\" content=\"Comunicaci\u00f3 Esplac\" \/>\n\t<meta name=\"twitter:label2\" content=\"Tiempo de lectura\" \/>\n\t<meta name=\"twitter:data2\" content=\"5 minutos\" \/>\n<script type=\"application\/ld+json\" class=\"yoast-schema-graph\">{\"@context\":\"https:\\\/\\\/schema.org\",\"@graph\":[{\"@type\":\"Article\",\"@id\":\"https:\\\/\\\/www.esplac.cat\\\/konjuntivitis-2014-trobades-dinfants-del-sector-barcelona\\\/#article\",\"isPartOf\":{\"@id\":\"https:\\\/\\\/www.esplac.cat\\\/konjuntivitis-2014-trobades-dinfants-del-sector-barcelona\\\/\"},\"author\":{\"name\":\"Comunicaci\u00f3 Esplac\",\"@id\":\"https:\\\/\\\/www.esplac.cat\\\/#\\\/schema\\\/person\\\/908383cf240be18b68f8855d0583faca\"},\"headline\":\"Konjuntivitis 2014: trobades d&#8217;infants del Sector Barcelona\",\"datePublished\":\"2014-06-04T14:40:27+00:00\",\"dateModified\":\"2019-11-14T11:15:40+00:00\",\"mainEntityOfPage\":{\"@id\":\"https:\\\/\\\/www.esplac.cat\\\/konjuntivitis-2014-trobades-dinfants-del-sector-barcelona\\\/\"},\"wordCount\":1074,\"commentCount\":0,\"publisher\":{\"@id\":\"https:\\\/\\\/www.esplac.cat\\\/#organization\"},\"image\":{\"@id\":\"https:\\\/\\\/www.esplac.cat\\\/konjuntivitis-2014-trobades-dinfants-del-sector-barcelona\\\/#primaryimage\"},\"thumbnailUrl\":\"https:\\\/\\\/www.esplac.cat\\\/wp-content\\\/uploads\\\/2015\\\/11\\\/BB1.jpg\",\"keywords\":[\"konjuntivitis\",\"sector Barcelona\",\"trobada d'infants\"],\"articleSection\":[\"Activitats sectors\",\"Comissi\u00f3 GSDD\",\"Sector Barcelona\"],\"inLanguage\":\"es\",\"potentialAction\":[{\"@type\":\"CommentAction\",\"name\":\"Comment\",\"target\":[\"https:\\\/\\\/www.esplac.cat\\\/konjuntivitis-2014-trobades-dinfants-del-sector-barcelona\\\/#respond\"]}]},{\"@type\":\"WebPage\",\"@id\":\"https:\\\/\\\/www.esplac.cat\\\/konjuntivitis-2014-trobades-dinfants-del-sector-barcelona\\\/\",\"url\":\"https:\\\/\\\/www.esplac.cat\\\/konjuntivitis-2014-trobades-dinfants-del-sector-barcelona\\\/\",\"name\":\"Konjuntivitis 2014: trobades d'infants del Sector Barcelona - Esplac\",\"isPartOf\":{\"@id\":\"https:\\\/\\\/www.esplac.cat\\\/#website\"},\"primaryImageOfPage\":{\"@id\":\"https:\\\/\\\/www.esplac.cat\\\/konjuntivitis-2014-trobades-dinfants-del-sector-barcelona\\\/#primaryimage\"},\"image\":{\"@id\":\"https:\\\/\\\/www.esplac.cat\\\/konjuntivitis-2014-trobades-dinfants-del-sector-barcelona\\\/#primaryimage\"},\"thumbnailUrl\":\"https:\\\/\\\/www.esplac.cat\\\/wp-content\\\/uploads\\\/2015\\\/11\\\/BB1.jpg\",\"datePublished\":\"2014-06-04T14:40:27+00:00\",\"dateModified\":\"2019-11-14T11:15:40+00:00\",\"breadcrumb\":{\"@id\":\"https:\\\/\\\/www.esplac.cat\\\/konjuntivitis-2014-trobades-dinfants-del-sector-barcelona\\\/#breadcrumb\"},\"inLanguage\":\"es\",\"potentialAction\":[{\"@type\":\"ReadAction\",\"target\":[\"https:\\\/\\\/www.esplac.cat\\\/konjuntivitis-2014-trobades-dinfants-del-sector-barcelona\\\/\"]}]},{\"@type\":\"ImageObject\",\"inLanguage\":\"es\",\"@id\":\"https:\\\/\\\/www.esplac.cat\\\/konjuntivitis-2014-trobades-dinfants-del-sector-barcelona\\\/#primaryimage\",\"url\":\"https:\\\/\\\/www.esplac.cat\\\/wp-content\\\/uploads\\\/2015\\\/11\\\/BB1.jpg\",\"contentUrl\":\"https:\\\/\\\/www.esplac.cat\\\/wp-content\\\/uploads\\\/2015\\\/11\\\/BB1.jpg\",\"width\":847,\"height\":350},{\"@type\":\"BreadcrumbList\",\"@id\":\"https:\\\/\\\/www.esplac.cat\\\/konjuntivitis-2014-trobades-dinfants-del-sector-barcelona\\\/#breadcrumb\",\"itemListElement\":[{\"@type\":\"ListItem\",\"position\":1,\"name\":\"Inici\",\"item\":\"https:\\\/\\\/www.esplac.cat\\\/es\\\/\"},{\"@type\":\"ListItem\",\"position\":2,\"name\":\"Konjuntivitis 2014: trobades d&#8217;infants del Sector Barcelona\"}]},{\"@type\":\"WebSite\",\"@id\":\"https:\\\/\\\/www.esplac.cat\\\/#website\",\"url\":\"https:\\\/\\\/www.esplac.cat\\\/\",\"name\":\"Esplac\",\"description\":\"Esplais Catalans\",\"publisher\":{\"@id\":\"https:\\\/\\\/www.esplac.cat\\\/#organization\"},\"potentialAction\":[{\"@type\":\"SearchAction\",\"target\":{\"@type\":\"EntryPoint\",\"urlTemplate\":\"https:\\\/\\\/www.esplac.cat\\\/?s={search_term_string}\"},\"query-input\":{\"@type\":\"PropertyValueSpecification\",\"valueRequired\":true,\"valueName\":\"search_term_string\"}}],\"inLanguage\":\"es\"},{\"@type\":\"Organization\",\"@id\":\"https:\\\/\\\/www.esplac.cat\\\/#organization\",\"name\":\"Esplac\",\"url\":\"https:\\\/\\\/www.esplac.cat\\\/\",\"logo\":{\"@type\":\"ImageObject\",\"inLanguage\":\"es\",\"@id\":\"https:\\\/\\\/www.esplac.cat\\\/#\\\/schema\\\/logo\\\/image\\\/\",\"url\":\"https:\\\/\\\/www.esplac.cat\\\/wp-content\\\/uploads\\\/2019\\\/08\\\/logox2.png\",\"contentUrl\":\"https:\\\/\\\/www.esplac.cat\\\/wp-content\\\/uploads\\\/2019\\\/08\\\/logox2.png\",\"width\":600,\"height\":295,\"caption\":\"Esplac\"},\"image\":{\"@id\":\"https:\\\/\\\/www.esplac.cat\\\/#\\\/schema\\\/logo\\\/image\\\/\"}},{\"@type\":\"Person\",\"@id\":\"https:\\\/\\\/www.esplac.cat\\\/#\\\/schema\\\/person\\\/908383cf240be18b68f8855d0583faca\",\"name\":\"Comunicaci\u00f3 Esplac\",\"image\":{\"@type\":\"ImageObject\",\"inLanguage\":\"es\",\"@id\":\"https:\\\/\\\/secure.gravatar.com\\\/avatar\\\/7a4cf8feb412a76ea4a740ca02d95b06b2907b5a6c648c2dd0a1082a093c3141?s=96&d=mm&r=g\",\"url\":\"https:\\\/\\\/secure.gravatar.com\\\/avatar\\\/7a4cf8feb412a76ea4a740ca02d95b06b2907b5a6c648c2dd0a1082a093c3141?s=96&d=mm&r=g\",\"contentUrl\":\"https:\\\/\\\/secure.gravatar.com\\\/avatar\\\/7a4cf8feb412a76ea4a740ca02d95b06b2907b5a6c648c2dd0a1082a093c3141?s=96&d=mm&r=g\",\"caption\":\"Comunicaci\u00f3 Esplac\"}}]}<\/script>\n<!-- \/ Yoast SEO plugin. -->","yoast_head_json":{"title":"Konjuntivitis 2014: trobades d'infants del Sector Barcelona - Esplac","robots":{"index":"index","follow":"follow","max-snippet":"max-snippet:-1","max-image-preview":"max-image-preview:large","max-video-preview":"max-video-preview:-1"},"canonical":"https:\/\/www.esplac.cat\/konjuntivitis-2014-trobades-dinfants-del-sector-barcelona\/","og_locale":"es_ES","og_type":"article","og_title":"Konjuntivitis 2014: trobades d'infants del Sector Barcelona - Esplac","og_description":"El passat cap de setmana 17 i 18 de maig [&hellip;]","og_url":"https:\/\/www.esplac.cat\/konjuntivitis-2014-trobades-dinfants-del-sector-barcelona\/","og_site_name":"Esplac","article_published_time":"2014-06-04T14:40:27+00:00","article_modified_time":"2019-11-14T11:15:40+00:00","og_image":[{"width":847,"height":350,"url":"https:\/\/www.esplac.cat\/wp-content\/uploads\/2015\/11\/BB1.jpg","type":"image\/jpeg"}],"author":"Comunicaci\u00f3 Esplac","twitter_card":"summary_large_image","twitter_misc":{"Escrito por":"Comunicaci\u00f3 Esplac","Tiempo de lectura":"5 minutos"},"schema":{"@context":"https:\/\/schema.org","@graph":[{"@type":"Article","@id":"https:\/\/www.esplac.cat\/konjuntivitis-2014-trobades-dinfants-del-sector-barcelona\/#article","isPartOf":{"@id":"https:\/\/www.esplac.cat\/konjuntivitis-2014-trobades-dinfants-del-sector-barcelona\/"},"author":{"name":"Comunicaci\u00f3 Esplac","@id":"https:\/\/www.esplac.cat\/#\/schema\/person\/908383cf240be18b68f8855d0583faca"},"headline":"Konjuntivitis 2014: trobades d&#8217;infants del Sector Barcelona","datePublished":"2014-06-04T14:40:27+00:00","dateModified":"2019-11-14T11:15:40+00:00","mainEntityOfPage":{"@id":"https:\/\/www.esplac.cat\/konjuntivitis-2014-trobades-dinfants-del-sector-barcelona\/"},"wordCount":1074,"commentCount":0,"publisher":{"@id":"https:\/\/www.esplac.cat\/#organization"},"image":{"@id":"https:\/\/www.esplac.cat\/konjuntivitis-2014-trobades-dinfants-del-sector-barcelona\/#primaryimage"},"thumbnailUrl":"https:\/\/www.esplac.cat\/wp-content\/uploads\/2015\/11\/BB1.jpg","keywords":["konjuntivitis","sector Barcelona","trobada d'infants"],"articleSection":["Activitats sectors","Comissi\u00f3 GSDD","Sector Barcelona"],"inLanguage":"es","potentialAction":[{"@type":"CommentAction","name":"Comment","target":["https:\/\/www.esplac.cat\/konjuntivitis-2014-trobades-dinfants-del-sector-barcelona\/#respond"]}]},{"@type":"WebPage","@id":"https:\/\/www.esplac.cat\/konjuntivitis-2014-trobades-dinfants-del-sector-barcelona\/","url":"https:\/\/www.esplac.cat\/konjuntivitis-2014-trobades-dinfants-del-sector-barcelona\/","name":"Konjuntivitis 2014: trobades d'infants del Sector Barcelona - Esplac","isPartOf":{"@id":"https:\/\/www.esplac.cat\/#website"},"primaryImageOfPage":{"@id":"https:\/\/www.esplac.cat\/konjuntivitis-2014-trobades-dinfants-del-sector-barcelona\/#primaryimage"},"image":{"@id":"https:\/\/www.esplac.cat\/konjuntivitis-2014-trobades-dinfants-del-sector-barcelona\/#primaryimage"},"thumbnailUrl":"https:\/\/www.esplac.cat\/wp-content\/uploads\/2015\/11\/BB1.jpg","datePublished":"2014-06-04T14:40:27+00:00","dateModified":"2019-11-14T11:15:40+00:00","breadcrumb":{"@id":"https:\/\/www.esplac.cat\/konjuntivitis-2014-trobades-dinfants-del-sector-barcelona\/#breadcrumb"},"inLanguage":"es","potentialAction":[{"@type":"ReadAction","target":["https:\/\/www.esplac.cat\/konjuntivitis-2014-trobades-dinfants-del-sector-barcelona\/"]}]},{"@type":"ImageObject","inLanguage":"es","@id":"https:\/\/www.esplac.cat\/konjuntivitis-2014-trobades-dinfants-del-sector-barcelona\/#primaryimage","url":"https:\/\/www.esplac.cat\/wp-content\/uploads\/2015\/11\/BB1.jpg","contentUrl":"https:\/\/www.esplac.cat\/wp-content\/uploads\/2015\/11\/BB1.jpg","width":847,"height":350},{"@type":"BreadcrumbList","@id":"https:\/\/www.esplac.cat\/konjuntivitis-2014-trobades-dinfants-del-sector-barcelona\/#breadcrumb","itemListElement":[{"@type":"ListItem","position":1,"name":"Inici","item":"https:\/\/www.esplac.cat\/es\/"},{"@type":"ListItem","position":2,"name":"Konjuntivitis 2014: trobades d&#8217;infants del Sector Barcelona"}]},{"@type":"WebSite","@id":"https:\/\/www.esplac.cat\/#website","url":"https:\/\/www.esplac.cat\/","name":"Esplac","description":"Esplais Catalans","publisher":{"@id":"https:\/\/www.esplac.cat\/#organization"},"potentialAction":[{"@type":"SearchAction","target":{"@type":"EntryPoint","urlTemplate":"https:\/\/www.esplac.cat\/?s={search_term_string}"},"query-input":{"@type":"PropertyValueSpecification","valueRequired":true,"valueName":"search_term_string"}}],"inLanguage":"es"},{"@type":"Organization","@id":"https:\/\/www.esplac.cat\/#organization","name":"Esplac","url":"https:\/\/www.esplac.cat\/","logo":{"@type":"ImageObject","inLanguage":"es","@id":"https:\/\/www.esplac.cat\/#\/schema\/logo\/image\/","url":"https:\/\/www.esplac.cat\/wp-content\/uploads\/2019\/08\/logox2.png","contentUrl":"https:\/\/www.esplac.cat\/wp-content\/uploads\/2019\/08\/logox2.png","width":600,"height":295,"caption":"Esplac"},"image":{"@id":"https:\/\/www.esplac.cat\/#\/schema\/logo\/image\/"}},{"@type":"Person","@id":"https:\/\/www.esplac.cat\/#\/schema\/person\/908383cf240be18b68f8855d0583faca","name":"Comunicaci\u00f3 Esplac","image":{"@type":"ImageObject","inLanguage":"es","@id":"https:\/\/secure.gravatar.com\/avatar\/7a4cf8feb412a76ea4a740ca02d95b06b2907b5a6c648c2dd0a1082a093c3141?s=96&d=mm&r=g","url":"https:\/\/secure.gravatar.com\/avatar\/7a4cf8feb412a76ea4a740ca02d95b06b2907b5a6c648c2dd0a1082a093c3141?s=96&d=mm&r=g","contentUrl":"https:\/\/secure.gravatar.com\/avatar\/7a4cf8feb412a76ea4a740ca02d95b06b2907b5a6c648c2dd0a1082a093c3141?s=96&d=mm&r=g","caption":"Comunicaci\u00f3 Esplac"}}]}},"_links":{"self":[{"href":"https:\/\/www.esplac.cat\/es\/wp-json\/wp\/v2\/posts\/25752","targetHints":{"allow":["GET"]}}],"collection":[{"href":"https:\/\/www.esplac.cat\/es\/wp-json\/wp\/v2\/posts"}],"about":[{"href":"https:\/\/www.esplac.cat\/es\/wp-json\/wp\/v2\/types\/post"}],"author":[{"embeddable":true,"href":"https:\/\/www.esplac.cat\/es\/wp-json\/wp\/v2\/users\/3"}],"replies":[{"embeddable":true,"href":"https:\/\/www.esplac.cat\/es\/wp-json\/wp\/v2\/comments?post=25752"}],"version-history":[{"count":0,"href":"https:\/\/www.esplac.cat\/es\/wp-json\/wp\/v2\/posts\/25752\/revisions"}],"wp:featuredmedia":[{"embeddable":true,"href":"https:\/\/www.esplac.cat\/es\/wp-json\/wp\/v2\/media\/25753"}],"wp:attachment":[{"href":"https:\/\/www.esplac.cat\/es\/wp-json\/wp\/v2\/media?parent=25752"}],"wp:term":[{"taxonomy":"category","embeddable":true,"href":"https:\/\/www.esplac.cat\/es\/wp-json\/wp\/v2\/categories?post=25752"},{"taxonomy":"post_tag","embeddable":true,"href":"https:\/\/www.esplac.cat\/es\/wp-json\/wp\/v2\/tags?post=25752"}],"curies":[{"name":"wp","href":"https:\/\/api.w.org\/{rel}","templated":true}]}}