{"id":25756,"date":"2014-06-02T17:01:02","date_gmt":"2014-06-02T15:01:02","guid":{"rendered":"http:\/\/esplac.cat\/?p=5222"},"modified":"2014-06-02T17:01:02","modified_gmt":"2014-06-02T15:01:02","slug":"activitats-internacionals-per-a-monis-daquest-estiu-2014","status":"publish","type":"post","link":"https:\/\/www.esplac.cat\/es\/activitats-internacionals-per-a-monis-daquest-estiu-2014\/","title":{"rendered":"Activitats internacionals per a monis d&#8217;aquest estiu 2014"},"content":{"rendered":"<p><!--:CA--><\/p>\n<p dir=\"ltr\">S&#8217;acosta l&#8217;estiu i \u00e9s moment de pensar qu\u00e8 en farem de tot el temps lliure de vacances: oci, cultura, viatges, formaci\u00f3&#8230;? Una bona combinaci\u00f3 de tot aix\u00f2, pot ser participar en les activitats internacionals que ens proposen les nostres entitats s\u00f2cies membres de l\u2019IFM-SEI.<\/p>\n<p dir=\"ltr\">Aqu\u00ed en teniu una selecci\u00f3 variada i ben interessant <em>(aneu clicant sobre les pestanyes per accedir a la informaci\u00f3)<\/em>:<\/p>\n<p><span style=\"color: #333333; font-family: 'Helvetica Neue', Helvetica, Arial, 'Nimbus Sans L', sans-serif; font-style: normal;\">Summerschool, formaci\u00f3 en feminisme i g\u00e8nere (Berlin)<\/span> <span style=\"color: #ff6600;\"><strong>Summerschool, formaci\u00f3 en feminisme i g\u00e8nere a prop de Berlin<\/strong><\/span><\/p>\n<p>Organitzat pel <a href=\"http:\/\/www.kurt-loewenstein.de\/englische_seite\/\">centre Kurt L\u00f6wenstein<\/a>, amb qui Esplac t\u00e9 ja consolidada una bona relaci\u00f3 de partenariat internacional ja que participem regularment dels seus seminaris, com el Winterschool i el Queer Easter. \u00c9s un centre de formaci\u00f3 pol\u00edtico-pedag\u00f2gica del SJD &#8211; Die Kalken (IFM &#8211; SEI) que es troba a la localitat de Werftpfhul, a 30km de Berlin. Mitjan\u00e7ant l&#8217;educaci\u00f3 no formal, treballen temes com la no discriminaci\u00f3, la democr\u00e0cia, la participaci\u00f3 i el feminisme. Si el que busques \u00e9s adquirir <strong>coneixements en temes de g\u00e8nere<\/strong>, <strong>vols aprendre estrat\u00e8gies per a millorar el teu esplai<\/strong>, i est\u00e0s disposat a <strong>obrir la ment i passar-ho b\u00e9 en un ambient intercultural<\/strong>, aquesta \u00e9s l\u2019activitat que busques!<\/p>\n<ul>\n<li><strong>Dates:<\/strong> del 24 al 31 d\u2019agost del 2014.<\/li>\n<li><strong>Preu allotjament i manutenci\u00f3:<\/strong> 45 euros.<\/li>\n<li><strong>Despla\u00e7aments:<\/strong> el 70% del cost del billet d&#8217;avi\u00f3 subvencionat.<\/li>\n<li><strong>Places disponibles per Esplac:<\/strong> 4 o 5 monitors\/es.<\/li>\n<li><strong>Inscripcions obertes:<\/strong> <a href=\"https:\/\/docs.google.com\/a\/esplac.cat\/forms\/d\/1LnQuvzp8mwdRDsMbRrrui2-Vnnk1gwyEdzwbgn8MyPk\/viewform\">FORMULARI<\/a><\/li>\n<li><strong>Data l\u00edmit:<\/strong> 30 de juny de 2014.<\/li>\n<\/ul>\n<p>International Volunteering Camp (Palestina)<br \/>\n<strong><span style=\"color: #ff6600;\">International Volunteering Camp a Palestina<\/span><\/strong><\/p>\n<p>Als qui ja hi han participat els brillen els ulls quan t\u2019ho expliquen: \u00a0el camp de voluntariat internacional a Ramal\u00b7lah, Palestina, <strong>permet con\u00e8ixer una realitat extremadament diferent, adquirir nous coneixements en pol\u00edtica, religi\u00f3 i moral relacionat amb el conflicte a Palestina i Israel<\/strong>, a trav\u00e9s de \u00a0tallers, visites culturals, excursions i la conviv\u00e8ncia amb els aut\u00f2ctons. En definitiva, permet viure una experi\u00e8ncia pol\u00edticament emocional i inoblidable.<\/p>\n<ul>\n<li><strong>Dates:<\/strong> de l\u201918 al 25 d\u2019agost.<\/li>\n<li><strong>Preu allotjament i manutenci\u00f3:<\/strong> 250 euros.<\/li>\n<li><strong>Despla\u00e7ament:<\/strong> a c\u00e0rrec del participant.<\/li>\n<li><strong>Places disponibles per a Esplac:<\/strong> fins a 15 participants d\u2019entre 18 a 35 anys.<\/li>\n<li><strong>Inscripcions:<\/strong> si esteu interessats podeu inscriure\u2019s fins a l\u20191 de juliol, escrivint un email a <a href=\"mailto:ivc@paliyu.org\">ivc@paliyu.org<\/a>\u00a0<\/li>\n<\/ul>\n<p>Campo Nazionale, campament de formaci\u00f3 (G\u00e8nova)<br \/>\n<strong><span style=\"color: #ff6600;\">Campo Nazionale, formaci\u00f3 per a monis en un campament proper a G\u00e8nova<\/span><\/strong><\/p>\n<p>Els nostres socis d\u2019Arcirragazzi ens conviden al seu campament d\u2019estiu anual a on destinen unes quantes places a algun grup internacional de joves. Paral\u00b7lelament a les activtats per a infants i joves, s\u2019organitzen activitats de formaci\u00f3 di\u00e0ries per a monis tot i que si hi voleu anar amb l\u2019esplai, encara hi sou a temps! \u00a0Sabeu que els campaments no tenen subvenci\u00f3 per\u00f2 la diversi\u00f3 est\u00e0 assegurada! Mireu <a href=\"http:\/\/www.arciragazzi.it\/index.php?option=com_k2&amp;view=item&amp;id=641:campo-nazionale-arciragazzi-2013\">aqu\u00ed<\/a> un video de com va anar l\u2019any passat.<\/p>\n<ul>\n<li><strong>Dates:<\/strong> de l\u20191 al 10 d\u2019agost.<\/li>\n<li><strong>Preu allotjament i manutenci\u00f3:<\/strong> 170 euros per tots els dies.<\/li>\n<li><strong>Despla\u00e7aments:<\/strong> a c\u00e0rrec dels participants.<\/li>\n<li><strong>Places per a Esplac:<\/strong> fins a 20 paces per participants (desde infants fins a 30 anys).<\/li>\n<li><strong>Inscripcions:<\/strong> si esteu interessats escriviu-nos a <a href=\"mailto:internacional@esplac.cat\">internacional@esplac.cat<\/a><\/li>\n<\/ul>\n<p>Training Course d&#8217;Esplac, relleu (Capafonts)<br \/>\n <strong><span style=\"color: #ff6600;\">Training Course, expliquem el nostre model de relleu al m\u00f3n<\/span><\/strong><\/p>\n<p>Amb el t\u00edtol \u201c<strong>Changeover: Generations in the Field of Youth Work<\/strong>\u201d es presenta aquesta renovada edici\u00f3 del m\u00edtic Training Course d\u2019Esplac. En aquesta ocasi\u00f3, podrem compartir <strong>quina \u00e9s la visi\u00f3 del relleu i el lideratge juvenil en diferents organitzacions juvenils<\/strong>, mentre gaudim dels meravellosos paratges del Camp de Tarragona. \u00a0Ens envoltarem de participants del Regne Unit, de Finl\u00e0ndia, d\u2019Eslov\u00e0quia, d\u2019\u00c0ustria, d\u2019It\u00e0lia, de Portugal i d\u2019Arg\u00e8lia. \u00a0Internacionalisme del bo a casa nostra!<\/p>\n<ul>\n<li><strong>Dates:<\/strong> del 21 al 30 del juliol del 2014<\/li>\n<li><strong>Preu allotjament i manutenci\u00f3:<\/strong> 50 euros per tots els dies.<\/li>\n<li><strong>Places disponibles per Esplac:<\/strong> 3 monitors\/es d\u2019Esplac.<\/li>\n<li><strong>Inscripcions obertes:<\/strong> <a href=\"https:\/\/docs.google.com\/a\/esplac.cat\/forms\/d\/135qdqF4bzMSeks4lLsUK3qmZjd-6CptHWpRGvgwTF-E\/viewform\">FORMULARI D\u2019INSCRIPCI\u00d3<\/a><\/li>\n<li><strong>Data l\u00edmit:<\/strong> fins el 9 de Juny.<\/li>\n<li><strong>M\u00e9s info a:<\/strong>\u00a0<a title=\"esplac training course\" href=\"http:\/\/esplac.cat\/training-course-2014\/\" target=\"_blank\" rel=\"noopener noreferrer\">esplac.cat\/training-course-2014<\/a><\/li>\n<\/ul>\n<p><!--:--><!--:es-->&nbsp;<\/p>\n<p><!--:--><!--:en-->&nbsp;<\/p>\n<p><!--:--><!--:fr-->&nbsp;<\/p>\n<p><!--:--><\/p>\n","protected":false},"excerpt":{"rendered":"<p>S&#8217;acosta l&#8217;estiu i \u00e9s moment de pensar qu\u00e8 en farem [&hellip;]<\/p>\n","protected":false},"author":3,"featured_media":0,"comment_status":"open","ping_status":"open","sticky":false,"template":"","format":"standard","meta":{"om_disable_all_campaigns":false,"_monsterinsights_skip_tracking":false,"_monsterinsights_sitenote_active":false,"_monsterinsights_sitenote_note":"","_monsterinsights_sitenote_category":0,"_uf_show_specific_survey":0,"_uf_disable_surveys":false,"footnotes":""},"categories":[1131],"tags":[270,271,267,175,59,272,273,274,275,276,120,277,133,158],"class_list":["post-25756","post","type-post","status-publish","format-standard","hentry","category-cursos-formacions","tag-activitats-internacionals","tag-alemanya","tag-changeover","tag-formacio-internacional","tag-ifm-sei","tag-interncionalisme","tag-israel","tag-italia","tag-kurt-lowenstein","tag-palestina","tag-sector-camp-de-tarragona","tag-seminaris","tag-training-course","tag-voluntariat"],"yoast_head":"<!-- This site is optimized with the Yoast SEO plugin v27.5 - https:\/\/yoast.com\/product\/yoast-seo-wordpress\/ -->\n<title>Activitats internacionals per a monis d&#039;aquest estiu 2014 - Esplac<\/title>\n<meta name=\"robots\" content=\"index, follow, max-snippet:-1, max-image-preview:large, max-video-preview:-1\" \/>\n<link rel=\"canonical\" href=\"https:\/\/www.esplac.cat\/activitats-internacionals-per-a-monis-daquest-estiu-2014\/\" \/>\n<meta property=\"og:locale\" content=\"es_ES\" \/>\n<meta property=\"og:type\" content=\"article\" \/>\n<meta property=\"og:title\" content=\"Activitats internacionals per a monis d&#039;aquest estiu 2014 - Esplac\" \/>\n<meta property=\"og:description\" content=\"S&#8217;acosta l&#8217;estiu i \u00e9s moment de pensar qu\u00e8 en farem [&hellip;]\" \/>\n<meta property=\"og:url\" content=\"https:\/\/www.esplac.cat\/activitats-internacionals-per-a-monis-daquest-estiu-2014\/\" \/>\n<meta property=\"og:site_name\" content=\"Esplac\" \/>\n<meta property=\"article:published_time\" content=\"2014-06-02T15:01:02+00:00\" \/>\n<meta property=\"og:image\" content=\"https:\/\/www.esplac.cat\/wp-content\/uploads\/2019\/11\/logo-open.jpg\" \/>\n\t<meta property=\"og:image:width\" content=\"1200\" \/>\n\t<meta property=\"og:image:height\" content=\"630\" \/>\n\t<meta property=\"og:image:type\" content=\"image\/jpeg\" \/>\n<meta name=\"author\" content=\"Comunicaci\u00f3 Esplac\" \/>\n<meta name=\"twitter:card\" content=\"summary_large_image\" \/>\n<meta name=\"twitter:label1\" content=\"Escrito por\" \/>\n\t<meta name=\"twitter:data1\" content=\"Comunicaci\u00f3 Esplac\" \/>\n\t<meta name=\"twitter:label2\" content=\"Tiempo de lectura\" \/>\n\t<meta name=\"twitter:data2\" content=\"3 minutos\" \/>\n<script type=\"application\/ld+json\" class=\"yoast-schema-graph\">{\"@context\":\"https:\\\/\\\/schema.org\",\"@graph\":[{\"@type\":\"Article\",\"@id\":\"https:\\\/\\\/www.esplac.cat\\\/activitats-internacionals-per-a-monis-daquest-estiu-2014\\\/#article\",\"isPartOf\":{\"@id\":\"https:\\\/\\\/www.esplac.cat\\\/activitats-internacionals-per-a-monis-daquest-estiu-2014\\\/\"},\"author\":{\"name\":\"Comunicaci\u00f3 Esplac\",\"@id\":\"https:\\\/\\\/www.esplac.cat\\\/#\\\/schema\\\/person\\\/908383cf240be18b68f8855d0583faca\"},\"headline\":\"Activitats internacionals per a monis d&#8217;aquest estiu 2014\",\"datePublished\":\"2014-06-02T15:01:02+00:00\",\"mainEntityOfPage\":{\"@id\":\"https:\\\/\\\/www.esplac.cat\\\/activitats-internacionals-per-a-monis-daquest-estiu-2014\\\/\"},\"wordCount\":699,\"commentCount\":0,\"publisher\":{\"@id\":\"https:\\\/\\\/www.esplac.cat\\\/#organization\"},\"keywords\":[\"activitats internacionals\",\"alemanya\",\"changeover\",\"formaci\u00f3 internacional\",\"IFM-SEI\",\"interncionalisme\",\"Israel\",\"It\u00e0lia\",\"Kurt low\u00ebnstein\",\"Palestina\",\"sector Camp de Tarragona\",\"seminaris\",\"training course\",\"voluntariat\"],\"articleSection\":[\"Cursos i formacions\"],\"inLanguage\":\"es\",\"potentialAction\":[{\"@type\":\"CommentAction\",\"name\":\"Comment\",\"target\":[\"https:\\\/\\\/www.esplac.cat\\\/activitats-internacionals-per-a-monis-daquest-estiu-2014\\\/#respond\"]}]},{\"@type\":\"WebPage\",\"@id\":\"https:\\\/\\\/www.esplac.cat\\\/activitats-internacionals-per-a-monis-daquest-estiu-2014\\\/\",\"url\":\"https:\\\/\\\/www.esplac.cat\\\/activitats-internacionals-per-a-monis-daquest-estiu-2014\\\/\",\"name\":\"Activitats internacionals per a monis d'aquest estiu 2014 - Esplac\",\"isPartOf\":{\"@id\":\"https:\\\/\\\/www.esplac.cat\\\/#website\"},\"datePublished\":\"2014-06-02T15:01:02+00:00\",\"breadcrumb\":{\"@id\":\"https:\\\/\\\/www.esplac.cat\\\/activitats-internacionals-per-a-monis-daquest-estiu-2014\\\/#breadcrumb\"},\"inLanguage\":\"es\",\"potentialAction\":[{\"@type\":\"ReadAction\",\"target\":[\"https:\\\/\\\/www.esplac.cat\\\/activitats-internacionals-per-a-monis-daquest-estiu-2014\\\/\"]}]},{\"@type\":\"BreadcrumbList\",\"@id\":\"https:\\\/\\\/www.esplac.cat\\\/activitats-internacionals-per-a-monis-daquest-estiu-2014\\\/#breadcrumb\",\"itemListElement\":[{\"@type\":\"ListItem\",\"position\":1,\"name\":\"Inici\",\"item\":\"https:\\\/\\\/www.esplac.cat\\\/es\\\/\"},{\"@type\":\"ListItem\",\"position\":2,\"name\":\"Activitats internacionals per a monis d&#8217;aquest estiu 2014\"}]},{\"@type\":\"WebSite\",\"@id\":\"https:\\\/\\\/www.esplac.cat\\\/#website\",\"url\":\"https:\\\/\\\/www.esplac.cat\\\/\",\"name\":\"Esplac\",\"description\":\"Esplais Catalans\",\"publisher\":{\"@id\":\"https:\\\/\\\/www.esplac.cat\\\/#organization\"},\"potentialAction\":[{\"@type\":\"SearchAction\",\"target\":{\"@type\":\"EntryPoint\",\"urlTemplate\":\"https:\\\/\\\/www.esplac.cat\\\/?s={search_term_string}\"},\"query-input\":{\"@type\":\"PropertyValueSpecification\",\"valueRequired\":true,\"valueName\":\"search_term_string\"}}],\"inLanguage\":\"es\"},{\"@type\":\"Organization\",\"@id\":\"https:\\\/\\\/www.esplac.cat\\\/#organization\",\"name\":\"Esplac\",\"url\":\"https:\\\/\\\/www.esplac.cat\\\/\",\"logo\":{\"@type\":\"ImageObject\",\"inLanguage\":\"es\",\"@id\":\"https:\\\/\\\/www.esplac.cat\\\/#\\\/schema\\\/logo\\\/image\\\/\",\"url\":\"https:\\\/\\\/www.esplac.cat\\\/wp-content\\\/uploads\\\/2019\\\/08\\\/logox2.png\",\"contentUrl\":\"https:\\\/\\\/www.esplac.cat\\\/wp-content\\\/uploads\\\/2019\\\/08\\\/logox2.png\",\"width\":600,\"height\":295,\"caption\":\"Esplac\"},\"image\":{\"@id\":\"https:\\\/\\\/www.esplac.cat\\\/#\\\/schema\\\/logo\\\/image\\\/\"}},{\"@type\":\"Person\",\"@id\":\"https:\\\/\\\/www.esplac.cat\\\/#\\\/schema\\\/person\\\/908383cf240be18b68f8855d0583faca\",\"name\":\"Comunicaci\u00f3 Esplac\",\"image\":{\"@type\":\"ImageObject\",\"inLanguage\":\"es\",\"@id\":\"https:\\\/\\\/secure.gravatar.com\\\/avatar\\\/7a4cf8feb412a76ea4a740ca02d95b06b2907b5a6c648c2dd0a1082a093c3141?s=96&d=mm&r=g\",\"url\":\"https:\\\/\\\/secure.gravatar.com\\\/avatar\\\/7a4cf8feb412a76ea4a740ca02d95b06b2907b5a6c648c2dd0a1082a093c3141?s=96&d=mm&r=g\",\"contentUrl\":\"https:\\\/\\\/secure.gravatar.com\\\/avatar\\\/7a4cf8feb412a76ea4a740ca02d95b06b2907b5a6c648c2dd0a1082a093c3141?s=96&d=mm&r=g\",\"caption\":\"Comunicaci\u00f3 Esplac\"}}]}<\/script>\n<!-- \/ Yoast SEO plugin. -->","yoast_head_json":{"title":"Activitats internacionals per a monis d'aquest estiu 2014 - Esplac","robots":{"index":"index","follow":"follow","max-snippet":"max-snippet:-1","max-image-preview":"max-image-preview:large","max-video-preview":"max-video-preview:-1"},"canonical":"https:\/\/www.esplac.cat\/activitats-internacionals-per-a-monis-daquest-estiu-2014\/","og_locale":"es_ES","og_type":"article","og_title":"Activitats internacionals per a monis d'aquest estiu 2014 - Esplac","og_description":"S&#8217;acosta l&#8217;estiu i \u00e9s moment de pensar qu\u00e8 en farem [&hellip;]","og_url":"https:\/\/www.esplac.cat\/activitats-internacionals-per-a-monis-daquest-estiu-2014\/","og_site_name":"Esplac","article_published_time":"2014-06-02T15:01:02+00:00","og_image":[{"width":1200,"height":630,"url":"https:\/\/www.esplac.cat\/wp-content\/uploads\/2019\/11\/logo-open.jpg","type":"image\/jpeg"}],"author":"Comunicaci\u00f3 Esplac","twitter_card":"summary_large_image","twitter_misc":{"Escrito por":"Comunicaci\u00f3 Esplac","Tiempo de lectura":"3 minutos"},"schema":{"@context":"https:\/\/schema.org","@graph":[{"@type":"Article","@id":"https:\/\/www.esplac.cat\/activitats-internacionals-per-a-monis-daquest-estiu-2014\/#article","isPartOf":{"@id":"https:\/\/www.esplac.cat\/activitats-internacionals-per-a-monis-daquest-estiu-2014\/"},"author":{"name":"Comunicaci\u00f3 Esplac","@id":"https:\/\/www.esplac.cat\/#\/schema\/person\/908383cf240be18b68f8855d0583faca"},"headline":"Activitats internacionals per a monis d&#8217;aquest estiu 2014","datePublished":"2014-06-02T15:01:02+00:00","mainEntityOfPage":{"@id":"https:\/\/www.esplac.cat\/activitats-internacionals-per-a-monis-daquest-estiu-2014\/"},"wordCount":699,"commentCount":0,"publisher":{"@id":"https:\/\/www.esplac.cat\/#organization"},"keywords":["activitats internacionals","alemanya","changeover","formaci\u00f3 internacional","IFM-SEI","interncionalisme","Israel","It\u00e0lia","Kurt low\u00ebnstein","Palestina","sector Camp de Tarragona","seminaris","training course","voluntariat"],"articleSection":["Cursos i formacions"],"inLanguage":"es","potentialAction":[{"@type":"CommentAction","name":"Comment","target":["https:\/\/www.esplac.cat\/activitats-internacionals-per-a-monis-daquest-estiu-2014\/#respond"]}]},{"@type":"WebPage","@id":"https:\/\/www.esplac.cat\/activitats-internacionals-per-a-monis-daquest-estiu-2014\/","url":"https:\/\/www.esplac.cat\/activitats-internacionals-per-a-monis-daquest-estiu-2014\/","name":"Activitats internacionals per a monis d'aquest estiu 2014 - Esplac","isPartOf":{"@id":"https:\/\/www.esplac.cat\/#website"},"datePublished":"2014-06-02T15:01:02+00:00","breadcrumb":{"@id":"https:\/\/www.esplac.cat\/activitats-internacionals-per-a-monis-daquest-estiu-2014\/#breadcrumb"},"inLanguage":"es","potentialAction":[{"@type":"ReadAction","target":["https:\/\/www.esplac.cat\/activitats-internacionals-per-a-monis-daquest-estiu-2014\/"]}]},{"@type":"BreadcrumbList","@id":"https:\/\/www.esplac.cat\/activitats-internacionals-per-a-monis-daquest-estiu-2014\/#breadcrumb","itemListElement":[{"@type":"ListItem","position":1,"name":"Inici","item":"https:\/\/www.esplac.cat\/es\/"},{"@type":"ListItem","position":2,"name":"Activitats internacionals per a monis d&#8217;aquest estiu 2014"}]},{"@type":"WebSite","@id":"https:\/\/www.esplac.cat\/#website","url":"https:\/\/www.esplac.cat\/","name":"Esplac","description":"Esplais Catalans","publisher":{"@id":"https:\/\/www.esplac.cat\/#organization"},"potentialAction":[{"@type":"SearchAction","target":{"@type":"EntryPoint","urlTemplate":"https:\/\/www.esplac.cat\/?s={search_term_string}"},"query-input":{"@type":"PropertyValueSpecification","valueRequired":true,"valueName":"search_term_string"}}],"inLanguage":"es"},{"@type":"Organization","@id":"https:\/\/www.esplac.cat\/#organization","name":"Esplac","url":"https:\/\/www.esplac.cat\/","logo":{"@type":"ImageObject","inLanguage":"es","@id":"https:\/\/www.esplac.cat\/#\/schema\/logo\/image\/","url":"https:\/\/www.esplac.cat\/wp-content\/uploads\/2019\/08\/logox2.png","contentUrl":"https:\/\/www.esplac.cat\/wp-content\/uploads\/2019\/08\/logox2.png","width":600,"height":295,"caption":"Esplac"},"image":{"@id":"https:\/\/www.esplac.cat\/#\/schema\/logo\/image\/"}},{"@type":"Person","@id":"https:\/\/www.esplac.cat\/#\/schema\/person\/908383cf240be18b68f8855d0583faca","name":"Comunicaci\u00f3 Esplac","image":{"@type":"ImageObject","inLanguage":"es","@id":"https:\/\/secure.gravatar.com\/avatar\/7a4cf8feb412a76ea4a740ca02d95b06b2907b5a6c648c2dd0a1082a093c3141?s=96&d=mm&r=g","url":"https:\/\/secure.gravatar.com\/avatar\/7a4cf8feb412a76ea4a740ca02d95b06b2907b5a6c648c2dd0a1082a093c3141?s=96&d=mm&r=g","contentUrl":"https:\/\/secure.gravatar.com\/avatar\/7a4cf8feb412a76ea4a740ca02d95b06b2907b5a6c648c2dd0a1082a093c3141?s=96&d=mm&r=g","caption":"Comunicaci\u00f3 Esplac"}}]}},"_links":{"self":[{"href":"https:\/\/www.esplac.cat\/es\/wp-json\/wp\/v2\/posts\/25756","targetHints":{"allow":["GET"]}}],"collection":[{"href":"https:\/\/www.esplac.cat\/es\/wp-json\/wp\/v2\/posts"}],"about":[{"href":"https:\/\/www.esplac.cat\/es\/wp-json\/wp\/v2\/types\/post"}],"author":[{"embeddable":true,"href":"https:\/\/www.esplac.cat\/es\/wp-json\/wp\/v2\/users\/3"}],"replies":[{"embeddable":true,"href":"https:\/\/www.esplac.cat\/es\/wp-json\/wp\/v2\/comments?post=25756"}],"version-history":[{"count":0,"href":"https:\/\/www.esplac.cat\/es\/wp-json\/wp\/v2\/posts\/25756\/revisions"}],"wp:attachment":[{"href":"https:\/\/www.esplac.cat\/es\/wp-json\/wp\/v2\/media?parent=25756"}],"wp:term":[{"taxonomy":"category","embeddable":true,"href":"https:\/\/www.esplac.cat\/es\/wp-json\/wp\/v2\/categories?post=25756"},{"taxonomy":"post_tag","embeddable":true,"href":"https:\/\/www.esplac.cat\/es\/wp-json\/wp\/v2\/tags?post=25756"}],"curies":[{"name":"wp","href":"https:\/\/api.w.org\/{rel}","templated":true}]}}