{"id":25763,"date":"2014-05-22T16:00:02","date_gmt":"2014-05-22T14:00:02","guid":{"rendered":"http:\/\/esplac.cat\/?p=5171"},"modified":"2014-05-22T16:00:02","modified_gmt":"2014-05-22T14:00:02","slug":"beques-destudi-de-lens-de-lassociacionisme-cultural","status":"publish","type":"post","link":"https:\/\/www.esplac.cat\/es\/beques-destudi-de-lens-de-lassociacionisme-cultural\/","title":{"rendered":"Beques d&#8217;estudi de l&#8217;Ens de l&#8217;Associacionisme Cultural"},"content":{"rendered":"<p><!--:CA-->La beca, convocada per l&#8217;<a href=\"http:\/\/www.ens.cat\/\">ENS de l&#8217;Associacionisme Cultural Catal\u00e0<\/a>, cerca recon\u00e8ixer el millor projecte d&#8217;estudi sobre l&#8217;associacionisme cultural catal\u00e0, les seves pr\u00e0ctiques i els seus valors, \u201cent\u00e8s des d&#8217;una perspectiva \u00e0mplia i transversal, amb voluntat de divulgaci\u00f3 i de contribuir al pensament associatiu\u201d.<\/p>\n<p>L&#8217;estudi, noved\u00f3s i in\u00e8dit, podr\u00e0 tenir un car\u00e0cter hist\u00f2ric, sociol\u00f2gic, etnogr\u00e0fic, antropol\u00f2gic, d&#8217;assaig, etc. Un jurat, format per persones vinculades a l&#8217;associacionisme cultural i al m\u00f3n universitari, valorar\u00e0 les propostes i en determinar\u00e0 la guanyadora.<\/p>\n<p>La beca est\u00e0 dotada amb 6000\u20ac. S\u2019hi poden\u00a0<a href=\"http:\/\/www.ens.cat\/beca.php\" target=\"_blank\" rel=\"noopener noreferrer\">presentar candidatures<\/a>\u00a0fins el proper 31 de maig. Consulteu les<a href=\"http:\/\/www.ens.cat\/documents\/bases.pdf\"> bases de la convocat\u00f2ria<\/a>.<\/p>\n<h3>Projecte de recerca sobre la hist\u00f2ria dels esplais<\/h3>\n<p>En el pla de treball d&#8217;aquest curs ens hem marcat un nou projecte: elaborar una recerca sobre la hist\u00f2ria dels esplais. Immersos en el proc\u00e9s de revisi\u00f3 del nostre projecte educatiu, volem saber m\u00e9s sobre l&#8217;origen del moviment dels esplais. Per saber on volem anar i aconseguir incorporar nous reptes al nostre projecte educatiu, necessitem con\u00e8ixer a fons d&#8217;on venim i quins fets marquen la nostra hist\u00f2ria.<\/p>\n<p>Des d&#8217;Esplais Catalans us animem a qu\u00e8 us presentem a les beques, per desenvolupar aquest projecte!<!--:--><!--:es-->&nbsp;<\/p>\n<p><!--:--><!--:en-->&nbsp;<\/p>\n<p><!--:--><!--:fr-->&nbsp;<\/p>\n<p><!--:--><\/p>\n","protected":false},"excerpt":{"rendered":"<p>La beca, convocada per l&#8217;ENS de l&#8217;Associacionisme Cultural Catal\u00e0, cerca [&hellip;]<\/p>\n","protected":false},"author":3,"featured_media":25604,"comment_status":"open","ping_status":"open","sticky":false,"template":"","format":"standard","meta":{"om_disable_all_campaigns":false,"_monsterinsights_skip_tracking":false,"_monsterinsights_sitenote_active":false,"_monsterinsights_sitenote_note":"","_monsterinsights_sitenote_category":0,"_uf_show_specific_survey":0,"_uf_disable_surveys":false,"footnotes":""},"categories":[1138],"tags":[142,254,255,256],"class_list":["post-25763","post","type-post","status-publish","format-standard","has-post-thumbnail","hentry","category-subvencions-concursos","tag-associacionisme","tag-beques-destudi","tag-ens","tag-historia-dels-esplais"],"yoast_head":"<!-- This site is optimized with the Yoast SEO plugin v27.4 - https:\/\/yoast.com\/product\/yoast-seo-wordpress\/ -->\n<title>Beques d&#039;estudi de l&#039;Ens de l&#039;Associacionisme Cultural - Esplac<\/title>\n<meta name=\"robots\" content=\"index, follow, max-snippet:-1, max-image-preview:large, max-video-preview:-1\" \/>\n<link rel=\"canonical\" href=\"https:\/\/www.esplac.cat\/beques-destudi-de-lens-de-lassociacionisme-cultural\/\" \/>\n<meta property=\"og:locale\" content=\"es_ES\" \/>\n<meta property=\"og:type\" content=\"article\" \/>\n<meta property=\"og:title\" content=\"Beques d&#039;estudi de l&#039;Ens de l&#039;Associacionisme Cultural - Esplac\" \/>\n<meta property=\"og:description\" content=\"La beca, convocada per l&#8217;ENS de l&#8217;Associacionisme Cultural Catal\u00e0, cerca [&hellip;]\" \/>\n<meta property=\"og:url\" content=\"https:\/\/www.esplac.cat\/beques-destudi-de-lens-de-lassociacionisme-cultural\/\" \/>\n<meta property=\"og:site_name\" content=\"Esplac\" \/>\n<meta property=\"article:published_time\" content=\"2014-05-22T14:00:02+00:00\" \/>\n<meta property=\"og:image\" content=\"https:\/\/www.esplac.cat\/wp-content\/uploads\/2013\/02\/DSC08123-1024x575.jpg\" \/>\n\t<meta property=\"og:image:width\" content=\"1024\" \/>\n\t<meta property=\"og:image:height\" content=\"575\" \/>\n\t<meta property=\"og:image:type\" content=\"image\/jpeg\" \/>\n<meta name=\"author\" content=\"Comunicaci\u00f3 Esplac\" \/>\n<meta name=\"twitter:card\" content=\"summary_large_image\" \/>\n<meta name=\"twitter:label1\" content=\"Escrito por\" \/>\n\t<meta name=\"twitter:data1\" content=\"Comunicaci\u00f3 Esplac\" \/>\n\t<meta name=\"twitter:label2\" content=\"Tiempo de lectura\" \/>\n\t<meta name=\"twitter:data2\" content=\"1 minuto\" \/>\n<script type=\"application\/ld+json\" class=\"yoast-schema-graph\">{\"@context\":\"https:\\\/\\\/schema.org\",\"@graph\":[{\"@type\":\"Article\",\"@id\":\"https:\\\/\\\/www.esplac.cat\\\/beques-destudi-de-lens-de-lassociacionisme-cultural\\\/#article\",\"isPartOf\":{\"@id\":\"https:\\\/\\\/www.esplac.cat\\\/beques-destudi-de-lens-de-lassociacionisme-cultural\\\/\"},\"author\":{\"name\":\"Comunicaci\u00f3 Esplac\",\"@id\":\"https:\\\/\\\/www.esplac.cat\\\/#\\\/schema\\\/person\\\/908383cf240be18b68f8855d0583faca\"},\"headline\":\"Beques d&#8217;estudi de l&#8217;Ens de l&#8217;Associacionisme Cultural\",\"datePublished\":\"2014-05-22T14:00:02+00:00\",\"mainEntityOfPage\":{\"@id\":\"https:\\\/\\\/www.esplac.cat\\\/beques-destudi-de-lens-de-lassociacionisme-cultural\\\/\"},\"wordCount\":233,\"commentCount\":0,\"publisher\":{\"@id\":\"https:\\\/\\\/www.esplac.cat\\\/#organization\"},\"image\":{\"@id\":\"https:\\\/\\\/www.esplac.cat\\\/beques-destudi-de-lens-de-lassociacionisme-cultural\\\/#primaryimage\"},\"thumbnailUrl\":\"https:\\\/\\\/www.esplac.cat\\\/wp-content\\\/uploads\\\/2013\\\/02\\\/DSC08123.jpg\",\"keywords\":[\"associacionisme\",\"beques d'estudi\",\"ens\",\"hist\u00f2ria dels esplais\"],\"articleSection\":[\"Subvencions i concursos\"],\"inLanguage\":\"es\",\"potentialAction\":[{\"@type\":\"CommentAction\",\"name\":\"Comment\",\"target\":[\"https:\\\/\\\/www.esplac.cat\\\/beques-destudi-de-lens-de-lassociacionisme-cultural\\\/#respond\"]}]},{\"@type\":\"WebPage\",\"@id\":\"https:\\\/\\\/www.esplac.cat\\\/beques-destudi-de-lens-de-lassociacionisme-cultural\\\/\",\"url\":\"https:\\\/\\\/www.esplac.cat\\\/beques-destudi-de-lens-de-lassociacionisme-cultural\\\/\",\"name\":\"Beques d'estudi de l'Ens de l'Associacionisme Cultural - Esplac\",\"isPartOf\":{\"@id\":\"https:\\\/\\\/www.esplac.cat\\\/#website\"},\"primaryImageOfPage\":{\"@id\":\"https:\\\/\\\/www.esplac.cat\\\/beques-destudi-de-lens-de-lassociacionisme-cultural\\\/#primaryimage\"},\"image\":{\"@id\":\"https:\\\/\\\/www.esplac.cat\\\/beques-destudi-de-lens-de-lassociacionisme-cultural\\\/#primaryimage\"},\"thumbnailUrl\":\"https:\\\/\\\/www.esplac.cat\\\/wp-content\\\/uploads\\\/2013\\\/02\\\/DSC08123.jpg\",\"datePublished\":\"2014-05-22T14:00:02+00:00\",\"breadcrumb\":{\"@id\":\"https:\\\/\\\/www.esplac.cat\\\/beques-destudi-de-lens-de-lassociacionisme-cultural\\\/#breadcrumb\"},\"inLanguage\":\"es\",\"potentialAction\":[{\"@type\":\"ReadAction\",\"target\":[\"https:\\\/\\\/www.esplac.cat\\\/beques-destudi-de-lens-de-lassociacionisme-cultural\\\/\"]}]},{\"@type\":\"ImageObject\",\"inLanguage\":\"es\",\"@id\":\"https:\\\/\\\/www.esplac.cat\\\/beques-destudi-de-lens-de-lassociacionisme-cultural\\\/#primaryimage\",\"url\":\"https:\\\/\\\/www.esplac.cat\\\/wp-content\\\/uploads\\\/2013\\\/02\\\/DSC08123.jpg\",\"contentUrl\":\"https:\\\/\\\/www.esplac.cat\\\/wp-content\\\/uploads\\\/2013\\\/02\\\/DSC08123.jpg\",\"width\":3872,\"height\":2176},{\"@type\":\"BreadcrumbList\",\"@id\":\"https:\\\/\\\/www.esplac.cat\\\/beques-destudi-de-lens-de-lassociacionisme-cultural\\\/#breadcrumb\",\"itemListElement\":[{\"@type\":\"ListItem\",\"position\":1,\"name\":\"Inici\",\"item\":\"https:\\\/\\\/www.esplac.cat\\\/es\\\/\"},{\"@type\":\"ListItem\",\"position\":2,\"name\":\"Beques d&#8217;estudi de l&#8217;Ens de l&#8217;Associacionisme Cultural\"}]},{\"@type\":\"WebSite\",\"@id\":\"https:\\\/\\\/www.esplac.cat\\\/#website\",\"url\":\"https:\\\/\\\/www.esplac.cat\\\/\",\"name\":\"Esplac\",\"description\":\"Esplais Catalans\",\"publisher\":{\"@id\":\"https:\\\/\\\/www.esplac.cat\\\/#organization\"},\"potentialAction\":[{\"@type\":\"SearchAction\",\"target\":{\"@type\":\"EntryPoint\",\"urlTemplate\":\"https:\\\/\\\/www.esplac.cat\\\/?s={search_term_string}\"},\"query-input\":{\"@type\":\"PropertyValueSpecification\",\"valueRequired\":true,\"valueName\":\"search_term_string\"}}],\"inLanguage\":\"es\"},{\"@type\":\"Organization\",\"@id\":\"https:\\\/\\\/www.esplac.cat\\\/#organization\",\"name\":\"Esplac\",\"url\":\"https:\\\/\\\/www.esplac.cat\\\/\",\"logo\":{\"@type\":\"ImageObject\",\"inLanguage\":\"es\",\"@id\":\"https:\\\/\\\/www.esplac.cat\\\/#\\\/schema\\\/logo\\\/image\\\/\",\"url\":\"https:\\\/\\\/www.esplac.cat\\\/wp-content\\\/uploads\\\/2019\\\/08\\\/logox2.png\",\"contentUrl\":\"https:\\\/\\\/www.esplac.cat\\\/wp-content\\\/uploads\\\/2019\\\/08\\\/logox2.png\",\"width\":600,\"height\":295,\"caption\":\"Esplac\"},\"image\":{\"@id\":\"https:\\\/\\\/www.esplac.cat\\\/#\\\/schema\\\/logo\\\/image\\\/\"}},{\"@type\":\"Person\",\"@id\":\"https:\\\/\\\/www.esplac.cat\\\/#\\\/schema\\\/person\\\/908383cf240be18b68f8855d0583faca\",\"name\":\"Comunicaci\u00f3 Esplac\",\"image\":{\"@type\":\"ImageObject\",\"inLanguage\":\"es\",\"@id\":\"https:\\\/\\\/secure.gravatar.com\\\/avatar\\\/7a4cf8feb412a76ea4a740ca02d95b06b2907b5a6c648c2dd0a1082a093c3141?s=96&d=mm&r=g\",\"url\":\"https:\\\/\\\/secure.gravatar.com\\\/avatar\\\/7a4cf8feb412a76ea4a740ca02d95b06b2907b5a6c648c2dd0a1082a093c3141?s=96&d=mm&r=g\",\"contentUrl\":\"https:\\\/\\\/secure.gravatar.com\\\/avatar\\\/7a4cf8feb412a76ea4a740ca02d95b06b2907b5a6c648c2dd0a1082a093c3141?s=96&d=mm&r=g\",\"caption\":\"Comunicaci\u00f3 Esplac\"}}]}<\/script>\n<!-- \/ Yoast SEO plugin. -->","yoast_head_json":{"title":"Beques d'estudi de l'Ens de l'Associacionisme Cultural - Esplac","robots":{"index":"index","follow":"follow","max-snippet":"max-snippet:-1","max-image-preview":"max-image-preview:large","max-video-preview":"max-video-preview:-1"},"canonical":"https:\/\/www.esplac.cat\/beques-destudi-de-lens-de-lassociacionisme-cultural\/","og_locale":"es_ES","og_type":"article","og_title":"Beques d'estudi de l'Ens de l'Associacionisme Cultural - Esplac","og_description":"La beca, convocada per l&#8217;ENS de l&#8217;Associacionisme Cultural Catal\u00e0, cerca [&hellip;]","og_url":"https:\/\/www.esplac.cat\/beques-destudi-de-lens-de-lassociacionisme-cultural\/","og_site_name":"Esplac","article_published_time":"2014-05-22T14:00:02+00:00","og_image":[{"width":1024,"height":575,"url":"https:\/\/www.esplac.cat\/wp-content\/uploads\/2013\/02\/DSC08123-1024x575.jpg","type":"image\/jpeg"}],"author":"Comunicaci\u00f3 Esplac","twitter_card":"summary_large_image","twitter_misc":{"Escrito por":"Comunicaci\u00f3 Esplac","Tiempo de lectura":"1 minuto"},"schema":{"@context":"https:\/\/schema.org","@graph":[{"@type":"Article","@id":"https:\/\/www.esplac.cat\/beques-destudi-de-lens-de-lassociacionisme-cultural\/#article","isPartOf":{"@id":"https:\/\/www.esplac.cat\/beques-destudi-de-lens-de-lassociacionisme-cultural\/"},"author":{"name":"Comunicaci\u00f3 Esplac","@id":"https:\/\/www.esplac.cat\/#\/schema\/person\/908383cf240be18b68f8855d0583faca"},"headline":"Beques d&#8217;estudi de l&#8217;Ens de l&#8217;Associacionisme Cultural","datePublished":"2014-05-22T14:00:02+00:00","mainEntityOfPage":{"@id":"https:\/\/www.esplac.cat\/beques-destudi-de-lens-de-lassociacionisme-cultural\/"},"wordCount":233,"commentCount":0,"publisher":{"@id":"https:\/\/www.esplac.cat\/#organization"},"image":{"@id":"https:\/\/www.esplac.cat\/beques-destudi-de-lens-de-lassociacionisme-cultural\/#primaryimage"},"thumbnailUrl":"https:\/\/www.esplac.cat\/wp-content\/uploads\/2013\/02\/DSC08123.jpg","keywords":["associacionisme","beques d'estudi","ens","hist\u00f2ria dels esplais"],"articleSection":["Subvencions i concursos"],"inLanguage":"es","potentialAction":[{"@type":"CommentAction","name":"Comment","target":["https:\/\/www.esplac.cat\/beques-destudi-de-lens-de-lassociacionisme-cultural\/#respond"]}]},{"@type":"WebPage","@id":"https:\/\/www.esplac.cat\/beques-destudi-de-lens-de-lassociacionisme-cultural\/","url":"https:\/\/www.esplac.cat\/beques-destudi-de-lens-de-lassociacionisme-cultural\/","name":"Beques d'estudi de l'Ens de l'Associacionisme Cultural - Esplac","isPartOf":{"@id":"https:\/\/www.esplac.cat\/#website"},"primaryImageOfPage":{"@id":"https:\/\/www.esplac.cat\/beques-destudi-de-lens-de-lassociacionisme-cultural\/#primaryimage"},"image":{"@id":"https:\/\/www.esplac.cat\/beques-destudi-de-lens-de-lassociacionisme-cultural\/#primaryimage"},"thumbnailUrl":"https:\/\/www.esplac.cat\/wp-content\/uploads\/2013\/02\/DSC08123.jpg","datePublished":"2014-05-22T14:00:02+00:00","breadcrumb":{"@id":"https:\/\/www.esplac.cat\/beques-destudi-de-lens-de-lassociacionisme-cultural\/#breadcrumb"},"inLanguage":"es","potentialAction":[{"@type":"ReadAction","target":["https:\/\/www.esplac.cat\/beques-destudi-de-lens-de-lassociacionisme-cultural\/"]}]},{"@type":"ImageObject","inLanguage":"es","@id":"https:\/\/www.esplac.cat\/beques-destudi-de-lens-de-lassociacionisme-cultural\/#primaryimage","url":"https:\/\/www.esplac.cat\/wp-content\/uploads\/2013\/02\/DSC08123.jpg","contentUrl":"https:\/\/www.esplac.cat\/wp-content\/uploads\/2013\/02\/DSC08123.jpg","width":3872,"height":2176},{"@type":"BreadcrumbList","@id":"https:\/\/www.esplac.cat\/beques-destudi-de-lens-de-lassociacionisme-cultural\/#breadcrumb","itemListElement":[{"@type":"ListItem","position":1,"name":"Inici","item":"https:\/\/www.esplac.cat\/es\/"},{"@type":"ListItem","position":2,"name":"Beques d&#8217;estudi de l&#8217;Ens de l&#8217;Associacionisme Cultural"}]},{"@type":"WebSite","@id":"https:\/\/www.esplac.cat\/#website","url":"https:\/\/www.esplac.cat\/","name":"Esplac","description":"Esplais Catalans","publisher":{"@id":"https:\/\/www.esplac.cat\/#organization"},"potentialAction":[{"@type":"SearchAction","target":{"@type":"EntryPoint","urlTemplate":"https:\/\/www.esplac.cat\/?s={search_term_string}"},"query-input":{"@type":"PropertyValueSpecification","valueRequired":true,"valueName":"search_term_string"}}],"inLanguage":"es"},{"@type":"Organization","@id":"https:\/\/www.esplac.cat\/#organization","name":"Esplac","url":"https:\/\/www.esplac.cat\/","logo":{"@type":"ImageObject","inLanguage":"es","@id":"https:\/\/www.esplac.cat\/#\/schema\/logo\/image\/","url":"https:\/\/www.esplac.cat\/wp-content\/uploads\/2019\/08\/logox2.png","contentUrl":"https:\/\/www.esplac.cat\/wp-content\/uploads\/2019\/08\/logox2.png","width":600,"height":295,"caption":"Esplac"},"image":{"@id":"https:\/\/www.esplac.cat\/#\/schema\/logo\/image\/"}},{"@type":"Person","@id":"https:\/\/www.esplac.cat\/#\/schema\/person\/908383cf240be18b68f8855d0583faca","name":"Comunicaci\u00f3 Esplac","image":{"@type":"ImageObject","inLanguage":"es","@id":"https:\/\/secure.gravatar.com\/avatar\/7a4cf8feb412a76ea4a740ca02d95b06b2907b5a6c648c2dd0a1082a093c3141?s=96&d=mm&r=g","url":"https:\/\/secure.gravatar.com\/avatar\/7a4cf8feb412a76ea4a740ca02d95b06b2907b5a6c648c2dd0a1082a093c3141?s=96&d=mm&r=g","contentUrl":"https:\/\/secure.gravatar.com\/avatar\/7a4cf8feb412a76ea4a740ca02d95b06b2907b5a6c648c2dd0a1082a093c3141?s=96&d=mm&r=g","caption":"Comunicaci\u00f3 Esplac"}}]}},"_links":{"self":[{"href":"https:\/\/www.esplac.cat\/es\/wp-json\/wp\/v2\/posts\/25763","targetHints":{"allow":["GET"]}}],"collection":[{"href":"https:\/\/www.esplac.cat\/es\/wp-json\/wp\/v2\/posts"}],"about":[{"href":"https:\/\/www.esplac.cat\/es\/wp-json\/wp\/v2\/types\/post"}],"author":[{"embeddable":true,"href":"https:\/\/www.esplac.cat\/es\/wp-json\/wp\/v2\/users\/3"}],"replies":[{"embeddable":true,"href":"https:\/\/www.esplac.cat\/es\/wp-json\/wp\/v2\/comments?post=25763"}],"version-history":[{"count":0,"href":"https:\/\/www.esplac.cat\/es\/wp-json\/wp\/v2\/posts\/25763\/revisions"}],"wp:featuredmedia":[{"embeddable":true,"href":"https:\/\/www.esplac.cat\/es\/wp-json\/wp\/v2\/media\/25604"}],"wp:attachment":[{"href":"https:\/\/www.esplac.cat\/es\/wp-json\/wp\/v2\/media?parent=25763"}],"wp:term":[{"taxonomy":"category","embeddable":true,"href":"https:\/\/www.esplac.cat\/es\/wp-json\/wp\/v2\/categories?post=25763"},{"taxonomy":"post_tag","embeddable":true,"href":"https:\/\/www.esplac.cat\/es\/wp-json\/wp\/v2\/tags?post=25763"}],"curies":[{"name":"wp","href":"https:\/\/api.w.org\/{rel}","templated":true}]}}