{"id":25764,"date":"2014-05-22T12:48:56","date_gmt":"2014-05-22T10:48:56","guid":{"rendered":"http:\/\/esplac.cat\/?p=5157"},"modified":"2019-11-14T13:36:44","modified_gmt":"2019-11-14T11:36:44","slug":"trobades-infants-i-joves-baix-llobregat","status":"publish","type":"post","link":"https:\/\/www.esplac.cat\/es\/trobades-infants-i-joves-baix-llobregat\/","title":{"rendered":"Trobades d&#8217;infants i joves al Baix Llobregat"},"content":{"rendered":"<p><!--:CA--><\/p>\n<p align=\"justify\">El passat 10 i 11 de maig el sector Baix Llobregat va realitzar les Trobades de Grans i joves simult\u00e0niament en dues poblacions diferents.<\/p>\n<p align=\"justify\">La Trobada de Grans va tenir lloc a Viladecans, amb la participaci\u00f3 de cinc esplais del Sector. M\u00e9s de 60 infants, d&#8217;entre 7 i 12 anys aproximadament, i els monitors i les monitores, vam passar el cap de setmana a l&#8217;Escola Pau Casals de Viladecans. Totes les activitats que s&#8217;hi van desenvolupar, van girar entorn un centre d&#8217;inter\u00e8s sobre el Circ. Una hist\u00f2ria fant\u00e0stica sobre un antic circ del Baix Llobregat que va acabar dissolent-se per la gelosia i la perversitat d&#8217;uns pocs. Per\u00f2 que amb l&#8217;esfor\u00e7 dels esplais del sector, la seva companyonia i solidaritat van aconseguir construir-lo de nou.<\/p>\n<p align=\"justify\">Al mateix temps, l&#8217;Esbojarrada, aixi \u00e9s com s&#8217;anomena l&#8217;acampada jove del Baix Llobregat, va tenir lloc a La Palma de Cervell\u00f3. M\u00e9s de 50 participants, entre joves i monis, van plantar les tendes al Pla de Sant Joan i van poder gaudir d&#8217;un lloc incre\u00efble amb un sol fant\u00e0stic! Despr\u00e9s d&#8217;unes din\u00e0miques de coneixen\u00e7a per trencar el gel, van plantejar una activitat organitzada conjuntament amb la Comissi\u00f3 de G\u00e8nere del Baix Llobregat per trencar estereotips sobre el model de bellesa i normalitat que el sistema patriarcal ens ha imposat. Es van arribar a unes conclusions molt interessants, i a la certesa que encara tenim molta feina per fer en aquest \u00e0mbit! Els i les joves van poder aprendre, jugar i compartir activitats relacionades amb el m\u00f3n del circ, no com a centre d&#8217;inter\u00e8s, sin\u00f3 de forma molt m\u00e9s lliure, amb el material de malabars del Sector.<\/p>\n<p align=\"justify\">El Sector Baix Llobregat apostem per l&#8217;\u00fas d&#8217;espais p\u00fablics i municipals per poder realitzar activitats que garanteixen el treball en xarxa i conjunt dels infants, joves i monitors i monitores dels nostres esplais, ja que entenem que \u00e9s una manera de garantir que tothom hi pot participar i de donar a con\u00e8ixer la nostra tasca educativa al conjunt de la poblaci\u00f3. Requereix un treball previ amb les institucions, escoles, etc., que no sempre \u00e9s f\u00e0cil, per\u00f2 que creiem necessari i positiu.<\/p>\n<p align=\"justify\">Valorem les Trobades amb una mirada critica, estem contentes, per\u00f2 encara ho podem fer millor. Cal continuar treballant per tal que la perspectiva de g\u00e8nere i la inclusi\u00f3 es duguin a la pr\u00e0ctica de forma quotidiana i normalitzada en totes les trobades, no nom\u00e9s com a activitats puntuals. Tamb\u00e9 cal millorar la organitzaci\u00f3 i coordinaci\u00f3 pr\u00e8via entre els esplais i l&#8217;EGS a trav\u00e9s de la feina per comissions, hem de buscar i facilitar la participaci\u00f3 de tots els esplais del sector, -no per ser m\u00e9s en quantitat sin\u00f3 en diversitat-, i finalment potenciar la cohesi\u00f3 entre participants dels diferents esplais del sector durant les Trobades.<\/p>\n<p align=\"justify\">Les Trobades han estat les ultimes activitats del Sector, ara ja posem la mirada cap el curs vinent, amb m\u00e9s idees i propostes.<\/p>\n<p><!--:--><!--:es-->&nbsp;<\/p>\n<p><!--:--><!--:en-->&nbsp;<\/p>\n<p><!--:--><!--:fr-->&nbsp;<\/p>\n<p><!--:--><\/p>\n","protected":false},"excerpt":{"rendered":"<p>El passat 10 i 11 de maig el sector Baix [&hellip;]<\/p>\n","protected":false},"author":3,"featured_media":25628,"comment_status":"open","ping_status":"open","sticky":false,"template":"","format":"standard","meta":{"om_disable_all_campaigns":false,"_monsterinsights_skip_tracking":false,"_monsterinsights_sitenote_active":false,"_monsterinsights_sitenote_note":"","_monsterinsights_sitenote_category":0,"_uf_show_specific_survey":0,"_uf_disable_surveys":false,"footnotes":""},"categories":[1110,1160,1166,1124],"tags":[114,24,25],"class_list":["post-25764","post","type-post","status-publish","format-standard","has-post-thumbnail","hentry","category-activitats-sectors","category-comissio-gsdd","category-inclusio-i-diversitat","category-sector-baix-llobregat","tag-sector-baix-llobregat","tag-trobada-dinfants","tag-trobada-de-joves"],"yoast_head":"<!-- This site is optimized with the Yoast SEO plugin v27.5 - https:\/\/yoast.com\/product\/yoast-seo-wordpress\/ -->\n<title>Trobades d&#039;infants i joves al Baix Llobregat - Esplac<\/title>\n<meta name=\"robots\" content=\"index, follow, max-snippet:-1, max-image-preview:large, max-video-preview:-1\" \/>\n<link rel=\"canonical\" href=\"https:\/\/www.esplac.cat\/trobades-infants-i-joves-baix-llobregat\/\" \/>\n<meta property=\"og:locale\" content=\"es_ES\" \/>\n<meta property=\"og:type\" content=\"article\" \/>\n<meta property=\"og:title\" content=\"Trobades d&#039;infants i joves al Baix Llobregat - Esplac\" \/>\n<meta property=\"og:description\" content=\"El passat 10 i 11 de maig el sector Baix [&hellip;]\" \/>\n<meta property=\"og:url\" content=\"https:\/\/www.esplac.cat\/trobades-infants-i-joves-baix-llobregat\/\" \/>\n<meta property=\"og:site_name\" content=\"Esplac\" \/>\n<meta property=\"article:published_time\" content=\"2014-05-22T10:48:56+00:00\" \/>\n<meta property=\"article:modified_time\" content=\"2019-11-14T11:36:44+00:00\" \/>\n<meta property=\"og:image\" content=\"https:\/\/www.esplac.cat\/wp-content\/uploads\/2013\/02\/DSC08098.jpg\" \/>\n\t<meta property=\"og:image:width\" content=\"3872\" \/>\n\t<meta property=\"og:image:height\" content=\"2176\" \/>\n\t<meta property=\"og:image:type\" content=\"image\/jpeg\" \/>\n<meta name=\"author\" content=\"Comunicaci\u00f3 Esplac\" \/>\n<meta name=\"twitter:card\" content=\"summary_large_image\" \/>\n<meta name=\"twitter:label1\" content=\"Escrito por\" \/>\n\t<meta name=\"twitter:data1\" content=\"Comunicaci\u00f3 Esplac\" \/>\n\t<meta name=\"twitter:label2\" content=\"Tiempo de lectura\" \/>\n\t<meta name=\"twitter:data2\" content=\"3 minutos\" \/>\n<script type=\"application\/ld+json\" class=\"yoast-schema-graph\">{\"@context\":\"https:\\\/\\\/schema.org\",\"@graph\":[{\"@type\":\"Article\",\"@id\":\"https:\\\/\\\/www.esplac.cat\\\/trobades-infants-i-joves-baix-llobregat\\\/#article\",\"isPartOf\":{\"@id\":\"https:\\\/\\\/www.esplac.cat\\\/trobades-infants-i-joves-baix-llobregat\\\/\"},\"author\":{\"name\":\"Comunicaci\u00f3 Esplac\",\"@id\":\"https:\\\/\\\/www.esplac.cat\\\/#\\\/schema\\\/person\\\/908383cf240be18b68f8855d0583faca\"},\"headline\":\"Trobades d&#8217;infants i joves al Baix Llobregat\",\"datePublished\":\"2014-05-22T10:48:56+00:00\",\"dateModified\":\"2019-11-14T11:36:44+00:00\",\"mainEntityOfPage\":{\"@id\":\"https:\\\/\\\/www.esplac.cat\\\/trobades-infants-i-joves-baix-llobregat\\\/\"},\"wordCount\":528,\"commentCount\":0,\"publisher\":{\"@id\":\"https:\\\/\\\/www.esplac.cat\\\/#organization\"},\"image\":{\"@id\":\"https:\\\/\\\/www.esplac.cat\\\/trobades-infants-i-joves-baix-llobregat\\\/#primaryimage\"},\"thumbnailUrl\":\"https:\\\/\\\/www.esplac.cat\\\/wp-content\\\/uploads\\\/2013\\\/02\\\/DSC08098.jpg\",\"keywords\":[\"sector Baix Llobregat\",\"trobada d'infants\",\"trobada de joves\"],\"articleSection\":[\"Activitats sectors\",\"Comissi\u00f3 GSDD\",\"Inclusi\u00f3 i diversitat\",\"Sector Baix Llobregat\"],\"inLanguage\":\"es\",\"potentialAction\":[{\"@type\":\"CommentAction\",\"name\":\"Comment\",\"target\":[\"https:\\\/\\\/www.esplac.cat\\\/trobades-infants-i-joves-baix-llobregat\\\/#respond\"]}]},{\"@type\":\"WebPage\",\"@id\":\"https:\\\/\\\/www.esplac.cat\\\/trobades-infants-i-joves-baix-llobregat\\\/\",\"url\":\"https:\\\/\\\/www.esplac.cat\\\/trobades-infants-i-joves-baix-llobregat\\\/\",\"name\":\"Trobades d'infants i joves al Baix Llobregat - Esplac\",\"isPartOf\":{\"@id\":\"https:\\\/\\\/www.esplac.cat\\\/#website\"},\"primaryImageOfPage\":{\"@id\":\"https:\\\/\\\/www.esplac.cat\\\/trobades-infants-i-joves-baix-llobregat\\\/#primaryimage\"},\"image\":{\"@id\":\"https:\\\/\\\/www.esplac.cat\\\/trobades-infants-i-joves-baix-llobregat\\\/#primaryimage\"},\"thumbnailUrl\":\"https:\\\/\\\/www.esplac.cat\\\/wp-content\\\/uploads\\\/2013\\\/02\\\/DSC08098.jpg\",\"datePublished\":\"2014-05-22T10:48:56+00:00\",\"dateModified\":\"2019-11-14T11:36:44+00:00\",\"breadcrumb\":{\"@id\":\"https:\\\/\\\/www.esplac.cat\\\/trobades-infants-i-joves-baix-llobregat\\\/#breadcrumb\"},\"inLanguage\":\"es\",\"potentialAction\":[{\"@type\":\"ReadAction\",\"target\":[\"https:\\\/\\\/www.esplac.cat\\\/trobades-infants-i-joves-baix-llobregat\\\/\"]}]},{\"@type\":\"ImageObject\",\"inLanguage\":\"es\",\"@id\":\"https:\\\/\\\/www.esplac.cat\\\/trobades-infants-i-joves-baix-llobregat\\\/#primaryimage\",\"url\":\"https:\\\/\\\/www.esplac.cat\\\/wp-content\\\/uploads\\\/2013\\\/02\\\/DSC08098.jpg\",\"contentUrl\":\"https:\\\/\\\/www.esplac.cat\\\/wp-content\\\/uploads\\\/2013\\\/02\\\/DSC08098.jpg\",\"width\":3872,\"height\":2176},{\"@type\":\"BreadcrumbList\",\"@id\":\"https:\\\/\\\/www.esplac.cat\\\/trobades-infants-i-joves-baix-llobregat\\\/#breadcrumb\",\"itemListElement\":[{\"@type\":\"ListItem\",\"position\":1,\"name\":\"Inici\",\"item\":\"https:\\\/\\\/www.esplac.cat\\\/es\\\/\"},{\"@type\":\"ListItem\",\"position\":2,\"name\":\"Trobades d&#8217;infants i joves al Baix Llobregat\"}]},{\"@type\":\"WebSite\",\"@id\":\"https:\\\/\\\/www.esplac.cat\\\/#website\",\"url\":\"https:\\\/\\\/www.esplac.cat\\\/\",\"name\":\"Esplac\",\"description\":\"Esplais Catalans\",\"publisher\":{\"@id\":\"https:\\\/\\\/www.esplac.cat\\\/#organization\"},\"potentialAction\":[{\"@type\":\"SearchAction\",\"target\":{\"@type\":\"EntryPoint\",\"urlTemplate\":\"https:\\\/\\\/www.esplac.cat\\\/?s={search_term_string}\"},\"query-input\":{\"@type\":\"PropertyValueSpecification\",\"valueRequired\":true,\"valueName\":\"search_term_string\"}}],\"inLanguage\":\"es\"},{\"@type\":\"Organization\",\"@id\":\"https:\\\/\\\/www.esplac.cat\\\/#organization\",\"name\":\"Esplac\",\"url\":\"https:\\\/\\\/www.esplac.cat\\\/\",\"logo\":{\"@type\":\"ImageObject\",\"inLanguage\":\"es\",\"@id\":\"https:\\\/\\\/www.esplac.cat\\\/#\\\/schema\\\/logo\\\/image\\\/\",\"url\":\"https:\\\/\\\/www.esplac.cat\\\/wp-content\\\/uploads\\\/2019\\\/08\\\/logox2.png\",\"contentUrl\":\"https:\\\/\\\/www.esplac.cat\\\/wp-content\\\/uploads\\\/2019\\\/08\\\/logox2.png\",\"width\":600,\"height\":295,\"caption\":\"Esplac\"},\"image\":{\"@id\":\"https:\\\/\\\/www.esplac.cat\\\/#\\\/schema\\\/logo\\\/image\\\/\"}},{\"@type\":\"Person\",\"@id\":\"https:\\\/\\\/www.esplac.cat\\\/#\\\/schema\\\/person\\\/908383cf240be18b68f8855d0583faca\",\"name\":\"Comunicaci\u00f3 Esplac\",\"image\":{\"@type\":\"ImageObject\",\"inLanguage\":\"es\",\"@id\":\"https:\\\/\\\/secure.gravatar.com\\\/avatar\\\/7a4cf8feb412a76ea4a740ca02d95b06b2907b5a6c648c2dd0a1082a093c3141?s=96&d=mm&r=g\",\"url\":\"https:\\\/\\\/secure.gravatar.com\\\/avatar\\\/7a4cf8feb412a76ea4a740ca02d95b06b2907b5a6c648c2dd0a1082a093c3141?s=96&d=mm&r=g\",\"contentUrl\":\"https:\\\/\\\/secure.gravatar.com\\\/avatar\\\/7a4cf8feb412a76ea4a740ca02d95b06b2907b5a6c648c2dd0a1082a093c3141?s=96&d=mm&r=g\",\"caption\":\"Comunicaci\u00f3 Esplac\"}}]}<\/script>\n<!-- \/ Yoast SEO plugin. -->","yoast_head_json":{"title":"Trobades d'infants i joves al Baix Llobregat - Esplac","robots":{"index":"index","follow":"follow","max-snippet":"max-snippet:-1","max-image-preview":"max-image-preview:large","max-video-preview":"max-video-preview:-1"},"canonical":"https:\/\/www.esplac.cat\/trobades-infants-i-joves-baix-llobregat\/","og_locale":"es_ES","og_type":"article","og_title":"Trobades d'infants i joves al Baix Llobregat - Esplac","og_description":"El passat 10 i 11 de maig el sector Baix [&hellip;]","og_url":"https:\/\/www.esplac.cat\/trobades-infants-i-joves-baix-llobregat\/","og_site_name":"Esplac","article_published_time":"2014-05-22T10:48:56+00:00","article_modified_time":"2019-11-14T11:36:44+00:00","og_image":[{"width":3872,"height":2176,"url":"https:\/\/www.esplac.cat\/wp-content\/uploads\/2013\/02\/DSC08098.jpg","type":"image\/jpeg"}],"author":"Comunicaci\u00f3 Esplac","twitter_card":"summary_large_image","twitter_misc":{"Escrito por":"Comunicaci\u00f3 Esplac","Tiempo de lectura":"3 minutos"},"schema":{"@context":"https:\/\/schema.org","@graph":[{"@type":"Article","@id":"https:\/\/www.esplac.cat\/trobades-infants-i-joves-baix-llobregat\/#article","isPartOf":{"@id":"https:\/\/www.esplac.cat\/trobades-infants-i-joves-baix-llobregat\/"},"author":{"name":"Comunicaci\u00f3 Esplac","@id":"https:\/\/www.esplac.cat\/#\/schema\/person\/908383cf240be18b68f8855d0583faca"},"headline":"Trobades d&#8217;infants i joves al Baix Llobregat","datePublished":"2014-05-22T10:48:56+00:00","dateModified":"2019-11-14T11:36:44+00:00","mainEntityOfPage":{"@id":"https:\/\/www.esplac.cat\/trobades-infants-i-joves-baix-llobregat\/"},"wordCount":528,"commentCount":0,"publisher":{"@id":"https:\/\/www.esplac.cat\/#organization"},"image":{"@id":"https:\/\/www.esplac.cat\/trobades-infants-i-joves-baix-llobregat\/#primaryimage"},"thumbnailUrl":"https:\/\/www.esplac.cat\/wp-content\/uploads\/2013\/02\/DSC08098.jpg","keywords":["sector Baix Llobregat","trobada d'infants","trobada de joves"],"articleSection":["Activitats sectors","Comissi\u00f3 GSDD","Inclusi\u00f3 i diversitat","Sector Baix Llobregat"],"inLanguage":"es","potentialAction":[{"@type":"CommentAction","name":"Comment","target":["https:\/\/www.esplac.cat\/trobades-infants-i-joves-baix-llobregat\/#respond"]}]},{"@type":"WebPage","@id":"https:\/\/www.esplac.cat\/trobades-infants-i-joves-baix-llobregat\/","url":"https:\/\/www.esplac.cat\/trobades-infants-i-joves-baix-llobregat\/","name":"Trobades d'infants i joves al Baix Llobregat - Esplac","isPartOf":{"@id":"https:\/\/www.esplac.cat\/#website"},"primaryImageOfPage":{"@id":"https:\/\/www.esplac.cat\/trobades-infants-i-joves-baix-llobregat\/#primaryimage"},"image":{"@id":"https:\/\/www.esplac.cat\/trobades-infants-i-joves-baix-llobregat\/#primaryimage"},"thumbnailUrl":"https:\/\/www.esplac.cat\/wp-content\/uploads\/2013\/02\/DSC08098.jpg","datePublished":"2014-05-22T10:48:56+00:00","dateModified":"2019-11-14T11:36:44+00:00","breadcrumb":{"@id":"https:\/\/www.esplac.cat\/trobades-infants-i-joves-baix-llobregat\/#breadcrumb"},"inLanguage":"es","potentialAction":[{"@type":"ReadAction","target":["https:\/\/www.esplac.cat\/trobades-infants-i-joves-baix-llobregat\/"]}]},{"@type":"ImageObject","inLanguage":"es","@id":"https:\/\/www.esplac.cat\/trobades-infants-i-joves-baix-llobregat\/#primaryimage","url":"https:\/\/www.esplac.cat\/wp-content\/uploads\/2013\/02\/DSC08098.jpg","contentUrl":"https:\/\/www.esplac.cat\/wp-content\/uploads\/2013\/02\/DSC08098.jpg","width":3872,"height":2176},{"@type":"BreadcrumbList","@id":"https:\/\/www.esplac.cat\/trobades-infants-i-joves-baix-llobregat\/#breadcrumb","itemListElement":[{"@type":"ListItem","position":1,"name":"Inici","item":"https:\/\/www.esplac.cat\/es\/"},{"@type":"ListItem","position":2,"name":"Trobades d&#8217;infants i joves al Baix Llobregat"}]},{"@type":"WebSite","@id":"https:\/\/www.esplac.cat\/#website","url":"https:\/\/www.esplac.cat\/","name":"Esplac","description":"Esplais Catalans","publisher":{"@id":"https:\/\/www.esplac.cat\/#organization"},"potentialAction":[{"@type":"SearchAction","target":{"@type":"EntryPoint","urlTemplate":"https:\/\/www.esplac.cat\/?s={search_term_string}"},"query-input":{"@type":"PropertyValueSpecification","valueRequired":true,"valueName":"search_term_string"}}],"inLanguage":"es"},{"@type":"Organization","@id":"https:\/\/www.esplac.cat\/#organization","name":"Esplac","url":"https:\/\/www.esplac.cat\/","logo":{"@type":"ImageObject","inLanguage":"es","@id":"https:\/\/www.esplac.cat\/#\/schema\/logo\/image\/","url":"https:\/\/www.esplac.cat\/wp-content\/uploads\/2019\/08\/logox2.png","contentUrl":"https:\/\/www.esplac.cat\/wp-content\/uploads\/2019\/08\/logox2.png","width":600,"height":295,"caption":"Esplac"},"image":{"@id":"https:\/\/www.esplac.cat\/#\/schema\/logo\/image\/"}},{"@type":"Person","@id":"https:\/\/www.esplac.cat\/#\/schema\/person\/908383cf240be18b68f8855d0583faca","name":"Comunicaci\u00f3 Esplac","image":{"@type":"ImageObject","inLanguage":"es","@id":"https:\/\/secure.gravatar.com\/avatar\/7a4cf8feb412a76ea4a740ca02d95b06b2907b5a6c648c2dd0a1082a093c3141?s=96&d=mm&r=g","url":"https:\/\/secure.gravatar.com\/avatar\/7a4cf8feb412a76ea4a740ca02d95b06b2907b5a6c648c2dd0a1082a093c3141?s=96&d=mm&r=g","contentUrl":"https:\/\/secure.gravatar.com\/avatar\/7a4cf8feb412a76ea4a740ca02d95b06b2907b5a6c648c2dd0a1082a093c3141?s=96&d=mm&r=g","caption":"Comunicaci\u00f3 Esplac"}}]}},"_links":{"self":[{"href":"https:\/\/www.esplac.cat\/es\/wp-json\/wp\/v2\/posts\/25764","targetHints":{"allow":["GET"]}}],"collection":[{"href":"https:\/\/www.esplac.cat\/es\/wp-json\/wp\/v2\/posts"}],"about":[{"href":"https:\/\/www.esplac.cat\/es\/wp-json\/wp\/v2\/types\/post"}],"author":[{"embeddable":true,"href":"https:\/\/www.esplac.cat\/es\/wp-json\/wp\/v2\/users\/3"}],"replies":[{"embeddable":true,"href":"https:\/\/www.esplac.cat\/es\/wp-json\/wp\/v2\/comments?post=25764"}],"version-history":[{"count":0,"href":"https:\/\/www.esplac.cat\/es\/wp-json\/wp\/v2\/posts\/25764\/revisions"}],"wp:featuredmedia":[{"embeddable":true,"href":"https:\/\/www.esplac.cat\/es\/wp-json\/wp\/v2\/media\/25628"}],"wp:attachment":[{"href":"https:\/\/www.esplac.cat\/es\/wp-json\/wp\/v2\/media?parent=25764"}],"wp:term":[{"taxonomy":"category","embeddable":true,"href":"https:\/\/www.esplac.cat\/es\/wp-json\/wp\/v2\/categories?post=25764"},{"taxonomy":"post_tag","embeddable":true,"href":"https:\/\/www.esplac.cat\/es\/wp-json\/wp\/v2\/tags?post=25764"}],"curies":[{"name":"wp","href":"https:\/\/api.w.org\/{rel}","templated":true}]}}