{"id":25779,"date":"2014-04-15T17:52:52","date_gmt":"2014-04-15T15:52:52","guid":{"rendered":"http:\/\/esplac.cat\/?p=5016"},"modified":"2014-04-15T17:52:52","modified_gmt":"2014-04-15T15:52:52","slug":"monifestat-2014-trobada-monitors-monitores-mes-gran-historia-esplais-catalans","status":"publish","type":"post","link":"https:\/\/www.esplac.cat\/es\/monifestat-2014-trobada-monitors-monitores-mes-gran-historia-esplais-catalans\/","title":{"rendered":"Monifesta\u2019t, la trobada de monitores m\u00e9s gran d\u2019Esplac"},"content":{"rendered":"<p><!--:CA-->Esplais Catalans (Esplac) som una associaci\u00f3 d\u2019esplais laica i progressista que treballem des del voluntariat per a la transformaci\u00f3 social, mitjan\u00e7ant l\u2019educaci\u00f3 en drets dels infants. L\u2019enfortiment dels esplais \u00e9s la nostra ra\u00f3 de ser. Actualment formem Esplais Catalans 107 esplais situats en 64 poblacions catalanes, agrupant a 6200 infants i a 1500 monitors i monitores.<\/p>\n<p>Una de les nostres activitats m\u00e9s importants, que es realitza cada 3 anys, \u00e9s la Monifesta\u2019t, la trobada de monitors i monitores de tots els Esplais Catalans. La Monifesta\u2019t es planteja com un moment important en la consci\u00e8ncia col\u00b7lectiva del conjunt de monitors i monitores dels esplais i com un espai on poder aprendre, en el sentit m\u00e9s ampli de la paraula, no nom\u00e9s t\u00e8cniques i coneixements, sin\u00f3 tamb\u00e9 saber aprendre de l\u2019experi\u00e8ncia del company o companya i contagiar-nos l\u2019alegria que ens ha d\u2019acompanyar per aconseguir l\u2019objectiu de ser una mica m\u00e9s feli\u00e7os, per poder fer m\u00e9s feli\u00e7os als altres.<\/p>\n<p><strong>L\u2019edici\u00f3 d\u2019enguany l\u2019acollir\u00e0 la poblaci\u00f3 de Vila-seca els dies 26 i 27 d\u2019abril de 2014<\/strong>. Fer-ho al Camp de Tarragona \u00e9s una manera de donar a con\u00e8ixer qui som i qu\u00e8 fem en un sector de nova constituci\u00f3, per a qu\u00e8 se\u2019ns escolti i se\u2019ns reconegui la feina que es fa dia a dia a cada un dels llocs on un esplai desenvolupa la seva activitat. En aquest sentit, volem agra\u00efr la bona acollida i la col\u00b7laboraci\u00f3 que ens ha ofert la poblaci\u00f3 i l\u2019Ajuntament de Vila-seca.<\/p>\n<p><strong>La Monifesta\u2019t girar\u00e0 al voltant del proc\u00e9s de revisi\u00f3 del nostre Projecte Educatiu i la reivindicaci\u00f3 del paper dels monitors i monitores com a educadores.<\/strong><\/p>\n<p>Totes les persones que formem part d\u2019Esplais Catalans participem en el disseny, la preparaci\u00f3 i el desenvolupament de la Monifesta\u2019t. Volem que sigui un esdeveniment fet entre tots i totes, que tothom s\u2019hi senti part i hi participi activament.<\/p>\n<p>Per a m\u00e9s informaci\u00f3 veieu la <a href=\"http:\/\/esplac.cat\/monifestat-2014\" target=\"_blank\" rel=\"noopener noreferrer\">secci\u00f3 de la Monifesta&#8217;t 2014<\/a>.<\/p>\n<p>\u00a0<strong>Convocat\u00f2ria de premsa<br \/>\n<\/strong>Convoquem a la premsa durant l\u2019acci\u00f3 reivindicativa sobre el paper dels monitors i monitores, el diumenge 27 a les 13h, a la Rambla de Catalunya de Vila-seca. Preguem confirmar assist\u00e8ncia.<br \/>\n<strong>Contacte<br \/>\n<\/strong>Eva Sanahuja (Cap de comunicaci\u00f3) &#8211; comunicacio@esplac.cat<br \/>\nTel\u00e8fon 6665748 06 &#8211; 933026103<\/p>\n<p style=\"text-align: center;\"><a href=\"http:\/\/esplac.cat\/wp-content\/uploads\/2014\/04\/cartellA3monifestat_pantalla.png\"><img decoding=\"async\" class=\"aligncenter  wp-image-5019\" title=\"cartellA3monifestat_pantalla\" src=\"http:\/\/esplac.cat\/wp-content\/uploads\/2014\/04\/cartellA3monifestat_pantalla.png\" alt=\"\" width=\"400\" \/><\/a><\/p>\n<p><!--:--><!--:es-->&nbsp;<\/p>\n<p><!--:--><!--:en-->&nbsp;<\/p>\n<p><!--:--><!--:fr-->&nbsp;<\/p>\n<p><!--:--><\/p>\n","protected":false},"excerpt":{"rendered":"<p>Esplais Catalans (Esplac) som una associaci\u00f3 d\u2019esplais laica i progressista [&hellip;]<\/p>\n","protected":false},"author":3,"featured_media":7816,"comment_status":"open","ping_status":"open","sticky":false,"template":"","format":"standard","meta":{"om_disable_all_campaigns":false,"_monsterinsights_skip_tracking":false,"_monsterinsights_sitenote_active":false,"_monsterinsights_sitenote_note":"","_monsterinsights_sitenote_category":0,"_uf_show_specific_survey":0,"_uf_disable_surveys":false,"footnotes":""},"categories":[1111,1127],"tags":[185,57],"class_list":["post-25779","post","type-post","status-publish","format-standard","has-post-thumbnail","hentry","category-activitats-esplac","category-comunicats-posicionaments","tag-monifestat","tag-trobada-de-monitors"],"yoast_head":"<!-- This site is optimized with the Yoast SEO plugin v27.4 - https:\/\/yoast.com\/product\/yoast-seo-wordpress\/ -->\n<title>Monifesta\u2019t, la trobada de monitores m\u00e9s gran d\u2019Esplac - Esplac<\/title>\n<meta name=\"robots\" content=\"index, follow, max-snippet:-1, max-image-preview:large, max-video-preview:-1\" \/>\n<link rel=\"canonical\" href=\"https:\/\/www.esplac.cat\/monifestat-2014-trobada-monitors-monitores-mes-gran-historia-esplais-catalans\/\" \/>\n<meta property=\"og:locale\" content=\"es_ES\" \/>\n<meta property=\"og:type\" content=\"article\" \/>\n<meta property=\"og:title\" content=\"Monifesta\u2019t, la trobada de monitores m\u00e9s gran d\u2019Esplac - Esplac\" \/>\n<meta property=\"og:description\" content=\"Esplais Catalans (Esplac) som una associaci\u00f3 d\u2019esplais laica i progressista [&hellip;]\" \/>\n<meta property=\"og:url\" content=\"https:\/\/www.esplac.cat\/monifestat-2014-trobada-monitors-monitores-mes-gran-historia-esplais-catalans\/\" \/>\n<meta property=\"og:site_name\" content=\"Esplac\" \/>\n<meta property=\"article:published_time\" content=\"2014-04-15T15:52:52+00:00\" \/>\n<meta property=\"og:image\" content=\"https:\/\/www.esplac.cat\/wp-content\/uploads\/2019\/11\/logo-open.jpg\" \/>\n\t<meta property=\"og:image:width\" content=\"1200\" \/>\n\t<meta property=\"og:image:height\" content=\"630\" \/>\n\t<meta property=\"og:image:type\" content=\"image\/jpeg\" \/>\n<meta name=\"author\" content=\"Comunicaci\u00f3 Esplac\" \/>\n<meta name=\"twitter:card\" content=\"summary_large_image\" \/>\n<meta name=\"twitter:label1\" content=\"Escrito por\" \/>\n\t<meta name=\"twitter:data1\" content=\"Comunicaci\u00f3 Esplac\" \/>\n\t<meta name=\"twitter:label2\" content=\"Tiempo de lectura\" \/>\n\t<meta name=\"twitter:data2\" content=\"2 minutos\" \/>\n<script type=\"application\/ld+json\" class=\"yoast-schema-graph\">{\"@context\":\"https:\\\/\\\/schema.org\",\"@graph\":[{\"@type\":\"Article\",\"@id\":\"https:\\\/\\\/www.esplac.cat\\\/monifestat-2014-trobada-monitors-monitores-mes-gran-historia-esplais-catalans\\\/#article\",\"isPartOf\":{\"@id\":\"https:\\\/\\\/www.esplac.cat\\\/monifestat-2014-trobada-monitors-monitores-mes-gran-historia-esplais-catalans\\\/\"},\"author\":{\"name\":\"Comunicaci\u00f3 Esplac\",\"@id\":\"https:\\\/\\\/www.esplac.cat\\\/#\\\/schema\\\/person\\\/908383cf240be18b68f8855d0583faca\"},\"headline\":\"Monifesta\u2019t, la trobada de monitores m\u00e9s gran d\u2019Esplac\",\"datePublished\":\"2014-04-15T15:52:52+00:00\",\"mainEntityOfPage\":{\"@id\":\"https:\\\/\\\/www.esplac.cat\\\/monifestat-2014-trobada-monitors-monitores-mes-gran-historia-esplais-catalans\\\/\"},\"wordCount\":413,\"commentCount\":0,\"publisher\":{\"@id\":\"https:\\\/\\\/www.esplac.cat\\\/#organization\"},\"image\":{\"@id\":\"https:\\\/\\\/www.esplac.cat\\\/monifestat-2014-trobada-monitors-monitores-mes-gran-historia-esplais-catalans\\\/#primaryimage\"},\"thumbnailUrl\":\"\",\"keywords\":[\"monifesta't\",\"trobada de monitors\"],\"articleSection\":[\"Activitats esplac\",\"Comunicats i posicionaments\"],\"inLanguage\":\"es\",\"potentialAction\":[{\"@type\":\"CommentAction\",\"name\":\"Comment\",\"target\":[\"https:\\\/\\\/www.esplac.cat\\\/monifestat-2014-trobada-monitors-monitores-mes-gran-historia-esplais-catalans\\\/#respond\"]}]},{\"@type\":\"WebPage\",\"@id\":\"https:\\\/\\\/www.esplac.cat\\\/monifestat-2014-trobada-monitors-monitores-mes-gran-historia-esplais-catalans\\\/\",\"url\":\"https:\\\/\\\/www.esplac.cat\\\/monifestat-2014-trobada-monitors-monitores-mes-gran-historia-esplais-catalans\\\/\",\"name\":\"Monifesta\u2019t, la trobada de monitores m\u00e9s gran d\u2019Esplac - Esplac\",\"isPartOf\":{\"@id\":\"https:\\\/\\\/www.esplac.cat\\\/#website\"},\"primaryImageOfPage\":{\"@id\":\"https:\\\/\\\/www.esplac.cat\\\/monifestat-2014-trobada-monitors-monitores-mes-gran-historia-esplais-catalans\\\/#primaryimage\"},\"image\":{\"@id\":\"https:\\\/\\\/www.esplac.cat\\\/monifestat-2014-trobada-monitors-monitores-mes-gran-historia-esplais-catalans\\\/#primaryimage\"},\"thumbnailUrl\":\"\",\"datePublished\":\"2014-04-15T15:52:52+00:00\",\"breadcrumb\":{\"@id\":\"https:\\\/\\\/www.esplac.cat\\\/monifestat-2014-trobada-monitors-monitores-mes-gran-historia-esplais-catalans\\\/#breadcrumb\"},\"inLanguage\":\"es\",\"potentialAction\":[{\"@type\":\"ReadAction\",\"target\":[\"https:\\\/\\\/www.esplac.cat\\\/monifestat-2014-trobada-monitors-monitores-mes-gran-historia-esplais-catalans\\\/\"]}]},{\"@type\":\"ImageObject\",\"inLanguage\":\"es\",\"@id\":\"https:\\\/\\\/www.esplac.cat\\\/monifestat-2014-trobada-monitors-monitores-mes-gran-historia-esplais-catalans\\\/#primaryimage\",\"url\":\"\",\"contentUrl\":\"\"},{\"@type\":\"BreadcrumbList\",\"@id\":\"https:\\\/\\\/www.esplac.cat\\\/monifestat-2014-trobada-monitors-monitores-mes-gran-historia-esplais-catalans\\\/#breadcrumb\",\"itemListElement\":[{\"@type\":\"ListItem\",\"position\":1,\"name\":\"Inici\",\"item\":\"https:\\\/\\\/www.esplac.cat\\\/es\\\/\"},{\"@type\":\"ListItem\",\"position\":2,\"name\":\"Monifesta\u2019t, la trobada de monitores m\u00e9s gran d\u2019Esplac\"}]},{\"@type\":\"WebSite\",\"@id\":\"https:\\\/\\\/www.esplac.cat\\\/#website\",\"url\":\"https:\\\/\\\/www.esplac.cat\\\/\",\"name\":\"Esplac\",\"description\":\"Esplais Catalans\",\"publisher\":{\"@id\":\"https:\\\/\\\/www.esplac.cat\\\/#organization\"},\"potentialAction\":[{\"@type\":\"SearchAction\",\"target\":{\"@type\":\"EntryPoint\",\"urlTemplate\":\"https:\\\/\\\/www.esplac.cat\\\/?s={search_term_string}\"},\"query-input\":{\"@type\":\"PropertyValueSpecification\",\"valueRequired\":true,\"valueName\":\"search_term_string\"}}],\"inLanguage\":\"es\"},{\"@type\":\"Organization\",\"@id\":\"https:\\\/\\\/www.esplac.cat\\\/#organization\",\"name\":\"Esplac\",\"url\":\"https:\\\/\\\/www.esplac.cat\\\/\",\"logo\":{\"@type\":\"ImageObject\",\"inLanguage\":\"es\",\"@id\":\"https:\\\/\\\/www.esplac.cat\\\/#\\\/schema\\\/logo\\\/image\\\/\",\"url\":\"https:\\\/\\\/www.esplac.cat\\\/wp-content\\\/uploads\\\/2019\\\/08\\\/logox2.png\",\"contentUrl\":\"https:\\\/\\\/www.esplac.cat\\\/wp-content\\\/uploads\\\/2019\\\/08\\\/logox2.png\",\"width\":600,\"height\":295,\"caption\":\"Esplac\"},\"image\":{\"@id\":\"https:\\\/\\\/www.esplac.cat\\\/#\\\/schema\\\/logo\\\/image\\\/\"}},{\"@type\":\"Person\",\"@id\":\"https:\\\/\\\/www.esplac.cat\\\/#\\\/schema\\\/person\\\/908383cf240be18b68f8855d0583faca\",\"name\":\"Comunicaci\u00f3 Esplac\",\"image\":{\"@type\":\"ImageObject\",\"inLanguage\":\"es\",\"@id\":\"https:\\\/\\\/secure.gravatar.com\\\/avatar\\\/7a4cf8feb412a76ea4a740ca02d95b06b2907b5a6c648c2dd0a1082a093c3141?s=96&d=mm&r=g\",\"url\":\"https:\\\/\\\/secure.gravatar.com\\\/avatar\\\/7a4cf8feb412a76ea4a740ca02d95b06b2907b5a6c648c2dd0a1082a093c3141?s=96&d=mm&r=g\",\"contentUrl\":\"https:\\\/\\\/secure.gravatar.com\\\/avatar\\\/7a4cf8feb412a76ea4a740ca02d95b06b2907b5a6c648c2dd0a1082a093c3141?s=96&d=mm&r=g\",\"caption\":\"Comunicaci\u00f3 Esplac\"}}]}<\/script>\n<!-- \/ Yoast SEO plugin. -->","yoast_head_json":{"title":"Monifesta\u2019t, la trobada de monitores m\u00e9s gran d\u2019Esplac - Esplac","robots":{"index":"index","follow":"follow","max-snippet":"max-snippet:-1","max-image-preview":"max-image-preview:large","max-video-preview":"max-video-preview:-1"},"canonical":"https:\/\/www.esplac.cat\/monifestat-2014-trobada-monitors-monitores-mes-gran-historia-esplais-catalans\/","og_locale":"es_ES","og_type":"article","og_title":"Monifesta\u2019t, la trobada de monitores m\u00e9s gran d\u2019Esplac - Esplac","og_description":"Esplais Catalans (Esplac) som una associaci\u00f3 d\u2019esplais laica i progressista [&hellip;]","og_url":"https:\/\/www.esplac.cat\/monifestat-2014-trobada-monitors-monitores-mes-gran-historia-esplais-catalans\/","og_site_name":"Esplac","article_published_time":"2014-04-15T15:52:52+00:00","og_image":[{"width":1200,"height":630,"url":"https:\/\/www.esplac.cat\/wp-content\/uploads\/2019\/11\/logo-open.jpg","type":"image\/jpeg"}],"author":"Comunicaci\u00f3 Esplac","twitter_card":"summary_large_image","twitter_misc":{"Escrito por":"Comunicaci\u00f3 Esplac","Tiempo de lectura":"2 minutos"},"schema":{"@context":"https:\/\/schema.org","@graph":[{"@type":"Article","@id":"https:\/\/www.esplac.cat\/monifestat-2014-trobada-monitors-monitores-mes-gran-historia-esplais-catalans\/#article","isPartOf":{"@id":"https:\/\/www.esplac.cat\/monifestat-2014-trobada-monitors-monitores-mes-gran-historia-esplais-catalans\/"},"author":{"name":"Comunicaci\u00f3 Esplac","@id":"https:\/\/www.esplac.cat\/#\/schema\/person\/908383cf240be18b68f8855d0583faca"},"headline":"Monifesta\u2019t, la trobada de monitores m\u00e9s gran d\u2019Esplac","datePublished":"2014-04-15T15:52:52+00:00","mainEntityOfPage":{"@id":"https:\/\/www.esplac.cat\/monifestat-2014-trobada-monitors-monitores-mes-gran-historia-esplais-catalans\/"},"wordCount":413,"commentCount":0,"publisher":{"@id":"https:\/\/www.esplac.cat\/#organization"},"image":{"@id":"https:\/\/www.esplac.cat\/monifestat-2014-trobada-monitors-monitores-mes-gran-historia-esplais-catalans\/#primaryimage"},"thumbnailUrl":"","keywords":["monifesta't","trobada de monitors"],"articleSection":["Activitats esplac","Comunicats i posicionaments"],"inLanguage":"es","potentialAction":[{"@type":"CommentAction","name":"Comment","target":["https:\/\/www.esplac.cat\/monifestat-2014-trobada-monitors-monitores-mes-gran-historia-esplais-catalans\/#respond"]}]},{"@type":"WebPage","@id":"https:\/\/www.esplac.cat\/monifestat-2014-trobada-monitors-monitores-mes-gran-historia-esplais-catalans\/","url":"https:\/\/www.esplac.cat\/monifestat-2014-trobada-monitors-monitores-mes-gran-historia-esplais-catalans\/","name":"Monifesta\u2019t, la trobada de monitores m\u00e9s gran d\u2019Esplac - Esplac","isPartOf":{"@id":"https:\/\/www.esplac.cat\/#website"},"primaryImageOfPage":{"@id":"https:\/\/www.esplac.cat\/monifestat-2014-trobada-monitors-monitores-mes-gran-historia-esplais-catalans\/#primaryimage"},"image":{"@id":"https:\/\/www.esplac.cat\/monifestat-2014-trobada-monitors-monitores-mes-gran-historia-esplais-catalans\/#primaryimage"},"thumbnailUrl":"","datePublished":"2014-04-15T15:52:52+00:00","breadcrumb":{"@id":"https:\/\/www.esplac.cat\/monifestat-2014-trobada-monitors-monitores-mes-gran-historia-esplais-catalans\/#breadcrumb"},"inLanguage":"es","potentialAction":[{"@type":"ReadAction","target":["https:\/\/www.esplac.cat\/monifestat-2014-trobada-monitors-monitores-mes-gran-historia-esplais-catalans\/"]}]},{"@type":"ImageObject","inLanguage":"es","@id":"https:\/\/www.esplac.cat\/monifestat-2014-trobada-monitors-monitores-mes-gran-historia-esplais-catalans\/#primaryimage","url":"","contentUrl":""},{"@type":"BreadcrumbList","@id":"https:\/\/www.esplac.cat\/monifestat-2014-trobada-monitors-monitores-mes-gran-historia-esplais-catalans\/#breadcrumb","itemListElement":[{"@type":"ListItem","position":1,"name":"Inici","item":"https:\/\/www.esplac.cat\/es\/"},{"@type":"ListItem","position":2,"name":"Monifesta\u2019t, la trobada de monitores m\u00e9s gran d\u2019Esplac"}]},{"@type":"WebSite","@id":"https:\/\/www.esplac.cat\/#website","url":"https:\/\/www.esplac.cat\/","name":"Esplac","description":"Esplais Catalans","publisher":{"@id":"https:\/\/www.esplac.cat\/#organization"},"potentialAction":[{"@type":"SearchAction","target":{"@type":"EntryPoint","urlTemplate":"https:\/\/www.esplac.cat\/?s={search_term_string}"},"query-input":{"@type":"PropertyValueSpecification","valueRequired":true,"valueName":"search_term_string"}}],"inLanguage":"es"},{"@type":"Organization","@id":"https:\/\/www.esplac.cat\/#organization","name":"Esplac","url":"https:\/\/www.esplac.cat\/","logo":{"@type":"ImageObject","inLanguage":"es","@id":"https:\/\/www.esplac.cat\/#\/schema\/logo\/image\/","url":"https:\/\/www.esplac.cat\/wp-content\/uploads\/2019\/08\/logox2.png","contentUrl":"https:\/\/www.esplac.cat\/wp-content\/uploads\/2019\/08\/logox2.png","width":600,"height":295,"caption":"Esplac"},"image":{"@id":"https:\/\/www.esplac.cat\/#\/schema\/logo\/image\/"}},{"@type":"Person","@id":"https:\/\/www.esplac.cat\/#\/schema\/person\/908383cf240be18b68f8855d0583faca","name":"Comunicaci\u00f3 Esplac","image":{"@type":"ImageObject","inLanguage":"es","@id":"https:\/\/secure.gravatar.com\/avatar\/7a4cf8feb412a76ea4a740ca02d95b06b2907b5a6c648c2dd0a1082a093c3141?s=96&d=mm&r=g","url":"https:\/\/secure.gravatar.com\/avatar\/7a4cf8feb412a76ea4a740ca02d95b06b2907b5a6c648c2dd0a1082a093c3141?s=96&d=mm&r=g","contentUrl":"https:\/\/secure.gravatar.com\/avatar\/7a4cf8feb412a76ea4a740ca02d95b06b2907b5a6c648c2dd0a1082a093c3141?s=96&d=mm&r=g","caption":"Comunicaci\u00f3 Esplac"}}]}},"_links":{"self":[{"href":"https:\/\/www.esplac.cat\/es\/wp-json\/wp\/v2\/posts\/25779","targetHints":{"allow":["GET"]}}],"collection":[{"href":"https:\/\/www.esplac.cat\/es\/wp-json\/wp\/v2\/posts"}],"about":[{"href":"https:\/\/www.esplac.cat\/es\/wp-json\/wp\/v2\/types\/post"}],"author":[{"embeddable":true,"href":"https:\/\/www.esplac.cat\/es\/wp-json\/wp\/v2\/users\/3"}],"replies":[{"embeddable":true,"href":"https:\/\/www.esplac.cat\/es\/wp-json\/wp\/v2\/comments?post=25779"}],"version-history":[{"count":0,"href":"https:\/\/www.esplac.cat\/es\/wp-json\/wp\/v2\/posts\/25779\/revisions"}],"wp:featuredmedia":[{"embeddable":true,"href":"https:\/\/www.esplac.cat\/es\/wp-json\/"}],"wp:attachment":[{"href":"https:\/\/www.esplac.cat\/es\/wp-json\/wp\/v2\/media?parent=25779"}],"wp:term":[{"taxonomy":"category","embeddable":true,"href":"https:\/\/www.esplac.cat\/es\/wp-json\/wp\/v2\/categories?post=25779"},{"taxonomy":"post_tag","embeddable":true,"href":"https:\/\/www.esplac.cat\/es\/wp-json\/wp\/v2\/tags?post=25779"}],"curies":[{"name":"wp","href":"https:\/\/api.w.org\/{rel}","templated":true}]}}