{"id":25794,"date":"2014-03-21T13:48:19","date_gmt":"2014-03-21T11:48:19","guid":{"rendered":"http:\/\/esplac.cat\/?p=4850"},"modified":"2014-03-21T13:48:19","modified_gmt":"2014-03-21T11:48:19","slug":"concurs-cartells-esplais-fem-estiu","status":"publish","type":"post","link":"https:\/\/www.esplac.cat\/es\/concurs-cartells-esplais-fem-estiu\/","title":{"rendered":"Concurs de cartells \u00abEls esplais fem l&#8217;estiu\u00bb"},"content":{"rendered":"<p><!--:CA--> <strong>Not\u00edcia editada<br \/>\n<\/strong>Ampliem terminis de presentaci\u00f3 de cartells fins el <strong>21 d&#8217;abril!<\/strong> <\/p>\n<p>Coneixeu la campanya <strong><em>Els esplais fem l&#8217;estiu<\/em><\/strong>? \u00c9s la campanya que Esplais Catalans impulsem per a difondre els campaments, col\u00f2nies i rutes que els esplais fem a l&#8217;estiu.<\/p>\n<p>Enguany, entre les accions per millorar el suport que fem als esplais, volem renovar els cartells d&#8217;aquesta campanya. I volem fer-ho d&#8217;una forma especial, obrint un <strong>concurs de cartells<\/strong> per a tothom qui hi vulgui participar!<\/p>\n<p>Ho podeu fer tant individualment, estigueu o no vinculats a l&#8217;esplai, com en grup. Fins i tot podeu fer un cartell amb tot un grup de l&#8217;esplai durant una activitat de dissabte! Abans de posar-vos-hi per\u00f2, <strong><a href=\"http:\/\/esplac.cat\/wp-content\/uploads\/2014\/03\/bases-concurs-cartells.pdf\">llegiu atentament les bases del concurs<\/a><\/strong>\u00a0que us adjuntem en aquest correu. <strong>Teniu fins el 21 d&#8217;abril per presentar els vostres treballs!<\/strong><\/p>\n<p>El cartell guanyador ser\u00e0 escollit entre tots els esplais, mitjan\u00e7ant una plataforma de votaci\u00f3 a l&#8217;<a title=\"assac online\" href=\"http:\/\/assac.esplac.cat\" target=\"_blank\" rel=\"noopener noreferrer\">Assac On-line<\/a>. El cartell m\u00e9s votat servir\u00e0 per difondre les activitats d&#8217;estiu dels esplais i, a m\u00e9s a m\u00e9s, s&#8217;endur\u00e0 una tenda d&#8217;acampada i un pack de llibres de la col\u00b7lecci\u00f3 L&#8217;Esmolet d&#8217;Esplac.<\/p>\n<p>Esperem moltes propostes!<\/p>\n<p><center> Bases del concurs<\/center><!--:--><!--:es-->&nbsp;<\/p>\n<p><!--:--><!--:en-->&nbsp;<\/p>\n<p><!--:--><!--:fr-->&nbsp;<\/p>\n<p><!--:--><\/p>\n","protected":false},"excerpt":{"rendered":"<p>Not\u00edcia editada Ampliem terminis de presentaci\u00f3 de cartells fins el [&hellip;]<\/p>\n","protected":false},"author":3,"featured_media":0,"comment_status":"open","ping_status":"open","sticky":false,"template":"","format":"standard","meta":{"om_disable_all_campaigns":false,"_monsterinsights_skip_tracking":false,"_monsterinsights_sitenote_active":false,"_monsterinsights_sitenote_note":"","_monsterinsights_sitenote_category":0,"_uf_show_specific_survey":0,"_uf_disable_surveys":false,"footnotes":""},"categories":[1111,1138],"tags":[226,101],"class_list":["post-25794","post","type-post","status-publish","format-standard","hentry","category-activitats-esplac","category-subvencions-concursos","tag-concurs","tag-esplaisfemlestiu"],"yoast_head":"<!-- This site is optimized with the Yoast SEO plugin v27.5 - https:\/\/yoast.com\/product\/yoast-seo-wordpress\/ -->\n<title>Concurs de cartells &quot;Els esplais fem l&#039;estiu&quot; - Esplac<\/title>\n<meta name=\"robots\" content=\"index, follow, max-snippet:-1, max-image-preview:large, max-video-preview:-1\" \/>\n<link rel=\"canonical\" href=\"https:\/\/www.esplac.cat\/concurs-cartells-esplais-fem-estiu\/\" \/>\n<meta property=\"og:locale\" content=\"es_ES\" \/>\n<meta property=\"og:type\" content=\"article\" \/>\n<meta property=\"og:title\" content=\"Concurs de cartells &quot;Els esplais fem l&#039;estiu&quot; - Esplac\" \/>\n<meta property=\"og:description\" content=\"Not\u00edcia editada Ampliem terminis de presentaci\u00f3 de cartells fins el [&hellip;]\" \/>\n<meta property=\"og:url\" content=\"https:\/\/www.esplac.cat\/concurs-cartells-esplais-fem-estiu\/\" \/>\n<meta property=\"og:site_name\" content=\"Esplac\" \/>\n<meta property=\"article:published_time\" content=\"2014-03-21T11:48:19+00:00\" \/>\n<meta property=\"og:image\" content=\"https:\/\/www.esplac.cat\/wp-content\/uploads\/2019\/11\/logo-open.jpg\" \/>\n\t<meta property=\"og:image:width\" content=\"1200\" \/>\n\t<meta property=\"og:image:height\" content=\"630\" \/>\n\t<meta property=\"og:image:type\" content=\"image\/jpeg\" \/>\n<meta name=\"author\" content=\"Comunicaci\u00f3 Esplac\" \/>\n<meta name=\"twitter:card\" content=\"summary_large_image\" \/>\n<meta name=\"twitter:label1\" content=\"Escrito por\" \/>\n\t<meta name=\"twitter:data1\" content=\"Comunicaci\u00f3 Esplac\" \/>\n\t<meta name=\"twitter:label2\" content=\"Tiempo de lectura\" \/>\n\t<meta name=\"twitter:data2\" content=\"1 minuto\" \/>\n<script type=\"application\/ld+json\" class=\"yoast-schema-graph\">{\"@context\":\"https:\\\/\\\/schema.org\",\"@graph\":[{\"@type\":\"Article\",\"@id\":\"https:\\\/\\\/www.esplac.cat\\\/concurs-cartells-esplais-fem-estiu\\\/#article\",\"isPartOf\":{\"@id\":\"https:\\\/\\\/www.esplac.cat\\\/concurs-cartells-esplais-fem-estiu\\\/\"},\"author\":{\"name\":\"Comunicaci\u00f3 Esplac\",\"@id\":\"https:\\\/\\\/www.esplac.cat\\\/#\\\/schema\\\/person\\\/908383cf240be18b68f8855d0583faca\"},\"headline\":\"Concurs de cartells \u00abEls esplais fem l&#8217;estiu\u00bb\",\"datePublished\":\"2014-03-21T11:48:19+00:00\",\"mainEntityOfPage\":{\"@id\":\"https:\\\/\\\/www.esplac.cat\\\/concurs-cartells-esplais-fem-estiu\\\/\"},\"wordCount\":238,\"commentCount\":0,\"publisher\":{\"@id\":\"https:\\\/\\\/www.esplac.cat\\\/#organization\"},\"keywords\":[\"concurs\",\"esplaisfemlestiu\"],\"articleSection\":[\"Activitats esplac\",\"Subvencions i concursos\"],\"inLanguage\":\"es\",\"potentialAction\":[{\"@type\":\"CommentAction\",\"name\":\"Comment\",\"target\":[\"https:\\\/\\\/www.esplac.cat\\\/concurs-cartells-esplais-fem-estiu\\\/#respond\"]}]},{\"@type\":\"WebPage\",\"@id\":\"https:\\\/\\\/www.esplac.cat\\\/concurs-cartells-esplais-fem-estiu\\\/\",\"url\":\"https:\\\/\\\/www.esplac.cat\\\/concurs-cartells-esplais-fem-estiu\\\/\",\"name\":\"Concurs de cartells \\\"Els esplais fem l'estiu\\\" - Esplac\",\"isPartOf\":{\"@id\":\"https:\\\/\\\/www.esplac.cat\\\/#website\"},\"datePublished\":\"2014-03-21T11:48:19+00:00\",\"breadcrumb\":{\"@id\":\"https:\\\/\\\/www.esplac.cat\\\/concurs-cartells-esplais-fem-estiu\\\/#breadcrumb\"},\"inLanguage\":\"es\",\"potentialAction\":[{\"@type\":\"ReadAction\",\"target\":[\"https:\\\/\\\/www.esplac.cat\\\/concurs-cartells-esplais-fem-estiu\\\/\"]}]},{\"@type\":\"BreadcrumbList\",\"@id\":\"https:\\\/\\\/www.esplac.cat\\\/concurs-cartells-esplais-fem-estiu\\\/#breadcrumb\",\"itemListElement\":[{\"@type\":\"ListItem\",\"position\":1,\"name\":\"Inici\",\"item\":\"https:\\\/\\\/www.esplac.cat\\\/es\\\/\"},{\"@type\":\"ListItem\",\"position\":2,\"name\":\"Concurs de cartells &#8220;Els esplais fem l&#8217;estiu&#8221;\"}]},{\"@type\":\"WebSite\",\"@id\":\"https:\\\/\\\/www.esplac.cat\\\/#website\",\"url\":\"https:\\\/\\\/www.esplac.cat\\\/\",\"name\":\"Esplac\",\"description\":\"Esplais Catalans\",\"publisher\":{\"@id\":\"https:\\\/\\\/www.esplac.cat\\\/#organization\"},\"potentialAction\":[{\"@type\":\"SearchAction\",\"target\":{\"@type\":\"EntryPoint\",\"urlTemplate\":\"https:\\\/\\\/www.esplac.cat\\\/?s={search_term_string}\"},\"query-input\":{\"@type\":\"PropertyValueSpecification\",\"valueRequired\":true,\"valueName\":\"search_term_string\"}}],\"inLanguage\":\"es\"},{\"@type\":\"Organization\",\"@id\":\"https:\\\/\\\/www.esplac.cat\\\/#organization\",\"name\":\"Esplac\",\"url\":\"https:\\\/\\\/www.esplac.cat\\\/\",\"logo\":{\"@type\":\"ImageObject\",\"inLanguage\":\"es\",\"@id\":\"https:\\\/\\\/www.esplac.cat\\\/#\\\/schema\\\/logo\\\/image\\\/\",\"url\":\"https:\\\/\\\/www.esplac.cat\\\/wp-content\\\/uploads\\\/2019\\\/08\\\/logox2.png\",\"contentUrl\":\"https:\\\/\\\/www.esplac.cat\\\/wp-content\\\/uploads\\\/2019\\\/08\\\/logox2.png\",\"width\":600,\"height\":295,\"caption\":\"Esplac\"},\"image\":{\"@id\":\"https:\\\/\\\/www.esplac.cat\\\/#\\\/schema\\\/logo\\\/image\\\/\"}},{\"@type\":\"Person\",\"@id\":\"https:\\\/\\\/www.esplac.cat\\\/#\\\/schema\\\/person\\\/908383cf240be18b68f8855d0583faca\",\"name\":\"Comunicaci\u00f3 Esplac\",\"image\":{\"@type\":\"ImageObject\",\"inLanguage\":\"es\",\"@id\":\"https:\\\/\\\/secure.gravatar.com\\\/avatar\\\/7a4cf8feb412a76ea4a740ca02d95b06b2907b5a6c648c2dd0a1082a093c3141?s=96&d=mm&r=g\",\"url\":\"https:\\\/\\\/secure.gravatar.com\\\/avatar\\\/7a4cf8feb412a76ea4a740ca02d95b06b2907b5a6c648c2dd0a1082a093c3141?s=96&d=mm&r=g\",\"contentUrl\":\"https:\\\/\\\/secure.gravatar.com\\\/avatar\\\/7a4cf8feb412a76ea4a740ca02d95b06b2907b5a6c648c2dd0a1082a093c3141?s=96&d=mm&r=g\",\"caption\":\"Comunicaci\u00f3 Esplac\"}}]}<\/script>\n<!-- \/ Yoast SEO plugin. -->","yoast_head_json":{"title":"Concurs de cartells \"Els esplais fem l'estiu\" - Esplac","robots":{"index":"index","follow":"follow","max-snippet":"max-snippet:-1","max-image-preview":"max-image-preview:large","max-video-preview":"max-video-preview:-1"},"canonical":"https:\/\/www.esplac.cat\/concurs-cartells-esplais-fem-estiu\/","og_locale":"es_ES","og_type":"article","og_title":"Concurs de cartells \"Els esplais fem l'estiu\" - Esplac","og_description":"Not\u00edcia editada Ampliem terminis de presentaci\u00f3 de cartells fins el [&hellip;]","og_url":"https:\/\/www.esplac.cat\/concurs-cartells-esplais-fem-estiu\/","og_site_name":"Esplac","article_published_time":"2014-03-21T11:48:19+00:00","og_image":[{"width":1200,"height":630,"url":"https:\/\/www.esplac.cat\/wp-content\/uploads\/2019\/11\/logo-open.jpg","type":"image\/jpeg"}],"author":"Comunicaci\u00f3 Esplac","twitter_card":"summary_large_image","twitter_misc":{"Escrito por":"Comunicaci\u00f3 Esplac","Tiempo de lectura":"1 minuto"},"schema":{"@context":"https:\/\/schema.org","@graph":[{"@type":"Article","@id":"https:\/\/www.esplac.cat\/concurs-cartells-esplais-fem-estiu\/#article","isPartOf":{"@id":"https:\/\/www.esplac.cat\/concurs-cartells-esplais-fem-estiu\/"},"author":{"name":"Comunicaci\u00f3 Esplac","@id":"https:\/\/www.esplac.cat\/#\/schema\/person\/908383cf240be18b68f8855d0583faca"},"headline":"Concurs de cartells \u00abEls esplais fem l&#8217;estiu\u00bb","datePublished":"2014-03-21T11:48:19+00:00","mainEntityOfPage":{"@id":"https:\/\/www.esplac.cat\/concurs-cartells-esplais-fem-estiu\/"},"wordCount":238,"commentCount":0,"publisher":{"@id":"https:\/\/www.esplac.cat\/#organization"},"keywords":["concurs","esplaisfemlestiu"],"articleSection":["Activitats esplac","Subvencions i concursos"],"inLanguage":"es","potentialAction":[{"@type":"CommentAction","name":"Comment","target":["https:\/\/www.esplac.cat\/concurs-cartells-esplais-fem-estiu\/#respond"]}]},{"@type":"WebPage","@id":"https:\/\/www.esplac.cat\/concurs-cartells-esplais-fem-estiu\/","url":"https:\/\/www.esplac.cat\/concurs-cartells-esplais-fem-estiu\/","name":"Concurs de cartells \"Els esplais fem l'estiu\" - Esplac","isPartOf":{"@id":"https:\/\/www.esplac.cat\/#website"},"datePublished":"2014-03-21T11:48:19+00:00","breadcrumb":{"@id":"https:\/\/www.esplac.cat\/concurs-cartells-esplais-fem-estiu\/#breadcrumb"},"inLanguage":"es","potentialAction":[{"@type":"ReadAction","target":["https:\/\/www.esplac.cat\/concurs-cartells-esplais-fem-estiu\/"]}]},{"@type":"BreadcrumbList","@id":"https:\/\/www.esplac.cat\/concurs-cartells-esplais-fem-estiu\/#breadcrumb","itemListElement":[{"@type":"ListItem","position":1,"name":"Inici","item":"https:\/\/www.esplac.cat\/es\/"},{"@type":"ListItem","position":2,"name":"Concurs de cartells &#8220;Els esplais fem l&#8217;estiu&#8221;"}]},{"@type":"WebSite","@id":"https:\/\/www.esplac.cat\/#website","url":"https:\/\/www.esplac.cat\/","name":"Esplac","description":"Esplais Catalans","publisher":{"@id":"https:\/\/www.esplac.cat\/#organization"},"potentialAction":[{"@type":"SearchAction","target":{"@type":"EntryPoint","urlTemplate":"https:\/\/www.esplac.cat\/?s={search_term_string}"},"query-input":{"@type":"PropertyValueSpecification","valueRequired":true,"valueName":"search_term_string"}}],"inLanguage":"es"},{"@type":"Organization","@id":"https:\/\/www.esplac.cat\/#organization","name":"Esplac","url":"https:\/\/www.esplac.cat\/","logo":{"@type":"ImageObject","inLanguage":"es","@id":"https:\/\/www.esplac.cat\/#\/schema\/logo\/image\/","url":"https:\/\/www.esplac.cat\/wp-content\/uploads\/2019\/08\/logox2.png","contentUrl":"https:\/\/www.esplac.cat\/wp-content\/uploads\/2019\/08\/logox2.png","width":600,"height":295,"caption":"Esplac"},"image":{"@id":"https:\/\/www.esplac.cat\/#\/schema\/logo\/image\/"}},{"@type":"Person","@id":"https:\/\/www.esplac.cat\/#\/schema\/person\/908383cf240be18b68f8855d0583faca","name":"Comunicaci\u00f3 Esplac","image":{"@type":"ImageObject","inLanguage":"es","@id":"https:\/\/secure.gravatar.com\/avatar\/7a4cf8feb412a76ea4a740ca02d95b06b2907b5a6c648c2dd0a1082a093c3141?s=96&d=mm&r=g","url":"https:\/\/secure.gravatar.com\/avatar\/7a4cf8feb412a76ea4a740ca02d95b06b2907b5a6c648c2dd0a1082a093c3141?s=96&d=mm&r=g","contentUrl":"https:\/\/secure.gravatar.com\/avatar\/7a4cf8feb412a76ea4a740ca02d95b06b2907b5a6c648c2dd0a1082a093c3141?s=96&d=mm&r=g","caption":"Comunicaci\u00f3 Esplac"}}]}},"_links":{"self":[{"href":"https:\/\/www.esplac.cat\/es\/wp-json\/wp\/v2\/posts\/25794","targetHints":{"allow":["GET"]}}],"collection":[{"href":"https:\/\/www.esplac.cat\/es\/wp-json\/wp\/v2\/posts"}],"about":[{"href":"https:\/\/www.esplac.cat\/es\/wp-json\/wp\/v2\/types\/post"}],"author":[{"embeddable":true,"href":"https:\/\/www.esplac.cat\/es\/wp-json\/wp\/v2\/users\/3"}],"replies":[{"embeddable":true,"href":"https:\/\/www.esplac.cat\/es\/wp-json\/wp\/v2\/comments?post=25794"}],"version-history":[{"count":0,"href":"https:\/\/www.esplac.cat\/es\/wp-json\/wp\/v2\/posts\/25794\/revisions"}],"wp:attachment":[{"href":"https:\/\/www.esplac.cat\/es\/wp-json\/wp\/v2\/media?parent=25794"}],"wp:term":[{"taxonomy":"category","embeddable":true,"href":"https:\/\/www.esplac.cat\/es\/wp-json\/wp\/v2\/categories?post=25794"},{"taxonomy":"post_tag","embeddable":true,"href":"https:\/\/www.esplac.cat\/es\/wp-json\/wp\/v2\/tags?post=25794"}],"curies":[{"name":"wp","href":"https:\/\/api.w.org\/{rel}","templated":true}]}}