{"id":25801,"date":"2014-03-13T18:49:55","date_gmt":"2014-03-13T16:49:55","guid":{"rendered":"http:\/\/esplac.cat\/?p=4744"},"modified":"2014-03-13T18:49:55","modified_gmt":"2014-03-13T16:49:55","slug":"marc-esplais-catalans-esplais-fem-xarxa-amb-7-trobades-de-sector","status":"publish","type":"post","link":"https:\/\/www.esplac.cat\/es\/marc-esplais-catalans-esplais-fem-xarxa-amb-7-trobades-de-sector\/","title":{"rendered":"El mar\u00e7 \u00e9s dels Esplais Catalans: els esplais fem xarxa en 9 trobades de sector"},"content":{"rendered":"<p><!--:CA--><\/p>\n<p style=\"text-align: center;\" dir=\"ltr\"><em>Informaci\u00f3 ampliada (14\/03\/2014)<\/em><\/p>\n<h2 style=\"text-align: center;\" dir=\"ltr\">El mar\u00e7 \u00e9s dels Esplais Catalans: els esplais fem xarxa en 9 trobades que aplegaran a 2000 infants, joves, monitores i monitors<\/h2>\n<blockquote>\n<p dir=\"ltr\"><strong>Els propers caps de setmana de mar\u00e7, 48 esplais d&#8217;arreu de Catalunya realitzaran trobades en qu\u00e8 hi participaran m\u00e9s de 1500 infants i joves i 440 monitors i monitores.<\/strong><\/p>\n<\/blockquote>\n<p>En total es realitzaran<strong> 9 trobades<\/strong> en qu\u00e8 els esplais de diversos sectors geogr\u00e0fics de Catalunya (<strong>Barcelona, Barcelon\u00e8s Nord, Bages-Bergued\u00e0, Camp de Tarragona, Maresme, Osona-Ripoll\u00e8s, Pened\u00e8s-Garraf i Vall\u00e8s<\/strong>) duran a terme activitats educatives, es coneixeran i compartiran les seves experi\u00e8ncies durant tot el cap de setmana.<\/p>\n<p><strong>Cada trobada ha estat organitzada conjuntament en comissions de monitors i monitores dels esplais de diferents poblacions de cada sector geogr\u00e0fic.<\/strong> D&#8217;aquesta manera, cada trobada ser\u00e0 especial i diferent, ja sigui per les seves activitats, com pel seu format o per la seva mida: n&#8217;hi haur\u00e0 de petites i n&#8217;hi haur\u00e0 de multitudin\u00e0ries com la del Sector Barcelona (amb 450 infants i 150 monitors i monitores) el Sector Vall\u00e8s (amb 365 infants i 83 monitores i monitors) o la del Sector Maresme (amb 336 infants i 76 monitores i monitores).<\/p>\n<p>Les trobades es realitzaran en cases de col\u00f2nies, equipaments i espais p\u00fablics de poblacions d&#8217;arreu del territori catal\u00e0 i permetran <strong>crear sinergies i fer xarxa entre els esplais, un dels objectius principals de la nostra associaci\u00f3<\/strong>. Des de sempre, Esplais Catalans ens hem caracteritzat per ser un gran punt de trobada i d\u2019intercanvi entre els esplais. \u00c9s per aix\u00f2 que, des dels nostres inicis, hem buscat espais que ens permetessin con\u00e8ixer-nos, compartir i enfortir-nos a trav\u00e9s de viure i intercanviar experi\u00e8ncies. \u00c9s per aix\u00f2 tamb\u00e9, que la pres\u00e8ncia al territori i la proximitat a l&#8217;hora de donar suport als esplais, ha estat un dels pilars b\u00e0sics de la nostra entitat.<\/p>\n<p>Les trobades de sector continuaran el primer cap de setmana d&#8217;abril amb la Trobada d&#8217;infants i joves del Sector Barcelon\u00e8s-Nord. A m\u00e9s a m\u00e9s, el <strong>26 i 27 d&#8217;abril celebrarem tamb\u00e9, la trobada de monitors i monitores d&#8217;Esplais Catalans: la Monifesta&#8217;t 2014<\/strong>. Durant el cap de setmana, <strong>400 monitors i monitores ens trobarem a la poblaci\u00f3 de Vila-Seca<\/strong> per a formar-nos, fer una gran festa i reivindicar l&#8217;important paper dels monitors i monitores en l&#8217;educaci\u00f3 d&#8217;infants i joves.<\/p>\n<div dir=\"ltr\">\n<table>\n<colgroup>\n<col width=\"123\" \/>\n<col width=\"201\" \/>\n<col width=\"184\" \/>\n<col width=\"116\" \/><\/colgroup>\n<tbody>\n<tr>\n<td style=\"background-color: #ff6600;\">\n<p style=\"text-align: center;\" dir=\"ltr\"><strong>Data<\/strong><\/p>\n<\/td>\n<td style=\"background-color: #ff6600;\">\n<p dir=\"ltr\"><strong>Trobada<\/strong><\/p>\n<\/td>\n<td style=\"background-color: #ff6600;\">\n<p dir=\"ltr\"><strong>Esplais participants<\/strong><\/p>\n<\/td>\n<td style=\"background-color: #ff6600;\">\n<p style=\"text-align: center;\" dir=\"ltr\"><strong>Lloc<\/strong><\/p>\n<\/td>\n<\/tr>\n<tr>\n<td style=\"border: 1px solid #000000;\">\n<p dir=\"ltr\">14, 15 i 16 de mar\u00e7<\/p>\n<\/td>\n<td style=\"border: 1px solid #000000;\">\n<p dir=\"ltr\">Trobada de grans del Sector Barcelona<\/p>\n<\/td>\n<td style=\"border: 1px solid #000000;\"><\/td>\n<td style=\"border: 1px solid #000000;\">\n<p dir=\"ltr\">Calella de Mar<\/p>\n<\/td>\n<\/tr>\n<tr>\n<td style=\"border: 1px solid #000000;\">\n<p dir=\"ltr\">15 i 16 de mar\u00e7<\/p>\n<p dir=\"ltr\">\n<\/td>\n<td style=\"border: 1px solid #000000;\">\n<p dir=\"ltr\">Trobada de joves del Sector Bages-Bergued\u00e0<\/p>\n<\/td>\n<td style=\"border: 1px solid #000000;\">\n<p dir=\"ltr\">Geps, Vic-Remei i Roques Albes.<\/p>\n<\/td>\n<td style=\"border: 1px solid #000000;\">\n<p dir=\"ltr\">Aviny\u00f3<\/p>\n<p dir=\"ltr\">\n<\/td>\n<\/tr>\n<tr>\n<td style=\"border: 1px solid #000000;\">\n<p dir=\"ltr\">15 i 16 de mar\u00e7<\/p>\n<p dir=\"ltr\">\n<\/td>\n<td style=\"border: 1px solid #000000;\">\n<p dir=\"ltr\">Trobada de monitors i monitores del Sector Camp de Tarragona<\/p>\n<\/td>\n<td style=\"border: 1px solid #000000;\">\n<p dir=\"ltr\">La Grapadora, Els Brivalls, L&#8217;Esclop, El Serrallo i La Floresta.<\/p>\n<\/td>\n<td style=\"border: 1px solid #000000;\">\n<p dir=\"ltr\">Vallclara<\/p>\n<p dir=\"ltr\">\n<\/td>\n<\/tr>\n<tr>\n<td style=\"border: 1px solid #000000;\">\n<p dir=\"ltr\">15 de mar\u00e7<\/p>\n<p dir=\"ltr\">\n<\/td>\n<td style=\"border: 1px solid #000000;\">\n<p dir=\"ltr\">Trobada d&#8217;infants i joves del Sector Maresme<\/p>\n<p dir=\"ltr\">\n<\/td>\n<td style=\"border: 1px solid #000000;\">\n<p dir=\"ltr\">Pampayuga, La Tribu, Bitxus, Bruixes i Bruixots, Cau l&#8217;Espolsada, Garb\u00ed i Guaita&#8217;l.<\/p>\n<\/td>\n<td style=\"border: 1px solid #000000;\">\n<p dir=\"ltr\">Matar\u00f3, Canet de Mar, Alella i Premi\u00e0 de Dalt<\/p>\n<p dir=\"ltr\">\n<\/td>\n<\/tr>\n<tr>\n<td style=\"border: 1px solid #000000;\">\n<p dir=\"ltr\">15 i 16 de mar\u00e7<\/p>\n<p dir=\"ltr\">\n<\/td>\n<td style=\"border: 1px solid #000000;\">\n<p dir=\"ltr\">Trobada d&#8217;infants i joves del Sector Vall\u00e8s<\/p>\n<p dir=\"ltr\">\n<\/td>\n<td style=\"border: 1px solid #000000;\">\n<p dir=\"ltr\">La Clau d&#8217;Ulele, Can Parellada, El Bot\u00f3, Egara, Farfalla, Pica Roca, Pla de Bonaire i Sarau, El Piolet, GEPA, Eixam<\/p>\n<\/td>\n<td style=\"border: 1px solid #000000;\">\n<p dir=\"ltr\">Palau-Solit\u00e0 i Plegamans, Rub\u00ed<\/p>\n<p dir=\"ltr\">\n<\/td>\n<\/tr>\n<tr>\n<td style=\"border: 1px solid #000000;\">\n<p dir=\"ltr\">21 de mar\u00e7<\/p>\n<\/td>\n<td style=\"border: 1px solid #000000;\">\n<p dir=\"ltr\">Trobada de formaci\u00f3 dels monitors i monitores del Sector Barcelona<\/p>\n<\/td>\n<td style=\"border: 1px solid #000000;\"><\/td>\n<td style=\"border: 1px solid #000000;\">\n<p dir=\"ltr\">Barcelona<\/p>\n<\/td>\n<\/tr>\n<tr>\n<td style=\"border: 1px solid #000000;\">\n<p dir=\"ltr\">22 i 23 de mar\u00e7<\/p>\n<p dir=\"ltr\">\n<\/td>\n<td style=\"border: 1px solid #000000;\">\n<p dir=\"ltr\">Trobada de grans i joves del Sector Pened\u00e8s-Garraf<\/p>\n<\/td>\n<td style=\"border: 1px solid #000000;\">\n<p dir=\"ltr\">Bolet, Drac M\u00e0gic, GER, Globus Roig, El Gotim, MIV i Zig-Zag.<\/p>\n<\/td>\n<td style=\"border: 1px solid #000000;\">\n<p dir=\"ltr\">L&#8217;Arbo\u00e7<\/p>\n<p dir=\"ltr\">\n<\/td>\n<\/tr>\n<tr>\n<td style=\"border: 1px solid #000000;\">\n<p dir=\"ltr\">22 de mar\u00e7<\/p>\n<\/td>\n<td style=\"border: 1px solid #000000;\">\n<p dir=\"ltr\">Trobada d\u2019infants i joves del Sector Barcelona (Dia Localitza\u2019t)<\/p>\n<\/td>\n<td style=\"border: 1px solid #000000;\">\n<p dir=\"ltr\">Turons, Platgeta de la Marina, SCV-El \u00a0Clot, Isard-Flor de Neu, Kasperle, Matinada-P\u00f2rtics, Espurna de Gr\u00e0cia, Xang\u00f3, Olivera Rodona, Boix, El Piolet i Clau d&#8217;Ulele.<\/p>\n<\/td>\n<td style=\"border: 1px solid #000000;\">\n<p dir=\"ltr\">Barcelona<\/p>\n<\/td>\n<\/tr>\n<tr>\n<td style=\"border: 1px solid #000000;\">\n<p dir=\"ltr\">29 i 30 de mar\u00e7<\/p>\n<p dir=\"ltr\">\n<\/td>\n<td style=\"border: 1px solid #000000;\">\n<p dir=\"ltr\">Trobada d&#8217;infants i joves de Sector Osona-Ripoll\u00e8s<\/p>\n<\/td>\n<td style=\"border: 1px solid #000000;\">\n<p dir=\"ltr\">G\u00fcitxi-G\u00fcitxi, Somnis, El Gall Xafarder i Les 100 Teies.<\/p>\n<\/td>\n<td style=\"border: 1px solid #000000;\">\n<p dir=\"ltr\">Sant Joan de les Abadesses<\/p>\n<p dir=\"ltr\">\n<\/td>\n<\/tr>\n<\/tbody>\n<\/table>\n<\/div>\n<p><!--:--><!--:es-->&nbsp;<\/p>\n<p><!--:--><!--:en-->&nbsp;<\/p>\n<p><!--:--><!--:fr-->&nbsp;<\/p>\n<p><!--:--><\/p>\n","protected":false},"excerpt":{"rendered":"<p>Informaci\u00f3 ampliada (14\/03\/2014) El mar\u00e7 \u00e9s dels Esplais Catalans: els [&hellip;]<\/p>\n","protected":false},"author":3,"featured_media":25600,"comment_status":"open","ping_status":"open","sticky":false,"template":"","format":"standard","meta":{"om_disable_all_campaigns":false,"_monsterinsights_skip_tracking":false,"_monsterinsights_sitenote_active":false,"_monsterinsights_sitenote_note":"","_monsterinsights_sitenote_category":0,"_uf_show_specific_survey":0,"_uf_disable_surveys":false,"footnotes":""},"categories":[1127],"tags":[185,118,119,146,120,21,116,106,122,57,108],"class_list":["post-25801","post","type-post","status-publish","format-standard","has-post-thumbnail","hentry","category-comunicats-posicionaments","tag-monifestat","tag-sector-bages-bergueda","tag-sector-barcelona","tag-sector-barcelones-nord","tag-sector-camp-de-tarragona","tag-sector-maresme","tag-sector-osona-ripolles","tag-sector-penedes-garraf","tag-sector-valles","tag-trobada-de-monitors","tag-trobada-general"],"yoast_head":"<!-- This site is optimized with the Yoast SEO plugin v27.4 - https:\/\/yoast.com\/product\/yoast-seo-wordpress\/ -->\n<title>El mar\u00e7 \u00e9s dels Esplais Catalans: els esplais fem xarxa en 9 trobades de sector - Esplac<\/title>\n<meta name=\"robots\" content=\"index, follow, max-snippet:-1, max-image-preview:large, max-video-preview:-1\" \/>\n<link rel=\"canonical\" href=\"https:\/\/www.esplac.cat\/marc-esplais-catalans-esplais-fem-xarxa-amb-7-trobades-de-sector\/\" \/>\n<meta property=\"og:locale\" content=\"es_ES\" \/>\n<meta property=\"og:type\" content=\"article\" \/>\n<meta property=\"og:title\" content=\"El mar\u00e7 \u00e9s dels Esplais Catalans: els esplais fem xarxa en 9 trobades de sector - Esplac\" \/>\n<meta property=\"og:description\" content=\"Informaci\u00f3 ampliada (14\/03\/2014) El mar\u00e7 \u00e9s dels Esplais Catalans: els [&hellip;]\" \/>\n<meta property=\"og:url\" content=\"https:\/\/www.esplac.cat\/marc-esplais-catalans-esplais-fem-xarxa-amb-7-trobades-de-sector\/\" \/>\n<meta property=\"og:site_name\" content=\"Esplac\" \/>\n<meta property=\"article:published_time\" content=\"2014-03-13T16:49:55+00:00\" \/>\n<meta property=\"og:image\" content=\"https:\/\/www.esplac.cat\/wp-content\/uploads\/2012\/10\/curs_monitors_escola_sol-e1351092774841.jpeg\" \/>\n\t<meta property=\"og:image:width\" content=\"719\" \/>\n\t<meta property=\"og:image:height\" content=\"336\" \/>\n\t<meta property=\"og:image:type\" content=\"image\/jpeg\" \/>\n<meta name=\"author\" content=\"Comunicaci\u00f3 Esplac\" \/>\n<meta name=\"twitter:card\" content=\"summary_large_image\" \/>\n<meta name=\"twitter:label1\" content=\"Escrito por\" \/>\n\t<meta name=\"twitter:data1\" content=\"Comunicaci\u00f3 Esplac\" \/>\n\t<meta name=\"twitter:label2\" content=\"Tiempo de lectura\" \/>\n\t<meta name=\"twitter:data2\" content=\"3 minutos\" \/>\n<script type=\"application\/ld+json\" class=\"yoast-schema-graph\">{\"@context\":\"https:\\\/\\\/schema.org\",\"@graph\":[{\"@type\":\"Article\",\"@id\":\"https:\\\/\\\/www.esplac.cat\\\/marc-esplais-catalans-esplais-fem-xarxa-amb-7-trobades-de-sector\\\/#article\",\"isPartOf\":{\"@id\":\"https:\\\/\\\/www.esplac.cat\\\/marc-esplais-catalans-esplais-fem-xarxa-amb-7-trobades-de-sector\\\/\"},\"author\":{\"name\":\"Comunicaci\u00f3 Esplac\",\"@id\":\"https:\\\/\\\/www.esplac.cat\\\/#\\\/schema\\\/person\\\/908383cf240be18b68f8855d0583faca\"},\"headline\":\"El mar\u00e7 \u00e9s dels Esplais Catalans: els esplais fem xarxa en 9 trobades de sector\",\"datePublished\":\"2014-03-13T16:49:55+00:00\",\"mainEntityOfPage\":{\"@id\":\"https:\\\/\\\/www.esplac.cat\\\/marc-esplais-catalans-esplais-fem-xarxa-amb-7-trobades-de-sector\\\/\"},\"wordCount\":647,\"commentCount\":0,\"publisher\":{\"@id\":\"https:\\\/\\\/www.esplac.cat\\\/#organization\"},\"image\":{\"@id\":\"https:\\\/\\\/www.esplac.cat\\\/marc-esplais-catalans-esplais-fem-xarxa-amb-7-trobades-de-sector\\\/#primaryimage\"},\"thumbnailUrl\":\"https:\\\/\\\/www.esplac.cat\\\/wp-content\\\/uploads\\\/2012\\\/10\\\/curs_monitors_escola_sol-e1351092774841.jpeg\",\"keywords\":[\"monifesta't\",\"Sector Bages-Bergued\u00e0\",\"sector Barcelona\",\"sector Barcelon\u00e8s Nord\",\"sector Camp de Tarragona\",\"sector Maresme\",\"sector Osona-Ripoll\u00e8s\",\"Sector Pened\u00e8s-Garraf\",\"sector Vall\u00e8s\",\"trobada de monitors\",\"trobada general\"],\"articleSection\":[\"Comunicats i posicionaments\"],\"inLanguage\":\"es\",\"potentialAction\":[{\"@type\":\"CommentAction\",\"name\":\"Comment\",\"target\":[\"https:\\\/\\\/www.esplac.cat\\\/marc-esplais-catalans-esplais-fem-xarxa-amb-7-trobades-de-sector\\\/#respond\"]}]},{\"@type\":\"WebPage\",\"@id\":\"https:\\\/\\\/www.esplac.cat\\\/marc-esplais-catalans-esplais-fem-xarxa-amb-7-trobades-de-sector\\\/\",\"url\":\"https:\\\/\\\/www.esplac.cat\\\/marc-esplais-catalans-esplais-fem-xarxa-amb-7-trobades-de-sector\\\/\",\"name\":\"El mar\u00e7 \u00e9s dels Esplais Catalans: els esplais fem xarxa en 9 trobades de sector - Esplac\",\"isPartOf\":{\"@id\":\"https:\\\/\\\/www.esplac.cat\\\/#website\"},\"primaryImageOfPage\":{\"@id\":\"https:\\\/\\\/www.esplac.cat\\\/marc-esplais-catalans-esplais-fem-xarxa-amb-7-trobades-de-sector\\\/#primaryimage\"},\"image\":{\"@id\":\"https:\\\/\\\/www.esplac.cat\\\/marc-esplais-catalans-esplais-fem-xarxa-amb-7-trobades-de-sector\\\/#primaryimage\"},\"thumbnailUrl\":\"https:\\\/\\\/www.esplac.cat\\\/wp-content\\\/uploads\\\/2012\\\/10\\\/curs_monitors_escola_sol-e1351092774841.jpeg\",\"datePublished\":\"2014-03-13T16:49:55+00:00\",\"breadcrumb\":{\"@id\":\"https:\\\/\\\/www.esplac.cat\\\/marc-esplais-catalans-esplais-fem-xarxa-amb-7-trobades-de-sector\\\/#breadcrumb\"},\"inLanguage\":\"es\",\"potentialAction\":[{\"@type\":\"ReadAction\",\"target\":[\"https:\\\/\\\/www.esplac.cat\\\/marc-esplais-catalans-esplais-fem-xarxa-amb-7-trobades-de-sector\\\/\"]}]},{\"@type\":\"ImageObject\",\"inLanguage\":\"es\",\"@id\":\"https:\\\/\\\/www.esplac.cat\\\/marc-esplais-catalans-esplais-fem-xarxa-amb-7-trobades-de-sector\\\/#primaryimage\",\"url\":\"https:\\\/\\\/www.esplac.cat\\\/wp-content\\\/uploads\\\/2012\\\/10\\\/curs_monitors_escola_sol-e1351092774841.jpeg\",\"contentUrl\":\"https:\\\/\\\/www.esplac.cat\\\/wp-content\\\/uploads\\\/2012\\\/10\\\/curs_monitors_escola_sol-e1351092774841.jpeg\",\"width\":719,\"height\":336},{\"@type\":\"BreadcrumbList\",\"@id\":\"https:\\\/\\\/www.esplac.cat\\\/marc-esplais-catalans-esplais-fem-xarxa-amb-7-trobades-de-sector\\\/#breadcrumb\",\"itemListElement\":[{\"@type\":\"ListItem\",\"position\":1,\"name\":\"Inici\",\"item\":\"https:\\\/\\\/www.esplac.cat\\\/es\\\/\"},{\"@type\":\"ListItem\",\"position\":2,\"name\":\"El mar\u00e7 \u00e9s dels Esplais Catalans: els esplais fem xarxa en 9 trobades de sector\"}]},{\"@type\":\"WebSite\",\"@id\":\"https:\\\/\\\/www.esplac.cat\\\/#website\",\"url\":\"https:\\\/\\\/www.esplac.cat\\\/\",\"name\":\"Esplac\",\"description\":\"Esplais Catalans\",\"publisher\":{\"@id\":\"https:\\\/\\\/www.esplac.cat\\\/#organization\"},\"potentialAction\":[{\"@type\":\"SearchAction\",\"target\":{\"@type\":\"EntryPoint\",\"urlTemplate\":\"https:\\\/\\\/www.esplac.cat\\\/?s={search_term_string}\"},\"query-input\":{\"@type\":\"PropertyValueSpecification\",\"valueRequired\":true,\"valueName\":\"search_term_string\"}}],\"inLanguage\":\"es\"},{\"@type\":\"Organization\",\"@id\":\"https:\\\/\\\/www.esplac.cat\\\/#organization\",\"name\":\"Esplac\",\"url\":\"https:\\\/\\\/www.esplac.cat\\\/\",\"logo\":{\"@type\":\"ImageObject\",\"inLanguage\":\"es\",\"@id\":\"https:\\\/\\\/www.esplac.cat\\\/#\\\/schema\\\/logo\\\/image\\\/\",\"url\":\"https:\\\/\\\/www.esplac.cat\\\/wp-content\\\/uploads\\\/2019\\\/08\\\/logox2.png\",\"contentUrl\":\"https:\\\/\\\/www.esplac.cat\\\/wp-content\\\/uploads\\\/2019\\\/08\\\/logox2.png\",\"width\":600,\"height\":295,\"caption\":\"Esplac\"},\"image\":{\"@id\":\"https:\\\/\\\/www.esplac.cat\\\/#\\\/schema\\\/logo\\\/image\\\/\"}},{\"@type\":\"Person\",\"@id\":\"https:\\\/\\\/www.esplac.cat\\\/#\\\/schema\\\/person\\\/908383cf240be18b68f8855d0583faca\",\"name\":\"Comunicaci\u00f3 Esplac\",\"image\":{\"@type\":\"ImageObject\",\"inLanguage\":\"es\",\"@id\":\"https:\\\/\\\/secure.gravatar.com\\\/avatar\\\/7a4cf8feb412a76ea4a740ca02d95b06b2907b5a6c648c2dd0a1082a093c3141?s=96&d=mm&r=g\",\"url\":\"https:\\\/\\\/secure.gravatar.com\\\/avatar\\\/7a4cf8feb412a76ea4a740ca02d95b06b2907b5a6c648c2dd0a1082a093c3141?s=96&d=mm&r=g\",\"contentUrl\":\"https:\\\/\\\/secure.gravatar.com\\\/avatar\\\/7a4cf8feb412a76ea4a740ca02d95b06b2907b5a6c648c2dd0a1082a093c3141?s=96&d=mm&r=g\",\"caption\":\"Comunicaci\u00f3 Esplac\"}}]}<\/script>\n<!-- \/ Yoast SEO plugin. -->","yoast_head_json":{"title":"El mar\u00e7 \u00e9s dels Esplais Catalans: els esplais fem xarxa en 9 trobades de sector - Esplac","robots":{"index":"index","follow":"follow","max-snippet":"max-snippet:-1","max-image-preview":"max-image-preview:large","max-video-preview":"max-video-preview:-1"},"canonical":"https:\/\/www.esplac.cat\/marc-esplais-catalans-esplais-fem-xarxa-amb-7-trobades-de-sector\/","og_locale":"es_ES","og_type":"article","og_title":"El mar\u00e7 \u00e9s dels Esplais Catalans: els esplais fem xarxa en 9 trobades de sector - Esplac","og_description":"Informaci\u00f3 ampliada (14\/03\/2014) El mar\u00e7 \u00e9s dels Esplais Catalans: els [&hellip;]","og_url":"https:\/\/www.esplac.cat\/marc-esplais-catalans-esplais-fem-xarxa-amb-7-trobades-de-sector\/","og_site_name":"Esplac","article_published_time":"2014-03-13T16:49:55+00:00","og_image":[{"width":719,"height":336,"url":"https:\/\/www.esplac.cat\/wp-content\/uploads\/2012\/10\/curs_monitors_escola_sol-e1351092774841.jpeg","type":"image\/jpeg"}],"author":"Comunicaci\u00f3 Esplac","twitter_card":"summary_large_image","twitter_misc":{"Escrito por":"Comunicaci\u00f3 Esplac","Tiempo de lectura":"3 minutos"},"schema":{"@context":"https:\/\/schema.org","@graph":[{"@type":"Article","@id":"https:\/\/www.esplac.cat\/marc-esplais-catalans-esplais-fem-xarxa-amb-7-trobades-de-sector\/#article","isPartOf":{"@id":"https:\/\/www.esplac.cat\/marc-esplais-catalans-esplais-fem-xarxa-amb-7-trobades-de-sector\/"},"author":{"name":"Comunicaci\u00f3 Esplac","@id":"https:\/\/www.esplac.cat\/#\/schema\/person\/908383cf240be18b68f8855d0583faca"},"headline":"El mar\u00e7 \u00e9s dels Esplais Catalans: els esplais fem xarxa en 9 trobades de sector","datePublished":"2014-03-13T16:49:55+00:00","mainEntityOfPage":{"@id":"https:\/\/www.esplac.cat\/marc-esplais-catalans-esplais-fem-xarxa-amb-7-trobades-de-sector\/"},"wordCount":647,"commentCount":0,"publisher":{"@id":"https:\/\/www.esplac.cat\/#organization"},"image":{"@id":"https:\/\/www.esplac.cat\/marc-esplais-catalans-esplais-fem-xarxa-amb-7-trobades-de-sector\/#primaryimage"},"thumbnailUrl":"https:\/\/www.esplac.cat\/wp-content\/uploads\/2012\/10\/curs_monitors_escola_sol-e1351092774841.jpeg","keywords":["monifesta't","Sector Bages-Bergued\u00e0","sector Barcelona","sector Barcelon\u00e8s Nord","sector Camp de Tarragona","sector Maresme","sector Osona-Ripoll\u00e8s","Sector Pened\u00e8s-Garraf","sector Vall\u00e8s","trobada de monitors","trobada general"],"articleSection":["Comunicats i posicionaments"],"inLanguage":"es","potentialAction":[{"@type":"CommentAction","name":"Comment","target":["https:\/\/www.esplac.cat\/marc-esplais-catalans-esplais-fem-xarxa-amb-7-trobades-de-sector\/#respond"]}]},{"@type":"WebPage","@id":"https:\/\/www.esplac.cat\/marc-esplais-catalans-esplais-fem-xarxa-amb-7-trobades-de-sector\/","url":"https:\/\/www.esplac.cat\/marc-esplais-catalans-esplais-fem-xarxa-amb-7-trobades-de-sector\/","name":"El mar\u00e7 \u00e9s dels Esplais Catalans: els esplais fem xarxa en 9 trobades de sector - Esplac","isPartOf":{"@id":"https:\/\/www.esplac.cat\/#website"},"primaryImageOfPage":{"@id":"https:\/\/www.esplac.cat\/marc-esplais-catalans-esplais-fem-xarxa-amb-7-trobades-de-sector\/#primaryimage"},"image":{"@id":"https:\/\/www.esplac.cat\/marc-esplais-catalans-esplais-fem-xarxa-amb-7-trobades-de-sector\/#primaryimage"},"thumbnailUrl":"https:\/\/www.esplac.cat\/wp-content\/uploads\/2012\/10\/curs_monitors_escola_sol-e1351092774841.jpeg","datePublished":"2014-03-13T16:49:55+00:00","breadcrumb":{"@id":"https:\/\/www.esplac.cat\/marc-esplais-catalans-esplais-fem-xarxa-amb-7-trobades-de-sector\/#breadcrumb"},"inLanguage":"es","potentialAction":[{"@type":"ReadAction","target":["https:\/\/www.esplac.cat\/marc-esplais-catalans-esplais-fem-xarxa-amb-7-trobades-de-sector\/"]}]},{"@type":"ImageObject","inLanguage":"es","@id":"https:\/\/www.esplac.cat\/marc-esplais-catalans-esplais-fem-xarxa-amb-7-trobades-de-sector\/#primaryimage","url":"https:\/\/www.esplac.cat\/wp-content\/uploads\/2012\/10\/curs_monitors_escola_sol-e1351092774841.jpeg","contentUrl":"https:\/\/www.esplac.cat\/wp-content\/uploads\/2012\/10\/curs_monitors_escola_sol-e1351092774841.jpeg","width":719,"height":336},{"@type":"BreadcrumbList","@id":"https:\/\/www.esplac.cat\/marc-esplais-catalans-esplais-fem-xarxa-amb-7-trobades-de-sector\/#breadcrumb","itemListElement":[{"@type":"ListItem","position":1,"name":"Inici","item":"https:\/\/www.esplac.cat\/es\/"},{"@type":"ListItem","position":2,"name":"El mar\u00e7 \u00e9s dels Esplais Catalans: els esplais fem xarxa en 9 trobades de sector"}]},{"@type":"WebSite","@id":"https:\/\/www.esplac.cat\/#website","url":"https:\/\/www.esplac.cat\/","name":"Esplac","description":"Esplais Catalans","publisher":{"@id":"https:\/\/www.esplac.cat\/#organization"},"potentialAction":[{"@type":"SearchAction","target":{"@type":"EntryPoint","urlTemplate":"https:\/\/www.esplac.cat\/?s={search_term_string}"},"query-input":{"@type":"PropertyValueSpecification","valueRequired":true,"valueName":"search_term_string"}}],"inLanguage":"es"},{"@type":"Organization","@id":"https:\/\/www.esplac.cat\/#organization","name":"Esplac","url":"https:\/\/www.esplac.cat\/","logo":{"@type":"ImageObject","inLanguage":"es","@id":"https:\/\/www.esplac.cat\/#\/schema\/logo\/image\/","url":"https:\/\/www.esplac.cat\/wp-content\/uploads\/2019\/08\/logox2.png","contentUrl":"https:\/\/www.esplac.cat\/wp-content\/uploads\/2019\/08\/logox2.png","width":600,"height":295,"caption":"Esplac"},"image":{"@id":"https:\/\/www.esplac.cat\/#\/schema\/logo\/image\/"}},{"@type":"Person","@id":"https:\/\/www.esplac.cat\/#\/schema\/person\/908383cf240be18b68f8855d0583faca","name":"Comunicaci\u00f3 Esplac","image":{"@type":"ImageObject","inLanguage":"es","@id":"https:\/\/secure.gravatar.com\/avatar\/7a4cf8feb412a76ea4a740ca02d95b06b2907b5a6c648c2dd0a1082a093c3141?s=96&d=mm&r=g","url":"https:\/\/secure.gravatar.com\/avatar\/7a4cf8feb412a76ea4a740ca02d95b06b2907b5a6c648c2dd0a1082a093c3141?s=96&d=mm&r=g","contentUrl":"https:\/\/secure.gravatar.com\/avatar\/7a4cf8feb412a76ea4a740ca02d95b06b2907b5a6c648c2dd0a1082a093c3141?s=96&d=mm&r=g","caption":"Comunicaci\u00f3 Esplac"}}]}},"_links":{"self":[{"href":"https:\/\/www.esplac.cat\/es\/wp-json\/wp\/v2\/posts\/25801","targetHints":{"allow":["GET"]}}],"collection":[{"href":"https:\/\/www.esplac.cat\/es\/wp-json\/wp\/v2\/posts"}],"about":[{"href":"https:\/\/www.esplac.cat\/es\/wp-json\/wp\/v2\/types\/post"}],"author":[{"embeddable":true,"href":"https:\/\/www.esplac.cat\/es\/wp-json\/wp\/v2\/users\/3"}],"replies":[{"embeddable":true,"href":"https:\/\/www.esplac.cat\/es\/wp-json\/wp\/v2\/comments?post=25801"}],"version-history":[{"count":0,"href":"https:\/\/www.esplac.cat\/es\/wp-json\/wp\/v2\/posts\/25801\/revisions"}],"wp:featuredmedia":[{"embeddable":true,"href":"https:\/\/www.esplac.cat\/es\/wp-json\/wp\/v2\/media\/25600"}],"wp:attachment":[{"href":"https:\/\/www.esplac.cat\/es\/wp-json\/wp\/v2\/media?parent=25801"}],"wp:term":[{"taxonomy":"category","embeddable":true,"href":"https:\/\/www.esplac.cat\/es\/wp-json\/wp\/v2\/categories?post=25801"},{"taxonomy":"post_tag","embeddable":true,"href":"https:\/\/www.esplac.cat\/es\/wp-json\/wp\/v2\/tags?post=25801"}],"curies":[{"name":"wp","href":"https:\/\/api.w.org\/{rel}","templated":true}]}}