{"id":25816,"date":"2014-02-07T16:05:50","date_gmt":"2014-02-07T14:05:50","guid":{"rendered":"http:\/\/esplac.cat\/?p=4601"},"modified":"2014-02-07T16:05:50","modified_gmt":"2014-02-07T14:05:50","slug":"exposicio-fotografies-inicia-actes-20e-aniversari-esplai-geps","status":"publish","type":"post","link":"https:\/\/www.esplac.cat\/es\/exposicio-fotografies-inicia-actes-20e-aniversari-esplai-geps\/","title":{"rendered":"Una exposici\u00f3 de fotografies inicia els actes del 20\u00e9 aniversari de l&#8217;esplai GEPS"},"content":{"rendered":"<p><!--:CA--><\/p>\n<p style=\"text-align: left;\" lang=\"es-ES\" align=\"JUSTIFY\"><strong>Redacci\u00f3:<\/strong> Esplai GEPS<\/p>\n<p style=\"text-align: left;\" lang=\"es-ES\" align=\"JUSTIFY\">Fa 20 anys que a Santpedor va n\u00e9ixer un esplai. Aquest esplai \u00e9s l\u2019Esplai GEPS. Aquest divendres 7 fins diumenge 9 de febrer es fa un dels primers actes d\u2019aquest 20\u00e8 aniversari.<\/p>\n<p style=\"text-align: left;\" lang=\"es-ES\" align=\"JUSTIFY\">Aquest acte es una <strong>exposici\u00f3 al Convent de Santpedor de materials i amb m\u00e9s de 1.000 fotografies de la traject\u00f2ria de l\u2019esplai <\/strong>que a dia d\u2019avui compta amb un centenar d\u2019infants.<\/p>\n<p style=\"text-align: left;\" lang=\"es-ES\" align=\"JUSTIFY\">L\u2019exposici\u00f3 estar\u00e0 oberta divendres de 18 a 21h, dissabte de 10 a 13h i de 19 a 21h amb una xerrada a les 19.30h sobre el lleure. Diumenge ser\u00e0 ja l\u2019\u00faltim dia per poder visitarl\u2019exposici\u00f3 amb un horari m\u00e9s ampli, de 10 a 13h i de 17 a 21h.<\/p>\n<p style=\"text-align: left;\" align=\"JUSTIFY\">Us hi esperem a totes i tots!<\/p>\n<p><img decoding=\"async\" class=\"size-large wp-image-4602 aligncenter\" title=\"aniversari-geps\" src=\"http:\/\/esplac.cat\/wp-content\/uploads\/2014\/02\/IMG_441602109607277-257x360.jpeg\" alt=\"aniversari-geps\" width=\"257\" height=\"360\" \/><!--:--><!--:es-->&nbsp;<\/p>\n<p><!--:--><!--:en-->&nbsp;<\/p>\n<p><!--:--><!--:fr-->&nbsp;<\/p>\n<p><!--:--><\/p>\n","protected":false},"excerpt":{"rendered":"<p>Redacci\u00f3: Esplai GEPS Fa 20 anys que a Santpedor va [&hellip;]<\/p>\n","protected":false},"author":3,"featured_media":7811,"comment_status":"open","ping_status":"open","sticky":false,"template":"","format":"standard","meta":{"om_disable_all_campaigns":false,"_monsterinsights_skip_tracking":false,"_monsterinsights_sitenote_active":false,"_monsterinsights_sitenote_note":"","_monsterinsights_sitenote_category":0,"_uf_show_specific_survey":0,"_uf_disable_surveys":false,"footnotes":""},"categories":[1111],"tags":[126,199,118],"class_list":["post-25816","post","type-post","status-publish","format-standard","has-post-thumbnail","hentry","category-activitats-esplac","tag-aniversari","tag-esplai-geps","tag-sector-bages-bergueda"],"yoast_head":"<!-- This site is optimized with the Yoast SEO plugin v27.4 - https:\/\/yoast.com\/product\/yoast-seo-wordpress\/ -->\n<title>Una exposici\u00f3 de fotografies inicia els actes del 20\u00e9 aniversari de l&#039;esplai GEPS - Esplac<\/title>\n<meta name=\"robots\" content=\"index, follow, max-snippet:-1, max-image-preview:large, max-video-preview:-1\" \/>\n<link rel=\"canonical\" href=\"https:\/\/www.esplac.cat\/exposicio-fotografies-inicia-actes-20e-aniversari-esplai-geps\/\" \/>\n<meta property=\"og:locale\" content=\"es_ES\" \/>\n<meta property=\"og:type\" content=\"article\" \/>\n<meta property=\"og:title\" content=\"Una exposici\u00f3 de fotografies inicia els actes del 20\u00e9 aniversari de l&#039;esplai GEPS - Esplac\" \/>\n<meta property=\"og:description\" content=\"Redacci\u00f3: Esplai GEPS Fa 20 anys que a Santpedor va [&hellip;]\" \/>\n<meta property=\"og:url\" content=\"https:\/\/www.esplac.cat\/exposicio-fotografies-inicia-actes-20e-aniversari-esplai-geps\/\" \/>\n<meta property=\"og:site_name\" content=\"Esplac\" \/>\n<meta property=\"article:published_time\" content=\"2014-02-07T14:05:50+00:00\" \/>\n<meta property=\"og:image\" content=\"https:\/\/www.esplac.cat\/wp-content\/uploads\/2019\/11\/logo-open.jpg\" \/>\n\t<meta property=\"og:image:width\" content=\"1200\" \/>\n\t<meta property=\"og:image:height\" content=\"630\" \/>\n\t<meta property=\"og:image:type\" content=\"image\/jpeg\" \/>\n<meta name=\"author\" content=\"Comunicaci\u00f3 Esplac\" \/>\n<meta name=\"twitter:card\" content=\"summary_large_image\" \/>\n<meta name=\"twitter:label1\" content=\"Escrito por\" \/>\n\t<meta name=\"twitter:data1\" content=\"Comunicaci\u00f3 Esplac\" \/>\n\t<meta name=\"twitter:label2\" content=\"Tiempo de lectura\" \/>\n\t<meta name=\"twitter:data2\" content=\"1 minuto\" \/>\n<script type=\"application\/ld+json\" class=\"yoast-schema-graph\">{\"@context\":\"https:\\\/\\\/schema.org\",\"@graph\":[{\"@type\":\"Article\",\"@id\":\"https:\\\/\\\/www.esplac.cat\\\/exposicio-fotografies-inicia-actes-20e-aniversari-esplai-geps\\\/#article\",\"isPartOf\":{\"@id\":\"https:\\\/\\\/www.esplac.cat\\\/exposicio-fotografies-inicia-actes-20e-aniversari-esplai-geps\\\/\"},\"author\":{\"name\":\"Comunicaci\u00f3 Esplac\",\"@id\":\"https:\\\/\\\/www.esplac.cat\\\/#\\\/schema\\\/person\\\/908383cf240be18b68f8855d0583faca\"},\"headline\":\"Una exposici\u00f3 de fotografies inicia els actes del 20\u00e9 aniversari de l&#8217;esplai GEPS\",\"datePublished\":\"2014-02-07T14:05:50+00:00\",\"mainEntityOfPage\":{\"@id\":\"https:\\\/\\\/www.esplac.cat\\\/exposicio-fotografies-inicia-actes-20e-aniversari-esplai-geps\\\/\"},\"wordCount\":140,\"commentCount\":0,\"publisher\":{\"@id\":\"https:\\\/\\\/www.esplac.cat\\\/#organization\"},\"image\":{\"@id\":\"https:\\\/\\\/www.esplac.cat\\\/exposicio-fotografies-inicia-actes-20e-aniversari-esplai-geps\\\/#primaryimage\"},\"thumbnailUrl\":\"\",\"keywords\":[\"aniversari\",\"esplai GEPS\",\"Sector Bages-Bergued\u00e0\"],\"articleSection\":[\"Activitats esplac\"],\"inLanguage\":\"es\",\"potentialAction\":[{\"@type\":\"CommentAction\",\"name\":\"Comment\",\"target\":[\"https:\\\/\\\/www.esplac.cat\\\/exposicio-fotografies-inicia-actes-20e-aniversari-esplai-geps\\\/#respond\"]}]},{\"@type\":\"WebPage\",\"@id\":\"https:\\\/\\\/www.esplac.cat\\\/exposicio-fotografies-inicia-actes-20e-aniversari-esplai-geps\\\/\",\"url\":\"https:\\\/\\\/www.esplac.cat\\\/exposicio-fotografies-inicia-actes-20e-aniversari-esplai-geps\\\/\",\"name\":\"Una exposici\u00f3 de fotografies inicia els actes del 20\u00e9 aniversari de l'esplai GEPS - Esplac\",\"isPartOf\":{\"@id\":\"https:\\\/\\\/www.esplac.cat\\\/#website\"},\"primaryImageOfPage\":{\"@id\":\"https:\\\/\\\/www.esplac.cat\\\/exposicio-fotografies-inicia-actes-20e-aniversari-esplai-geps\\\/#primaryimage\"},\"image\":{\"@id\":\"https:\\\/\\\/www.esplac.cat\\\/exposicio-fotografies-inicia-actes-20e-aniversari-esplai-geps\\\/#primaryimage\"},\"thumbnailUrl\":\"\",\"datePublished\":\"2014-02-07T14:05:50+00:00\",\"breadcrumb\":{\"@id\":\"https:\\\/\\\/www.esplac.cat\\\/exposicio-fotografies-inicia-actes-20e-aniversari-esplai-geps\\\/#breadcrumb\"},\"inLanguage\":\"es\",\"potentialAction\":[{\"@type\":\"ReadAction\",\"target\":[\"https:\\\/\\\/www.esplac.cat\\\/exposicio-fotografies-inicia-actes-20e-aniversari-esplai-geps\\\/\"]}]},{\"@type\":\"ImageObject\",\"inLanguage\":\"es\",\"@id\":\"https:\\\/\\\/www.esplac.cat\\\/exposicio-fotografies-inicia-actes-20e-aniversari-esplai-geps\\\/#primaryimage\",\"url\":\"\",\"contentUrl\":\"\"},{\"@type\":\"BreadcrumbList\",\"@id\":\"https:\\\/\\\/www.esplac.cat\\\/exposicio-fotografies-inicia-actes-20e-aniversari-esplai-geps\\\/#breadcrumb\",\"itemListElement\":[{\"@type\":\"ListItem\",\"position\":1,\"name\":\"Inici\",\"item\":\"https:\\\/\\\/www.esplac.cat\\\/es\\\/\"},{\"@type\":\"ListItem\",\"position\":2,\"name\":\"Una exposici\u00f3 de fotografies inicia els actes del 20\u00e9 aniversari de l&#8217;esplai GEPS\"}]},{\"@type\":\"WebSite\",\"@id\":\"https:\\\/\\\/www.esplac.cat\\\/#website\",\"url\":\"https:\\\/\\\/www.esplac.cat\\\/\",\"name\":\"Esplac\",\"description\":\"Esplais Catalans\",\"publisher\":{\"@id\":\"https:\\\/\\\/www.esplac.cat\\\/#organization\"},\"potentialAction\":[{\"@type\":\"SearchAction\",\"target\":{\"@type\":\"EntryPoint\",\"urlTemplate\":\"https:\\\/\\\/www.esplac.cat\\\/?s={search_term_string}\"},\"query-input\":{\"@type\":\"PropertyValueSpecification\",\"valueRequired\":true,\"valueName\":\"search_term_string\"}}],\"inLanguage\":\"es\"},{\"@type\":\"Organization\",\"@id\":\"https:\\\/\\\/www.esplac.cat\\\/#organization\",\"name\":\"Esplac\",\"url\":\"https:\\\/\\\/www.esplac.cat\\\/\",\"logo\":{\"@type\":\"ImageObject\",\"inLanguage\":\"es\",\"@id\":\"https:\\\/\\\/www.esplac.cat\\\/#\\\/schema\\\/logo\\\/image\\\/\",\"url\":\"https:\\\/\\\/www.esplac.cat\\\/wp-content\\\/uploads\\\/2019\\\/08\\\/logox2.png\",\"contentUrl\":\"https:\\\/\\\/www.esplac.cat\\\/wp-content\\\/uploads\\\/2019\\\/08\\\/logox2.png\",\"width\":600,\"height\":295,\"caption\":\"Esplac\"},\"image\":{\"@id\":\"https:\\\/\\\/www.esplac.cat\\\/#\\\/schema\\\/logo\\\/image\\\/\"}},{\"@type\":\"Person\",\"@id\":\"https:\\\/\\\/www.esplac.cat\\\/#\\\/schema\\\/person\\\/908383cf240be18b68f8855d0583faca\",\"name\":\"Comunicaci\u00f3 Esplac\",\"image\":{\"@type\":\"ImageObject\",\"inLanguage\":\"es\",\"@id\":\"https:\\\/\\\/secure.gravatar.com\\\/avatar\\\/7a4cf8feb412a76ea4a740ca02d95b06b2907b5a6c648c2dd0a1082a093c3141?s=96&d=mm&r=g\",\"url\":\"https:\\\/\\\/secure.gravatar.com\\\/avatar\\\/7a4cf8feb412a76ea4a740ca02d95b06b2907b5a6c648c2dd0a1082a093c3141?s=96&d=mm&r=g\",\"contentUrl\":\"https:\\\/\\\/secure.gravatar.com\\\/avatar\\\/7a4cf8feb412a76ea4a740ca02d95b06b2907b5a6c648c2dd0a1082a093c3141?s=96&d=mm&r=g\",\"caption\":\"Comunicaci\u00f3 Esplac\"}}]}<\/script>\n<!-- \/ Yoast SEO plugin. -->","yoast_head_json":{"title":"Una exposici\u00f3 de fotografies inicia els actes del 20\u00e9 aniversari de l'esplai GEPS - Esplac","robots":{"index":"index","follow":"follow","max-snippet":"max-snippet:-1","max-image-preview":"max-image-preview:large","max-video-preview":"max-video-preview:-1"},"canonical":"https:\/\/www.esplac.cat\/exposicio-fotografies-inicia-actes-20e-aniversari-esplai-geps\/","og_locale":"es_ES","og_type":"article","og_title":"Una exposici\u00f3 de fotografies inicia els actes del 20\u00e9 aniversari de l'esplai GEPS - Esplac","og_description":"Redacci\u00f3: Esplai GEPS Fa 20 anys que a Santpedor va [&hellip;]","og_url":"https:\/\/www.esplac.cat\/exposicio-fotografies-inicia-actes-20e-aniversari-esplai-geps\/","og_site_name":"Esplac","article_published_time":"2014-02-07T14:05:50+00:00","og_image":[{"width":1200,"height":630,"url":"https:\/\/www.esplac.cat\/wp-content\/uploads\/2019\/11\/logo-open.jpg","type":"image\/jpeg"}],"author":"Comunicaci\u00f3 Esplac","twitter_card":"summary_large_image","twitter_misc":{"Escrito por":"Comunicaci\u00f3 Esplac","Tiempo de lectura":"1 minuto"},"schema":{"@context":"https:\/\/schema.org","@graph":[{"@type":"Article","@id":"https:\/\/www.esplac.cat\/exposicio-fotografies-inicia-actes-20e-aniversari-esplai-geps\/#article","isPartOf":{"@id":"https:\/\/www.esplac.cat\/exposicio-fotografies-inicia-actes-20e-aniversari-esplai-geps\/"},"author":{"name":"Comunicaci\u00f3 Esplac","@id":"https:\/\/www.esplac.cat\/#\/schema\/person\/908383cf240be18b68f8855d0583faca"},"headline":"Una exposici\u00f3 de fotografies inicia els actes del 20\u00e9 aniversari de l&#8217;esplai GEPS","datePublished":"2014-02-07T14:05:50+00:00","mainEntityOfPage":{"@id":"https:\/\/www.esplac.cat\/exposicio-fotografies-inicia-actes-20e-aniversari-esplai-geps\/"},"wordCount":140,"commentCount":0,"publisher":{"@id":"https:\/\/www.esplac.cat\/#organization"},"image":{"@id":"https:\/\/www.esplac.cat\/exposicio-fotografies-inicia-actes-20e-aniversari-esplai-geps\/#primaryimage"},"thumbnailUrl":"","keywords":["aniversari","esplai GEPS","Sector Bages-Bergued\u00e0"],"articleSection":["Activitats esplac"],"inLanguage":"es","potentialAction":[{"@type":"CommentAction","name":"Comment","target":["https:\/\/www.esplac.cat\/exposicio-fotografies-inicia-actes-20e-aniversari-esplai-geps\/#respond"]}]},{"@type":"WebPage","@id":"https:\/\/www.esplac.cat\/exposicio-fotografies-inicia-actes-20e-aniversari-esplai-geps\/","url":"https:\/\/www.esplac.cat\/exposicio-fotografies-inicia-actes-20e-aniversari-esplai-geps\/","name":"Una exposici\u00f3 de fotografies inicia els actes del 20\u00e9 aniversari de l'esplai GEPS - Esplac","isPartOf":{"@id":"https:\/\/www.esplac.cat\/#website"},"primaryImageOfPage":{"@id":"https:\/\/www.esplac.cat\/exposicio-fotografies-inicia-actes-20e-aniversari-esplai-geps\/#primaryimage"},"image":{"@id":"https:\/\/www.esplac.cat\/exposicio-fotografies-inicia-actes-20e-aniversari-esplai-geps\/#primaryimage"},"thumbnailUrl":"","datePublished":"2014-02-07T14:05:50+00:00","breadcrumb":{"@id":"https:\/\/www.esplac.cat\/exposicio-fotografies-inicia-actes-20e-aniversari-esplai-geps\/#breadcrumb"},"inLanguage":"es","potentialAction":[{"@type":"ReadAction","target":["https:\/\/www.esplac.cat\/exposicio-fotografies-inicia-actes-20e-aniversari-esplai-geps\/"]}]},{"@type":"ImageObject","inLanguage":"es","@id":"https:\/\/www.esplac.cat\/exposicio-fotografies-inicia-actes-20e-aniversari-esplai-geps\/#primaryimage","url":"","contentUrl":""},{"@type":"BreadcrumbList","@id":"https:\/\/www.esplac.cat\/exposicio-fotografies-inicia-actes-20e-aniversari-esplai-geps\/#breadcrumb","itemListElement":[{"@type":"ListItem","position":1,"name":"Inici","item":"https:\/\/www.esplac.cat\/es\/"},{"@type":"ListItem","position":2,"name":"Una exposici\u00f3 de fotografies inicia els actes del 20\u00e9 aniversari de l&#8217;esplai GEPS"}]},{"@type":"WebSite","@id":"https:\/\/www.esplac.cat\/#website","url":"https:\/\/www.esplac.cat\/","name":"Esplac","description":"Esplais Catalans","publisher":{"@id":"https:\/\/www.esplac.cat\/#organization"},"potentialAction":[{"@type":"SearchAction","target":{"@type":"EntryPoint","urlTemplate":"https:\/\/www.esplac.cat\/?s={search_term_string}"},"query-input":{"@type":"PropertyValueSpecification","valueRequired":true,"valueName":"search_term_string"}}],"inLanguage":"es"},{"@type":"Organization","@id":"https:\/\/www.esplac.cat\/#organization","name":"Esplac","url":"https:\/\/www.esplac.cat\/","logo":{"@type":"ImageObject","inLanguage":"es","@id":"https:\/\/www.esplac.cat\/#\/schema\/logo\/image\/","url":"https:\/\/www.esplac.cat\/wp-content\/uploads\/2019\/08\/logox2.png","contentUrl":"https:\/\/www.esplac.cat\/wp-content\/uploads\/2019\/08\/logox2.png","width":600,"height":295,"caption":"Esplac"},"image":{"@id":"https:\/\/www.esplac.cat\/#\/schema\/logo\/image\/"}},{"@type":"Person","@id":"https:\/\/www.esplac.cat\/#\/schema\/person\/908383cf240be18b68f8855d0583faca","name":"Comunicaci\u00f3 Esplac","image":{"@type":"ImageObject","inLanguage":"es","@id":"https:\/\/secure.gravatar.com\/avatar\/7a4cf8feb412a76ea4a740ca02d95b06b2907b5a6c648c2dd0a1082a093c3141?s=96&d=mm&r=g","url":"https:\/\/secure.gravatar.com\/avatar\/7a4cf8feb412a76ea4a740ca02d95b06b2907b5a6c648c2dd0a1082a093c3141?s=96&d=mm&r=g","contentUrl":"https:\/\/secure.gravatar.com\/avatar\/7a4cf8feb412a76ea4a740ca02d95b06b2907b5a6c648c2dd0a1082a093c3141?s=96&d=mm&r=g","caption":"Comunicaci\u00f3 Esplac"}}]}},"_links":{"self":[{"href":"https:\/\/www.esplac.cat\/es\/wp-json\/wp\/v2\/posts\/25816","targetHints":{"allow":["GET"]}}],"collection":[{"href":"https:\/\/www.esplac.cat\/es\/wp-json\/wp\/v2\/posts"}],"about":[{"href":"https:\/\/www.esplac.cat\/es\/wp-json\/wp\/v2\/types\/post"}],"author":[{"embeddable":true,"href":"https:\/\/www.esplac.cat\/es\/wp-json\/wp\/v2\/users\/3"}],"replies":[{"embeddable":true,"href":"https:\/\/www.esplac.cat\/es\/wp-json\/wp\/v2\/comments?post=25816"}],"version-history":[{"count":0,"href":"https:\/\/www.esplac.cat\/es\/wp-json\/wp\/v2\/posts\/25816\/revisions"}],"wp:featuredmedia":[{"embeddable":true,"href":"https:\/\/www.esplac.cat\/es\/wp-json\/"}],"wp:attachment":[{"href":"https:\/\/www.esplac.cat\/es\/wp-json\/wp\/v2\/media?parent=25816"}],"wp:term":[{"taxonomy":"category","embeddable":true,"href":"https:\/\/www.esplac.cat\/es\/wp-json\/wp\/v2\/categories?post=25816"},{"taxonomy":"post_tag","embeddable":true,"href":"https:\/\/www.esplac.cat\/es\/wp-json\/wp\/v2\/tags?post=25816"}],"curies":[{"name":"wp","href":"https:\/\/api.w.org\/{rel}","templated":true}]}}