{"id":25818,"date":"2014-02-05T19:17:49","date_gmt":"2014-02-05T17:17:49","guid":{"rendered":"http:\/\/esplac.cat\/?p=4585"},"modified":"2014-02-05T19:17:49","modified_gmt":"2014-02-05T17:17:49","slug":"intercanvis-internacionals-2014-feu-la-vostra-proposta","status":"publish","type":"post","link":"https:\/\/www.esplac.cat\/es\/intercanvis-internacionals-2014-feu-la-vostra-proposta\/","title":{"rendered":"Intercanvis internacionals 2014: feu la vostra proposta!"},"content":{"rendered":"<p><!--:CA--><\/p>\n<p dir=\"ltr\">A tots\/es aquells\/es que esteu planificant les activitats d\u2019estiu, us volem preguntar: com n\u2019\u00e9s d\u2019aventurer el vostre esplai? Us imagineu con\u00e8ixer una altra cultura? Us atreviu a comunicar-vos en una altra llengua, tastar nous sabors i viure noves experi\u00e8ncies? Us agraden els reptes? Si heu respost que s\u00ed, aleshores ja us podeu plantejar organitzar un intercanvi internacional!<\/p>\n<p dir=\"ltr\">Com sabeu, des d\u2019Esplac apostem per l\u2019internacionalisme per ser el valor que, potenciant-lo, ens permet con\u00e8ixer el nostre entorn i transformar-lo aix\u00ed com desenvolupar una consci\u00e8ncia de responsabilitat mundial compartida. L\u2019Estel Buch ho explica molt b\u00e9 en aquest<a href=\"http:\/\/www.somesplai.cat\/2013\/07\/15\/together-for-diversity-internacionalisme-i-campaments\/\" target=\"_blank\" rel=\"noopener noreferrer\"> article<\/a> publicat ja fa uns mesos al Som Esplai, arrel de l\u2019organitzaci\u00f3 del Together for Diversity l\u2019estiu passat. Esperem que us inspiri i us animeu!<\/p>\n<p dir=\"ltr\"><strong>Tots els esplais que ja us hagueu decidit o esteu pensant fer un intercanvi internacional, feu una proposta al vostre o a la vostra coordinadora de projectes de sector el m\u00e9s aviat possible.<\/strong> Per comen\u00e7ar a preparar el projecte hi ha moltes coses a decidir en les quals us podem donar suport: quantes persones volem participar-hi? Ens associem amb algun altre esplai per fer l\u2019intercanvi? Quina regi\u00f3 europea voldr\u00edem con\u00e8ixer? Quines tem\u00e0tiques ens interessen m\u00e9s? Volem marxar o acollir? Quin cost tindr\u00e0 l\u2019intercanvi i com ho finan\u00e7arem?<\/p>\n<p dir=\"ltr\">Recentment, la Comissi\u00f3 Europea ha estrenat el programa <strong>Erasmus Plus<\/strong> que podria finan\u00e7ar en part el vostre projecte, tal i com anteriorment feia el programa Youth in Action. Aix\u00f2 s\u00ed, us haureu d\u2019afanyar per a presentar el vostre projecte a temps, ja que <strong>la data l\u00edmit d\u2019entrega \u00e9s el 17 de mar\u00e7 a les 12.00 del migdia<\/strong>. Podeu veure quins s\u00f3n els\u00a0<a href=\"http:\/\/www.juventudenaccion.injuve.es\/modules\/news\/news_0192.html\" target=\"_blank\" rel=\"noopener noreferrer\">primers passos<\/a> per a registrar la vostra sol\u00b7licitud i descarregar-vos el<a href=\"http:\/\/ec.europa.eu\/programmes\/erasmus-plus\/documents\/form\/youth_mobility_en.pdf\" target=\"_blank\" rel=\"noopener noreferrer\"> formulari de sol\u00b7licitud<\/a> per anar-vos-hi familiaritzant. Des d\u2019Esplac us assessorarem!<\/p>\n<p>En breu en publicarem informaci\u00f3 m\u00e9s detallada. Stay tuned!<!--:--><!--:es-->&nbsp;<\/p>\n<p><!--:--><!--:en-->&nbsp;<\/p>\n<p><!--:--><!--:fr-->&nbsp;<\/p>\n<p><!--:--><\/p>\n","protected":false},"excerpt":{"rendered":"<p>A tots\/es aquells\/es que esteu planificant les activitats d\u2019estiu, us [&hellip;]<\/p>\n","protected":false},"author":3,"featured_media":0,"comment_status":"open","ping_status":"open","sticky":false,"template":"","format":"standard","meta":{"om_disable_all_campaigns":false,"_monsterinsights_skip_tracking":false,"_monsterinsights_sitenote_active":false,"_monsterinsights_sitenote_note":"","_monsterinsights_sitenote_category":0,"_uf_show_specific_survey":0,"_uf_disable_surveys":false,"footnotes":""},"categories":[1117,1112],"tags":[197,101,74,198],"class_list":["post-25818","post","type-post","status-publish","format-standard","hentry","category-activitats-esplais","category-esplac-al-mon","tag-erasmus-plus","tag-esplaisfemlestiu","tag-intercanvis-internacionals","tag-internacionlisme"],"yoast_head":"<!-- This site is optimized with the Yoast SEO plugin v27.4 - https:\/\/yoast.com\/product\/yoast-seo-wordpress\/ -->\n<title>Intercanvis internacionals 2014: feu la vostra proposta! - Esplac<\/title>\n<meta name=\"robots\" content=\"index, follow, max-snippet:-1, max-image-preview:large, max-video-preview:-1\" \/>\n<link rel=\"canonical\" href=\"https:\/\/www.esplac.cat\/intercanvis-internacionals-2014-feu-la-vostra-proposta\/\" \/>\n<meta property=\"og:locale\" content=\"es_ES\" \/>\n<meta property=\"og:type\" content=\"article\" \/>\n<meta property=\"og:title\" content=\"Intercanvis internacionals 2014: feu la vostra proposta! - Esplac\" \/>\n<meta property=\"og:description\" content=\"A tots\/es aquells\/es que esteu planificant les activitats d\u2019estiu, us [&hellip;]\" \/>\n<meta property=\"og:url\" content=\"https:\/\/www.esplac.cat\/intercanvis-internacionals-2014-feu-la-vostra-proposta\/\" \/>\n<meta property=\"og:site_name\" content=\"Esplac\" \/>\n<meta property=\"article:published_time\" content=\"2014-02-05T17:17:49+00:00\" \/>\n<meta property=\"og:image\" content=\"https:\/\/www.esplac.cat\/wp-content\/uploads\/2019\/11\/logo-open.jpg\" \/>\n\t<meta property=\"og:image:width\" content=\"1200\" \/>\n\t<meta property=\"og:image:height\" content=\"630\" \/>\n\t<meta property=\"og:image:type\" content=\"image\/jpeg\" \/>\n<meta name=\"author\" content=\"Comunicaci\u00f3 Esplac\" \/>\n<meta name=\"twitter:card\" content=\"summary_large_image\" \/>\n<meta name=\"twitter:label1\" content=\"Escrito por\" \/>\n\t<meta name=\"twitter:data1\" content=\"Comunicaci\u00f3 Esplac\" \/>\n\t<meta name=\"twitter:label2\" content=\"Tiempo de lectura\" \/>\n\t<meta name=\"twitter:data2\" content=\"2 minutos\" \/>\n<script type=\"application\/ld+json\" class=\"yoast-schema-graph\">{\"@context\":\"https:\\\/\\\/schema.org\",\"@graph\":[{\"@type\":\"Article\",\"@id\":\"https:\\\/\\\/www.esplac.cat\\\/intercanvis-internacionals-2014-feu-la-vostra-proposta\\\/#article\",\"isPartOf\":{\"@id\":\"https:\\\/\\\/www.esplac.cat\\\/intercanvis-internacionals-2014-feu-la-vostra-proposta\\\/\"},\"author\":{\"name\":\"Comunicaci\u00f3 Esplac\",\"@id\":\"https:\\\/\\\/www.esplac.cat\\\/#\\\/schema\\\/person\\\/908383cf240be18b68f8855d0583faca\"},\"headline\":\"Intercanvis internacionals 2014: feu la vostra proposta!\",\"datePublished\":\"2014-02-05T17:17:49+00:00\",\"mainEntityOfPage\":{\"@id\":\"https:\\\/\\\/www.esplac.cat\\\/intercanvis-internacionals-2014-feu-la-vostra-proposta\\\/\"},\"wordCount\":338,\"commentCount\":0,\"publisher\":{\"@id\":\"https:\\\/\\\/www.esplac.cat\\\/#organization\"},\"keywords\":[\"Erasmus Plus\",\"esplaisfemlestiu\",\"intercanvis internacionals\",\"internacionlisme\"],\"articleSection\":[\"Activitats esplais\",\"Esplac al m\u00f3n\"],\"inLanguage\":\"es\",\"potentialAction\":[{\"@type\":\"CommentAction\",\"name\":\"Comment\",\"target\":[\"https:\\\/\\\/www.esplac.cat\\\/intercanvis-internacionals-2014-feu-la-vostra-proposta\\\/#respond\"]}]},{\"@type\":\"WebPage\",\"@id\":\"https:\\\/\\\/www.esplac.cat\\\/intercanvis-internacionals-2014-feu-la-vostra-proposta\\\/\",\"url\":\"https:\\\/\\\/www.esplac.cat\\\/intercanvis-internacionals-2014-feu-la-vostra-proposta\\\/\",\"name\":\"Intercanvis internacionals 2014: feu la vostra proposta! - Esplac\",\"isPartOf\":{\"@id\":\"https:\\\/\\\/www.esplac.cat\\\/#website\"},\"datePublished\":\"2014-02-05T17:17:49+00:00\",\"breadcrumb\":{\"@id\":\"https:\\\/\\\/www.esplac.cat\\\/intercanvis-internacionals-2014-feu-la-vostra-proposta\\\/#breadcrumb\"},\"inLanguage\":\"es\",\"potentialAction\":[{\"@type\":\"ReadAction\",\"target\":[\"https:\\\/\\\/www.esplac.cat\\\/intercanvis-internacionals-2014-feu-la-vostra-proposta\\\/\"]}]},{\"@type\":\"BreadcrumbList\",\"@id\":\"https:\\\/\\\/www.esplac.cat\\\/intercanvis-internacionals-2014-feu-la-vostra-proposta\\\/#breadcrumb\",\"itemListElement\":[{\"@type\":\"ListItem\",\"position\":1,\"name\":\"Inici\",\"item\":\"https:\\\/\\\/www.esplac.cat\\\/es\\\/\"},{\"@type\":\"ListItem\",\"position\":2,\"name\":\"Intercanvis internacionals 2014: feu la vostra proposta!\"}]},{\"@type\":\"WebSite\",\"@id\":\"https:\\\/\\\/www.esplac.cat\\\/#website\",\"url\":\"https:\\\/\\\/www.esplac.cat\\\/\",\"name\":\"Esplac\",\"description\":\"Esplais Catalans\",\"publisher\":{\"@id\":\"https:\\\/\\\/www.esplac.cat\\\/#organization\"},\"potentialAction\":[{\"@type\":\"SearchAction\",\"target\":{\"@type\":\"EntryPoint\",\"urlTemplate\":\"https:\\\/\\\/www.esplac.cat\\\/?s={search_term_string}\"},\"query-input\":{\"@type\":\"PropertyValueSpecification\",\"valueRequired\":true,\"valueName\":\"search_term_string\"}}],\"inLanguage\":\"es\"},{\"@type\":\"Organization\",\"@id\":\"https:\\\/\\\/www.esplac.cat\\\/#organization\",\"name\":\"Esplac\",\"url\":\"https:\\\/\\\/www.esplac.cat\\\/\",\"logo\":{\"@type\":\"ImageObject\",\"inLanguage\":\"es\",\"@id\":\"https:\\\/\\\/www.esplac.cat\\\/#\\\/schema\\\/logo\\\/image\\\/\",\"url\":\"https:\\\/\\\/www.esplac.cat\\\/wp-content\\\/uploads\\\/2019\\\/08\\\/logox2.png\",\"contentUrl\":\"https:\\\/\\\/www.esplac.cat\\\/wp-content\\\/uploads\\\/2019\\\/08\\\/logox2.png\",\"width\":600,\"height\":295,\"caption\":\"Esplac\"},\"image\":{\"@id\":\"https:\\\/\\\/www.esplac.cat\\\/#\\\/schema\\\/logo\\\/image\\\/\"}},{\"@type\":\"Person\",\"@id\":\"https:\\\/\\\/www.esplac.cat\\\/#\\\/schema\\\/person\\\/908383cf240be18b68f8855d0583faca\",\"name\":\"Comunicaci\u00f3 Esplac\",\"image\":{\"@type\":\"ImageObject\",\"inLanguage\":\"es\",\"@id\":\"https:\\\/\\\/secure.gravatar.com\\\/avatar\\\/7a4cf8feb412a76ea4a740ca02d95b06b2907b5a6c648c2dd0a1082a093c3141?s=96&d=mm&r=g\",\"url\":\"https:\\\/\\\/secure.gravatar.com\\\/avatar\\\/7a4cf8feb412a76ea4a740ca02d95b06b2907b5a6c648c2dd0a1082a093c3141?s=96&d=mm&r=g\",\"contentUrl\":\"https:\\\/\\\/secure.gravatar.com\\\/avatar\\\/7a4cf8feb412a76ea4a740ca02d95b06b2907b5a6c648c2dd0a1082a093c3141?s=96&d=mm&r=g\",\"caption\":\"Comunicaci\u00f3 Esplac\"}}]}<\/script>\n<!-- \/ Yoast SEO plugin. -->","yoast_head_json":{"title":"Intercanvis internacionals 2014: feu la vostra proposta! - Esplac","robots":{"index":"index","follow":"follow","max-snippet":"max-snippet:-1","max-image-preview":"max-image-preview:large","max-video-preview":"max-video-preview:-1"},"canonical":"https:\/\/www.esplac.cat\/intercanvis-internacionals-2014-feu-la-vostra-proposta\/","og_locale":"es_ES","og_type":"article","og_title":"Intercanvis internacionals 2014: feu la vostra proposta! - Esplac","og_description":"A tots\/es aquells\/es que esteu planificant les activitats d\u2019estiu, us [&hellip;]","og_url":"https:\/\/www.esplac.cat\/intercanvis-internacionals-2014-feu-la-vostra-proposta\/","og_site_name":"Esplac","article_published_time":"2014-02-05T17:17:49+00:00","og_image":[{"width":1200,"height":630,"url":"https:\/\/www.esplac.cat\/wp-content\/uploads\/2019\/11\/logo-open.jpg","type":"image\/jpeg"}],"author":"Comunicaci\u00f3 Esplac","twitter_card":"summary_large_image","twitter_misc":{"Escrito por":"Comunicaci\u00f3 Esplac","Tiempo de lectura":"2 minutos"},"schema":{"@context":"https:\/\/schema.org","@graph":[{"@type":"Article","@id":"https:\/\/www.esplac.cat\/intercanvis-internacionals-2014-feu-la-vostra-proposta\/#article","isPartOf":{"@id":"https:\/\/www.esplac.cat\/intercanvis-internacionals-2014-feu-la-vostra-proposta\/"},"author":{"name":"Comunicaci\u00f3 Esplac","@id":"https:\/\/www.esplac.cat\/#\/schema\/person\/908383cf240be18b68f8855d0583faca"},"headline":"Intercanvis internacionals 2014: feu la vostra proposta!","datePublished":"2014-02-05T17:17:49+00:00","mainEntityOfPage":{"@id":"https:\/\/www.esplac.cat\/intercanvis-internacionals-2014-feu-la-vostra-proposta\/"},"wordCount":338,"commentCount":0,"publisher":{"@id":"https:\/\/www.esplac.cat\/#organization"},"keywords":["Erasmus Plus","esplaisfemlestiu","intercanvis internacionals","internacionlisme"],"articleSection":["Activitats esplais","Esplac al m\u00f3n"],"inLanguage":"es","potentialAction":[{"@type":"CommentAction","name":"Comment","target":["https:\/\/www.esplac.cat\/intercanvis-internacionals-2014-feu-la-vostra-proposta\/#respond"]}]},{"@type":"WebPage","@id":"https:\/\/www.esplac.cat\/intercanvis-internacionals-2014-feu-la-vostra-proposta\/","url":"https:\/\/www.esplac.cat\/intercanvis-internacionals-2014-feu-la-vostra-proposta\/","name":"Intercanvis internacionals 2014: feu la vostra proposta! - Esplac","isPartOf":{"@id":"https:\/\/www.esplac.cat\/#website"},"datePublished":"2014-02-05T17:17:49+00:00","breadcrumb":{"@id":"https:\/\/www.esplac.cat\/intercanvis-internacionals-2014-feu-la-vostra-proposta\/#breadcrumb"},"inLanguage":"es","potentialAction":[{"@type":"ReadAction","target":["https:\/\/www.esplac.cat\/intercanvis-internacionals-2014-feu-la-vostra-proposta\/"]}]},{"@type":"BreadcrumbList","@id":"https:\/\/www.esplac.cat\/intercanvis-internacionals-2014-feu-la-vostra-proposta\/#breadcrumb","itemListElement":[{"@type":"ListItem","position":1,"name":"Inici","item":"https:\/\/www.esplac.cat\/es\/"},{"@type":"ListItem","position":2,"name":"Intercanvis internacionals 2014: feu la vostra proposta!"}]},{"@type":"WebSite","@id":"https:\/\/www.esplac.cat\/#website","url":"https:\/\/www.esplac.cat\/","name":"Esplac","description":"Esplais Catalans","publisher":{"@id":"https:\/\/www.esplac.cat\/#organization"},"potentialAction":[{"@type":"SearchAction","target":{"@type":"EntryPoint","urlTemplate":"https:\/\/www.esplac.cat\/?s={search_term_string}"},"query-input":{"@type":"PropertyValueSpecification","valueRequired":true,"valueName":"search_term_string"}}],"inLanguage":"es"},{"@type":"Organization","@id":"https:\/\/www.esplac.cat\/#organization","name":"Esplac","url":"https:\/\/www.esplac.cat\/","logo":{"@type":"ImageObject","inLanguage":"es","@id":"https:\/\/www.esplac.cat\/#\/schema\/logo\/image\/","url":"https:\/\/www.esplac.cat\/wp-content\/uploads\/2019\/08\/logox2.png","contentUrl":"https:\/\/www.esplac.cat\/wp-content\/uploads\/2019\/08\/logox2.png","width":600,"height":295,"caption":"Esplac"},"image":{"@id":"https:\/\/www.esplac.cat\/#\/schema\/logo\/image\/"}},{"@type":"Person","@id":"https:\/\/www.esplac.cat\/#\/schema\/person\/908383cf240be18b68f8855d0583faca","name":"Comunicaci\u00f3 Esplac","image":{"@type":"ImageObject","inLanguage":"es","@id":"https:\/\/secure.gravatar.com\/avatar\/7a4cf8feb412a76ea4a740ca02d95b06b2907b5a6c648c2dd0a1082a093c3141?s=96&d=mm&r=g","url":"https:\/\/secure.gravatar.com\/avatar\/7a4cf8feb412a76ea4a740ca02d95b06b2907b5a6c648c2dd0a1082a093c3141?s=96&d=mm&r=g","contentUrl":"https:\/\/secure.gravatar.com\/avatar\/7a4cf8feb412a76ea4a740ca02d95b06b2907b5a6c648c2dd0a1082a093c3141?s=96&d=mm&r=g","caption":"Comunicaci\u00f3 Esplac"}}]}},"_links":{"self":[{"href":"https:\/\/www.esplac.cat\/es\/wp-json\/wp\/v2\/posts\/25818","targetHints":{"allow":["GET"]}}],"collection":[{"href":"https:\/\/www.esplac.cat\/es\/wp-json\/wp\/v2\/posts"}],"about":[{"href":"https:\/\/www.esplac.cat\/es\/wp-json\/wp\/v2\/types\/post"}],"author":[{"embeddable":true,"href":"https:\/\/www.esplac.cat\/es\/wp-json\/wp\/v2\/users\/3"}],"replies":[{"embeddable":true,"href":"https:\/\/www.esplac.cat\/es\/wp-json\/wp\/v2\/comments?post=25818"}],"version-history":[{"count":0,"href":"https:\/\/www.esplac.cat\/es\/wp-json\/wp\/v2\/posts\/25818\/revisions"}],"wp:attachment":[{"href":"https:\/\/www.esplac.cat\/es\/wp-json\/wp\/v2\/media?parent=25818"}],"wp:term":[{"taxonomy":"category","embeddable":true,"href":"https:\/\/www.esplac.cat\/es\/wp-json\/wp\/v2\/categories?post=25818"},{"taxonomy":"post_tag","embeddable":true,"href":"https:\/\/www.esplac.cat\/es\/wp-json\/wp\/v2\/tags?post=25818"}],"curies":[{"name":"wp","href":"https:\/\/api.w.org\/{rel}","templated":true}]}}