{"id":25820,"date":"2014-01-31T19:00:28","date_gmt":"2014-01-31T17:00:28","guid":{"rendered":"http:\/\/esplac.cat\/?p=4558"},"modified":"2019-11-14T13:33:27","modified_gmt":"2019-11-14T11:33:27","slug":"ultims-tres-dies-inscripcions-escola-esplac","status":"publish","type":"post","link":"https:\/\/www.esplac.cat\/es\/ultims-tres-dies-inscripcions-escola-esplac\/","title":{"rendered":"\u00daltims tres dies d&#8217;inscripcions a l&#8217;Escola d&#8217;Esplac!"},"content":{"rendered":"<p><!--:CA--><\/p>\n<p dir=\"ltr\"><strong>Ja som 60 participants a l&#8217;<a href=\"http:\/\/esplac.cat\/viu-debat-escola-esplac-2014\/\" target=\"_blank\" rel=\"noopener noreferrer\">Escola<\/a><a href=\"http:\/\/esplac.cat\/viu-debat-escola-esplac-2014\/\" target=\"_blank\" rel=\"noopener noreferrer\"> d&#8217;Esplac 2014<\/a>! Us recordem que les inscripcions es fan a trav\u00e9s de l&#8217;<a title=\"assac\" href=\"http:\/\/assac.esplac.cat\" target=\"_blank\" rel=\"noopener noreferrer\">ASSAC on-line<\/a> i que es tanquen el diumenge dia 2 a les 23:55h.<\/strong><\/p>\n<p dir=\"ltr\">Estem treballant juntament amb l\u2019<a href=\"http:\/\/www.escolaelsol.org\/\" target=\"_blank\" rel=\"noopener noreferrer\">Escola<\/a><a href=\"http:\/\/www.escolaelsol.org\/\" target=\"_blank\" rel=\"noopener noreferrer\"> Lliure el Sol<\/a> i l\u2019<a href=\"http:\/\/www.rosasensat.org\/\" target=\"_blank\" rel=\"noopener noreferrer\">Associaci\u00f3<\/a><a href=\"http:\/\/www.rosasensat.org\/\" target=\"_blank\" rel=\"noopener noreferrer\"> de Mestres Rosa Sensat<\/a> perqu\u00e8 aquesta edici\u00f3 sigui encara m\u00e9s potent que el 2013, portant a 30 ponents que ens donaran la seva visi\u00f3 i debatran amb nosaltres sobre les eines i els contextos educatius de l\u2019esplai.<\/p>\n<p dir=\"ltr\">Per aquelles que ja us heu apuntat, us avancem la llista de pon\u00e8ncies confirmades. I per les que encara no ho heu fet, feu un cop d&#8217;ull! Us ho perdreu?!<\/p>\n<ul>\n<li><strong>Ana Novella<\/strong>. Professora del Departament de Teoria i Hist\u00f2ria de l\u2019Educaci\u00f3 i membre del Grup de Recerca en Educaci&amp;o acute; Moral (GREM) de la Universitat de Barcelona. Assessora el projecte de participaci\u00f3 infantil i dinamitza el consell d\u2019infants de l\u2019Ajuntament de Sant Feliu. Ha participat en el projecte de recerca I+D+I \u201cParticipaci\u00f3 infantil i construcci\u00f3 de la ciutadania\u201d dirigit per Jaume Trilla.<\/li>\n<\/ul>\n<ul>\n<li><strong>Am\u00e0lia Ramoneda i Riembau<\/strong>. <a href=\"http:\/\/www.rosasensat.org\/biblioteca\/\" target=\"_blank\" rel=\"noopener noreferrer\">Bibliotec\u00e0ria de l&#8217;Associaci\u00f3 de Mestres Rosa Sensat<\/a> i membre de la Fundaci\u00f3 Marta Mata. Ha participat com a formadora als cursos associatius d&#8217;estiu a Saifores.<\/li>\n<\/ul>\n<ul>\n<li><strong>Benjam\u00ed Aguilar<\/strong>. Ha estat secretari general de Minyons Escoltes i Guies de Catalunya i ex-president del Consell Nacional de Joventut de Catalunya. Actualment est\u00e0 impulsant el projecte cooperatiu <a href=\"http:\/\/www.granollerspedala.cat\/\" target=\"_blank\" rel=\"noopener noreferrer\">Granollers Pedala<\/a> i \u00e9s l\u2019autor del blog <a href=\"http:\/\/afersdomestics.wordpress.com\/\" target=\"_blank\" rel=\"noopener noreferrer\">Afers Dom\u00e8stics<\/a>.<\/li>\n<\/ul>\n<ul>\n<li><strong>Claus Jensen<\/strong>. Reconegut pedagog de Dinamarca amb molta experi\u00e8ncia a Catalunya que ens aportar\u00e0 les semblances i difer\u00e8ncies de l&#8217;educaci\u00f3 catalana i l&#8217;educaci\u00f3 n\u00f2rdica. Ha participat durant 10 anys a l&#8217;escola d&#8217;estiu de Rosa Sensat.<\/li>\n<\/ul>\n<ul>\n<li><strong>David Mackay<\/strong>. Arquitecte <a href=\"http:\/\/ca.wikipedia.org\/wiki\/Regne_Unit\" target=\"_blank\" rel=\"noopener noreferrer\">brit\u00e0nic<\/a> i soci de MBM arquitectes. Entre altres projectes ha treballat en el disseny per a la renovaci\u00f3 de la zona del port Ol\u00edmpic de Barcelona i la construcci\u00f3 de La Vila Ol\u00edmpica del Poblenou el 1992. Autor del llibre \u00abOn Life and Architecture\u00bb (2013).<\/li>\n<\/ul>\n<ul>\n<li><strong>Ester Bonal<\/strong>. Professora de m\u00fasica i cap d&#8217;estudis de Can Ponsic (Escola de M\u00fasica Municipal de Barcelona). Des del 2008 dirigeix el <a href=\"http:\/\/xamfra.net\/\" target=\"_blank\" rel=\"noopener noreferrer\">Xamfr\u00e0<\/a>, centre de m\u00fasica i escena del Raval per la inclusi\u00f3 social (una iniciativa de la Fundaci\u00f3 l&#8217;ARC M\u00fasica). \u00c9s coautora, junt amb Marta i Nuri Casas del llibre Diversita&#8217;t, can\u00e7ons, jocs i danses per a la conviv\u00e8ncia. Membre de <a href=\"http:\/\/www.telermusica.com\/\" target=\"_blank\" rel=\"noopener noreferrer\">EL TELER de M\u00daSICA<\/a>, un centre de recursos did\u00e0ctics musicals online per a mestres i educadors.<\/li>\n<\/ul>\n<ul>\n<li><strong>Ferm\u00edn Rodr\u00edguez<\/strong>. Mestre i psicopedagog i m\u00e0ster en Educaci\u00f3 per a la ciutadania i valors. \u00c9s formador de l\u2019Escola Lliure el Sol en Pedagogia i professor tutor a la UNED en Educaci\u00f3 Social i Pedagogia.<\/li>\n<li>\n<p id=\"docs-internal-guid-36343cf2-e941-4e7e-5945-d077df8b0991\" dir=\"ltr\"><strong>Francesca Nogales<\/strong>. \u00c9s soci\u00f2loga. Formadora de l\u2019Escola Lliure el Sol en ideari, sociologia i gesti\u00f3 de conflictes. Tamb\u00e9 \u00e9s formadora de <a href=\"https:\/\/roaenaccio.wordpress.com\/\">Formacci\u00f3<\/a>.<\/p>\n<\/li>\n<\/ul>\n<ul>\n<li><strong><a href=\"http:\/\/www.guixotde8.com\/\" target=\"_blank\" rel=\"noopener noreferrer\">Guixot de 8<\/a><\/strong>. Equip de persones que a m\u00e9s a m\u00e9s de voler fer el millor joc del m\u00f3n, vol aportar una manera original i creativa de passar-s&#8217;ho b\u00e9 en les festes de tota mena i per a tots els p\u00fablics. Fan jocs nous amb materials vells i al llarg de 20 anys d&#8217;hist\u00f2ria han donat una nova vida a unes 10 tones de ferralla, convertint-la en uns 300 jocs.<\/li>\n<\/ul>\n<ul>\n<li><strong>Joffre Villanueva<\/strong>. Doctorand en ci\u00e8ncies pol\u00edtiques. \u00c9s soci col\u00b7laborador d&#8217;Esp lac i va formar per de l&#8217;equip de direcci\u00f3. Tamb\u00e9 ha estat secretari general de l&#8217;MLP i ex-president del Consell de Joventut de Barcelona. Autor del bloc <a href=\"http:\/\/perspectivalaica.wordpress.com\/\" target=\"_blank\" rel=\"noopener noreferrer\">Perspectiva Laica<\/a>.<\/li>\n<\/ul>\n<ul>\n<li><strong>Marina Mir<\/strong>. \u00c9s una de les pioneres en el moviment de l&#8217;educaci\u00f3 ambiental a Catalunya. Bi\u00f2loga, professora i una gran amant i defensora de la natura.<\/li>\n<\/ul>\n<ul>\n<li><strong><a href=\"http:\/\/www.vivimdelcuentu.org\/\" target=\"_blank\" rel=\"noopener noreferrer\">Vivim del Cuentu<\/a><\/strong>. Grup de 7 rondallaires que des 2006 fan arribar els contes i les hist\u00f2ries de la tradici\u00f3 a petits i grans d&#8217;arreu del pa\u00eds. Defensen el poder dels contes per a educar, per a fer pensar, per a transmetre valors i tamb\u00e9, \u00e9s clar, per a entretenir i potenciar la imaginaci\u00f3 i la creativitat dels nens i nenes.<\/li>\n<\/ul>\n<p>No et quedis amb els noms, viu el debat!<\/p>\n<p><iframe class=\"fusion-hidden\" data-privacy-type=\"youtube\" src=\"\" data-privacy-src=\"\/\/www.youtube.com\/embed\/Jgs860yTcUE\" frameborder=\"0\" width=\"400\" height=\"225\"><\/iframe><div class=\"fusion-privacy-placeholder\" style=\"width:400px; height:225px;\" data-privacy-type=\"youtube\"><div class=\"fusion-privacy-placeholder-content\"><div class=\"fusion-privacy-label\">For privacy reasons YouTube needs your permission to be loaded. For more details, please see our <a class=\"privacy-policy-link\" href=\"https:\/\/www.esplac.cat\/avis-legal\/\" rel=\"privacy-policy\">Av\u00eds Legal<\/a>.<\/div><a href=\"\" data-privacy-type=\"youtube\" class=\"fusion-button button-default fusion-button-default-size button fusion-privacy-consent\">I Accept<\/a><\/div><\/div><!--:--><!--:es-->&nbsp;<\/p>\n<p><!--:--><!--:en-->&nbsp;<\/p>\n<p><!--:--><!--:fr-->&nbsp;<\/p>\n<p><!--:--><\/p>\n","protected":false},"excerpt":{"rendered":"<p>Ja som 60 participants a l&#8217;Escola d&#8217;Esplac 2014! Us recordem [&hellip;]<\/p>\n","protected":false},"author":3,"featured_media":25628,"comment_status":"closed","ping_status":"open","sticky":false,"template":"","format":"standard","meta":{"om_disable_all_campaigns":false,"_monsterinsights_skip_tracking":false,"_monsterinsights_sitenote_active":false,"_monsterinsights_sitenote_note":"","_monsterinsights_sitenote_category":0,"_uf_show_specific_survey":0,"_uf_disable_surveys":false,"footnotes":""},"categories":[1111,1129,1164],"tags":[184],"class_list":["post-25820","post","type-post","status-publish","format-standard","has-post-thumbnail","hentry","category-activitats-esplac","category-escola-desplac","category-gestio-de-conflictes","tag-escola-desplac"],"yoast_head":"<!-- This site is optimized with the Yoast SEO plugin v27.4 - https:\/\/yoast.com\/product\/yoast-seo-wordpress\/ -->\n<title>\u00daltims tres dies d&#039;inscripcions a l&#039;Escola d&#039;Esplac! - Esplac<\/title>\n<meta name=\"robots\" content=\"index, follow, max-snippet:-1, max-image-preview:large, max-video-preview:-1\" \/>\n<link rel=\"canonical\" href=\"https:\/\/www.esplac.cat\/en\/ultims-tres-dies-inscripcions-escola-esplac\/\" \/>\n<meta property=\"og:locale\" content=\"es_ES\" \/>\n<meta property=\"og:type\" content=\"article\" \/>\n<meta property=\"og:title\" content=\"\u00daltims tres dies d&#039;inscripcions a l&#039;Escola d&#039;Esplac! - Esplac\" \/>\n<meta property=\"og:description\" content=\"Ja som 60 participants a l&#8217;Escola d&#8217;Esplac 2014! Us recordem [&hellip;]\" \/>\n<meta property=\"og:url\" content=\"https:\/\/www.esplac.cat\/en\/ultims-tres-dies-inscripcions-escola-esplac\/\" \/>\n<meta property=\"og:site_name\" content=\"Esplac\" \/>\n<meta property=\"article:published_time\" content=\"2014-01-31T17:00:28+00:00\" \/>\n<meta property=\"article:modified_time\" content=\"2019-11-14T11:33:27+00:00\" \/>\n<meta property=\"og:image\" content=\"https:\/\/www.esplac.cat\/wp-content\/uploads\/2013\/02\/DSC08098.jpg\" \/>\n\t<meta property=\"og:image:width\" content=\"3872\" \/>\n\t<meta property=\"og:image:height\" content=\"2176\" \/>\n\t<meta property=\"og:image:type\" content=\"image\/jpeg\" \/>\n<meta name=\"author\" content=\"Comunicaci\u00f3 Esplac\" \/>\n<meta name=\"twitter:card\" content=\"summary_large_image\" \/>\n<meta name=\"twitter:label1\" content=\"Escrito por\" \/>\n\t<meta name=\"twitter:data1\" content=\"Comunicaci\u00f3 Esplac\" \/>\n\t<meta name=\"twitter:label2\" content=\"Tiempo de lectura\" \/>\n\t<meta name=\"twitter:data2\" content=\"3 minutos\" \/>\n<script type=\"application\/ld+json\" class=\"yoast-schema-graph\">{\"@context\":\"https:\\\/\\\/schema.org\",\"@graph\":[{\"@type\":\"Article\",\"@id\":\"https:\\\/\\\/www.esplac.cat\\\/en\\\/ultims-tres-dies-inscripcions-escola-esplac\\\/#article\",\"isPartOf\":{\"@id\":\"https:\\\/\\\/www.esplac.cat\\\/en\\\/ultims-tres-dies-inscripcions-escola-esplac\\\/\"},\"author\":{\"name\":\"Comunicaci\u00f3 Esplac\",\"@id\":\"https:\\\/\\\/www.esplac.cat\\\/#\\\/schema\\\/person\\\/908383cf240be18b68f8855d0583faca\"},\"headline\":\"\u00daltims tres dies d&#8217;inscripcions a l&#8217;Escola d&#8217;Esplac!\",\"datePublished\":\"2014-01-31T17:00:28+00:00\",\"dateModified\":\"2019-11-14T11:33:27+00:00\",\"mainEntityOfPage\":{\"@id\":\"https:\\\/\\\/www.esplac.cat\\\/en\\\/ultims-tres-dies-inscripcions-escola-esplac\\\/\"},\"wordCount\":726,\"publisher\":{\"@id\":\"https:\\\/\\\/www.esplac.cat\\\/#organization\"},\"image\":{\"@id\":\"https:\\\/\\\/www.esplac.cat\\\/en\\\/ultims-tres-dies-inscripcions-escola-esplac\\\/#primaryimage\"},\"thumbnailUrl\":\"https:\\\/\\\/www.esplac.cat\\\/wp-content\\\/uploads\\\/2013\\\/02\\\/DSC08098.jpg\",\"keywords\":[\"escola d'Esplac\"],\"articleSection\":[\"Activitats esplac\",\"Escola d'Esplac\",\"Gesti\u00f3 de conflictes\"],\"inLanguage\":\"es\"},{\"@type\":\"WebPage\",\"@id\":\"https:\\\/\\\/www.esplac.cat\\\/en\\\/ultims-tres-dies-inscripcions-escola-esplac\\\/\",\"url\":\"https:\\\/\\\/www.esplac.cat\\\/en\\\/ultims-tres-dies-inscripcions-escola-esplac\\\/\",\"name\":\"\u00daltims tres dies d'inscripcions a l'Escola d'Esplac! - Esplac\",\"isPartOf\":{\"@id\":\"https:\\\/\\\/www.esplac.cat\\\/#website\"},\"primaryImageOfPage\":{\"@id\":\"https:\\\/\\\/www.esplac.cat\\\/en\\\/ultims-tres-dies-inscripcions-escola-esplac\\\/#primaryimage\"},\"image\":{\"@id\":\"https:\\\/\\\/www.esplac.cat\\\/en\\\/ultims-tres-dies-inscripcions-escola-esplac\\\/#primaryimage\"},\"thumbnailUrl\":\"https:\\\/\\\/www.esplac.cat\\\/wp-content\\\/uploads\\\/2013\\\/02\\\/DSC08098.jpg\",\"datePublished\":\"2014-01-31T17:00:28+00:00\",\"dateModified\":\"2019-11-14T11:33:27+00:00\",\"breadcrumb\":{\"@id\":\"https:\\\/\\\/www.esplac.cat\\\/en\\\/ultims-tres-dies-inscripcions-escola-esplac\\\/#breadcrumb\"},\"inLanguage\":\"es\",\"potentialAction\":[{\"@type\":\"ReadAction\",\"target\":[\"https:\\\/\\\/www.esplac.cat\\\/en\\\/ultims-tres-dies-inscripcions-escola-esplac\\\/\"]}]},{\"@type\":\"ImageObject\",\"inLanguage\":\"es\",\"@id\":\"https:\\\/\\\/www.esplac.cat\\\/en\\\/ultims-tres-dies-inscripcions-escola-esplac\\\/#primaryimage\",\"url\":\"https:\\\/\\\/www.esplac.cat\\\/wp-content\\\/uploads\\\/2013\\\/02\\\/DSC08098.jpg\",\"contentUrl\":\"https:\\\/\\\/www.esplac.cat\\\/wp-content\\\/uploads\\\/2013\\\/02\\\/DSC08098.jpg\",\"width\":3872,\"height\":2176},{\"@type\":\"BreadcrumbList\",\"@id\":\"https:\\\/\\\/www.esplac.cat\\\/en\\\/ultims-tres-dies-inscripcions-escola-esplac\\\/#breadcrumb\",\"itemListElement\":[{\"@type\":\"ListItem\",\"position\":1,\"name\":\"Inici\",\"item\":\"https:\\\/\\\/www.esplac.cat\\\/es\\\/\"},{\"@type\":\"ListItem\",\"position\":2,\"name\":\"\u00daltims tres dies d&#8217;inscripcions a l&#8217;Escola d&#8217;Esplac!\"}]},{\"@type\":\"WebSite\",\"@id\":\"https:\\\/\\\/www.esplac.cat\\\/#website\",\"url\":\"https:\\\/\\\/www.esplac.cat\\\/\",\"name\":\"Esplac\",\"description\":\"Esplais Catalans\",\"publisher\":{\"@id\":\"https:\\\/\\\/www.esplac.cat\\\/#organization\"},\"potentialAction\":[{\"@type\":\"SearchAction\",\"target\":{\"@type\":\"EntryPoint\",\"urlTemplate\":\"https:\\\/\\\/www.esplac.cat\\\/?s={search_term_string}\"},\"query-input\":{\"@type\":\"PropertyValueSpecification\",\"valueRequired\":true,\"valueName\":\"search_term_string\"}}],\"inLanguage\":\"es\"},{\"@type\":\"Organization\",\"@id\":\"https:\\\/\\\/www.esplac.cat\\\/#organization\",\"name\":\"Esplac\",\"url\":\"https:\\\/\\\/www.esplac.cat\\\/\",\"logo\":{\"@type\":\"ImageObject\",\"inLanguage\":\"es\",\"@id\":\"https:\\\/\\\/www.esplac.cat\\\/#\\\/schema\\\/logo\\\/image\\\/\",\"url\":\"https:\\\/\\\/www.esplac.cat\\\/wp-content\\\/uploads\\\/2019\\\/08\\\/logox2.png\",\"contentUrl\":\"https:\\\/\\\/www.esplac.cat\\\/wp-content\\\/uploads\\\/2019\\\/08\\\/logox2.png\",\"width\":600,\"height\":295,\"caption\":\"Esplac\"},\"image\":{\"@id\":\"https:\\\/\\\/www.esplac.cat\\\/#\\\/schema\\\/logo\\\/image\\\/\"}},{\"@type\":\"Person\",\"@id\":\"https:\\\/\\\/www.esplac.cat\\\/#\\\/schema\\\/person\\\/908383cf240be18b68f8855d0583faca\",\"name\":\"Comunicaci\u00f3 Esplac\",\"image\":{\"@type\":\"ImageObject\",\"inLanguage\":\"es\",\"@id\":\"https:\\\/\\\/secure.gravatar.com\\\/avatar\\\/7a4cf8feb412a76ea4a740ca02d95b06b2907b5a6c648c2dd0a1082a093c3141?s=96&d=mm&r=g\",\"url\":\"https:\\\/\\\/secure.gravatar.com\\\/avatar\\\/7a4cf8feb412a76ea4a740ca02d95b06b2907b5a6c648c2dd0a1082a093c3141?s=96&d=mm&r=g\",\"contentUrl\":\"https:\\\/\\\/secure.gravatar.com\\\/avatar\\\/7a4cf8feb412a76ea4a740ca02d95b06b2907b5a6c648c2dd0a1082a093c3141?s=96&d=mm&r=g\",\"caption\":\"Comunicaci\u00f3 Esplac\"}}]}<\/script>\n<!-- \/ Yoast SEO plugin. -->","yoast_head_json":{"title":"\u00daltims tres dies d'inscripcions a l'Escola d'Esplac! - Esplac","robots":{"index":"index","follow":"follow","max-snippet":"max-snippet:-1","max-image-preview":"max-image-preview:large","max-video-preview":"max-video-preview:-1"},"canonical":"https:\/\/www.esplac.cat\/en\/ultims-tres-dies-inscripcions-escola-esplac\/","og_locale":"es_ES","og_type":"article","og_title":"\u00daltims tres dies d'inscripcions a l'Escola d'Esplac! - Esplac","og_description":"Ja som 60 participants a l&#8217;Escola d&#8217;Esplac 2014! Us recordem [&hellip;]","og_url":"https:\/\/www.esplac.cat\/en\/ultims-tres-dies-inscripcions-escola-esplac\/","og_site_name":"Esplac","article_published_time":"2014-01-31T17:00:28+00:00","article_modified_time":"2019-11-14T11:33:27+00:00","og_image":[{"width":3872,"height":2176,"url":"https:\/\/www.esplac.cat\/wp-content\/uploads\/2013\/02\/DSC08098.jpg","type":"image\/jpeg"}],"author":"Comunicaci\u00f3 Esplac","twitter_card":"summary_large_image","twitter_misc":{"Escrito por":"Comunicaci\u00f3 Esplac","Tiempo de lectura":"3 minutos"},"schema":{"@context":"https:\/\/schema.org","@graph":[{"@type":"Article","@id":"https:\/\/www.esplac.cat\/en\/ultims-tres-dies-inscripcions-escola-esplac\/#article","isPartOf":{"@id":"https:\/\/www.esplac.cat\/en\/ultims-tres-dies-inscripcions-escola-esplac\/"},"author":{"name":"Comunicaci\u00f3 Esplac","@id":"https:\/\/www.esplac.cat\/#\/schema\/person\/908383cf240be18b68f8855d0583faca"},"headline":"\u00daltims tres dies d&#8217;inscripcions a l&#8217;Escola d&#8217;Esplac!","datePublished":"2014-01-31T17:00:28+00:00","dateModified":"2019-11-14T11:33:27+00:00","mainEntityOfPage":{"@id":"https:\/\/www.esplac.cat\/en\/ultims-tres-dies-inscripcions-escola-esplac\/"},"wordCount":726,"publisher":{"@id":"https:\/\/www.esplac.cat\/#organization"},"image":{"@id":"https:\/\/www.esplac.cat\/en\/ultims-tres-dies-inscripcions-escola-esplac\/#primaryimage"},"thumbnailUrl":"https:\/\/www.esplac.cat\/wp-content\/uploads\/2013\/02\/DSC08098.jpg","keywords":["escola d'Esplac"],"articleSection":["Activitats esplac","Escola d'Esplac","Gesti\u00f3 de conflictes"],"inLanguage":"es"},{"@type":"WebPage","@id":"https:\/\/www.esplac.cat\/en\/ultims-tres-dies-inscripcions-escola-esplac\/","url":"https:\/\/www.esplac.cat\/en\/ultims-tres-dies-inscripcions-escola-esplac\/","name":"\u00daltims tres dies d'inscripcions a l'Escola d'Esplac! - Esplac","isPartOf":{"@id":"https:\/\/www.esplac.cat\/#website"},"primaryImageOfPage":{"@id":"https:\/\/www.esplac.cat\/en\/ultims-tres-dies-inscripcions-escola-esplac\/#primaryimage"},"image":{"@id":"https:\/\/www.esplac.cat\/en\/ultims-tres-dies-inscripcions-escola-esplac\/#primaryimage"},"thumbnailUrl":"https:\/\/www.esplac.cat\/wp-content\/uploads\/2013\/02\/DSC08098.jpg","datePublished":"2014-01-31T17:00:28+00:00","dateModified":"2019-11-14T11:33:27+00:00","breadcrumb":{"@id":"https:\/\/www.esplac.cat\/en\/ultims-tres-dies-inscripcions-escola-esplac\/#breadcrumb"},"inLanguage":"es","potentialAction":[{"@type":"ReadAction","target":["https:\/\/www.esplac.cat\/en\/ultims-tres-dies-inscripcions-escola-esplac\/"]}]},{"@type":"ImageObject","inLanguage":"es","@id":"https:\/\/www.esplac.cat\/en\/ultims-tres-dies-inscripcions-escola-esplac\/#primaryimage","url":"https:\/\/www.esplac.cat\/wp-content\/uploads\/2013\/02\/DSC08098.jpg","contentUrl":"https:\/\/www.esplac.cat\/wp-content\/uploads\/2013\/02\/DSC08098.jpg","width":3872,"height":2176},{"@type":"BreadcrumbList","@id":"https:\/\/www.esplac.cat\/en\/ultims-tres-dies-inscripcions-escola-esplac\/#breadcrumb","itemListElement":[{"@type":"ListItem","position":1,"name":"Inici","item":"https:\/\/www.esplac.cat\/es\/"},{"@type":"ListItem","position":2,"name":"\u00daltims tres dies d&#8217;inscripcions a l&#8217;Escola d&#8217;Esplac!"}]},{"@type":"WebSite","@id":"https:\/\/www.esplac.cat\/#website","url":"https:\/\/www.esplac.cat\/","name":"Esplac","description":"Esplais Catalans","publisher":{"@id":"https:\/\/www.esplac.cat\/#organization"},"potentialAction":[{"@type":"SearchAction","target":{"@type":"EntryPoint","urlTemplate":"https:\/\/www.esplac.cat\/?s={search_term_string}"},"query-input":{"@type":"PropertyValueSpecification","valueRequired":true,"valueName":"search_term_string"}}],"inLanguage":"es"},{"@type":"Organization","@id":"https:\/\/www.esplac.cat\/#organization","name":"Esplac","url":"https:\/\/www.esplac.cat\/","logo":{"@type":"ImageObject","inLanguage":"es","@id":"https:\/\/www.esplac.cat\/#\/schema\/logo\/image\/","url":"https:\/\/www.esplac.cat\/wp-content\/uploads\/2019\/08\/logox2.png","contentUrl":"https:\/\/www.esplac.cat\/wp-content\/uploads\/2019\/08\/logox2.png","width":600,"height":295,"caption":"Esplac"},"image":{"@id":"https:\/\/www.esplac.cat\/#\/schema\/logo\/image\/"}},{"@type":"Person","@id":"https:\/\/www.esplac.cat\/#\/schema\/person\/908383cf240be18b68f8855d0583faca","name":"Comunicaci\u00f3 Esplac","image":{"@type":"ImageObject","inLanguage":"es","@id":"https:\/\/secure.gravatar.com\/avatar\/7a4cf8feb412a76ea4a740ca02d95b06b2907b5a6c648c2dd0a1082a093c3141?s=96&d=mm&r=g","url":"https:\/\/secure.gravatar.com\/avatar\/7a4cf8feb412a76ea4a740ca02d95b06b2907b5a6c648c2dd0a1082a093c3141?s=96&d=mm&r=g","contentUrl":"https:\/\/secure.gravatar.com\/avatar\/7a4cf8feb412a76ea4a740ca02d95b06b2907b5a6c648c2dd0a1082a093c3141?s=96&d=mm&r=g","caption":"Comunicaci\u00f3 Esplac"}}]}},"_links":{"self":[{"href":"https:\/\/www.esplac.cat\/es\/wp-json\/wp\/v2\/posts\/25820","targetHints":{"allow":["GET"]}}],"collection":[{"href":"https:\/\/www.esplac.cat\/es\/wp-json\/wp\/v2\/posts"}],"about":[{"href":"https:\/\/www.esplac.cat\/es\/wp-json\/wp\/v2\/types\/post"}],"author":[{"embeddable":true,"href":"https:\/\/www.esplac.cat\/es\/wp-json\/wp\/v2\/users\/3"}],"replies":[{"embeddable":true,"href":"https:\/\/www.esplac.cat\/es\/wp-json\/wp\/v2\/comments?post=25820"}],"version-history":[{"count":0,"href":"https:\/\/www.esplac.cat\/es\/wp-json\/wp\/v2\/posts\/25820\/revisions"}],"wp:featuredmedia":[{"embeddable":true,"href":"https:\/\/www.esplac.cat\/es\/wp-json\/wp\/v2\/media\/25628"}],"wp:attachment":[{"href":"https:\/\/www.esplac.cat\/es\/wp-json\/wp\/v2\/media?parent=25820"}],"wp:term":[{"taxonomy":"category","embeddable":true,"href":"https:\/\/www.esplac.cat\/es\/wp-json\/wp\/v2\/categories?post=25820"},{"taxonomy":"post_tag","embeddable":true,"href":"https:\/\/www.esplac.cat\/es\/wp-json\/wp\/v2\/tags?post=25820"}],"curies":[{"name":"wp","href":"https:\/\/api.w.org\/{rel}","templated":true}]}}