{"id":25821,"date":"2014-01-30T14:14:28","date_gmt":"2014-01-30T12:14:28","guid":{"rendered":"http:\/\/esplac.cat\/?p=4548"},"modified":"2014-01-30T14:14:28","modified_gmt":"2014-01-30T12:14:28","slug":"qui-vol-anar-campaments","status":"publish","type":"post","link":"https:\/\/www.esplac.cat\/es\/qui-vol-anar-campaments\/","title":{"rendered":"Qui vol anar de campaments?"},"content":{"rendered":"<p><!--:CA--><strong>Redacci\u00f3<\/strong>: Raimon Goberna, Secretari General de l&#8217;<a title=\"escola el sol\" href=\"http:\/\/www.escolaelsol.org\" target=\"_blank\" rel=\"noopener noreferrer\">Escola Lliure el Sol<\/a><\/p>\n<p>Anar amb tenda \u00e9s cosa de nens, o de nenes. I tamb\u00e9 de joves, que no tenen diners i aix\u00ed poden viatjar. B\u00e9, potser tamb\u00e9 d\u2019excursionistes i d\u2019alpinistes i altres il\u00b7luminats, ecologistes&#8230; Per\u00f2 en definitiva, quatre gats. Quatre, que voldrien que la natura sempre fos igual que ahir. Tant maca com \u00e9s amb un bon bloc d\u2019apartaments al davant, o amb unes pilones d\u2019una pista d\u2019esqu\u00ed a mig fer, amb un p\u00e0rquing o un bar! Realment, que alg\u00fa destini esfor\u00e7os a aix\u00f2 \u00e9s tota una demostraci\u00f3 d\u2019ingenu\u00eftat.<\/p>\n<p>Doncs b\u00e9, l\u2019<a title=\"escola el sol\" href=\"http:\/\/www.escolaelsol.org\" target=\"_blank\" rel=\"noopener noreferrer\">Escola El Sol<\/a> vol contribuir a aquesta ingenu\u00eftat, <strong>impulsant encara m\u00e9s el model del Campament com l\u2019eina b\u00e0sica per a fer les activitats d\u2019estiu als esplais i agrupaments<\/strong>. Perqu\u00e8 anar de Campament \u00e9s molt m\u00e9s que anar en tenda. Anar a un terreny, enmig de la muntanya, a prop de la natura, sense res que ens doni pistes del que hem de fer, havent-ho de decidir tot, fent-ho entre tots. Els campaments expressen una forma de vida, que parteix de la idea que el nostre entorn es pot construir d\u2019una forma diferent, no nom\u00e9s basada en el turisme massificat.<\/p>\n<p>I heus aqu\u00ed la proposta: <strong>un cap de setmana, a Guardiola de Bergued\u00e0, en tenda, amb persones de diferents esplais, agrupaments i potser d\u2019algun casal. Dos dies amb un formador\/a de l\u2019escola, de l\u2019equip de treball de Medi Ambient i Excursionisme<\/strong>, que us ajudar\u00e0 a:<\/p>\n<ul>\n<li>Saber dissenyar i preparar un campament d\u2019estiu.<\/li>\n<li>Con\u00e8ixer els elements que el configuren, per tal que sigui habitable i funcional.<\/li>\n<li>Aprendre els aspectes de seguretat i gesti\u00f3 d\u2019emerg\u00e8ncies que cal tenir presents.<\/li>\n<li>Definir l\u2019activitat pedag\u00f2gica en el marc del Campament.<\/li>\n<\/ul>\n<p>\u00c9s una formaci\u00f3 nova que de ben segur us facilitar\u00e0 la feina de preparaci\u00f3 de la vostra activitat d\u2019estiu. Us hi podeu inscriure a trav\u00e9s del <a title=\"organtizaci\u00f3 campaments\" href=\"http:\/\/www.escolaelsol.org\/oferta-formativa\/organitzacio-de-campaments.htm\" target=\"_blank\" rel=\"noopener noreferrer\">web de l\u2019escola<\/a>. Com en qualsevol altre curs, Esplac contribueix a que el cost de la formaci\u00f3 sigui m\u00e9s redu\u00eft per als membres dels esplais.<!--:--><!--:es-->&nbsp;<\/p>\n<p><!--:--><!--:en-->&nbsp;<\/p>\n<p><!--:--><!--:fr-->&nbsp;<\/p>\n<p><!--:--><\/p>\n","protected":false},"excerpt":{"rendered":"<p>Redacci\u00f3: Raimon Goberna, Secretari General de l&#8217;Escola Lliure el Sol [&hellip;]<\/p>\n","protected":false},"author":3,"featured_media":0,"comment_status":"open","ping_status":"open","sticky":false,"template":"","format":"standard","meta":{"om_disable_all_campaigns":false,"_monsterinsights_skip_tracking":false,"_monsterinsights_sitenote_active":false,"_monsterinsights_sitenote_note":"","_monsterinsights_sitenote_category":0,"_uf_show_specific_survey":0,"_uf_disable_surveys":false,"footnotes":""},"categories":[1131],"tags":[53,82,101],"class_list":["post-25821","post","type-post","status-publish","format-standard","hentry","category-cursos-formacions","tag-campaments","tag-educacio-ambiental","tag-esplaisfemlestiu"],"yoast_head":"<!-- This site is optimized with the Yoast SEO plugin v27.5 - https:\/\/yoast.com\/product\/yoast-seo-wordpress\/ -->\n<title>Qui vol anar de campaments? - Esplac<\/title>\n<meta name=\"robots\" content=\"index, follow, max-snippet:-1, max-image-preview:large, max-video-preview:-1\" \/>\n<link rel=\"canonical\" href=\"https:\/\/www.esplac.cat\/qui-vol-anar-campaments\/\" \/>\n<meta property=\"og:locale\" content=\"es_ES\" \/>\n<meta property=\"og:type\" content=\"article\" \/>\n<meta property=\"og:title\" content=\"Qui vol anar de campaments? - Esplac\" \/>\n<meta property=\"og:description\" content=\"Redacci\u00f3: Raimon Goberna, Secretari General de l&#8217;Escola Lliure el Sol [&hellip;]\" \/>\n<meta property=\"og:url\" content=\"https:\/\/www.esplac.cat\/qui-vol-anar-campaments\/\" \/>\n<meta property=\"og:site_name\" content=\"Esplac\" \/>\n<meta property=\"article:published_time\" content=\"2014-01-30T12:14:28+00:00\" \/>\n<meta property=\"og:image\" content=\"https:\/\/www.esplac.cat\/wp-content\/uploads\/2019\/11\/logo-open.jpg\" \/>\n\t<meta property=\"og:image:width\" content=\"1200\" \/>\n\t<meta property=\"og:image:height\" content=\"630\" \/>\n\t<meta property=\"og:image:type\" content=\"image\/jpeg\" \/>\n<meta name=\"author\" content=\"Comunicaci\u00f3 Esplac\" \/>\n<meta name=\"twitter:card\" content=\"summary_large_image\" \/>\n<meta name=\"twitter:label1\" content=\"Escrito por\" \/>\n\t<meta name=\"twitter:data1\" content=\"Comunicaci\u00f3 Esplac\" \/>\n\t<meta name=\"twitter:label2\" content=\"Tiempo de lectura\" \/>\n\t<meta name=\"twitter:data2\" content=\"2 minutos\" \/>\n<script type=\"application\/ld+json\" class=\"yoast-schema-graph\">{\"@context\":\"https:\\\/\\\/schema.org\",\"@graph\":[{\"@type\":\"Article\",\"@id\":\"https:\\\/\\\/www.esplac.cat\\\/qui-vol-anar-campaments\\\/#article\",\"isPartOf\":{\"@id\":\"https:\\\/\\\/www.esplac.cat\\\/qui-vol-anar-campaments\\\/\"},\"author\":{\"name\":\"Comunicaci\u00f3 Esplac\",\"@id\":\"https:\\\/\\\/www.esplac.cat\\\/#\\\/schema\\\/person\\\/908383cf240be18b68f8855d0583faca\"},\"headline\":\"Qui vol anar de campaments?\",\"datePublished\":\"2014-01-30T12:14:28+00:00\",\"mainEntityOfPage\":{\"@id\":\"https:\\\/\\\/www.esplac.cat\\\/qui-vol-anar-campaments\\\/\"},\"wordCount\":377,\"commentCount\":0,\"publisher\":{\"@id\":\"https:\\\/\\\/www.esplac.cat\\\/#organization\"},\"keywords\":[\"campaments\",\"educacio ambiental\",\"esplaisfemlestiu\"],\"articleSection\":[\"Cursos i formacions\"],\"inLanguage\":\"es\",\"potentialAction\":[{\"@type\":\"CommentAction\",\"name\":\"Comment\",\"target\":[\"https:\\\/\\\/www.esplac.cat\\\/qui-vol-anar-campaments\\\/#respond\"]}]},{\"@type\":\"WebPage\",\"@id\":\"https:\\\/\\\/www.esplac.cat\\\/qui-vol-anar-campaments\\\/\",\"url\":\"https:\\\/\\\/www.esplac.cat\\\/qui-vol-anar-campaments\\\/\",\"name\":\"Qui vol anar de campaments? - Esplac\",\"isPartOf\":{\"@id\":\"https:\\\/\\\/www.esplac.cat\\\/#website\"},\"datePublished\":\"2014-01-30T12:14:28+00:00\",\"breadcrumb\":{\"@id\":\"https:\\\/\\\/www.esplac.cat\\\/qui-vol-anar-campaments\\\/#breadcrumb\"},\"inLanguage\":\"es\",\"potentialAction\":[{\"@type\":\"ReadAction\",\"target\":[\"https:\\\/\\\/www.esplac.cat\\\/qui-vol-anar-campaments\\\/\"]}]},{\"@type\":\"BreadcrumbList\",\"@id\":\"https:\\\/\\\/www.esplac.cat\\\/qui-vol-anar-campaments\\\/#breadcrumb\",\"itemListElement\":[{\"@type\":\"ListItem\",\"position\":1,\"name\":\"Inici\",\"item\":\"https:\\\/\\\/www.esplac.cat\\\/es\\\/\"},{\"@type\":\"ListItem\",\"position\":2,\"name\":\"Qui vol anar de campaments?\"}]},{\"@type\":\"WebSite\",\"@id\":\"https:\\\/\\\/www.esplac.cat\\\/#website\",\"url\":\"https:\\\/\\\/www.esplac.cat\\\/\",\"name\":\"Esplac\",\"description\":\"Esplais Catalans\",\"publisher\":{\"@id\":\"https:\\\/\\\/www.esplac.cat\\\/#organization\"},\"potentialAction\":[{\"@type\":\"SearchAction\",\"target\":{\"@type\":\"EntryPoint\",\"urlTemplate\":\"https:\\\/\\\/www.esplac.cat\\\/?s={search_term_string}\"},\"query-input\":{\"@type\":\"PropertyValueSpecification\",\"valueRequired\":true,\"valueName\":\"search_term_string\"}}],\"inLanguage\":\"es\"},{\"@type\":\"Organization\",\"@id\":\"https:\\\/\\\/www.esplac.cat\\\/#organization\",\"name\":\"Esplac\",\"url\":\"https:\\\/\\\/www.esplac.cat\\\/\",\"logo\":{\"@type\":\"ImageObject\",\"inLanguage\":\"es\",\"@id\":\"https:\\\/\\\/www.esplac.cat\\\/#\\\/schema\\\/logo\\\/image\\\/\",\"url\":\"https:\\\/\\\/www.esplac.cat\\\/wp-content\\\/uploads\\\/2019\\\/08\\\/logox2.png\",\"contentUrl\":\"https:\\\/\\\/www.esplac.cat\\\/wp-content\\\/uploads\\\/2019\\\/08\\\/logox2.png\",\"width\":600,\"height\":295,\"caption\":\"Esplac\"},\"image\":{\"@id\":\"https:\\\/\\\/www.esplac.cat\\\/#\\\/schema\\\/logo\\\/image\\\/\"}},{\"@type\":\"Person\",\"@id\":\"https:\\\/\\\/www.esplac.cat\\\/#\\\/schema\\\/person\\\/908383cf240be18b68f8855d0583faca\",\"name\":\"Comunicaci\u00f3 Esplac\",\"image\":{\"@type\":\"ImageObject\",\"inLanguage\":\"es\",\"@id\":\"https:\\\/\\\/secure.gravatar.com\\\/avatar\\\/7a4cf8feb412a76ea4a740ca02d95b06b2907b5a6c648c2dd0a1082a093c3141?s=96&d=mm&r=g\",\"url\":\"https:\\\/\\\/secure.gravatar.com\\\/avatar\\\/7a4cf8feb412a76ea4a740ca02d95b06b2907b5a6c648c2dd0a1082a093c3141?s=96&d=mm&r=g\",\"contentUrl\":\"https:\\\/\\\/secure.gravatar.com\\\/avatar\\\/7a4cf8feb412a76ea4a740ca02d95b06b2907b5a6c648c2dd0a1082a093c3141?s=96&d=mm&r=g\",\"caption\":\"Comunicaci\u00f3 Esplac\"}}]}<\/script>\n<!-- \/ Yoast SEO plugin. -->","yoast_head_json":{"title":"Qui vol anar de campaments? - Esplac","robots":{"index":"index","follow":"follow","max-snippet":"max-snippet:-1","max-image-preview":"max-image-preview:large","max-video-preview":"max-video-preview:-1"},"canonical":"https:\/\/www.esplac.cat\/qui-vol-anar-campaments\/","og_locale":"es_ES","og_type":"article","og_title":"Qui vol anar de campaments? - Esplac","og_description":"Redacci\u00f3: Raimon Goberna, Secretari General de l&#8217;Escola Lliure el Sol [&hellip;]","og_url":"https:\/\/www.esplac.cat\/qui-vol-anar-campaments\/","og_site_name":"Esplac","article_published_time":"2014-01-30T12:14:28+00:00","og_image":[{"width":1200,"height":630,"url":"https:\/\/www.esplac.cat\/wp-content\/uploads\/2019\/11\/logo-open.jpg","type":"image\/jpeg"}],"author":"Comunicaci\u00f3 Esplac","twitter_card":"summary_large_image","twitter_misc":{"Escrito por":"Comunicaci\u00f3 Esplac","Tiempo de lectura":"2 minutos"},"schema":{"@context":"https:\/\/schema.org","@graph":[{"@type":"Article","@id":"https:\/\/www.esplac.cat\/qui-vol-anar-campaments\/#article","isPartOf":{"@id":"https:\/\/www.esplac.cat\/qui-vol-anar-campaments\/"},"author":{"name":"Comunicaci\u00f3 Esplac","@id":"https:\/\/www.esplac.cat\/#\/schema\/person\/908383cf240be18b68f8855d0583faca"},"headline":"Qui vol anar de campaments?","datePublished":"2014-01-30T12:14:28+00:00","mainEntityOfPage":{"@id":"https:\/\/www.esplac.cat\/qui-vol-anar-campaments\/"},"wordCount":377,"commentCount":0,"publisher":{"@id":"https:\/\/www.esplac.cat\/#organization"},"keywords":["campaments","educacio ambiental","esplaisfemlestiu"],"articleSection":["Cursos i formacions"],"inLanguage":"es","potentialAction":[{"@type":"CommentAction","name":"Comment","target":["https:\/\/www.esplac.cat\/qui-vol-anar-campaments\/#respond"]}]},{"@type":"WebPage","@id":"https:\/\/www.esplac.cat\/qui-vol-anar-campaments\/","url":"https:\/\/www.esplac.cat\/qui-vol-anar-campaments\/","name":"Qui vol anar de campaments? - Esplac","isPartOf":{"@id":"https:\/\/www.esplac.cat\/#website"},"datePublished":"2014-01-30T12:14:28+00:00","breadcrumb":{"@id":"https:\/\/www.esplac.cat\/qui-vol-anar-campaments\/#breadcrumb"},"inLanguage":"es","potentialAction":[{"@type":"ReadAction","target":["https:\/\/www.esplac.cat\/qui-vol-anar-campaments\/"]}]},{"@type":"BreadcrumbList","@id":"https:\/\/www.esplac.cat\/qui-vol-anar-campaments\/#breadcrumb","itemListElement":[{"@type":"ListItem","position":1,"name":"Inici","item":"https:\/\/www.esplac.cat\/es\/"},{"@type":"ListItem","position":2,"name":"Qui vol anar de campaments?"}]},{"@type":"WebSite","@id":"https:\/\/www.esplac.cat\/#website","url":"https:\/\/www.esplac.cat\/","name":"Esplac","description":"Esplais Catalans","publisher":{"@id":"https:\/\/www.esplac.cat\/#organization"},"potentialAction":[{"@type":"SearchAction","target":{"@type":"EntryPoint","urlTemplate":"https:\/\/www.esplac.cat\/?s={search_term_string}"},"query-input":{"@type":"PropertyValueSpecification","valueRequired":true,"valueName":"search_term_string"}}],"inLanguage":"es"},{"@type":"Organization","@id":"https:\/\/www.esplac.cat\/#organization","name":"Esplac","url":"https:\/\/www.esplac.cat\/","logo":{"@type":"ImageObject","inLanguage":"es","@id":"https:\/\/www.esplac.cat\/#\/schema\/logo\/image\/","url":"https:\/\/www.esplac.cat\/wp-content\/uploads\/2019\/08\/logox2.png","contentUrl":"https:\/\/www.esplac.cat\/wp-content\/uploads\/2019\/08\/logox2.png","width":600,"height":295,"caption":"Esplac"},"image":{"@id":"https:\/\/www.esplac.cat\/#\/schema\/logo\/image\/"}},{"@type":"Person","@id":"https:\/\/www.esplac.cat\/#\/schema\/person\/908383cf240be18b68f8855d0583faca","name":"Comunicaci\u00f3 Esplac","image":{"@type":"ImageObject","inLanguage":"es","@id":"https:\/\/secure.gravatar.com\/avatar\/7a4cf8feb412a76ea4a740ca02d95b06b2907b5a6c648c2dd0a1082a093c3141?s=96&d=mm&r=g","url":"https:\/\/secure.gravatar.com\/avatar\/7a4cf8feb412a76ea4a740ca02d95b06b2907b5a6c648c2dd0a1082a093c3141?s=96&d=mm&r=g","contentUrl":"https:\/\/secure.gravatar.com\/avatar\/7a4cf8feb412a76ea4a740ca02d95b06b2907b5a6c648c2dd0a1082a093c3141?s=96&d=mm&r=g","caption":"Comunicaci\u00f3 Esplac"}}]}},"_links":{"self":[{"href":"https:\/\/www.esplac.cat\/es\/wp-json\/wp\/v2\/posts\/25821","targetHints":{"allow":["GET"]}}],"collection":[{"href":"https:\/\/www.esplac.cat\/es\/wp-json\/wp\/v2\/posts"}],"about":[{"href":"https:\/\/www.esplac.cat\/es\/wp-json\/wp\/v2\/types\/post"}],"author":[{"embeddable":true,"href":"https:\/\/www.esplac.cat\/es\/wp-json\/wp\/v2\/users\/3"}],"replies":[{"embeddable":true,"href":"https:\/\/www.esplac.cat\/es\/wp-json\/wp\/v2\/comments?post=25821"}],"version-history":[{"count":0,"href":"https:\/\/www.esplac.cat\/es\/wp-json\/wp\/v2\/posts\/25821\/revisions"}],"wp:attachment":[{"href":"https:\/\/www.esplac.cat\/es\/wp-json\/wp\/v2\/media?parent=25821"}],"wp:term":[{"taxonomy":"category","embeddable":true,"href":"https:\/\/www.esplac.cat\/es\/wp-json\/wp\/v2\/categories?post=25821"},{"taxonomy":"post_tag","embeddable":true,"href":"https:\/\/www.esplac.cat\/es\/wp-json\/wp\/v2\/tags?post=25821"}],"curies":[{"name":"wp","href":"https:\/\/api.w.org\/{rel}","templated":true}]}}