{"id":25827,"date":"2014-01-15T18:00:42","date_gmt":"2014-01-15T16:00:42","guid":{"rendered":"http:\/\/esplac.cat\/?p=4482"},"modified":"2019-11-14T13:38:40","modified_gmt":"2019-11-14T11:38:40","slug":"viu-debat-escola-esplac-2014","status":"publish","type":"post","link":"https:\/\/www.esplac.cat\/es\/viu-debat-escola-esplac-2014\/","title":{"rendered":"Viu el debat a l&#8217;Escola d&#8217;Esplac 2014"},"content":{"rendered":"<p><!--:CA-->El proper cap de setmana del<strong> 8 i 9 de febrer<\/strong> celebrarem la nova edici\u00f3 de l&#8217;Escola d&#8217;Esplac que ser\u00e0 a la casa de col\u00f2nies Dom Bosco a Castellnou del Bages. Aquesta edici\u00f3 que l&#8217;hem anomenada <em><strong>Fem cr\u00e9ixer l&#8217;esplai: aprofundim en la nostra tasca educativa<\/strong><\/em> fent refer\u00e8ncia a la tem\u00e0tica central de la trobada: observem com eduquem, per fer-ho millor.<\/p>\n<p><iframe class=\"fusion-hidden\" data-privacy-type=\"youtube\" src=\"\" data-privacy-src=\"\/\/www.youtube.com\/embed\/AEjqgS7ZSHQ\" frameborder=\"0\" width=\"400\" height=\"225\"><\/iframe><div class=\"fusion-privacy-placeholder\" style=\"width:400px; height:225px;\" data-privacy-type=\"youtube\"><div class=\"fusion-privacy-placeholder-content\"><div class=\"fusion-privacy-label\">For privacy reasons YouTube needs your permission to be loaded. For more details, please see our <a class=\"privacy-policy-link\" href=\"https:\/\/www.esplac.cat\/avis-legal\/\" rel=\"privacy-policy\">Av\u00eds Legal<\/a>.<\/div><a href=\"\" data-privacy-type=\"youtube\" class=\"fusion-button button-default fusion-button-default-size button fusion-privacy-consent\">I Accept<\/a><\/div><\/div><\/p>\n<p>L&#8217;Escola d&#8217;Esplac \u00e9s un <strong>cap de setmana de formaci\u00f3<\/strong> per tots i totes les monitores d&#8217;Esplais Catalans. Enguany els dos espais principals de construcci\u00f3 de coneixement seran els seg\u00fcents:<\/p>\n<ul>\n<li>Dissabte tarda: espai de <strong>pon\u00e8ncies per part d&#8217;entitats externes a Esplac<\/strong> amb l&#8217;objectiu d&#8217;analitzar les eines que tenim a l&#8217;esplai i com les fem servir i, alhora, contrastar-les amb l&#8217;\u00fas que se&#8217;n fa en altres \u00e0mbits educatius.<\/li>\n<li>Diumenge mat\u00ed: <strong>taller d&#8217;an\u00e0lisi de la pr\u00e0ctica educativa<\/strong> amb l&#8217;objectiu de con\u00e8ixer les eines i metodologies per fer-ho, donant pes a l&#8217;avaluaci\u00f3. \u00c9s a dir, en qu\u00e8 ens podem fixar per fer-ho millor.<\/li>\n<\/ul>\n<p><strong>A partir d\u2019avui i fins el 2 de febrer a les 12pm ja us hi podeu inscriure a trav\u00e9s de l\u2019<a title=\"assac on-line\" href=\"http:\/\/assac.esplac.cat\" target=\"_blank\" rel=\"noopener noreferrer\">ASSAC<\/a>!<\/strong> A la inscripci\u00f3 trobareu tots els detalls sobre el desenvolupament de l\u2019Escola d&#8217;Esplac, per\u00f2 aqu\u00ed us avancem el programa:<\/p>\n<table border=\"0\">\n<tbody>\n<tr style=\"background-color: #ff9900;\">\n<td style=\"border: 1px solid #000000; text-align: center;\" colspan=\"2\"><strong>DISSABTE<\/strong><\/td>\n<\/tr>\n<tr>\n<td style=\"border: 1px solid #000000;\">11-12h<\/td>\n<td style=\"border: 1px solid #000000;\"><strong>Presentaci\u00f3<\/strong><\/td>\n<\/tr>\n<tr>\n<td style=\"border: 1px solid #000000;\">12:15-12:45h<\/td>\n<td style=\"border: 1px solid #000000;\"><strong>Compartim el Marc Conceptual<\/strong><br \/>\n(Formaci\u00f3 conceptes b\u00e0sics. Conclusions Escola Esplac 2013)<\/td>\n<\/tr>\n<tr>\n<td style=\"border: 1px solid #000000;\">13-14h<\/td>\n<td style=\"border: 1px solid #000000;\"><strong>Debats oberts<\/strong><br \/>\nEducaci\u00f3 emocional<br \/>\nDiversitat<br \/>\nTasca del monitor com a referent educatiu<br \/>\nFam\u00edlies<br \/>\nInf\u00e0ncia i adolesc\u00e8ncia<br \/>\nEducaci\u00f3 ambiental<br \/>\nG\u00e8nere<\/td>\n<\/tr>\n<tr>\n<td style=\"border: 1px solid #000000;\">16-18h<\/td>\n<td style=\"border: 1px solid #000000;\"><strong>Pon\u00e8ncies sobre contextos educatius<\/strong><br \/>\nEsplai com a espai educatiu (local)<br \/>\nAprenentatge vivencial (espais d&#8217;activitats no dirigides)<br \/>\nActivitats d&#8217;estiu<br \/>\nRelaci\u00f3 amb l&#8217;entorn (treball en xarxa)<br \/>\nEl grup<br \/>\nSentiment de pertinen\u00e7a (simbologia, nom del grup)<br \/>\nParticipaci\u00f3<\/td>\n<\/tr>\n<tr>\n<td style=\"border: 1px solid #000000;\">18:30-20:30h<\/td>\n<td style=\"border: 1px solid #000000;\"><strong>Pon\u00e8ncies sobre eines educatives<\/strong><br \/>\nEl conte<br \/>\nEl joc<br \/>\nEl centre d&#8217;inter\u00e8s<br \/>\nEl teatre i la expressi\u00f3 corporal<br \/>\nEls tallers<br \/>\nLes can\u00e7ons<br \/>\nEl treball per projectes<br \/>\nLes TIC<\/td>\n<\/tr>\n<tr>\n<td style=\"border: 1px solid #000000;\">22:30-24h<\/td>\n<td style=\"border: 1px solid #000000;\"><strong>Activitat cultural<\/strong><\/td>\n<\/tr>\n<tr style=\"background-color: #ff9900;\">\n<td style=\"border: 1px solid #000000; text-align: center;\" colspan=\"2\">\u00a0<strong>DIUMENGE<\/strong><\/td>\n<\/tr>\n<tr>\n<td style=\"border: 1px solid #000000;\">\u00a010-13h<\/td>\n<td style=\"border: 1px solid #000000;\"><strong>Taller d&#8217;an\u00e0lisi de la pr\u00e0ctica educativa<\/strong><br \/>\nEn qu\u00e8 ens podem fixar per fer-ho millor?<\/td>\n<\/tr>\n<tr>\n<td style=\"border: 1px solid #000000;\">\u00a013:15-14h<\/td>\n<td style=\"border: 1px solid #000000;\">\u00a0<strong>Conclusions, primera part<\/strong><\/td>\n<\/tr>\n<tr>\n<td style=\"border: 1px solid #000000;\">\u00a015:30-16:30h<\/td>\n<td style=\"border: 1px solid #000000;\">\u00a0<strong>Conclusions, segona part<\/strong><\/td>\n<\/tr>\n<\/tbody>\n<\/table>\n<p><!--:--><!--:es-->&nbsp;<\/p>\n<p><!--:--><!--:en-->&nbsp;<\/p>\n<p><!--:--><!--:fr-->&nbsp;<\/p>\n<p><!--:--><\/p>\n","protected":false},"excerpt":{"rendered":"<p>El proper cap de setmana del 8 i 9 de [&hellip;]<\/p>\n","protected":false},"author":3,"featured_media":0,"comment_status":"closed","ping_status":"open","sticky":false,"template":"","format":"standard","meta":{"om_disable_all_campaigns":false,"_monsterinsights_skip_tracking":false,"_monsterinsights_sitenote_active":false,"_monsterinsights_sitenote_note":"","_monsterinsights_sitenote_category":0,"_uf_show_specific_survey":0,"_uf_disable_surveys":false,"footnotes":""},"categories":[1111,1131,1129,1167],"tags":[],"class_list":["post-25827","post","type-post","status-publish","format-standard","hentry","category-activitats-esplac","category-cursos-formacions","category-escola-desplac","category-infancia"],"yoast_head":"<!-- This site is optimized with the Yoast SEO plugin v27.4 - https:\/\/yoast.com\/product\/yoast-seo-wordpress\/ -->\n<title>Viu el debat a l&#039;Escola d&#039;Esplac 2014 - Esplac<\/title>\n<meta name=\"robots\" content=\"index, follow, max-snippet:-1, max-image-preview:large, max-video-preview:-1\" \/>\n<link rel=\"canonical\" href=\"https:\/\/www.esplac.cat\/viu-debat-escola-esplac-2014\/\" \/>\n<meta property=\"og:locale\" content=\"es_ES\" \/>\n<meta property=\"og:type\" content=\"article\" \/>\n<meta property=\"og:title\" content=\"Viu el debat a l&#039;Escola d&#039;Esplac 2014 - Esplac\" \/>\n<meta property=\"og:description\" content=\"El proper cap de setmana del 8 i 9 de [&hellip;]\" \/>\n<meta property=\"og:url\" content=\"https:\/\/www.esplac.cat\/viu-debat-escola-esplac-2014\/\" \/>\n<meta property=\"og:site_name\" content=\"Esplac\" \/>\n<meta property=\"article:published_time\" content=\"2014-01-15T16:00:42+00:00\" \/>\n<meta property=\"article:modified_time\" content=\"2019-11-14T11:38:40+00:00\" \/>\n<meta property=\"og:image\" content=\"https:\/\/www.esplac.cat\/wp-content\/uploads\/2019\/11\/logo-open.jpg\" \/>\n\t<meta property=\"og:image:width\" content=\"1200\" \/>\n\t<meta property=\"og:image:height\" content=\"630\" \/>\n\t<meta property=\"og:image:type\" content=\"image\/jpeg\" \/>\n<meta name=\"author\" content=\"Comunicaci\u00f3 Esplac\" \/>\n<meta name=\"twitter:card\" content=\"summary_large_image\" \/>\n<meta name=\"twitter:label1\" content=\"Escrito por\" \/>\n\t<meta name=\"twitter:data1\" content=\"Comunicaci\u00f3 Esplac\" \/>\n\t<meta name=\"twitter:label2\" content=\"Tiempo de lectura\" \/>\n\t<meta name=\"twitter:data2\" content=\"2 minutos\" \/>\n<script type=\"application\/ld+json\" class=\"yoast-schema-graph\">{\"@context\":\"https:\\\/\\\/schema.org\",\"@graph\":[{\"@type\":\"Article\",\"@id\":\"https:\\\/\\\/www.esplac.cat\\\/viu-debat-escola-esplac-2014\\\/#article\",\"isPartOf\":{\"@id\":\"https:\\\/\\\/www.esplac.cat\\\/viu-debat-escola-esplac-2014\\\/\"},\"author\":{\"name\":\"Comunicaci\u00f3 Esplac\",\"@id\":\"https:\\\/\\\/www.esplac.cat\\\/#\\\/schema\\\/person\\\/908383cf240be18b68f8855d0583faca\"},\"headline\":\"Viu el debat a l&#8217;Escola d&#8217;Esplac 2014\",\"datePublished\":\"2014-01-15T16:00:42+00:00\",\"dateModified\":\"2019-11-14T11:38:40+00:00\",\"mainEntityOfPage\":{\"@id\":\"https:\\\/\\\/www.esplac.cat\\\/viu-debat-escola-esplac-2014\\\/\"},\"wordCount\":387,\"publisher\":{\"@id\":\"https:\\\/\\\/www.esplac.cat\\\/#organization\"},\"articleSection\":[\"Activitats esplac\",\"Cursos i formacions\",\"Escola d'Esplac\",\"Inf\u00e0ncia i Esplaiada\"],\"inLanguage\":\"es\"},{\"@type\":\"WebPage\",\"@id\":\"https:\\\/\\\/www.esplac.cat\\\/viu-debat-escola-esplac-2014\\\/\",\"url\":\"https:\\\/\\\/www.esplac.cat\\\/viu-debat-escola-esplac-2014\\\/\",\"name\":\"Viu el debat a l'Escola d'Esplac 2014 - Esplac\",\"isPartOf\":{\"@id\":\"https:\\\/\\\/www.esplac.cat\\\/#website\"},\"datePublished\":\"2014-01-15T16:00:42+00:00\",\"dateModified\":\"2019-11-14T11:38:40+00:00\",\"breadcrumb\":{\"@id\":\"https:\\\/\\\/www.esplac.cat\\\/viu-debat-escola-esplac-2014\\\/#breadcrumb\"},\"inLanguage\":\"es\",\"potentialAction\":[{\"@type\":\"ReadAction\",\"target\":[\"https:\\\/\\\/www.esplac.cat\\\/viu-debat-escola-esplac-2014\\\/\"]}]},{\"@type\":\"BreadcrumbList\",\"@id\":\"https:\\\/\\\/www.esplac.cat\\\/viu-debat-escola-esplac-2014\\\/#breadcrumb\",\"itemListElement\":[{\"@type\":\"ListItem\",\"position\":1,\"name\":\"Inici\",\"item\":\"https:\\\/\\\/www.esplac.cat\\\/es\\\/\"},{\"@type\":\"ListItem\",\"position\":2,\"name\":\"Viu el debat a l&#8217;Escola d&#8217;Esplac 2014\"}]},{\"@type\":\"WebSite\",\"@id\":\"https:\\\/\\\/www.esplac.cat\\\/#website\",\"url\":\"https:\\\/\\\/www.esplac.cat\\\/\",\"name\":\"Esplac\",\"description\":\"Esplais Catalans\",\"publisher\":{\"@id\":\"https:\\\/\\\/www.esplac.cat\\\/#organization\"},\"potentialAction\":[{\"@type\":\"SearchAction\",\"target\":{\"@type\":\"EntryPoint\",\"urlTemplate\":\"https:\\\/\\\/www.esplac.cat\\\/?s={search_term_string}\"},\"query-input\":{\"@type\":\"PropertyValueSpecification\",\"valueRequired\":true,\"valueName\":\"search_term_string\"}}],\"inLanguage\":\"es\"},{\"@type\":\"Organization\",\"@id\":\"https:\\\/\\\/www.esplac.cat\\\/#organization\",\"name\":\"Esplac\",\"url\":\"https:\\\/\\\/www.esplac.cat\\\/\",\"logo\":{\"@type\":\"ImageObject\",\"inLanguage\":\"es\",\"@id\":\"https:\\\/\\\/www.esplac.cat\\\/#\\\/schema\\\/logo\\\/image\\\/\",\"url\":\"https:\\\/\\\/www.esplac.cat\\\/wp-content\\\/uploads\\\/2019\\\/08\\\/logox2.png\",\"contentUrl\":\"https:\\\/\\\/www.esplac.cat\\\/wp-content\\\/uploads\\\/2019\\\/08\\\/logox2.png\",\"width\":600,\"height\":295,\"caption\":\"Esplac\"},\"image\":{\"@id\":\"https:\\\/\\\/www.esplac.cat\\\/#\\\/schema\\\/logo\\\/image\\\/\"}},{\"@type\":\"Person\",\"@id\":\"https:\\\/\\\/www.esplac.cat\\\/#\\\/schema\\\/person\\\/908383cf240be18b68f8855d0583faca\",\"name\":\"Comunicaci\u00f3 Esplac\",\"image\":{\"@type\":\"ImageObject\",\"inLanguage\":\"es\",\"@id\":\"https:\\\/\\\/secure.gravatar.com\\\/avatar\\\/7a4cf8feb412a76ea4a740ca02d95b06b2907b5a6c648c2dd0a1082a093c3141?s=96&d=mm&r=g\",\"url\":\"https:\\\/\\\/secure.gravatar.com\\\/avatar\\\/7a4cf8feb412a76ea4a740ca02d95b06b2907b5a6c648c2dd0a1082a093c3141?s=96&d=mm&r=g\",\"contentUrl\":\"https:\\\/\\\/secure.gravatar.com\\\/avatar\\\/7a4cf8feb412a76ea4a740ca02d95b06b2907b5a6c648c2dd0a1082a093c3141?s=96&d=mm&r=g\",\"caption\":\"Comunicaci\u00f3 Esplac\"}}]}<\/script>\n<!-- \/ Yoast SEO plugin. -->","yoast_head_json":{"title":"Viu el debat a l'Escola d'Esplac 2014 - Esplac","robots":{"index":"index","follow":"follow","max-snippet":"max-snippet:-1","max-image-preview":"max-image-preview:large","max-video-preview":"max-video-preview:-1"},"canonical":"https:\/\/www.esplac.cat\/viu-debat-escola-esplac-2014\/","og_locale":"es_ES","og_type":"article","og_title":"Viu el debat a l'Escola d'Esplac 2014 - Esplac","og_description":"El proper cap de setmana del 8 i 9 de [&hellip;]","og_url":"https:\/\/www.esplac.cat\/viu-debat-escola-esplac-2014\/","og_site_name":"Esplac","article_published_time":"2014-01-15T16:00:42+00:00","article_modified_time":"2019-11-14T11:38:40+00:00","og_image":[{"width":1200,"height":630,"url":"https:\/\/www.esplac.cat\/wp-content\/uploads\/2019\/11\/logo-open.jpg","type":"image\/jpeg"}],"author":"Comunicaci\u00f3 Esplac","twitter_card":"summary_large_image","twitter_misc":{"Escrito por":"Comunicaci\u00f3 Esplac","Tiempo de lectura":"2 minutos"},"schema":{"@context":"https:\/\/schema.org","@graph":[{"@type":"Article","@id":"https:\/\/www.esplac.cat\/viu-debat-escola-esplac-2014\/#article","isPartOf":{"@id":"https:\/\/www.esplac.cat\/viu-debat-escola-esplac-2014\/"},"author":{"name":"Comunicaci\u00f3 Esplac","@id":"https:\/\/www.esplac.cat\/#\/schema\/person\/908383cf240be18b68f8855d0583faca"},"headline":"Viu el debat a l&#8217;Escola d&#8217;Esplac 2014","datePublished":"2014-01-15T16:00:42+00:00","dateModified":"2019-11-14T11:38:40+00:00","mainEntityOfPage":{"@id":"https:\/\/www.esplac.cat\/viu-debat-escola-esplac-2014\/"},"wordCount":387,"publisher":{"@id":"https:\/\/www.esplac.cat\/#organization"},"articleSection":["Activitats esplac","Cursos i formacions","Escola d'Esplac","Inf\u00e0ncia i Esplaiada"],"inLanguage":"es"},{"@type":"WebPage","@id":"https:\/\/www.esplac.cat\/viu-debat-escola-esplac-2014\/","url":"https:\/\/www.esplac.cat\/viu-debat-escola-esplac-2014\/","name":"Viu el debat a l'Escola d'Esplac 2014 - Esplac","isPartOf":{"@id":"https:\/\/www.esplac.cat\/#website"},"datePublished":"2014-01-15T16:00:42+00:00","dateModified":"2019-11-14T11:38:40+00:00","breadcrumb":{"@id":"https:\/\/www.esplac.cat\/viu-debat-escola-esplac-2014\/#breadcrumb"},"inLanguage":"es","potentialAction":[{"@type":"ReadAction","target":["https:\/\/www.esplac.cat\/viu-debat-escola-esplac-2014\/"]}]},{"@type":"BreadcrumbList","@id":"https:\/\/www.esplac.cat\/viu-debat-escola-esplac-2014\/#breadcrumb","itemListElement":[{"@type":"ListItem","position":1,"name":"Inici","item":"https:\/\/www.esplac.cat\/es\/"},{"@type":"ListItem","position":2,"name":"Viu el debat a l&#8217;Escola d&#8217;Esplac 2014"}]},{"@type":"WebSite","@id":"https:\/\/www.esplac.cat\/#website","url":"https:\/\/www.esplac.cat\/","name":"Esplac","description":"Esplais Catalans","publisher":{"@id":"https:\/\/www.esplac.cat\/#organization"},"potentialAction":[{"@type":"SearchAction","target":{"@type":"EntryPoint","urlTemplate":"https:\/\/www.esplac.cat\/?s={search_term_string}"},"query-input":{"@type":"PropertyValueSpecification","valueRequired":true,"valueName":"search_term_string"}}],"inLanguage":"es"},{"@type":"Organization","@id":"https:\/\/www.esplac.cat\/#organization","name":"Esplac","url":"https:\/\/www.esplac.cat\/","logo":{"@type":"ImageObject","inLanguage":"es","@id":"https:\/\/www.esplac.cat\/#\/schema\/logo\/image\/","url":"https:\/\/www.esplac.cat\/wp-content\/uploads\/2019\/08\/logox2.png","contentUrl":"https:\/\/www.esplac.cat\/wp-content\/uploads\/2019\/08\/logox2.png","width":600,"height":295,"caption":"Esplac"},"image":{"@id":"https:\/\/www.esplac.cat\/#\/schema\/logo\/image\/"}},{"@type":"Person","@id":"https:\/\/www.esplac.cat\/#\/schema\/person\/908383cf240be18b68f8855d0583faca","name":"Comunicaci\u00f3 Esplac","image":{"@type":"ImageObject","inLanguage":"es","@id":"https:\/\/secure.gravatar.com\/avatar\/7a4cf8feb412a76ea4a740ca02d95b06b2907b5a6c648c2dd0a1082a093c3141?s=96&d=mm&r=g","url":"https:\/\/secure.gravatar.com\/avatar\/7a4cf8feb412a76ea4a740ca02d95b06b2907b5a6c648c2dd0a1082a093c3141?s=96&d=mm&r=g","contentUrl":"https:\/\/secure.gravatar.com\/avatar\/7a4cf8feb412a76ea4a740ca02d95b06b2907b5a6c648c2dd0a1082a093c3141?s=96&d=mm&r=g","caption":"Comunicaci\u00f3 Esplac"}}]}},"_links":{"self":[{"href":"https:\/\/www.esplac.cat\/es\/wp-json\/wp\/v2\/posts\/25827","targetHints":{"allow":["GET"]}}],"collection":[{"href":"https:\/\/www.esplac.cat\/es\/wp-json\/wp\/v2\/posts"}],"about":[{"href":"https:\/\/www.esplac.cat\/es\/wp-json\/wp\/v2\/types\/post"}],"author":[{"embeddable":true,"href":"https:\/\/www.esplac.cat\/es\/wp-json\/wp\/v2\/users\/3"}],"replies":[{"embeddable":true,"href":"https:\/\/www.esplac.cat\/es\/wp-json\/wp\/v2\/comments?post=25827"}],"version-history":[{"count":0,"href":"https:\/\/www.esplac.cat\/es\/wp-json\/wp\/v2\/posts\/25827\/revisions"}],"wp:attachment":[{"href":"https:\/\/www.esplac.cat\/es\/wp-json\/wp\/v2\/media?parent=25827"}],"wp:term":[{"taxonomy":"category","embeddable":true,"href":"https:\/\/www.esplac.cat\/es\/wp-json\/wp\/v2\/categories?post=25827"},{"taxonomy":"post_tag","embeddable":true,"href":"https:\/\/www.esplac.cat\/es\/wp-json\/wp\/v2\/tags?post=25827"}],"curies":[{"name":"wp","href":"https:\/\/api.w.org\/{rel}","templated":true}]}}