{"id":25828,"date":"2014-01-10T11:57:31","date_gmt":"2014-01-10T09:57:31","guid":{"rendered":"http:\/\/esplac.cat\/?p=4476"},"modified":"2019-11-14T13:15:48","modified_gmt":"2019-11-14T11:15:48","slug":"iv-jornades-lleure-sexisme-2","status":"publish","type":"post","link":"https:\/\/www.esplac.cat\/es\/iv-jornades-lleure-sexisme-2\/","title":{"rendered":"IV Jornades de Lleure i Sexisme"},"content":{"rendered":"<p><!--:CA--><\/p>\n<p dir=\"ltr\">Ja hem obert les inscripcions per a les<strong> IV Jornades de Lleure i Sexisme<\/strong>, que tindran lloc el 19 de gener de 2014 a la Masia de la Guineueta. Les Jornades s\u00f3n un espai de trobada entre l&#8217;associacionisme educatiu i el moviment feminista i LGTBQ. Neixen fruit de la necessitat d\u2019afrontar la q\u00fcesti\u00f3 sexista en els nostres espais de participaci\u00f3, perqu\u00e8 tamb\u00e9 a les associacions educatives es reprodueixen rols, din\u00e0miques i formes de relaci\u00f3 sexistes.<\/p>\n<p>Enguany hem treballat la preparaci\u00f3 de les Jornades des de la Comissi\u00f3 de G\u00e8nere i el motiu de les jornades \u00e9s \u201c<strong>L\u2019educaci\u00f3 sexual amb perspectiva feminista<\/strong>\u201d. El programa s\u2019inicia a les 10 del mat\u00ed amb una breu presentaci\u00f3 de les Jornades i una pon\u00e8ncia per assentar unes bases comunes. Despr\u00e9s de dinar, ens repartirem en un dels cinc tallers, que cal escollir pr\u00e8viament en la inscripci\u00f3 i finalment posarem en com\u00fa els aspectes m\u00e9s destacats per establir unes conclusions conjuntes.<\/p>\n<p>Perqu\u00e8 la sexualitat tamb\u00e9 s\u2019educa, vine a aprendre, trencar t\u00f2pics, compartir recursos, reflexions i experi\u00e8ncies. Apunta&#8217;t a trav\u00e9s de l\u2019<a title=\"assac on-line\" href=\"http:\/\/assac.esplac.cat\" target=\"_blank\" rel=\"noopener noreferrer\">ASSAC on-line<\/a>!<\/p>\n<p><a href=\"http:\/\/esplac.cat\/wp-content\/uploads\/2014\/01\/lleure-sexisme-cartell.jpg\"><img decoding=\"async\" class=\"alignnone  wp-image-4477\" title=\"lleure-sexisme-cartell\" src=\"http:\/\/esplac.cat\/wp-content\/uploads\/2014\/01\/lleure-sexisme-cartell.jpg\" alt=\"\" width=\"400\" \/><\/a><!--:--><!--:es-->&nbsp;<\/p>\n<p><!--:--><!--:en-->&nbsp;<\/p>\n<p><!--:--><!--:fr-->&nbsp;<\/p>\n<p><!--:--><\/p>\n","protected":false},"excerpt":{"rendered":"<p>Ja hem obert les inscripcions per a les IV Jornades [&hellip;]<\/p>\n","protected":false},"author":3,"featured_media":7808,"comment_status":"open","ping_status":"open","sticky":false,"template":"","format":"standard","meta":{"om_disable_all_campaigns":false,"_monsterinsights_skip_tracking":false,"_monsterinsights_sitenote_active":false,"_monsterinsights_sitenote_note":"","_monsterinsights_sitenote_category":0,"_uf_show_specific_survey":0,"_uf_disable_surveys":false,"footnotes":""},"categories":[1160,1131],"tags":[177,58,191],"class_list":["post-25828","post","type-post","status-publish","format-standard","has-post-thumbnail","hentry","category-comissio-gsdd","category-cursos-formacions","tag-comissio-de-genere","tag-genere","tag-sexisme"],"yoast_head":"<!-- This site is optimized with the Yoast SEO plugin v27.5 - https:\/\/yoast.com\/product\/yoast-seo-wordpress\/ -->\n<title>IV Jornades de Lleure i Sexisme - Esplac<\/title>\n<meta name=\"robots\" content=\"index, follow, max-snippet:-1, max-image-preview:large, max-video-preview:-1\" \/>\n<link rel=\"canonical\" href=\"https:\/\/www.esplac.cat\/iv-jornades-lleure-sexisme-2\/\" \/>\n<meta property=\"og:locale\" content=\"es_ES\" \/>\n<meta property=\"og:type\" content=\"article\" \/>\n<meta property=\"og:title\" content=\"IV Jornades de Lleure i Sexisme - Esplac\" \/>\n<meta property=\"og:description\" content=\"Ja hem obert les inscripcions per a les IV Jornades [&hellip;]\" \/>\n<meta property=\"og:url\" content=\"https:\/\/www.esplac.cat\/iv-jornades-lleure-sexisme-2\/\" \/>\n<meta property=\"og:site_name\" content=\"Esplac\" \/>\n<meta property=\"article:published_time\" content=\"2014-01-10T09:57:31+00:00\" \/>\n<meta property=\"article:modified_time\" content=\"2019-11-14T11:15:48+00:00\" \/>\n<meta property=\"og:image\" content=\"https:\/\/www.esplac.cat\/wp-content\/uploads\/2019\/11\/logo-open.jpg\" \/>\n\t<meta property=\"og:image:width\" content=\"1200\" \/>\n\t<meta property=\"og:image:height\" content=\"630\" \/>\n\t<meta property=\"og:image:type\" content=\"image\/jpeg\" \/>\n<meta name=\"author\" content=\"Comunicaci\u00f3 Esplac\" \/>\n<meta name=\"twitter:card\" content=\"summary_large_image\" \/>\n<meta name=\"twitter:label1\" content=\"Escrito por\" \/>\n\t<meta name=\"twitter:data1\" content=\"Comunicaci\u00f3 Esplac\" \/>\n\t<meta name=\"twitter:label2\" content=\"Tiempo de lectura\" \/>\n\t<meta name=\"twitter:data2\" content=\"1 minuto\" \/>\n<script type=\"application\/ld+json\" class=\"yoast-schema-graph\">{\"@context\":\"https:\\\/\\\/schema.org\",\"@graph\":[{\"@type\":\"Article\",\"@id\":\"https:\\\/\\\/www.esplac.cat\\\/iv-jornades-lleure-sexisme-2\\\/#article\",\"isPartOf\":{\"@id\":\"https:\\\/\\\/www.esplac.cat\\\/iv-jornades-lleure-sexisme-2\\\/\"},\"author\":{\"name\":\"Comunicaci\u00f3 Esplac\",\"@id\":\"https:\\\/\\\/www.esplac.cat\\\/#\\\/schema\\\/person\\\/908383cf240be18b68f8855d0583faca\"},\"headline\":\"IV Jornades de Lleure i Sexisme\",\"datePublished\":\"2014-01-10T09:57:31+00:00\",\"dateModified\":\"2019-11-14T11:15:48+00:00\",\"mainEntityOfPage\":{\"@id\":\"https:\\\/\\\/www.esplac.cat\\\/iv-jornades-lleure-sexisme-2\\\/\"},\"wordCount\":200,\"commentCount\":0,\"publisher\":{\"@id\":\"https:\\\/\\\/www.esplac.cat\\\/#organization\"},\"image\":{\"@id\":\"https:\\\/\\\/www.esplac.cat\\\/iv-jornades-lleure-sexisme-2\\\/#primaryimage\"},\"thumbnailUrl\":\"\",\"keywords\":[\"comissi\u00f3 de g\u00e8nere\",\"g\u00e8nere\",\"sexisme\"],\"articleSection\":[\"Comissi\u00f3 GSDD\",\"Cursos i formacions\"],\"inLanguage\":\"es\",\"potentialAction\":[{\"@type\":\"CommentAction\",\"name\":\"Comment\",\"target\":[\"https:\\\/\\\/www.esplac.cat\\\/iv-jornades-lleure-sexisme-2\\\/#respond\"]}]},{\"@type\":\"WebPage\",\"@id\":\"https:\\\/\\\/www.esplac.cat\\\/iv-jornades-lleure-sexisme-2\\\/\",\"url\":\"https:\\\/\\\/www.esplac.cat\\\/iv-jornades-lleure-sexisme-2\\\/\",\"name\":\"IV Jornades de Lleure i Sexisme - Esplac\",\"isPartOf\":{\"@id\":\"https:\\\/\\\/www.esplac.cat\\\/#website\"},\"primaryImageOfPage\":{\"@id\":\"https:\\\/\\\/www.esplac.cat\\\/iv-jornades-lleure-sexisme-2\\\/#primaryimage\"},\"image\":{\"@id\":\"https:\\\/\\\/www.esplac.cat\\\/iv-jornades-lleure-sexisme-2\\\/#primaryimage\"},\"thumbnailUrl\":\"\",\"datePublished\":\"2014-01-10T09:57:31+00:00\",\"dateModified\":\"2019-11-14T11:15:48+00:00\",\"breadcrumb\":{\"@id\":\"https:\\\/\\\/www.esplac.cat\\\/iv-jornades-lleure-sexisme-2\\\/#breadcrumb\"},\"inLanguage\":\"es\",\"potentialAction\":[{\"@type\":\"ReadAction\",\"target\":[\"https:\\\/\\\/www.esplac.cat\\\/iv-jornades-lleure-sexisme-2\\\/\"]}]},{\"@type\":\"ImageObject\",\"inLanguage\":\"es\",\"@id\":\"https:\\\/\\\/www.esplac.cat\\\/iv-jornades-lleure-sexisme-2\\\/#primaryimage\",\"url\":\"\",\"contentUrl\":\"\"},{\"@type\":\"BreadcrumbList\",\"@id\":\"https:\\\/\\\/www.esplac.cat\\\/iv-jornades-lleure-sexisme-2\\\/#breadcrumb\",\"itemListElement\":[{\"@type\":\"ListItem\",\"position\":1,\"name\":\"Inici\",\"item\":\"https:\\\/\\\/www.esplac.cat\\\/es\\\/\"},{\"@type\":\"ListItem\",\"position\":2,\"name\":\"IV Jornades de Lleure i Sexisme\"}]},{\"@type\":\"WebSite\",\"@id\":\"https:\\\/\\\/www.esplac.cat\\\/#website\",\"url\":\"https:\\\/\\\/www.esplac.cat\\\/\",\"name\":\"Esplac\",\"description\":\"Esplais Catalans\",\"publisher\":{\"@id\":\"https:\\\/\\\/www.esplac.cat\\\/#organization\"},\"potentialAction\":[{\"@type\":\"SearchAction\",\"target\":{\"@type\":\"EntryPoint\",\"urlTemplate\":\"https:\\\/\\\/www.esplac.cat\\\/?s={search_term_string}\"},\"query-input\":{\"@type\":\"PropertyValueSpecification\",\"valueRequired\":true,\"valueName\":\"search_term_string\"}}],\"inLanguage\":\"es\"},{\"@type\":\"Organization\",\"@id\":\"https:\\\/\\\/www.esplac.cat\\\/#organization\",\"name\":\"Esplac\",\"url\":\"https:\\\/\\\/www.esplac.cat\\\/\",\"logo\":{\"@type\":\"ImageObject\",\"inLanguage\":\"es\",\"@id\":\"https:\\\/\\\/www.esplac.cat\\\/#\\\/schema\\\/logo\\\/image\\\/\",\"url\":\"https:\\\/\\\/www.esplac.cat\\\/wp-content\\\/uploads\\\/2019\\\/08\\\/logox2.png\",\"contentUrl\":\"https:\\\/\\\/www.esplac.cat\\\/wp-content\\\/uploads\\\/2019\\\/08\\\/logox2.png\",\"width\":600,\"height\":295,\"caption\":\"Esplac\"},\"image\":{\"@id\":\"https:\\\/\\\/www.esplac.cat\\\/#\\\/schema\\\/logo\\\/image\\\/\"}},{\"@type\":\"Person\",\"@id\":\"https:\\\/\\\/www.esplac.cat\\\/#\\\/schema\\\/person\\\/908383cf240be18b68f8855d0583faca\",\"name\":\"Comunicaci\u00f3 Esplac\",\"image\":{\"@type\":\"ImageObject\",\"inLanguage\":\"es\",\"@id\":\"https:\\\/\\\/secure.gravatar.com\\\/avatar\\\/7a4cf8feb412a76ea4a740ca02d95b06b2907b5a6c648c2dd0a1082a093c3141?s=96&d=mm&r=g\",\"url\":\"https:\\\/\\\/secure.gravatar.com\\\/avatar\\\/7a4cf8feb412a76ea4a740ca02d95b06b2907b5a6c648c2dd0a1082a093c3141?s=96&d=mm&r=g\",\"contentUrl\":\"https:\\\/\\\/secure.gravatar.com\\\/avatar\\\/7a4cf8feb412a76ea4a740ca02d95b06b2907b5a6c648c2dd0a1082a093c3141?s=96&d=mm&r=g\",\"caption\":\"Comunicaci\u00f3 Esplac\"}}]}<\/script>\n<!-- \/ Yoast SEO plugin. -->","yoast_head_json":{"title":"IV Jornades de Lleure i Sexisme - Esplac","robots":{"index":"index","follow":"follow","max-snippet":"max-snippet:-1","max-image-preview":"max-image-preview:large","max-video-preview":"max-video-preview:-1"},"canonical":"https:\/\/www.esplac.cat\/iv-jornades-lleure-sexisme-2\/","og_locale":"es_ES","og_type":"article","og_title":"IV Jornades de Lleure i Sexisme - Esplac","og_description":"Ja hem obert les inscripcions per a les IV Jornades [&hellip;]","og_url":"https:\/\/www.esplac.cat\/iv-jornades-lleure-sexisme-2\/","og_site_name":"Esplac","article_published_time":"2014-01-10T09:57:31+00:00","article_modified_time":"2019-11-14T11:15:48+00:00","og_image":[{"width":1200,"height":630,"url":"https:\/\/www.esplac.cat\/wp-content\/uploads\/2019\/11\/logo-open.jpg","type":"image\/jpeg"}],"author":"Comunicaci\u00f3 Esplac","twitter_card":"summary_large_image","twitter_misc":{"Escrito por":"Comunicaci\u00f3 Esplac","Tiempo de lectura":"1 minuto"},"schema":{"@context":"https:\/\/schema.org","@graph":[{"@type":"Article","@id":"https:\/\/www.esplac.cat\/iv-jornades-lleure-sexisme-2\/#article","isPartOf":{"@id":"https:\/\/www.esplac.cat\/iv-jornades-lleure-sexisme-2\/"},"author":{"name":"Comunicaci\u00f3 Esplac","@id":"https:\/\/www.esplac.cat\/#\/schema\/person\/908383cf240be18b68f8855d0583faca"},"headline":"IV Jornades de Lleure i Sexisme","datePublished":"2014-01-10T09:57:31+00:00","dateModified":"2019-11-14T11:15:48+00:00","mainEntityOfPage":{"@id":"https:\/\/www.esplac.cat\/iv-jornades-lleure-sexisme-2\/"},"wordCount":200,"commentCount":0,"publisher":{"@id":"https:\/\/www.esplac.cat\/#organization"},"image":{"@id":"https:\/\/www.esplac.cat\/iv-jornades-lleure-sexisme-2\/#primaryimage"},"thumbnailUrl":"","keywords":["comissi\u00f3 de g\u00e8nere","g\u00e8nere","sexisme"],"articleSection":["Comissi\u00f3 GSDD","Cursos i formacions"],"inLanguage":"es","potentialAction":[{"@type":"CommentAction","name":"Comment","target":["https:\/\/www.esplac.cat\/iv-jornades-lleure-sexisme-2\/#respond"]}]},{"@type":"WebPage","@id":"https:\/\/www.esplac.cat\/iv-jornades-lleure-sexisme-2\/","url":"https:\/\/www.esplac.cat\/iv-jornades-lleure-sexisme-2\/","name":"IV Jornades de Lleure i Sexisme - Esplac","isPartOf":{"@id":"https:\/\/www.esplac.cat\/#website"},"primaryImageOfPage":{"@id":"https:\/\/www.esplac.cat\/iv-jornades-lleure-sexisme-2\/#primaryimage"},"image":{"@id":"https:\/\/www.esplac.cat\/iv-jornades-lleure-sexisme-2\/#primaryimage"},"thumbnailUrl":"","datePublished":"2014-01-10T09:57:31+00:00","dateModified":"2019-11-14T11:15:48+00:00","breadcrumb":{"@id":"https:\/\/www.esplac.cat\/iv-jornades-lleure-sexisme-2\/#breadcrumb"},"inLanguage":"es","potentialAction":[{"@type":"ReadAction","target":["https:\/\/www.esplac.cat\/iv-jornades-lleure-sexisme-2\/"]}]},{"@type":"ImageObject","inLanguage":"es","@id":"https:\/\/www.esplac.cat\/iv-jornades-lleure-sexisme-2\/#primaryimage","url":"","contentUrl":""},{"@type":"BreadcrumbList","@id":"https:\/\/www.esplac.cat\/iv-jornades-lleure-sexisme-2\/#breadcrumb","itemListElement":[{"@type":"ListItem","position":1,"name":"Inici","item":"https:\/\/www.esplac.cat\/es\/"},{"@type":"ListItem","position":2,"name":"IV Jornades de Lleure i Sexisme"}]},{"@type":"WebSite","@id":"https:\/\/www.esplac.cat\/#website","url":"https:\/\/www.esplac.cat\/","name":"Esplac","description":"Esplais Catalans","publisher":{"@id":"https:\/\/www.esplac.cat\/#organization"},"potentialAction":[{"@type":"SearchAction","target":{"@type":"EntryPoint","urlTemplate":"https:\/\/www.esplac.cat\/?s={search_term_string}"},"query-input":{"@type":"PropertyValueSpecification","valueRequired":true,"valueName":"search_term_string"}}],"inLanguage":"es"},{"@type":"Organization","@id":"https:\/\/www.esplac.cat\/#organization","name":"Esplac","url":"https:\/\/www.esplac.cat\/","logo":{"@type":"ImageObject","inLanguage":"es","@id":"https:\/\/www.esplac.cat\/#\/schema\/logo\/image\/","url":"https:\/\/www.esplac.cat\/wp-content\/uploads\/2019\/08\/logox2.png","contentUrl":"https:\/\/www.esplac.cat\/wp-content\/uploads\/2019\/08\/logox2.png","width":600,"height":295,"caption":"Esplac"},"image":{"@id":"https:\/\/www.esplac.cat\/#\/schema\/logo\/image\/"}},{"@type":"Person","@id":"https:\/\/www.esplac.cat\/#\/schema\/person\/908383cf240be18b68f8855d0583faca","name":"Comunicaci\u00f3 Esplac","image":{"@type":"ImageObject","inLanguage":"es","@id":"https:\/\/secure.gravatar.com\/avatar\/7a4cf8feb412a76ea4a740ca02d95b06b2907b5a6c648c2dd0a1082a093c3141?s=96&d=mm&r=g","url":"https:\/\/secure.gravatar.com\/avatar\/7a4cf8feb412a76ea4a740ca02d95b06b2907b5a6c648c2dd0a1082a093c3141?s=96&d=mm&r=g","contentUrl":"https:\/\/secure.gravatar.com\/avatar\/7a4cf8feb412a76ea4a740ca02d95b06b2907b5a6c648c2dd0a1082a093c3141?s=96&d=mm&r=g","caption":"Comunicaci\u00f3 Esplac"}}]}},"_links":{"self":[{"href":"https:\/\/www.esplac.cat\/es\/wp-json\/wp\/v2\/posts\/25828","targetHints":{"allow":["GET"]}}],"collection":[{"href":"https:\/\/www.esplac.cat\/es\/wp-json\/wp\/v2\/posts"}],"about":[{"href":"https:\/\/www.esplac.cat\/es\/wp-json\/wp\/v2\/types\/post"}],"author":[{"embeddable":true,"href":"https:\/\/www.esplac.cat\/es\/wp-json\/wp\/v2\/users\/3"}],"replies":[{"embeddable":true,"href":"https:\/\/www.esplac.cat\/es\/wp-json\/wp\/v2\/comments?post=25828"}],"version-history":[{"count":0,"href":"https:\/\/www.esplac.cat\/es\/wp-json\/wp\/v2\/posts\/25828\/revisions"}],"wp:featuredmedia":[{"embeddable":true,"href":"https:\/\/www.esplac.cat\/es\/wp-json\/"}],"wp:attachment":[{"href":"https:\/\/www.esplac.cat\/es\/wp-json\/wp\/v2\/media?parent=25828"}],"wp:term":[{"taxonomy":"category","embeddable":true,"href":"https:\/\/www.esplac.cat\/es\/wp-json\/wp\/v2\/categories?post=25828"},{"taxonomy":"post_tag","embeddable":true,"href":"https:\/\/www.esplac.cat\/es\/wp-json\/wp\/v2\/tags?post=25828"}],"curies":[{"name":"wp","href":"https:\/\/api.w.org\/{rel}","templated":true}]}}