{"id":25830,"date":"2013-12-20T14:09:39","date_gmt":"2013-12-20T12:09:39","guid":{"rendered":"http:\/\/esplac.cat\/?p=4465"},"modified":"2013-12-20T14:09:39","modified_gmt":"2013-12-20T12:09:39","slug":"posicionament-esplais-catalans-nova-llei-avortament","status":"publish","type":"post","link":"https:\/\/www.esplac.cat\/es\/posicionament-esplais-catalans-nova-llei-avortament\/","title":{"rendered":"Posicionament d&#8217;Esplais Catalans sobre la nova Llei d&#8217;avortament"},"content":{"rendered":"<p><!--:CA--><\/p>\n<p style=\"text-align: left;\" align=\"JUSTIFY\"><span style=\"font-family: Calibri, sans-serif;\">A la XXXII Assemblea General Ordin\u00e0ria d&#8217;Esplais Catalans s&#8217;aprovava la resoluci\u00f3 pel dret a l&#8217;avortament i<\/span><span style=\"font-family: Calibri, sans-serif;\"> posicionar-nos en contra d\u2019una Llei que creiem que vulnera el dret de la dona al propi cos, un dret que va costar molt d\u2019aconseguir i que ara ens pretenen prendre de les mans sense tenir en compte les conseq\u00fc\u00e8ncies que patiran les dones i la societat en general.<\/span><\/p>\n<p style=\"text-align: left;\" align=\"JUSTIFY\"><span style=\"font-family: Calibri, sans-serif;\">Fins ara, la Llei de l\u2019avortament aprovada al 2010, permetia:<\/span><\/p>\n<ul style=\"text-align: left;\">\n<li>\n<p align=\"JUSTIFY\"><span style=\"font-family: Calibri, sans-serif;\">Avortament lliure en el termini de 14 setmanes i possibilitat de fer-ho sense el consentiment patern en el cas de les menors.<\/span><\/p>\n<\/li>\n<li>\n<p align=\"JUSTIFY\"><span style=\"text-align: left;\">Interrupci\u00f3 de l\u2019embar\u00e0s en cas de malformaci\u00f3 del fetus.<\/span><\/p>\n<\/li>\n<li>\n<p align=\"JUSTIFY\"><span style=\"font-family: Calibri, sans-serif;\">Acc\u00e9s gratu\u00eft a la p\u00edndola del dia despr\u00e9s.<\/span><\/p>\n<\/li>\n<li>\n<p align=\"JUSTIFY\"><span style=\"font-family: Calibri, sans-serif;\">Campanyes de sensibilitzaci\u00f3 refor\u00e7ades per una Llei d\u2019educaci\u00f3 sexual i afectiva.<\/span><\/p>\n<\/li>\n<\/ul>\n<p style=\"text-align: left;\" align=\"JUSTIFY\"><span style=\"font-family: Calibri, sans-serif;\">La nova Llei d\u2019avortament, que parteix de la del 1985, dicta:<\/span><\/p>\n<ul style=\"text-align: left;\">\n<li>\n<p align=\"JUSTIFY\"><span style=\"font-family: Calibri, sans-serif;\">Nom\u00e9s es pot interrompre l\u2019embar\u00e0s en cas de violaci\u00f3 durant les 12 primeres setmanes o per risc f\u00edsic o ps\u00edquic de la mare diagnosticat per un professional.<\/span><\/p>\n<\/li>\n<li>\n<p align=\"JUSTIFY\"><span style=\"font-family: Calibri, sans-serif;\">No es pot avortar en cas que hi hagi una malformaci\u00f3 del fetus.<\/span><\/p>\n<\/li>\n<li>\n<p align=\"JUSTIFY\"><span style=\"font-family: Calibri, sans-serif;\">No poden avortar noies menors d\u2019edat si no \u00e9s que compleixen una de les dues condicions.<\/span><\/p>\n<\/li>\n<li>\n<p align=\"JUSTIFY\"><span style=\"font-family: Calibri, sans-serif;\">No hi haur\u00e0 lliure acc\u00e9s a la p\u00edndola del dia despr\u00e9s ni a altres anticonceptius.<\/span><\/p>\n<\/li>\n<li>\n<p align=\"JUSTIFY\"><span style=\"font-family: Calibri, sans-serif;\">No existir\u00e0 la Llei d\u2019educaci\u00f3 sexual i afectiva.<\/span><\/p>\n<\/li>\n<li>\n<p align=\"JUSTIFY\"><span style=\"font-family: Calibri, sans-serif;\">L\u2019avortament fora de la Llei ser\u00e0 condemnat pel Codi Penal.<\/span><\/p>\n<\/li>\n<\/ul>\n<p style=\"text-align: left;\" align=\"JUSTIFY\"><span style=\"font-family: Calibri, sans-serif;\">L\u2019avortament \u00e9s un dels actes m\u00e9s exemplars d\u2019autonomia femenina envers el propi cos i envers el projecte de vida, aquesta restricci\u00f3 respon al sistema patriarcal que se&#8217;ns imposa, potenciant un domini i un ordre social que anul\u00b7len l\u2019autonomia i la llibertat femenina.\u00a0<\/span><\/p>\n<p style=\"text-align: left;\" align=\"JUSTIFY\"><span style=\"font-family: Calibri, sans-serif;\">Per tot aix\u00f2 ens posicionem en contra de la llei, ja que des de l\u2019associacionisme educatiu, com a monitores i monitors que lluitem di\u00e0riament per la transformaci\u00f3 social, tenim la responsabilitat de desacreditar el patriarcat tot reivindicant i actuant contra la discriminaci\u00f3 que imposa aquesta Llei <\/span><span style=\"font-family: Calibri, sans-serif;\">i treballant per a l&#8217;educaci\u00f3 sexual i afectiva d&#8217;infants i joves.<\/span><\/p>\n<p style=\"text-align: left;\" align=\"JUSTIFY\"><span style=\"font-family: Calibri, sans-serif;\">Per un avortament lliure i gratu\u00eft! Nosaltres parim, nosaltres decidim!<\/span><\/p>\n<p style=\"text-align: left;\" align=\"JUSTIFY\"><a href=\"http:\/\/esplac.cat\/wp-content\/uploads\/2013\/12\/1480687_261432067346720_649466663_n.jpg\"><img decoding=\"async\" class=\"size-medium wp-image-4466 aligncenter\" title=\"joan-turu-dret-propi-cos\" src=\"http:\/\/esplac.cat\/wp-content\/uploads\/2013\/12\/1480687_261432067346720_649466663_n-360x360.jpg\" alt=\"\" width=\"360\" height=\"360\" \/><\/a><\/p>\n<p style=\"text-align: center;\" align=\"JUSTIFY\">Il\u00b7lustraci\u00f3: <a title=\"joan turu\" href=\"https:\/\/www.facebook.com\/pages\/Joan-Turu\/261355487354378?ref=ts&amp;fref=ts\" target=\"_blank\" rel=\"noopener noreferrer\">Joan Turu<\/a><\/p>\n<p><!--:--><!--:es-->&nbsp;<\/p>\n<p><!--:--><!--:en-->&nbsp;<\/p>\n<p><!--:--><!--:fr-->&nbsp;<\/p>\n<p><!--:--><\/p>\n","protected":false},"excerpt":{"rendered":"<p>A la XXXII Assemblea General Ordin\u00e0ria d&#8217;Esplais Catalans s&#8217;aprovava la [&hellip;]<\/p>\n","protected":false},"author":3,"featured_media":7807,"comment_status":"open","ping_status":"open","sticky":false,"template":"","format":"standard","meta":{"om_disable_all_campaigns":false,"_monsterinsights_skip_tracking":false,"_monsterinsights_sitenote_active":false,"_monsterinsights_sitenote_note":"","_monsterinsights_sitenote_category":0,"_uf_show_specific_survey":0,"_uf_disable_surveys":false,"footnotes":""},"categories":[1127],"tags":[190],"class_list":["post-25830","post","type-post","status-publish","format-standard","has-post-thumbnail","hentry","category-comunicats-posicionaments","tag-avortament"],"yoast_head":"<!-- This site is optimized with the Yoast SEO plugin v27.4 - https:\/\/yoast.com\/product\/yoast-seo-wordpress\/ -->\n<title>Posicionament d&#039;Esplais Catalans sobre la nova Llei d&#039;avortament - Esplac<\/title>\n<meta name=\"robots\" content=\"index, follow, max-snippet:-1, max-image-preview:large, max-video-preview:-1\" \/>\n<link rel=\"canonical\" href=\"https:\/\/www.esplac.cat\/posicionament-esplais-catalans-nova-llei-avortament\/\" \/>\n<meta property=\"og:locale\" content=\"es_ES\" \/>\n<meta property=\"og:type\" content=\"article\" \/>\n<meta property=\"og:title\" content=\"Posicionament d&#039;Esplais Catalans sobre la nova Llei d&#039;avortament - Esplac\" \/>\n<meta property=\"og:description\" content=\"A la XXXII Assemblea General Ordin\u00e0ria d&#8217;Esplais Catalans s&#8217;aprovava la [&hellip;]\" \/>\n<meta property=\"og:url\" content=\"https:\/\/www.esplac.cat\/posicionament-esplais-catalans-nova-llei-avortament\/\" \/>\n<meta property=\"og:site_name\" content=\"Esplac\" \/>\n<meta property=\"article:published_time\" content=\"2013-12-20T12:09:39+00:00\" \/>\n<meta property=\"og:image\" content=\"https:\/\/www.esplac.cat\/wp-content\/uploads\/2019\/11\/logo-open.jpg\" \/>\n\t<meta property=\"og:image:width\" content=\"1200\" \/>\n\t<meta property=\"og:image:height\" content=\"630\" \/>\n\t<meta property=\"og:image:type\" content=\"image\/jpeg\" \/>\n<meta name=\"author\" content=\"Comunicaci\u00f3 Esplac\" \/>\n<meta name=\"twitter:card\" content=\"summary_large_image\" \/>\n<meta name=\"twitter:label1\" content=\"Escrito por\" \/>\n\t<meta name=\"twitter:data1\" content=\"Comunicaci\u00f3 Esplac\" \/>\n\t<meta name=\"twitter:label2\" content=\"Tiempo de lectura\" \/>\n\t<meta name=\"twitter:data2\" content=\"2 minutos\" \/>\n<script type=\"application\/ld+json\" class=\"yoast-schema-graph\">{\"@context\":\"https:\\\/\\\/schema.org\",\"@graph\":[{\"@type\":\"Article\",\"@id\":\"https:\\\/\\\/www.esplac.cat\\\/posicionament-esplais-catalans-nova-llei-avortament\\\/#article\",\"isPartOf\":{\"@id\":\"https:\\\/\\\/www.esplac.cat\\\/posicionament-esplais-catalans-nova-llei-avortament\\\/\"},\"author\":{\"name\":\"Comunicaci\u00f3 Esplac\",\"@id\":\"https:\\\/\\\/www.esplac.cat\\\/#\\\/schema\\\/person\\\/908383cf240be18b68f8855d0583faca\"},\"headline\":\"Posicionament d&#8217;Esplais Catalans sobre la nova Llei d&#8217;avortament\",\"datePublished\":\"2013-12-20T12:09:39+00:00\",\"mainEntityOfPage\":{\"@id\":\"https:\\\/\\\/www.esplac.cat\\\/posicionament-esplais-catalans-nova-llei-avortament\\\/\"},\"wordCount\":385,\"commentCount\":0,\"publisher\":{\"@id\":\"https:\\\/\\\/www.esplac.cat\\\/#organization\"},\"image\":{\"@id\":\"https:\\\/\\\/www.esplac.cat\\\/posicionament-esplais-catalans-nova-llei-avortament\\\/#primaryimage\"},\"thumbnailUrl\":\"\",\"keywords\":[\"avortament\"],\"articleSection\":[\"Comunicats i posicionaments\"],\"inLanguage\":\"es\",\"potentialAction\":[{\"@type\":\"CommentAction\",\"name\":\"Comment\",\"target\":[\"https:\\\/\\\/www.esplac.cat\\\/posicionament-esplais-catalans-nova-llei-avortament\\\/#respond\"]}]},{\"@type\":\"WebPage\",\"@id\":\"https:\\\/\\\/www.esplac.cat\\\/posicionament-esplais-catalans-nova-llei-avortament\\\/\",\"url\":\"https:\\\/\\\/www.esplac.cat\\\/posicionament-esplais-catalans-nova-llei-avortament\\\/\",\"name\":\"Posicionament d'Esplais Catalans sobre la nova Llei d'avortament - Esplac\",\"isPartOf\":{\"@id\":\"https:\\\/\\\/www.esplac.cat\\\/#website\"},\"primaryImageOfPage\":{\"@id\":\"https:\\\/\\\/www.esplac.cat\\\/posicionament-esplais-catalans-nova-llei-avortament\\\/#primaryimage\"},\"image\":{\"@id\":\"https:\\\/\\\/www.esplac.cat\\\/posicionament-esplais-catalans-nova-llei-avortament\\\/#primaryimage\"},\"thumbnailUrl\":\"\",\"datePublished\":\"2013-12-20T12:09:39+00:00\",\"breadcrumb\":{\"@id\":\"https:\\\/\\\/www.esplac.cat\\\/posicionament-esplais-catalans-nova-llei-avortament\\\/#breadcrumb\"},\"inLanguage\":\"es\",\"potentialAction\":[{\"@type\":\"ReadAction\",\"target\":[\"https:\\\/\\\/www.esplac.cat\\\/posicionament-esplais-catalans-nova-llei-avortament\\\/\"]}]},{\"@type\":\"ImageObject\",\"inLanguage\":\"es\",\"@id\":\"https:\\\/\\\/www.esplac.cat\\\/posicionament-esplais-catalans-nova-llei-avortament\\\/#primaryimage\",\"url\":\"\",\"contentUrl\":\"\"},{\"@type\":\"BreadcrumbList\",\"@id\":\"https:\\\/\\\/www.esplac.cat\\\/posicionament-esplais-catalans-nova-llei-avortament\\\/#breadcrumb\",\"itemListElement\":[{\"@type\":\"ListItem\",\"position\":1,\"name\":\"Inici\",\"item\":\"https:\\\/\\\/www.esplac.cat\\\/es\\\/\"},{\"@type\":\"ListItem\",\"position\":2,\"name\":\"Posicionament d&#8217;Esplais Catalans sobre la nova Llei d&#8217;avortament\"}]},{\"@type\":\"WebSite\",\"@id\":\"https:\\\/\\\/www.esplac.cat\\\/#website\",\"url\":\"https:\\\/\\\/www.esplac.cat\\\/\",\"name\":\"Esplac\",\"description\":\"Esplais Catalans\",\"publisher\":{\"@id\":\"https:\\\/\\\/www.esplac.cat\\\/#organization\"},\"potentialAction\":[{\"@type\":\"SearchAction\",\"target\":{\"@type\":\"EntryPoint\",\"urlTemplate\":\"https:\\\/\\\/www.esplac.cat\\\/?s={search_term_string}\"},\"query-input\":{\"@type\":\"PropertyValueSpecification\",\"valueRequired\":true,\"valueName\":\"search_term_string\"}}],\"inLanguage\":\"es\"},{\"@type\":\"Organization\",\"@id\":\"https:\\\/\\\/www.esplac.cat\\\/#organization\",\"name\":\"Esplac\",\"url\":\"https:\\\/\\\/www.esplac.cat\\\/\",\"logo\":{\"@type\":\"ImageObject\",\"inLanguage\":\"es\",\"@id\":\"https:\\\/\\\/www.esplac.cat\\\/#\\\/schema\\\/logo\\\/image\\\/\",\"url\":\"https:\\\/\\\/www.esplac.cat\\\/wp-content\\\/uploads\\\/2019\\\/08\\\/logox2.png\",\"contentUrl\":\"https:\\\/\\\/www.esplac.cat\\\/wp-content\\\/uploads\\\/2019\\\/08\\\/logox2.png\",\"width\":600,\"height\":295,\"caption\":\"Esplac\"},\"image\":{\"@id\":\"https:\\\/\\\/www.esplac.cat\\\/#\\\/schema\\\/logo\\\/image\\\/\"}},{\"@type\":\"Person\",\"@id\":\"https:\\\/\\\/www.esplac.cat\\\/#\\\/schema\\\/person\\\/908383cf240be18b68f8855d0583faca\",\"name\":\"Comunicaci\u00f3 Esplac\",\"image\":{\"@type\":\"ImageObject\",\"inLanguage\":\"es\",\"@id\":\"https:\\\/\\\/secure.gravatar.com\\\/avatar\\\/7a4cf8feb412a76ea4a740ca02d95b06b2907b5a6c648c2dd0a1082a093c3141?s=96&d=mm&r=g\",\"url\":\"https:\\\/\\\/secure.gravatar.com\\\/avatar\\\/7a4cf8feb412a76ea4a740ca02d95b06b2907b5a6c648c2dd0a1082a093c3141?s=96&d=mm&r=g\",\"contentUrl\":\"https:\\\/\\\/secure.gravatar.com\\\/avatar\\\/7a4cf8feb412a76ea4a740ca02d95b06b2907b5a6c648c2dd0a1082a093c3141?s=96&d=mm&r=g\",\"caption\":\"Comunicaci\u00f3 Esplac\"}}]}<\/script>\n<!-- \/ Yoast SEO plugin. -->","yoast_head_json":{"title":"Posicionament d'Esplais Catalans sobre la nova Llei d'avortament - Esplac","robots":{"index":"index","follow":"follow","max-snippet":"max-snippet:-1","max-image-preview":"max-image-preview:large","max-video-preview":"max-video-preview:-1"},"canonical":"https:\/\/www.esplac.cat\/posicionament-esplais-catalans-nova-llei-avortament\/","og_locale":"es_ES","og_type":"article","og_title":"Posicionament d'Esplais Catalans sobre la nova Llei d'avortament - Esplac","og_description":"A la XXXII Assemblea General Ordin\u00e0ria d&#8217;Esplais Catalans s&#8217;aprovava la [&hellip;]","og_url":"https:\/\/www.esplac.cat\/posicionament-esplais-catalans-nova-llei-avortament\/","og_site_name":"Esplac","article_published_time":"2013-12-20T12:09:39+00:00","og_image":[{"width":1200,"height":630,"url":"https:\/\/www.esplac.cat\/wp-content\/uploads\/2019\/11\/logo-open.jpg","type":"image\/jpeg"}],"author":"Comunicaci\u00f3 Esplac","twitter_card":"summary_large_image","twitter_misc":{"Escrito por":"Comunicaci\u00f3 Esplac","Tiempo de lectura":"2 minutos"},"schema":{"@context":"https:\/\/schema.org","@graph":[{"@type":"Article","@id":"https:\/\/www.esplac.cat\/posicionament-esplais-catalans-nova-llei-avortament\/#article","isPartOf":{"@id":"https:\/\/www.esplac.cat\/posicionament-esplais-catalans-nova-llei-avortament\/"},"author":{"name":"Comunicaci\u00f3 Esplac","@id":"https:\/\/www.esplac.cat\/#\/schema\/person\/908383cf240be18b68f8855d0583faca"},"headline":"Posicionament d&#8217;Esplais Catalans sobre la nova Llei d&#8217;avortament","datePublished":"2013-12-20T12:09:39+00:00","mainEntityOfPage":{"@id":"https:\/\/www.esplac.cat\/posicionament-esplais-catalans-nova-llei-avortament\/"},"wordCount":385,"commentCount":0,"publisher":{"@id":"https:\/\/www.esplac.cat\/#organization"},"image":{"@id":"https:\/\/www.esplac.cat\/posicionament-esplais-catalans-nova-llei-avortament\/#primaryimage"},"thumbnailUrl":"","keywords":["avortament"],"articleSection":["Comunicats i posicionaments"],"inLanguage":"es","potentialAction":[{"@type":"CommentAction","name":"Comment","target":["https:\/\/www.esplac.cat\/posicionament-esplais-catalans-nova-llei-avortament\/#respond"]}]},{"@type":"WebPage","@id":"https:\/\/www.esplac.cat\/posicionament-esplais-catalans-nova-llei-avortament\/","url":"https:\/\/www.esplac.cat\/posicionament-esplais-catalans-nova-llei-avortament\/","name":"Posicionament d'Esplais Catalans sobre la nova Llei d'avortament - Esplac","isPartOf":{"@id":"https:\/\/www.esplac.cat\/#website"},"primaryImageOfPage":{"@id":"https:\/\/www.esplac.cat\/posicionament-esplais-catalans-nova-llei-avortament\/#primaryimage"},"image":{"@id":"https:\/\/www.esplac.cat\/posicionament-esplais-catalans-nova-llei-avortament\/#primaryimage"},"thumbnailUrl":"","datePublished":"2013-12-20T12:09:39+00:00","breadcrumb":{"@id":"https:\/\/www.esplac.cat\/posicionament-esplais-catalans-nova-llei-avortament\/#breadcrumb"},"inLanguage":"es","potentialAction":[{"@type":"ReadAction","target":["https:\/\/www.esplac.cat\/posicionament-esplais-catalans-nova-llei-avortament\/"]}]},{"@type":"ImageObject","inLanguage":"es","@id":"https:\/\/www.esplac.cat\/posicionament-esplais-catalans-nova-llei-avortament\/#primaryimage","url":"","contentUrl":""},{"@type":"BreadcrumbList","@id":"https:\/\/www.esplac.cat\/posicionament-esplais-catalans-nova-llei-avortament\/#breadcrumb","itemListElement":[{"@type":"ListItem","position":1,"name":"Inici","item":"https:\/\/www.esplac.cat\/es\/"},{"@type":"ListItem","position":2,"name":"Posicionament d&#8217;Esplais Catalans sobre la nova Llei d&#8217;avortament"}]},{"@type":"WebSite","@id":"https:\/\/www.esplac.cat\/#website","url":"https:\/\/www.esplac.cat\/","name":"Esplac","description":"Esplais Catalans","publisher":{"@id":"https:\/\/www.esplac.cat\/#organization"},"potentialAction":[{"@type":"SearchAction","target":{"@type":"EntryPoint","urlTemplate":"https:\/\/www.esplac.cat\/?s={search_term_string}"},"query-input":{"@type":"PropertyValueSpecification","valueRequired":true,"valueName":"search_term_string"}}],"inLanguage":"es"},{"@type":"Organization","@id":"https:\/\/www.esplac.cat\/#organization","name":"Esplac","url":"https:\/\/www.esplac.cat\/","logo":{"@type":"ImageObject","inLanguage":"es","@id":"https:\/\/www.esplac.cat\/#\/schema\/logo\/image\/","url":"https:\/\/www.esplac.cat\/wp-content\/uploads\/2019\/08\/logox2.png","contentUrl":"https:\/\/www.esplac.cat\/wp-content\/uploads\/2019\/08\/logox2.png","width":600,"height":295,"caption":"Esplac"},"image":{"@id":"https:\/\/www.esplac.cat\/#\/schema\/logo\/image\/"}},{"@type":"Person","@id":"https:\/\/www.esplac.cat\/#\/schema\/person\/908383cf240be18b68f8855d0583faca","name":"Comunicaci\u00f3 Esplac","image":{"@type":"ImageObject","inLanguage":"es","@id":"https:\/\/secure.gravatar.com\/avatar\/7a4cf8feb412a76ea4a740ca02d95b06b2907b5a6c648c2dd0a1082a093c3141?s=96&d=mm&r=g","url":"https:\/\/secure.gravatar.com\/avatar\/7a4cf8feb412a76ea4a740ca02d95b06b2907b5a6c648c2dd0a1082a093c3141?s=96&d=mm&r=g","contentUrl":"https:\/\/secure.gravatar.com\/avatar\/7a4cf8feb412a76ea4a740ca02d95b06b2907b5a6c648c2dd0a1082a093c3141?s=96&d=mm&r=g","caption":"Comunicaci\u00f3 Esplac"}}]}},"_links":{"self":[{"href":"https:\/\/www.esplac.cat\/es\/wp-json\/wp\/v2\/posts\/25830","targetHints":{"allow":["GET"]}}],"collection":[{"href":"https:\/\/www.esplac.cat\/es\/wp-json\/wp\/v2\/posts"}],"about":[{"href":"https:\/\/www.esplac.cat\/es\/wp-json\/wp\/v2\/types\/post"}],"author":[{"embeddable":true,"href":"https:\/\/www.esplac.cat\/es\/wp-json\/wp\/v2\/users\/3"}],"replies":[{"embeddable":true,"href":"https:\/\/www.esplac.cat\/es\/wp-json\/wp\/v2\/comments?post=25830"}],"version-history":[{"count":0,"href":"https:\/\/www.esplac.cat\/es\/wp-json\/wp\/v2\/posts\/25830\/revisions"}],"wp:featuredmedia":[{"embeddable":true,"href":"https:\/\/www.esplac.cat\/es\/wp-json\/"}],"wp:attachment":[{"href":"https:\/\/www.esplac.cat\/es\/wp-json\/wp\/v2\/media?parent=25830"}],"wp:term":[{"taxonomy":"category","embeddable":true,"href":"https:\/\/www.esplac.cat\/es\/wp-json\/wp\/v2\/categories?post=25830"},{"taxonomy":"post_tag","embeddable":true,"href":"https:\/\/www.esplac.cat\/es\/wp-json\/wp\/v2\/tags?post=25830"}],"curies":[{"name":"wp","href":"https:\/\/api.w.org\/{rel}","templated":true}]}}