{"id":25861,"date":"2013-10-14T17:27:34","date_gmt":"2013-10-14T15:27:34","guid":{"rendered":"http:\/\/esplac.cat\/?p=4086"},"modified":"2013-10-14T17:27:34","modified_gmt":"2013-10-14T15:27:34","slug":"osona-ripolles-ens-carreguem-denergia-amb-la-trobada-de-monitors-i-monitores","status":"publish","type":"post","link":"https:\/\/www.esplac.cat\/es\/osona-ripolles-ens-carreguem-denergia-amb-la-trobada-de-monitors-i-monitores\/","title":{"rendered":"Osona-Ripoll\u00e8s ens carreguem d&#8217;energia amb la Trobada de Monitors i Monitores"},"content":{"rendered":"<p><!--:CA--><span style=\"font-family: Arial, sans-serif;\">El passat cap de setmana del 5 i 6 d&#8217;octubre, <strong>el Sector Osona-Ripoll\u00e8s hem celebrat la Trobada de Monitors i Monitores. <\/strong><\/span><\/p>\n<p><span style=\"font-family: Arial, sans-serif;\">En total hem estat una trentena de monitors i monitores dels esplais G\u00fcitxi-G\u00fcitxi de Tona i de l&#8217;esplai 100 Teies, de Centelles, que hem anat a la casa de col\u00f2nies Mas Can Pic (Taradell) per a passar un cap de setmana de formaci\u00f3, de treball i de jocs.<\/span><\/p>\n<p><span style=\"font-family: Arial, sans-serif;\">El dissabte al mat\u00ed vam quedar ben d&#8217;hora per esmorzar i fer la primera formaci\u00f3, que ens va donar<strong> eines i consells per poder millorar les nostres reunions<\/strong>. Despr\u00e9s de dinar vam fer dues formacions a la vegada. Una la vam plantejar per aquells monitors i monitores que acaben de comen\u00e7ar a l&#8217;esplai, sobre el <strong>joc com a eina educativa<\/strong>, i una altra de <strong>treball amb les fam\u00edlies<\/strong>.\u00a0<\/span>Despr\u00e9s de sopar vam estar fent din\u00e0miques i jocs que hav\u00edem preparat amb l&#8217;objectiu de treballar la coneixen\u00e7a, la cohesi\u00f3 i per a passar-ho b\u00e9 despr\u00e9s d&#8217;un dia ple de formaci\u00f3.<\/p>\n<p><span style=\"font-family: Arial, sans-serif;\">L&#8217;endem\u00e0 al mat\u00ed despr\u00e9s d&#8217;esmorzar va ser un moment important, perqu\u00e8 vam celebrar l&#8217;<strong>Assemblea del Sector<\/strong>. Va ser un espai en el qual vam treballar i definir les accions del Sector, el calendari, i algunes novetats que volem destacar:<\/span><\/p>\n<ul>\n<li>\u00a0<strong>Aquest any volem cr\u00e9ixer i fer-nos m\u00e9s visibles, i \u00e9s per aix\u00f2 que les nostres accions van molt encarades a la difusi\u00f3 del Sector<\/strong>.<\/li>\n<li>Volem repetir la <strong>Trobada d&#8217;esplais<\/strong> i hem afegit una nova activitat en la qual, <strong>aprofitant la Diada Universal dels Drets dels Infants, farem una gimcana oberta i convidant a altres esplais perqu\u00e8 coneguin qui som i el que fem<\/strong>.<\/li>\n<li>I aix\u00f2 no acaba aqu\u00ed, perqu\u00e8 volem <strong>crear una imatge comuna i anar tots i totes al Monifesta&#8217;t i fer-nos sentir!<\/strong><\/li>\n<\/ul>\n<p><span style=\"font-family: Arial, sans-serif;\">Estem molt contents d&#8217;haver-nos trobat altre cop i comen\u00e7ar aquest curs amb molta #energiadelesplai!<\/span><\/p>\n<p><a href=\"http:\/\/esplac.cat\/wp-content\/uploads\/2013\/10\/esplai-osona-ripolles-2.jpg\"><img decoding=\"async\" class=\"size-medium wp-image-4087 aligncenter\" title=\"esplai-osona-ripolles-2\" src=\"http:\/\/esplac.cat\/wp-content\/uploads\/2013\/10\/esplai-osona-ripolles-2-360x270.jpg\" alt=\"\" width=\"360\" height=\"270\" \/><\/a><!--:--><!--:es-->&nbsp;<\/p>\n<p><!--:--><!--:en-->&nbsp;<\/p>\n<p><!--:--><!--:fr-->&nbsp;<\/p>\n<p><!--:--><\/p>\n","protected":false},"excerpt":{"rendered":"<p>El passat cap de setmana del 5 i 6 d&#8217;octubre, [&hellip;]<\/p>\n","protected":false},"author":3,"featured_media":7798,"comment_status":"open","ping_status":"open","sticky":false,"template":"","format":"standard","meta":{"om_disable_all_campaigns":false,"_monsterinsights_skip_tracking":false,"_monsterinsights_sitenote_active":false,"_monsterinsights_sitenote_note":"","_monsterinsights_sitenote_category":0,"_uf_show_specific_survey":0,"_uf_disable_surveys":false,"footnotes":""},"categories":[1110,1120],"tags":[11,54,118,57],"class_list":["post-25861","post","type-post","status-publish","format-standard","has-post-thumbnail","hentry","category-activitats-sectors","category-sector-ripolles-osona-i-moianes","tag-assemblea","tag-formacio","tag-sector-bages-bergueda","tag-trobada-de-monitors"],"yoast_head":"<!-- This site is optimized with the Yoast SEO plugin v27.5 - https:\/\/yoast.com\/product\/yoast-seo-wordpress\/ -->\n<title>Osona-Ripoll\u00e8s ens carreguem d&#039;energia amb la Trobada de Monitors i Monitores - Esplac<\/title>\n<meta name=\"robots\" content=\"index, follow, max-snippet:-1, max-image-preview:large, max-video-preview:-1\" \/>\n<link rel=\"canonical\" href=\"https:\/\/www.esplac.cat\/en\/osona-ripolles-ens-carreguem-denergia-amb-la-trobada-de-monitors-i-monitores\/\" \/>\n<meta property=\"og:locale\" content=\"es_ES\" \/>\n<meta property=\"og:type\" content=\"article\" \/>\n<meta property=\"og:title\" content=\"Osona-Ripoll\u00e8s ens carreguem d&#039;energia amb la Trobada de Monitors i Monitores - Esplac\" \/>\n<meta property=\"og:description\" content=\"El passat cap de setmana del 5 i 6 d&#8217;octubre, [&hellip;]\" \/>\n<meta property=\"og:url\" content=\"https:\/\/www.esplac.cat\/en\/osona-ripolles-ens-carreguem-denergia-amb-la-trobada-de-monitors-i-monitores\/\" \/>\n<meta property=\"og:site_name\" content=\"Esplac\" \/>\n<meta property=\"article:published_time\" content=\"2013-10-14T15:27:34+00:00\" \/>\n<meta property=\"og:image\" content=\"https:\/\/www.esplac.cat\/wp-content\/uploads\/2019\/11\/logo-open.jpg\" \/>\n\t<meta property=\"og:image:width\" content=\"1200\" \/>\n\t<meta property=\"og:image:height\" content=\"630\" \/>\n\t<meta property=\"og:image:type\" content=\"image\/jpeg\" \/>\n<meta name=\"author\" content=\"Comunicaci\u00f3 Esplac\" \/>\n<meta name=\"twitter:card\" content=\"summary_large_image\" \/>\n<meta name=\"twitter:label1\" content=\"Escrito por\" \/>\n\t<meta name=\"twitter:data1\" content=\"Comunicaci\u00f3 Esplac\" \/>\n\t<meta name=\"twitter:label2\" content=\"Tiempo de lectura\" \/>\n\t<meta name=\"twitter:data2\" content=\"2 minutos\" \/>\n<script type=\"application\/ld+json\" class=\"yoast-schema-graph\">{\"@context\":\"https:\\\/\\\/schema.org\",\"@graph\":[{\"@type\":\"Article\",\"@id\":\"https:\\\/\\\/www.esplac.cat\\\/en\\\/osona-ripolles-ens-carreguem-denergia-amb-la-trobada-de-monitors-i-monitores\\\/#article\",\"isPartOf\":{\"@id\":\"https:\\\/\\\/www.esplac.cat\\\/en\\\/osona-ripolles-ens-carreguem-denergia-amb-la-trobada-de-monitors-i-monitores\\\/\"},\"author\":{\"name\":\"Comunicaci\u00f3 Esplac\",\"@id\":\"https:\\\/\\\/www.esplac.cat\\\/#\\\/schema\\\/person\\\/908383cf240be18b68f8855d0583faca\"},\"headline\":\"Osona-Ripoll\u00e8s ens carreguem d&#8217;energia amb la Trobada de Monitors i Monitores\",\"datePublished\":\"2013-10-14T15:27:34+00:00\",\"mainEntityOfPage\":{\"@id\":\"https:\\\/\\\/www.esplac.cat\\\/en\\\/osona-ripolles-ens-carreguem-denergia-amb-la-trobada-de-monitors-i-monitores\\\/\"},\"wordCount\":346,\"commentCount\":0,\"publisher\":{\"@id\":\"https:\\\/\\\/www.esplac.cat\\\/#organization\"},\"image\":{\"@id\":\"https:\\\/\\\/www.esplac.cat\\\/en\\\/osona-ripolles-ens-carreguem-denergia-amb-la-trobada-de-monitors-i-monitores\\\/#primaryimage\"},\"thumbnailUrl\":\"\",\"keywords\":[\"assemblea\",\"formaci\u00f3\",\"Sector Bages-Bergued\u00e0\",\"trobada de monitors\"],\"articleSection\":[\"Activitats sectors\",\"Sector Ripoll\u00e8s, Osona i Moian\u00e8s\"],\"inLanguage\":\"es\",\"potentialAction\":[{\"@type\":\"CommentAction\",\"name\":\"Comment\",\"target\":[\"https:\\\/\\\/www.esplac.cat\\\/en\\\/osona-ripolles-ens-carreguem-denergia-amb-la-trobada-de-monitors-i-monitores\\\/#respond\"]}]},{\"@type\":\"WebPage\",\"@id\":\"https:\\\/\\\/www.esplac.cat\\\/en\\\/osona-ripolles-ens-carreguem-denergia-amb-la-trobada-de-monitors-i-monitores\\\/\",\"url\":\"https:\\\/\\\/www.esplac.cat\\\/en\\\/osona-ripolles-ens-carreguem-denergia-amb-la-trobada-de-monitors-i-monitores\\\/\",\"name\":\"Osona-Ripoll\u00e8s ens carreguem d'energia amb la Trobada de Monitors i Monitores - Esplac\",\"isPartOf\":{\"@id\":\"https:\\\/\\\/www.esplac.cat\\\/#website\"},\"primaryImageOfPage\":{\"@id\":\"https:\\\/\\\/www.esplac.cat\\\/en\\\/osona-ripolles-ens-carreguem-denergia-amb-la-trobada-de-monitors-i-monitores\\\/#primaryimage\"},\"image\":{\"@id\":\"https:\\\/\\\/www.esplac.cat\\\/en\\\/osona-ripolles-ens-carreguem-denergia-amb-la-trobada-de-monitors-i-monitores\\\/#primaryimage\"},\"thumbnailUrl\":\"\",\"datePublished\":\"2013-10-14T15:27:34+00:00\",\"breadcrumb\":{\"@id\":\"https:\\\/\\\/www.esplac.cat\\\/en\\\/osona-ripolles-ens-carreguem-denergia-amb-la-trobada-de-monitors-i-monitores\\\/#breadcrumb\"},\"inLanguage\":\"es\",\"potentialAction\":[{\"@type\":\"ReadAction\",\"target\":[\"https:\\\/\\\/www.esplac.cat\\\/en\\\/osona-ripolles-ens-carreguem-denergia-amb-la-trobada-de-monitors-i-monitores\\\/\"]}]},{\"@type\":\"ImageObject\",\"inLanguage\":\"es\",\"@id\":\"https:\\\/\\\/www.esplac.cat\\\/en\\\/osona-ripolles-ens-carreguem-denergia-amb-la-trobada-de-monitors-i-monitores\\\/#primaryimage\",\"url\":\"\",\"contentUrl\":\"\"},{\"@type\":\"BreadcrumbList\",\"@id\":\"https:\\\/\\\/www.esplac.cat\\\/en\\\/osona-ripolles-ens-carreguem-denergia-amb-la-trobada-de-monitors-i-monitores\\\/#breadcrumb\",\"itemListElement\":[{\"@type\":\"ListItem\",\"position\":1,\"name\":\"Inici\",\"item\":\"https:\\\/\\\/www.esplac.cat\\\/es\\\/\"},{\"@type\":\"ListItem\",\"position\":2,\"name\":\"Osona-Ripoll\u00e8s ens carreguem d&#8217;energia amb la Trobada de Monitors i Monitores\"}]},{\"@type\":\"WebSite\",\"@id\":\"https:\\\/\\\/www.esplac.cat\\\/#website\",\"url\":\"https:\\\/\\\/www.esplac.cat\\\/\",\"name\":\"Esplac\",\"description\":\"Esplais Catalans\",\"publisher\":{\"@id\":\"https:\\\/\\\/www.esplac.cat\\\/#organization\"},\"potentialAction\":[{\"@type\":\"SearchAction\",\"target\":{\"@type\":\"EntryPoint\",\"urlTemplate\":\"https:\\\/\\\/www.esplac.cat\\\/?s={search_term_string}\"},\"query-input\":{\"@type\":\"PropertyValueSpecification\",\"valueRequired\":true,\"valueName\":\"search_term_string\"}}],\"inLanguage\":\"es\"},{\"@type\":\"Organization\",\"@id\":\"https:\\\/\\\/www.esplac.cat\\\/#organization\",\"name\":\"Esplac\",\"url\":\"https:\\\/\\\/www.esplac.cat\\\/\",\"logo\":{\"@type\":\"ImageObject\",\"inLanguage\":\"es\",\"@id\":\"https:\\\/\\\/www.esplac.cat\\\/#\\\/schema\\\/logo\\\/image\\\/\",\"url\":\"https:\\\/\\\/www.esplac.cat\\\/wp-content\\\/uploads\\\/2019\\\/08\\\/logox2.png\",\"contentUrl\":\"https:\\\/\\\/www.esplac.cat\\\/wp-content\\\/uploads\\\/2019\\\/08\\\/logox2.png\",\"width\":600,\"height\":295,\"caption\":\"Esplac\"},\"image\":{\"@id\":\"https:\\\/\\\/www.esplac.cat\\\/#\\\/schema\\\/logo\\\/image\\\/\"}},{\"@type\":\"Person\",\"@id\":\"https:\\\/\\\/www.esplac.cat\\\/#\\\/schema\\\/person\\\/908383cf240be18b68f8855d0583faca\",\"name\":\"Comunicaci\u00f3 Esplac\",\"image\":{\"@type\":\"ImageObject\",\"inLanguage\":\"es\",\"@id\":\"https:\\\/\\\/secure.gravatar.com\\\/avatar\\\/7a4cf8feb412a76ea4a740ca02d95b06b2907b5a6c648c2dd0a1082a093c3141?s=96&d=mm&r=g\",\"url\":\"https:\\\/\\\/secure.gravatar.com\\\/avatar\\\/7a4cf8feb412a76ea4a740ca02d95b06b2907b5a6c648c2dd0a1082a093c3141?s=96&d=mm&r=g\",\"contentUrl\":\"https:\\\/\\\/secure.gravatar.com\\\/avatar\\\/7a4cf8feb412a76ea4a740ca02d95b06b2907b5a6c648c2dd0a1082a093c3141?s=96&d=mm&r=g\",\"caption\":\"Comunicaci\u00f3 Esplac\"}}]}<\/script>\n<!-- \/ Yoast SEO plugin. -->","yoast_head_json":{"title":"Osona-Ripoll\u00e8s ens carreguem d'energia amb la Trobada de Monitors i Monitores - Esplac","robots":{"index":"index","follow":"follow","max-snippet":"max-snippet:-1","max-image-preview":"max-image-preview:large","max-video-preview":"max-video-preview:-1"},"canonical":"https:\/\/www.esplac.cat\/en\/osona-ripolles-ens-carreguem-denergia-amb-la-trobada-de-monitors-i-monitores\/","og_locale":"es_ES","og_type":"article","og_title":"Osona-Ripoll\u00e8s ens carreguem d'energia amb la Trobada de Monitors i Monitores - Esplac","og_description":"El passat cap de setmana del 5 i 6 d&#8217;octubre, [&hellip;]","og_url":"https:\/\/www.esplac.cat\/en\/osona-ripolles-ens-carreguem-denergia-amb-la-trobada-de-monitors-i-monitores\/","og_site_name":"Esplac","article_published_time":"2013-10-14T15:27:34+00:00","og_image":[{"width":1200,"height":630,"url":"https:\/\/www.esplac.cat\/wp-content\/uploads\/2019\/11\/logo-open.jpg","type":"image\/jpeg"}],"author":"Comunicaci\u00f3 Esplac","twitter_card":"summary_large_image","twitter_misc":{"Escrito por":"Comunicaci\u00f3 Esplac","Tiempo de lectura":"2 minutos"},"schema":{"@context":"https:\/\/schema.org","@graph":[{"@type":"Article","@id":"https:\/\/www.esplac.cat\/en\/osona-ripolles-ens-carreguem-denergia-amb-la-trobada-de-monitors-i-monitores\/#article","isPartOf":{"@id":"https:\/\/www.esplac.cat\/en\/osona-ripolles-ens-carreguem-denergia-amb-la-trobada-de-monitors-i-monitores\/"},"author":{"name":"Comunicaci\u00f3 Esplac","@id":"https:\/\/www.esplac.cat\/#\/schema\/person\/908383cf240be18b68f8855d0583faca"},"headline":"Osona-Ripoll\u00e8s ens carreguem d&#8217;energia amb la Trobada de Monitors i Monitores","datePublished":"2013-10-14T15:27:34+00:00","mainEntityOfPage":{"@id":"https:\/\/www.esplac.cat\/en\/osona-ripolles-ens-carreguem-denergia-amb-la-trobada-de-monitors-i-monitores\/"},"wordCount":346,"commentCount":0,"publisher":{"@id":"https:\/\/www.esplac.cat\/#organization"},"image":{"@id":"https:\/\/www.esplac.cat\/en\/osona-ripolles-ens-carreguem-denergia-amb-la-trobada-de-monitors-i-monitores\/#primaryimage"},"thumbnailUrl":"","keywords":["assemblea","formaci\u00f3","Sector Bages-Bergued\u00e0","trobada de monitors"],"articleSection":["Activitats sectors","Sector Ripoll\u00e8s, Osona i Moian\u00e8s"],"inLanguage":"es","potentialAction":[{"@type":"CommentAction","name":"Comment","target":["https:\/\/www.esplac.cat\/en\/osona-ripolles-ens-carreguem-denergia-amb-la-trobada-de-monitors-i-monitores\/#respond"]}]},{"@type":"WebPage","@id":"https:\/\/www.esplac.cat\/en\/osona-ripolles-ens-carreguem-denergia-amb-la-trobada-de-monitors-i-monitores\/","url":"https:\/\/www.esplac.cat\/en\/osona-ripolles-ens-carreguem-denergia-amb-la-trobada-de-monitors-i-monitores\/","name":"Osona-Ripoll\u00e8s ens carreguem d'energia amb la Trobada de Monitors i Monitores - Esplac","isPartOf":{"@id":"https:\/\/www.esplac.cat\/#website"},"primaryImageOfPage":{"@id":"https:\/\/www.esplac.cat\/en\/osona-ripolles-ens-carreguem-denergia-amb-la-trobada-de-monitors-i-monitores\/#primaryimage"},"image":{"@id":"https:\/\/www.esplac.cat\/en\/osona-ripolles-ens-carreguem-denergia-amb-la-trobada-de-monitors-i-monitores\/#primaryimage"},"thumbnailUrl":"","datePublished":"2013-10-14T15:27:34+00:00","breadcrumb":{"@id":"https:\/\/www.esplac.cat\/en\/osona-ripolles-ens-carreguem-denergia-amb-la-trobada-de-monitors-i-monitores\/#breadcrumb"},"inLanguage":"es","potentialAction":[{"@type":"ReadAction","target":["https:\/\/www.esplac.cat\/en\/osona-ripolles-ens-carreguem-denergia-amb-la-trobada-de-monitors-i-monitores\/"]}]},{"@type":"ImageObject","inLanguage":"es","@id":"https:\/\/www.esplac.cat\/en\/osona-ripolles-ens-carreguem-denergia-amb-la-trobada-de-monitors-i-monitores\/#primaryimage","url":"","contentUrl":""},{"@type":"BreadcrumbList","@id":"https:\/\/www.esplac.cat\/en\/osona-ripolles-ens-carreguem-denergia-amb-la-trobada-de-monitors-i-monitores\/#breadcrumb","itemListElement":[{"@type":"ListItem","position":1,"name":"Inici","item":"https:\/\/www.esplac.cat\/es\/"},{"@type":"ListItem","position":2,"name":"Osona-Ripoll\u00e8s ens carreguem d&#8217;energia amb la Trobada de Monitors i Monitores"}]},{"@type":"WebSite","@id":"https:\/\/www.esplac.cat\/#website","url":"https:\/\/www.esplac.cat\/","name":"Esplac","description":"Esplais Catalans","publisher":{"@id":"https:\/\/www.esplac.cat\/#organization"},"potentialAction":[{"@type":"SearchAction","target":{"@type":"EntryPoint","urlTemplate":"https:\/\/www.esplac.cat\/?s={search_term_string}"},"query-input":{"@type":"PropertyValueSpecification","valueRequired":true,"valueName":"search_term_string"}}],"inLanguage":"es"},{"@type":"Organization","@id":"https:\/\/www.esplac.cat\/#organization","name":"Esplac","url":"https:\/\/www.esplac.cat\/","logo":{"@type":"ImageObject","inLanguage":"es","@id":"https:\/\/www.esplac.cat\/#\/schema\/logo\/image\/","url":"https:\/\/www.esplac.cat\/wp-content\/uploads\/2019\/08\/logox2.png","contentUrl":"https:\/\/www.esplac.cat\/wp-content\/uploads\/2019\/08\/logox2.png","width":600,"height":295,"caption":"Esplac"},"image":{"@id":"https:\/\/www.esplac.cat\/#\/schema\/logo\/image\/"}},{"@type":"Person","@id":"https:\/\/www.esplac.cat\/#\/schema\/person\/908383cf240be18b68f8855d0583faca","name":"Comunicaci\u00f3 Esplac","image":{"@type":"ImageObject","inLanguage":"es","@id":"https:\/\/secure.gravatar.com\/avatar\/7a4cf8feb412a76ea4a740ca02d95b06b2907b5a6c648c2dd0a1082a093c3141?s=96&d=mm&r=g","url":"https:\/\/secure.gravatar.com\/avatar\/7a4cf8feb412a76ea4a740ca02d95b06b2907b5a6c648c2dd0a1082a093c3141?s=96&d=mm&r=g","contentUrl":"https:\/\/secure.gravatar.com\/avatar\/7a4cf8feb412a76ea4a740ca02d95b06b2907b5a6c648c2dd0a1082a093c3141?s=96&d=mm&r=g","caption":"Comunicaci\u00f3 Esplac"}}]}},"_links":{"self":[{"href":"https:\/\/www.esplac.cat\/es\/wp-json\/wp\/v2\/posts\/25861","targetHints":{"allow":["GET"]}}],"collection":[{"href":"https:\/\/www.esplac.cat\/es\/wp-json\/wp\/v2\/posts"}],"about":[{"href":"https:\/\/www.esplac.cat\/es\/wp-json\/wp\/v2\/types\/post"}],"author":[{"embeddable":true,"href":"https:\/\/www.esplac.cat\/es\/wp-json\/wp\/v2\/users\/3"}],"replies":[{"embeddable":true,"href":"https:\/\/www.esplac.cat\/es\/wp-json\/wp\/v2\/comments?post=25861"}],"version-history":[{"count":0,"href":"https:\/\/www.esplac.cat\/es\/wp-json\/wp\/v2\/posts\/25861\/revisions"}],"wp:featuredmedia":[{"embeddable":true,"href":"https:\/\/www.esplac.cat\/es\/wp-json\/"}],"wp:attachment":[{"href":"https:\/\/www.esplac.cat\/es\/wp-json\/wp\/v2\/media?parent=25861"}],"wp:term":[{"taxonomy":"category","embeddable":true,"href":"https:\/\/www.esplac.cat\/es\/wp-json\/wp\/v2\/categories?post=25861"},{"taxonomy":"post_tag","embeddable":true,"href":"https:\/\/www.esplac.cat\/es\/wp-json\/wp\/v2\/tags?post=25861"}],"curies":[{"name":"wp","href":"https:\/\/api.w.org\/{rel}","templated":true}]}}