{"id":25882,"date":"2013-07-22T10:59:05","date_gmt":"2013-07-22T08:59:05","guid":{"rendered":"http:\/\/esplac.cat\/?p=3894"},"modified":"2013-07-22T10:59:05","modified_gmt":"2013-07-22T08:59:05","slug":"esplais-acampats-saldes-continuen-activitat","status":"publish","type":"post","link":"https:\/\/www.esplac.cat\/es\/esplais-acampats-saldes-continuen-activitat\/","title":{"rendered":"Els esplais acampats a Saldes continuen l&#8217;activitat"},"content":{"rendered":"<p><!--:CA-->Els esplais acampats a la zona de Saldes, afectada per pluges i tempestes durant aquests dies, estan b\u00e9 i sota cobert.<\/p>\n<p>Hem parlat amb els dos grups de l&#8217;<a title=\"esplai eixam\" href=\"http:\/\/esplaieixam.blogspot.com.es\/\" target=\"_blank\" rel=\"noopener noreferrer\"><strong>Eixam<\/strong><\/a> i tant els que estan fent ruta com els campaments, continuen les activitats. El grup de ruta ha passat dos dies al poble de Bag\u00e0 dormint sota cobert i avui estan buscant allotjament a Berga per continuar la travessa. El grup de campaments est\u00e0 b\u00e9 malgrat la pluja.<\/p>\n<p>L&#8217;<a href=\"http:\/\/esplai-garbi.blogspot.com.es\/\"><strong>esplai<\/strong> <strong>Garb\u00ed<\/strong><\/a>, que est\u00e0 de campaments a Saldes, va baixar ahir a la tarda des del terreny d&#8217;acampada (a bon pas i cantant!) i ha passat la nit a la casa de col\u00f2nies de Can Cad\u00ed. Aquesta tarda tornaran cap a Matar\u00f3 un dia abans del previst, per\u00f2 proposen a les fam\u00edlies fer les \u00faltimes activitats i el comiat dem\u00e0 des de l&#8217;esplai.<\/p>\n<p>L&#8217;<a title=\"esplai boix\" href=\"http:\/\/www.ceboix.org\/?page_id=4\" target=\"_blank\" rel=\"noopener noreferrer\"><strong>espla<\/strong>i <strong>Boix<\/strong><\/a> tamb\u00e9 han estat desallotjats preventivament i aquesta nit han dormit sota cobert. Avui tornen a pujar al terreny d&#8217;acampada i segueixen endavant amb els seus campaments des d&#8217;all\u00e0.<\/p>\n<p>El grup de grans de l&#8217;<a title=\"esplai drac magic\" href=\"http:\/\/www.dracmagic.org\/\" target=\"_blank\" rel=\"noopener noreferrer\"><strong>esplai Drac M\u00e0gic<\/strong> <\/a>van acabar ahir els seus campaments i segueixen la segona part de la seva activitat de col\u00f2nies a la casa de Can Pau (Canapost, Girona).<\/p>\n<p>L&#8217;<strong><a title=\"esplai turons\" href=\"http:\/\/esplaiturons.blogspot.com.es\/\" target=\"_blank\" rel=\"noopener noreferrer\">esplai Turons<\/a>\u00a0<\/strong>tamb\u00e9 ens informen que es troben b\u00e9 i que tiren endavant els seus campaments.<\/p>\n<p>Els campaments internacionals <strong><a href=\"http:\/\/esplac.cat\/together-for-diversity\" target=\"_blank\" rel=\"noopener noreferrer\">Together for Diversity<\/a><\/strong> en qu\u00e8 hi participen 11 esplais i diverses entitats internacionals, tamb\u00e9 es troben a Saldes en 5 terrenys d&#8217;acampada. Tamb\u00e9 per prevenci\u00f3, els participants d&#8217;un dels terrenys han passat la nit a la casa de col\u00f2nies Can Cad\u00ed i avui seran traslladats a un altre terreny d&#8217;acampada amb menys riscos d&#8217;inundaci\u00f3. Tots els participants estan b\u00e9 i els campaments, que apleguen a m\u00e9s de 250 monitors, monitores i joves segueixen endavant.<\/p>\n<p>Estem contactant l&#8217;esplai\u00a0<strong>Massagran<\/strong> que tamb\u00e9 estan a la zona de Saldes. Tant bon punt en sapiguem alguna cosa, anirem actualitzant aquesta mateixa entrada. Tamb\u00e9 podeu anar seguint l&#8217;actualitat dels diferents esplais des de les seves webs on van informant peri\u00f2dicament sobre les seves activitats.<!--:--><!--:es-->&nbsp;<\/p>\n<p><!--:--><!--:en-->&nbsp;<\/p>\n<p><!--:--><!--:fr-->&nbsp;<\/p>\n<p><!--:--><\/p>\n","protected":false},"excerpt":{"rendered":"<p>Els esplais acampats a la zona de Saldes, afectada per [&hellip;]<\/p>\n","protected":false},"author":3,"featured_media":0,"comment_status":"open","ping_status":"open","sticky":false,"template":"","format":"standard","meta":{"om_disable_all_campaigns":false,"_monsterinsights_skip_tracking":false,"_monsterinsights_sitenote_active":false,"_monsterinsights_sitenote_note":"","_monsterinsights_sitenote_category":0,"_uf_show_specific_survey":0,"_uf_disable_surveys":false,"footnotes":""},"categories":[1127],"tags":[53],"class_list":["post-25882","post","type-post","status-publish","format-standard","hentry","category-comunicats-posicionaments","tag-campaments"],"yoast_head":"<!-- This site is optimized with the Yoast SEO plugin v27.4 - https:\/\/yoast.com\/product\/yoast-seo-wordpress\/ -->\n<title>Els esplais acampats a Saldes continuen l&#039;activitat - Esplac<\/title>\n<meta name=\"robots\" content=\"index, follow, max-snippet:-1, max-image-preview:large, max-video-preview:-1\" \/>\n<link rel=\"canonical\" href=\"https:\/\/www.esplac.cat\/esplais-acampats-saldes-continuen-activitat\/\" \/>\n<meta property=\"og:locale\" content=\"es_ES\" \/>\n<meta property=\"og:type\" content=\"article\" \/>\n<meta property=\"og:title\" content=\"Els esplais acampats a Saldes continuen l&#039;activitat - Esplac\" \/>\n<meta property=\"og:description\" content=\"Els esplais acampats a la zona de Saldes, afectada per [&hellip;]\" \/>\n<meta property=\"og:url\" content=\"https:\/\/www.esplac.cat\/esplais-acampats-saldes-continuen-activitat\/\" \/>\n<meta property=\"og:site_name\" content=\"Esplac\" \/>\n<meta property=\"article:published_time\" content=\"2013-07-22T08:59:05+00:00\" \/>\n<meta property=\"og:image\" content=\"https:\/\/www.esplac.cat\/wp-content\/uploads\/2019\/11\/logo-open.jpg\" \/>\n\t<meta property=\"og:image:width\" content=\"1200\" \/>\n\t<meta property=\"og:image:height\" content=\"630\" \/>\n\t<meta property=\"og:image:type\" content=\"image\/jpeg\" \/>\n<meta name=\"author\" content=\"Comunicaci\u00f3 Esplac\" \/>\n<meta name=\"twitter:card\" content=\"summary_large_image\" \/>\n<meta name=\"twitter:label1\" content=\"Escrito por\" \/>\n\t<meta name=\"twitter:data1\" content=\"Comunicaci\u00f3 Esplac\" \/>\n\t<meta name=\"twitter:label2\" content=\"Tiempo de lectura\" \/>\n\t<meta name=\"twitter:data2\" content=\"2 minutos\" \/>\n<script type=\"application\/ld+json\" class=\"yoast-schema-graph\">{\"@context\":\"https:\\\/\\\/schema.org\",\"@graph\":[{\"@type\":\"Article\",\"@id\":\"https:\\\/\\\/www.esplac.cat\\\/esplais-acampats-saldes-continuen-activitat\\\/#article\",\"isPartOf\":{\"@id\":\"https:\\\/\\\/www.esplac.cat\\\/esplais-acampats-saldes-continuen-activitat\\\/\"},\"author\":{\"name\":\"Comunicaci\u00f3 Esplac\",\"@id\":\"https:\\\/\\\/www.esplac.cat\\\/#\\\/schema\\\/person\\\/908383cf240be18b68f8855d0583faca\"},\"headline\":\"Els esplais acampats a Saldes continuen l&#8217;activitat\",\"datePublished\":\"2013-07-22T08:59:05+00:00\",\"mainEntityOfPage\":{\"@id\":\"https:\\\/\\\/www.esplac.cat\\\/esplais-acampats-saldes-continuen-activitat\\\/\"},\"wordCount\":371,\"commentCount\":0,\"publisher\":{\"@id\":\"https:\\\/\\\/www.esplac.cat\\\/#organization\"},\"keywords\":[\"campaments\"],\"articleSection\":[\"Comunicats i posicionaments\"],\"inLanguage\":\"es\",\"potentialAction\":[{\"@type\":\"CommentAction\",\"name\":\"Comment\",\"target\":[\"https:\\\/\\\/www.esplac.cat\\\/esplais-acampats-saldes-continuen-activitat\\\/#respond\"]}]},{\"@type\":\"WebPage\",\"@id\":\"https:\\\/\\\/www.esplac.cat\\\/esplais-acampats-saldes-continuen-activitat\\\/\",\"url\":\"https:\\\/\\\/www.esplac.cat\\\/esplais-acampats-saldes-continuen-activitat\\\/\",\"name\":\"Els esplais acampats a Saldes continuen l'activitat - Esplac\",\"isPartOf\":{\"@id\":\"https:\\\/\\\/www.esplac.cat\\\/#website\"},\"datePublished\":\"2013-07-22T08:59:05+00:00\",\"breadcrumb\":{\"@id\":\"https:\\\/\\\/www.esplac.cat\\\/esplais-acampats-saldes-continuen-activitat\\\/#breadcrumb\"},\"inLanguage\":\"es\",\"potentialAction\":[{\"@type\":\"ReadAction\",\"target\":[\"https:\\\/\\\/www.esplac.cat\\\/esplais-acampats-saldes-continuen-activitat\\\/\"]}]},{\"@type\":\"BreadcrumbList\",\"@id\":\"https:\\\/\\\/www.esplac.cat\\\/esplais-acampats-saldes-continuen-activitat\\\/#breadcrumb\",\"itemListElement\":[{\"@type\":\"ListItem\",\"position\":1,\"name\":\"Inici\",\"item\":\"https:\\\/\\\/www.esplac.cat\\\/es\\\/\"},{\"@type\":\"ListItem\",\"position\":2,\"name\":\"Els esplais acampats a Saldes continuen l&#8217;activitat\"}]},{\"@type\":\"WebSite\",\"@id\":\"https:\\\/\\\/www.esplac.cat\\\/#website\",\"url\":\"https:\\\/\\\/www.esplac.cat\\\/\",\"name\":\"Esplac\",\"description\":\"Esplais Catalans\",\"publisher\":{\"@id\":\"https:\\\/\\\/www.esplac.cat\\\/#organization\"},\"potentialAction\":[{\"@type\":\"SearchAction\",\"target\":{\"@type\":\"EntryPoint\",\"urlTemplate\":\"https:\\\/\\\/www.esplac.cat\\\/?s={search_term_string}\"},\"query-input\":{\"@type\":\"PropertyValueSpecification\",\"valueRequired\":true,\"valueName\":\"search_term_string\"}}],\"inLanguage\":\"es\"},{\"@type\":\"Organization\",\"@id\":\"https:\\\/\\\/www.esplac.cat\\\/#organization\",\"name\":\"Esplac\",\"url\":\"https:\\\/\\\/www.esplac.cat\\\/\",\"logo\":{\"@type\":\"ImageObject\",\"inLanguage\":\"es\",\"@id\":\"https:\\\/\\\/www.esplac.cat\\\/#\\\/schema\\\/logo\\\/image\\\/\",\"url\":\"https:\\\/\\\/www.esplac.cat\\\/wp-content\\\/uploads\\\/2019\\\/08\\\/logox2.png\",\"contentUrl\":\"https:\\\/\\\/www.esplac.cat\\\/wp-content\\\/uploads\\\/2019\\\/08\\\/logox2.png\",\"width\":600,\"height\":295,\"caption\":\"Esplac\"},\"image\":{\"@id\":\"https:\\\/\\\/www.esplac.cat\\\/#\\\/schema\\\/logo\\\/image\\\/\"}},{\"@type\":\"Person\",\"@id\":\"https:\\\/\\\/www.esplac.cat\\\/#\\\/schema\\\/person\\\/908383cf240be18b68f8855d0583faca\",\"name\":\"Comunicaci\u00f3 Esplac\",\"image\":{\"@type\":\"ImageObject\",\"inLanguage\":\"es\",\"@id\":\"https:\\\/\\\/secure.gravatar.com\\\/avatar\\\/7a4cf8feb412a76ea4a740ca02d95b06b2907b5a6c648c2dd0a1082a093c3141?s=96&d=mm&r=g\",\"url\":\"https:\\\/\\\/secure.gravatar.com\\\/avatar\\\/7a4cf8feb412a76ea4a740ca02d95b06b2907b5a6c648c2dd0a1082a093c3141?s=96&d=mm&r=g\",\"contentUrl\":\"https:\\\/\\\/secure.gravatar.com\\\/avatar\\\/7a4cf8feb412a76ea4a740ca02d95b06b2907b5a6c648c2dd0a1082a093c3141?s=96&d=mm&r=g\",\"caption\":\"Comunicaci\u00f3 Esplac\"}}]}<\/script>\n<!-- \/ Yoast SEO plugin. -->","yoast_head_json":{"title":"Els esplais acampats a Saldes continuen l'activitat - Esplac","robots":{"index":"index","follow":"follow","max-snippet":"max-snippet:-1","max-image-preview":"max-image-preview:large","max-video-preview":"max-video-preview:-1"},"canonical":"https:\/\/www.esplac.cat\/esplais-acampats-saldes-continuen-activitat\/","og_locale":"es_ES","og_type":"article","og_title":"Els esplais acampats a Saldes continuen l'activitat - Esplac","og_description":"Els esplais acampats a la zona de Saldes, afectada per [&hellip;]","og_url":"https:\/\/www.esplac.cat\/esplais-acampats-saldes-continuen-activitat\/","og_site_name":"Esplac","article_published_time":"2013-07-22T08:59:05+00:00","og_image":[{"width":1200,"height":630,"url":"https:\/\/www.esplac.cat\/wp-content\/uploads\/2019\/11\/logo-open.jpg","type":"image\/jpeg"}],"author":"Comunicaci\u00f3 Esplac","twitter_card":"summary_large_image","twitter_misc":{"Escrito por":"Comunicaci\u00f3 Esplac","Tiempo de lectura":"2 minutos"},"schema":{"@context":"https:\/\/schema.org","@graph":[{"@type":"Article","@id":"https:\/\/www.esplac.cat\/esplais-acampats-saldes-continuen-activitat\/#article","isPartOf":{"@id":"https:\/\/www.esplac.cat\/esplais-acampats-saldes-continuen-activitat\/"},"author":{"name":"Comunicaci\u00f3 Esplac","@id":"https:\/\/www.esplac.cat\/#\/schema\/person\/908383cf240be18b68f8855d0583faca"},"headline":"Els esplais acampats a Saldes continuen l&#8217;activitat","datePublished":"2013-07-22T08:59:05+00:00","mainEntityOfPage":{"@id":"https:\/\/www.esplac.cat\/esplais-acampats-saldes-continuen-activitat\/"},"wordCount":371,"commentCount":0,"publisher":{"@id":"https:\/\/www.esplac.cat\/#organization"},"keywords":["campaments"],"articleSection":["Comunicats i posicionaments"],"inLanguage":"es","potentialAction":[{"@type":"CommentAction","name":"Comment","target":["https:\/\/www.esplac.cat\/esplais-acampats-saldes-continuen-activitat\/#respond"]}]},{"@type":"WebPage","@id":"https:\/\/www.esplac.cat\/esplais-acampats-saldes-continuen-activitat\/","url":"https:\/\/www.esplac.cat\/esplais-acampats-saldes-continuen-activitat\/","name":"Els esplais acampats a Saldes continuen l'activitat - Esplac","isPartOf":{"@id":"https:\/\/www.esplac.cat\/#website"},"datePublished":"2013-07-22T08:59:05+00:00","breadcrumb":{"@id":"https:\/\/www.esplac.cat\/esplais-acampats-saldes-continuen-activitat\/#breadcrumb"},"inLanguage":"es","potentialAction":[{"@type":"ReadAction","target":["https:\/\/www.esplac.cat\/esplais-acampats-saldes-continuen-activitat\/"]}]},{"@type":"BreadcrumbList","@id":"https:\/\/www.esplac.cat\/esplais-acampats-saldes-continuen-activitat\/#breadcrumb","itemListElement":[{"@type":"ListItem","position":1,"name":"Inici","item":"https:\/\/www.esplac.cat\/es\/"},{"@type":"ListItem","position":2,"name":"Els esplais acampats a Saldes continuen l&#8217;activitat"}]},{"@type":"WebSite","@id":"https:\/\/www.esplac.cat\/#website","url":"https:\/\/www.esplac.cat\/","name":"Esplac","description":"Esplais Catalans","publisher":{"@id":"https:\/\/www.esplac.cat\/#organization"},"potentialAction":[{"@type":"SearchAction","target":{"@type":"EntryPoint","urlTemplate":"https:\/\/www.esplac.cat\/?s={search_term_string}"},"query-input":{"@type":"PropertyValueSpecification","valueRequired":true,"valueName":"search_term_string"}}],"inLanguage":"es"},{"@type":"Organization","@id":"https:\/\/www.esplac.cat\/#organization","name":"Esplac","url":"https:\/\/www.esplac.cat\/","logo":{"@type":"ImageObject","inLanguage":"es","@id":"https:\/\/www.esplac.cat\/#\/schema\/logo\/image\/","url":"https:\/\/www.esplac.cat\/wp-content\/uploads\/2019\/08\/logox2.png","contentUrl":"https:\/\/www.esplac.cat\/wp-content\/uploads\/2019\/08\/logox2.png","width":600,"height":295,"caption":"Esplac"},"image":{"@id":"https:\/\/www.esplac.cat\/#\/schema\/logo\/image\/"}},{"@type":"Person","@id":"https:\/\/www.esplac.cat\/#\/schema\/person\/908383cf240be18b68f8855d0583faca","name":"Comunicaci\u00f3 Esplac","image":{"@type":"ImageObject","inLanguage":"es","@id":"https:\/\/secure.gravatar.com\/avatar\/7a4cf8feb412a76ea4a740ca02d95b06b2907b5a6c648c2dd0a1082a093c3141?s=96&d=mm&r=g","url":"https:\/\/secure.gravatar.com\/avatar\/7a4cf8feb412a76ea4a740ca02d95b06b2907b5a6c648c2dd0a1082a093c3141?s=96&d=mm&r=g","contentUrl":"https:\/\/secure.gravatar.com\/avatar\/7a4cf8feb412a76ea4a740ca02d95b06b2907b5a6c648c2dd0a1082a093c3141?s=96&d=mm&r=g","caption":"Comunicaci\u00f3 Esplac"}}]}},"_links":{"self":[{"href":"https:\/\/www.esplac.cat\/es\/wp-json\/wp\/v2\/posts\/25882","targetHints":{"allow":["GET"]}}],"collection":[{"href":"https:\/\/www.esplac.cat\/es\/wp-json\/wp\/v2\/posts"}],"about":[{"href":"https:\/\/www.esplac.cat\/es\/wp-json\/wp\/v2\/types\/post"}],"author":[{"embeddable":true,"href":"https:\/\/www.esplac.cat\/es\/wp-json\/wp\/v2\/users\/3"}],"replies":[{"embeddable":true,"href":"https:\/\/www.esplac.cat\/es\/wp-json\/wp\/v2\/comments?post=25882"}],"version-history":[{"count":0,"href":"https:\/\/www.esplac.cat\/es\/wp-json\/wp\/v2\/posts\/25882\/revisions"}],"wp:attachment":[{"href":"https:\/\/www.esplac.cat\/es\/wp-json\/wp\/v2\/media?parent=25882"}],"wp:term":[{"taxonomy":"category","embeddable":true,"href":"https:\/\/www.esplac.cat\/es\/wp-json\/wp\/v2\/categories?post=25882"},{"taxonomy":"post_tag","embeddable":true,"href":"https:\/\/www.esplac.cat\/es\/wp-json\/wp\/v2\/tags?post=25882"}],"curies":[{"name":"wp","href":"https:\/\/api.w.org\/{rel}","templated":true}]}}