{"id":25883,"date":"2013-07-18T10:41:01","date_gmt":"2013-07-18T08:41:01","guid":{"rendered":"http:\/\/esplac.cat\/?p=3864"},"modified":"2013-07-18T10:41:01","modified_gmt":"2013-07-18T08:41:01","slug":"comunicat-de-lisard-flor-de-neu-per-a-les-families","status":"publish","type":"post","link":"https:\/\/www.esplac.cat\/es\/comunicat-de-lisard-flor-de-neu-per-a-les-families\/","title":{"rendered":"Comunicat de l&#8217;Isard-Flor de Neu per a les fam\u00edlies"},"content":{"rendered":"<p><!--:CA--><em>Els monitors i monitores de l&#8217;esplai Isard-Flor de Neu (Barcelona), han enviat aquest comunicat a les fam\u00edlies dels infants que han estat evacuats aquesta nit als campaments de Borred\u00e0, en prevenci\u00f3 per les pluges.<\/em><\/p>\n<p>Bon dia pares i mares!<\/p>\n<div>Aquest \u00e9s un mail tranquilitzador i informatiu.<\/div>\n<div>Molts de vosaltres haureu sentit aquest mat\u00ed per r\u00e0dio o televisi\u00f3 (si, som famosos!) que un campament de Borred\u00e0 ha estat evacuat; doncs efectivament som nosaltres.<\/div>\n<div><\/div>\n<div>El tema va ser que ahir a la nit, mentres els nens ja dormien i els monitors feiem reuni\u00f3 vam trucar al 112 i vam parlar amb Protecci\u00f3 Civil per preguntar-los que haviem de fer davant la previsi\u00f3 de pluja de tot el dia d&#8217;avui.<\/div>\n<div>Els Bombers van respondre immediatament i ens van aconsellar que per prevenci\u00f3 evacu\u00e9ssim el campament.<\/div>\n<div>A les 2 de la matinada vam despertar els nens i nenes i amb uns quants cotxes de bombers vam ser traslladats a un Centre C\u00edvic de Borred\u00e0 on es preveu que estiguem durant el dia d&#8217;avui.<\/div>\n<div><\/div>\n<div>En principi aquesta nit comen\u00e7a una treva de pluja per\u00f2 en cas de que fos necessari seguirem disposant d&#8217;aquest espai per estar i dormir. El campament segueix endevant i podem fer activitats igual sense cap tipus de problema<\/div>\n<div><\/div>\n<div>Aix\u00ed doncs, no patiu, estem tots b\u00e9 i ha estat una evacuaci\u00f3 simplement per prevenci\u00f3. Qui ens anava a dir que a ple estiu caurien aquest x\u00e0fecs? Els intendents anirem fent viatges cap al campament aix\u00ed que no ens falta de res i ens ho estem prenent tots com una aventura.<\/div>\n<div><\/div>\n<div>Qualsevol cosa que necessiteu podeu trucar a la responsable del terreny i tranquils que davant de qualsevol canvi us mantindrem informats.<\/div>\n<div><\/div>\n<div>Moltes gr\u00e0cies per tot, com sempre.<\/div>\n<div><\/div>\n<div>L&#8217;equip de monitors<\/div>\n<p><!--:--><!--:es-->&nbsp;<\/p>\n<p><!--:--><!--:en-->&nbsp;<\/p>\n<p><!--:--><!--:fr-->&nbsp;<\/p>\n<p><!--:--><\/p>\n","protected":false},"excerpt":{"rendered":"<p>Els monitors i monitores de l&#8217;esplai Isard-Flor de Neu (Barcelona), [&hellip;]<\/p>\n","protected":false},"author":3,"featured_media":25600,"comment_status":"open","ping_status":"open","sticky":false,"template":"","format":"standard","meta":{"om_disable_all_campaigns":false,"_monsterinsights_skip_tracking":false,"_monsterinsights_sitenote_active":false,"_monsterinsights_sitenote_note":"","_monsterinsights_sitenote_category":0,"_uf_show_specific_survey":0,"_uf_disable_surveys":false,"footnotes":""},"categories":[1127],"tags":[53],"class_list":["post-25883","post","type-post","status-publish","format-standard","has-post-thumbnail","hentry","category-comunicats-posicionaments","tag-campaments"],"yoast_head":"<!-- This site is optimized with the Yoast SEO plugin v27.5 - https:\/\/yoast.com\/product\/yoast-seo-wordpress\/ -->\n<title>Comunicat de l&#039;Isard-Flor de Neu per a les fam\u00edlies - Esplac<\/title>\n<meta name=\"robots\" content=\"index, follow, max-snippet:-1, max-image-preview:large, max-video-preview:-1\" \/>\n<link rel=\"canonical\" href=\"https:\/\/www.esplac.cat\/comunicat-de-lisard-flor-de-neu-per-a-les-families\/\" \/>\n<meta property=\"og:locale\" content=\"es_ES\" \/>\n<meta property=\"og:type\" content=\"article\" \/>\n<meta property=\"og:title\" content=\"Comunicat de l&#039;Isard-Flor de Neu per a les fam\u00edlies - Esplac\" \/>\n<meta property=\"og:description\" content=\"Els monitors i monitores de l&#8217;esplai Isard-Flor de Neu (Barcelona), [&hellip;]\" \/>\n<meta property=\"og:url\" content=\"https:\/\/www.esplac.cat\/comunicat-de-lisard-flor-de-neu-per-a-les-families\/\" \/>\n<meta property=\"og:site_name\" content=\"Esplac\" \/>\n<meta property=\"article:published_time\" content=\"2013-07-18T08:41:01+00:00\" \/>\n<meta property=\"og:image\" content=\"https:\/\/www.esplac.cat\/wp-content\/uploads\/2012\/10\/curs_monitors_escola_sol-e1351092774841.jpeg\" \/>\n\t<meta property=\"og:image:width\" content=\"719\" \/>\n\t<meta property=\"og:image:height\" content=\"336\" \/>\n\t<meta property=\"og:image:type\" content=\"image\/jpeg\" \/>\n<meta name=\"author\" content=\"Comunicaci\u00f3 Esplac\" \/>\n<meta name=\"twitter:card\" content=\"summary_large_image\" \/>\n<meta name=\"twitter:label1\" content=\"Escrito por\" \/>\n\t<meta name=\"twitter:data1\" content=\"Comunicaci\u00f3 Esplac\" \/>\n\t<meta name=\"twitter:label2\" content=\"Tiempo de lectura\" \/>\n\t<meta name=\"twitter:data2\" content=\"1 minuto\" \/>\n<script type=\"application\/ld+json\" class=\"yoast-schema-graph\">{\"@context\":\"https:\\\/\\\/schema.org\",\"@graph\":[{\"@type\":\"Article\",\"@id\":\"https:\\\/\\\/www.esplac.cat\\\/comunicat-de-lisard-flor-de-neu-per-a-les-families\\\/#article\",\"isPartOf\":{\"@id\":\"https:\\\/\\\/www.esplac.cat\\\/comunicat-de-lisard-flor-de-neu-per-a-les-families\\\/\"},\"author\":{\"name\":\"Comunicaci\u00f3 Esplac\",\"@id\":\"https:\\\/\\\/www.esplac.cat\\\/#\\\/schema\\\/person\\\/908383cf240be18b68f8855d0583faca\"},\"headline\":\"Comunicat de l&#8217;Isard-Flor de Neu per a les fam\u00edlies\",\"datePublished\":\"2013-07-18T08:41:01+00:00\",\"mainEntityOfPage\":{\"@id\":\"https:\\\/\\\/www.esplac.cat\\\/comunicat-de-lisard-flor-de-neu-per-a-les-families\\\/\"},\"wordCount\":312,\"commentCount\":0,\"publisher\":{\"@id\":\"https:\\\/\\\/www.esplac.cat\\\/#organization\"},\"image\":{\"@id\":\"https:\\\/\\\/www.esplac.cat\\\/comunicat-de-lisard-flor-de-neu-per-a-les-families\\\/#primaryimage\"},\"thumbnailUrl\":\"https:\\\/\\\/www.esplac.cat\\\/wp-content\\\/uploads\\\/2012\\\/10\\\/curs_monitors_escola_sol-e1351092774841.jpeg\",\"keywords\":[\"campaments\"],\"articleSection\":[\"Comunicats i posicionaments\"],\"inLanguage\":\"es\",\"potentialAction\":[{\"@type\":\"CommentAction\",\"name\":\"Comment\",\"target\":[\"https:\\\/\\\/www.esplac.cat\\\/comunicat-de-lisard-flor-de-neu-per-a-les-families\\\/#respond\"]}]},{\"@type\":\"WebPage\",\"@id\":\"https:\\\/\\\/www.esplac.cat\\\/comunicat-de-lisard-flor-de-neu-per-a-les-families\\\/\",\"url\":\"https:\\\/\\\/www.esplac.cat\\\/comunicat-de-lisard-flor-de-neu-per-a-les-families\\\/\",\"name\":\"Comunicat de l'Isard-Flor de Neu per a les fam\u00edlies - Esplac\",\"isPartOf\":{\"@id\":\"https:\\\/\\\/www.esplac.cat\\\/#website\"},\"primaryImageOfPage\":{\"@id\":\"https:\\\/\\\/www.esplac.cat\\\/comunicat-de-lisard-flor-de-neu-per-a-les-families\\\/#primaryimage\"},\"image\":{\"@id\":\"https:\\\/\\\/www.esplac.cat\\\/comunicat-de-lisard-flor-de-neu-per-a-les-families\\\/#primaryimage\"},\"thumbnailUrl\":\"https:\\\/\\\/www.esplac.cat\\\/wp-content\\\/uploads\\\/2012\\\/10\\\/curs_monitors_escola_sol-e1351092774841.jpeg\",\"datePublished\":\"2013-07-18T08:41:01+00:00\",\"breadcrumb\":{\"@id\":\"https:\\\/\\\/www.esplac.cat\\\/comunicat-de-lisard-flor-de-neu-per-a-les-families\\\/#breadcrumb\"},\"inLanguage\":\"es\",\"potentialAction\":[{\"@type\":\"ReadAction\",\"target\":[\"https:\\\/\\\/www.esplac.cat\\\/comunicat-de-lisard-flor-de-neu-per-a-les-families\\\/\"]}]},{\"@type\":\"ImageObject\",\"inLanguage\":\"es\",\"@id\":\"https:\\\/\\\/www.esplac.cat\\\/comunicat-de-lisard-flor-de-neu-per-a-les-families\\\/#primaryimage\",\"url\":\"https:\\\/\\\/www.esplac.cat\\\/wp-content\\\/uploads\\\/2012\\\/10\\\/curs_monitors_escola_sol-e1351092774841.jpeg\",\"contentUrl\":\"https:\\\/\\\/www.esplac.cat\\\/wp-content\\\/uploads\\\/2012\\\/10\\\/curs_monitors_escola_sol-e1351092774841.jpeg\",\"width\":719,\"height\":336},{\"@type\":\"BreadcrumbList\",\"@id\":\"https:\\\/\\\/www.esplac.cat\\\/comunicat-de-lisard-flor-de-neu-per-a-les-families\\\/#breadcrumb\",\"itemListElement\":[{\"@type\":\"ListItem\",\"position\":1,\"name\":\"Inici\",\"item\":\"https:\\\/\\\/www.esplac.cat\\\/es\\\/\"},{\"@type\":\"ListItem\",\"position\":2,\"name\":\"Comunicat de l&#8217;Isard-Flor de Neu per a les fam\u00edlies\"}]},{\"@type\":\"WebSite\",\"@id\":\"https:\\\/\\\/www.esplac.cat\\\/#website\",\"url\":\"https:\\\/\\\/www.esplac.cat\\\/\",\"name\":\"Esplac\",\"description\":\"Esplais Catalans\",\"publisher\":{\"@id\":\"https:\\\/\\\/www.esplac.cat\\\/#organization\"},\"potentialAction\":[{\"@type\":\"SearchAction\",\"target\":{\"@type\":\"EntryPoint\",\"urlTemplate\":\"https:\\\/\\\/www.esplac.cat\\\/?s={search_term_string}\"},\"query-input\":{\"@type\":\"PropertyValueSpecification\",\"valueRequired\":true,\"valueName\":\"search_term_string\"}}],\"inLanguage\":\"es\"},{\"@type\":\"Organization\",\"@id\":\"https:\\\/\\\/www.esplac.cat\\\/#organization\",\"name\":\"Esplac\",\"url\":\"https:\\\/\\\/www.esplac.cat\\\/\",\"logo\":{\"@type\":\"ImageObject\",\"inLanguage\":\"es\",\"@id\":\"https:\\\/\\\/www.esplac.cat\\\/#\\\/schema\\\/logo\\\/image\\\/\",\"url\":\"https:\\\/\\\/www.esplac.cat\\\/wp-content\\\/uploads\\\/2019\\\/08\\\/logox2.png\",\"contentUrl\":\"https:\\\/\\\/www.esplac.cat\\\/wp-content\\\/uploads\\\/2019\\\/08\\\/logox2.png\",\"width\":600,\"height\":295,\"caption\":\"Esplac\"},\"image\":{\"@id\":\"https:\\\/\\\/www.esplac.cat\\\/#\\\/schema\\\/logo\\\/image\\\/\"}},{\"@type\":\"Person\",\"@id\":\"https:\\\/\\\/www.esplac.cat\\\/#\\\/schema\\\/person\\\/908383cf240be18b68f8855d0583faca\",\"name\":\"Comunicaci\u00f3 Esplac\",\"image\":{\"@type\":\"ImageObject\",\"inLanguage\":\"es\",\"@id\":\"https:\\\/\\\/secure.gravatar.com\\\/avatar\\\/7a4cf8feb412a76ea4a740ca02d95b06b2907b5a6c648c2dd0a1082a093c3141?s=96&d=mm&r=g\",\"url\":\"https:\\\/\\\/secure.gravatar.com\\\/avatar\\\/7a4cf8feb412a76ea4a740ca02d95b06b2907b5a6c648c2dd0a1082a093c3141?s=96&d=mm&r=g\",\"contentUrl\":\"https:\\\/\\\/secure.gravatar.com\\\/avatar\\\/7a4cf8feb412a76ea4a740ca02d95b06b2907b5a6c648c2dd0a1082a093c3141?s=96&d=mm&r=g\",\"caption\":\"Comunicaci\u00f3 Esplac\"}}]}<\/script>\n<!-- \/ Yoast SEO plugin. -->","yoast_head_json":{"title":"Comunicat de l'Isard-Flor de Neu per a les fam\u00edlies - Esplac","robots":{"index":"index","follow":"follow","max-snippet":"max-snippet:-1","max-image-preview":"max-image-preview:large","max-video-preview":"max-video-preview:-1"},"canonical":"https:\/\/www.esplac.cat\/comunicat-de-lisard-flor-de-neu-per-a-les-families\/","og_locale":"es_ES","og_type":"article","og_title":"Comunicat de l'Isard-Flor de Neu per a les fam\u00edlies - Esplac","og_description":"Els monitors i monitores de l&#8217;esplai Isard-Flor de Neu (Barcelona), [&hellip;]","og_url":"https:\/\/www.esplac.cat\/comunicat-de-lisard-flor-de-neu-per-a-les-families\/","og_site_name":"Esplac","article_published_time":"2013-07-18T08:41:01+00:00","og_image":[{"width":719,"height":336,"url":"https:\/\/www.esplac.cat\/wp-content\/uploads\/2012\/10\/curs_monitors_escola_sol-e1351092774841.jpeg","type":"image\/jpeg"}],"author":"Comunicaci\u00f3 Esplac","twitter_card":"summary_large_image","twitter_misc":{"Escrito por":"Comunicaci\u00f3 Esplac","Tiempo de lectura":"1 minuto"},"schema":{"@context":"https:\/\/schema.org","@graph":[{"@type":"Article","@id":"https:\/\/www.esplac.cat\/comunicat-de-lisard-flor-de-neu-per-a-les-families\/#article","isPartOf":{"@id":"https:\/\/www.esplac.cat\/comunicat-de-lisard-flor-de-neu-per-a-les-families\/"},"author":{"name":"Comunicaci\u00f3 Esplac","@id":"https:\/\/www.esplac.cat\/#\/schema\/person\/908383cf240be18b68f8855d0583faca"},"headline":"Comunicat de l&#8217;Isard-Flor de Neu per a les fam\u00edlies","datePublished":"2013-07-18T08:41:01+00:00","mainEntityOfPage":{"@id":"https:\/\/www.esplac.cat\/comunicat-de-lisard-flor-de-neu-per-a-les-families\/"},"wordCount":312,"commentCount":0,"publisher":{"@id":"https:\/\/www.esplac.cat\/#organization"},"image":{"@id":"https:\/\/www.esplac.cat\/comunicat-de-lisard-flor-de-neu-per-a-les-families\/#primaryimage"},"thumbnailUrl":"https:\/\/www.esplac.cat\/wp-content\/uploads\/2012\/10\/curs_monitors_escola_sol-e1351092774841.jpeg","keywords":["campaments"],"articleSection":["Comunicats i posicionaments"],"inLanguage":"es","potentialAction":[{"@type":"CommentAction","name":"Comment","target":["https:\/\/www.esplac.cat\/comunicat-de-lisard-flor-de-neu-per-a-les-families\/#respond"]}]},{"@type":"WebPage","@id":"https:\/\/www.esplac.cat\/comunicat-de-lisard-flor-de-neu-per-a-les-families\/","url":"https:\/\/www.esplac.cat\/comunicat-de-lisard-flor-de-neu-per-a-les-families\/","name":"Comunicat de l'Isard-Flor de Neu per a les fam\u00edlies - Esplac","isPartOf":{"@id":"https:\/\/www.esplac.cat\/#website"},"primaryImageOfPage":{"@id":"https:\/\/www.esplac.cat\/comunicat-de-lisard-flor-de-neu-per-a-les-families\/#primaryimage"},"image":{"@id":"https:\/\/www.esplac.cat\/comunicat-de-lisard-flor-de-neu-per-a-les-families\/#primaryimage"},"thumbnailUrl":"https:\/\/www.esplac.cat\/wp-content\/uploads\/2012\/10\/curs_monitors_escola_sol-e1351092774841.jpeg","datePublished":"2013-07-18T08:41:01+00:00","breadcrumb":{"@id":"https:\/\/www.esplac.cat\/comunicat-de-lisard-flor-de-neu-per-a-les-families\/#breadcrumb"},"inLanguage":"es","potentialAction":[{"@type":"ReadAction","target":["https:\/\/www.esplac.cat\/comunicat-de-lisard-flor-de-neu-per-a-les-families\/"]}]},{"@type":"ImageObject","inLanguage":"es","@id":"https:\/\/www.esplac.cat\/comunicat-de-lisard-flor-de-neu-per-a-les-families\/#primaryimage","url":"https:\/\/www.esplac.cat\/wp-content\/uploads\/2012\/10\/curs_monitors_escola_sol-e1351092774841.jpeg","contentUrl":"https:\/\/www.esplac.cat\/wp-content\/uploads\/2012\/10\/curs_monitors_escola_sol-e1351092774841.jpeg","width":719,"height":336},{"@type":"BreadcrumbList","@id":"https:\/\/www.esplac.cat\/comunicat-de-lisard-flor-de-neu-per-a-les-families\/#breadcrumb","itemListElement":[{"@type":"ListItem","position":1,"name":"Inici","item":"https:\/\/www.esplac.cat\/es\/"},{"@type":"ListItem","position":2,"name":"Comunicat de l&#8217;Isard-Flor de Neu per a les fam\u00edlies"}]},{"@type":"WebSite","@id":"https:\/\/www.esplac.cat\/#website","url":"https:\/\/www.esplac.cat\/","name":"Esplac","description":"Esplais Catalans","publisher":{"@id":"https:\/\/www.esplac.cat\/#organization"},"potentialAction":[{"@type":"SearchAction","target":{"@type":"EntryPoint","urlTemplate":"https:\/\/www.esplac.cat\/?s={search_term_string}"},"query-input":{"@type":"PropertyValueSpecification","valueRequired":true,"valueName":"search_term_string"}}],"inLanguage":"es"},{"@type":"Organization","@id":"https:\/\/www.esplac.cat\/#organization","name":"Esplac","url":"https:\/\/www.esplac.cat\/","logo":{"@type":"ImageObject","inLanguage":"es","@id":"https:\/\/www.esplac.cat\/#\/schema\/logo\/image\/","url":"https:\/\/www.esplac.cat\/wp-content\/uploads\/2019\/08\/logox2.png","contentUrl":"https:\/\/www.esplac.cat\/wp-content\/uploads\/2019\/08\/logox2.png","width":600,"height":295,"caption":"Esplac"},"image":{"@id":"https:\/\/www.esplac.cat\/#\/schema\/logo\/image\/"}},{"@type":"Person","@id":"https:\/\/www.esplac.cat\/#\/schema\/person\/908383cf240be18b68f8855d0583faca","name":"Comunicaci\u00f3 Esplac","image":{"@type":"ImageObject","inLanguage":"es","@id":"https:\/\/secure.gravatar.com\/avatar\/7a4cf8feb412a76ea4a740ca02d95b06b2907b5a6c648c2dd0a1082a093c3141?s=96&d=mm&r=g","url":"https:\/\/secure.gravatar.com\/avatar\/7a4cf8feb412a76ea4a740ca02d95b06b2907b5a6c648c2dd0a1082a093c3141?s=96&d=mm&r=g","contentUrl":"https:\/\/secure.gravatar.com\/avatar\/7a4cf8feb412a76ea4a740ca02d95b06b2907b5a6c648c2dd0a1082a093c3141?s=96&d=mm&r=g","caption":"Comunicaci\u00f3 Esplac"}}]}},"_links":{"self":[{"href":"https:\/\/www.esplac.cat\/es\/wp-json\/wp\/v2\/posts\/25883","targetHints":{"allow":["GET"]}}],"collection":[{"href":"https:\/\/www.esplac.cat\/es\/wp-json\/wp\/v2\/posts"}],"about":[{"href":"https:\/\/www.esplac.cat\/es\/wp-json\/wp\/v2\/types\/post"}],"author":[{"embeddable":true,"href":"https:\/\/www.esplac.cat\/es\/wp-json\/wp\/v2\/users\/3"}],"replies":[{"embeddable":true,"href":"https:\/\/www.esplac.cat\/es\/wp-json\/wp\/v2\/comments?post=25883"}],"version-history":[{"count":0,"href":"https:\/\/www.esplac.cat\/es\/wp-json\/wp\/v2\/posts\/25883\/revisions"}],"wp:featuredmedia":[{"embeddable":true,"href":"https:\/\/www.esplac.cat\/es\/wp-json\/wp\/v2\/media\/25600"}],"wp:attachment":[{"href":"https:\/\/www.esplac.cat\/es\/wp-json\/wp\/v2\/media?parent=25883"}],"wp:term":[{"taxonomy":"category","embeddable":true,"href":"https:\/\/www.esplac.cat\/es\/wp-json\/wp\/v2\/categories?post=25883"},{"taxonomy":"post_tag","embeddable":true,"href":"https:\/\/www.esplac.cat\/es\/wp-json\/wp\/v2\/tags?post=25883"}],"curies":[{"name":"wp","href":"https:\/\/api.w.org\/{rel}","templated":true}]}}