{"id":25892,"date":"2013-06-20T14:14:31","date_gmt":"2013-06-20T12:14:31","guid":{"rendered":"http:\/\/esplac.cat\/?p=3731"},"modified":"2013-06-20T14:14:31","modified_gmt":"2013-06-20T12:14:31","slug":"equip-general-del-bages-bergueda-us-presenta-el-video","status":"publish","type":"post","link":"https:\/\/www.esplac.cat\/es\/equip-general-del-bages-bergueda-us-presenta-el-video\/","title":{"rendered":"L&#8217;Equip General del Bages-Bergued\u00e0 us presenta&#8230; el v\u00eddeo!"},"content":{"rendered":"<p><!--:CA--><strong>Redacci\u00f3<\/strong>: Equip General del Sector Bages Bergued\u00e0<\/p>\n<p>El v\u00eddeo que teniu el plaer de veure a continuaci\u00f3 va sortir de la iniciativa de fer alguna cosa divertida per\u00f2 que alhora <strong>represent\u00e9s la realitat del que \u00e9s formar part d&#8217;un Equip General del Sector (EGS)<\/strong>. <strong>El principal motiu va ser trobar relleu dels EGS per al nostre Sector i, com podeu veure, passar una bona estona.<\/strong><\/p>\n<p>Aix\u00ed que ens vam posar mans a la feina i nom\u00e9s ens va caldre una mica d&#8217;imaginaci\u00f3, ganes de fer el boig i empenta per seguir amb el projecte i l&#8217;equip fomentant-ne el relleu. Amb poc m\u00e9s d&#8217;una horeta vam aconseguir aquest v\u00eddeo. Esperem que us agradi!<\/p>\n<p>A m\u00e9s a m\u00e9s, si esteu motivats i voleu assumir el repte de liderar i garantir una bona coordinaci\u00f3 entre esplais que formem el territori, no us ho penseu quan sigui el moment! <strong>Comporta unes responsabilitats, per\u00f2 tamb\u00e9 aporta un aprenentatge, molts bons moments i, sobretot, la satisfacci\u00f3 de desenvolupar aquesta tasca i seguir creient en el nostre model d&#8217;esplai!<\/strong><\/p>\n<p>Visca els EGS i visca l&#8217;#energiadelesplai!<\/p>\n<p><iframe class=\"fusion-hidden\" data-privacy-type=\"youtube\" src=\"\" data-privacy-src=\"http:\/\/www.youtube.com\/embed\/DXdxCkhZpUk\" frameborder=\"0\" width=\"420\" height=\"315\"><\/iframe><div class=\"fusion-privacy-placeholder\" style=\"width:420px; height:315px;\" data-privacy-type=\"youtube\"><div class=\"fusion-privacy-placeholder-content\"><div class=\"fusion-privacy-label\">For privacy reasons YouTube needs your permission to be loaded. For more details, please see our <a class=\"privacy-policy-link\" href=\"https:\/\/www.esplac.cat\/avis-legal\/\" rel=\"privacy-policy\">Av\u00eds Legal<\/a>.<\/div><a href=\"\" data-privacy-type=\"youtube\" class=\"fusion-button button-default fusion-button-default-size button fusion-privacy-consent\">I Accept<\/a><\/div><\/div><!--:--><!--:es-->&nbsp;<\/p>\n<p><!--:--><!--:en-->&nbsp;<\/p>\n<p><!--:--><!--:fr-->&nbsp;<\/p>\n<p><!--:--><\/p>\n","protected":false},"excerpt":{"rendered":"<p>Redacci\u00f3: Equip General del Sector Bages Bergued\u00e0 El v\u00eddeo que [&hellip;]<\/p>\n","protected":false},"author":3,"featured_media":0,"comment_status":"open","ping_status":"open","sticky":false,"template":"","format":"standard","meta":{"om_disable_all_campaigns":false,"_monsterinsights_skip_tracking":false,"_monsterinsights_sitenote_active":false,"_monsterinsights_sitenote_note":"","_monsterinsights_sitenote_category":0,"_uf_show_specific_survey":0,"_uf_disable_surveys":false,"footnotes":""},"categories":[1110,1133],"tags":[42,77,118],"class_list":["post-25892","post","type-post","status-publish","format-standard","hentry","category-activitats-sectors","category-sector-bages-bergueda-cerdanya","tag-equip-general-de-sector","tag-relleu-generacional","tag-sector-bages-bergueda"],"yoast_head":"<!-- This site is optimized with the Yoast SEO plugin v27.5 - https:\/\/yoast.com\/product\/yoast-seo-wordpress\/ -->\n<title>L&#039;Equip General del Bages-Bergued\u00e0 us presenta... el v\u00eddeo! - Esplac<\/title>\n<meta name=\"robots\" content=\"index, follow, max-snippet:-1, max-image-preview:large, max-video-preview:-1\" \/>\n<link rel=\"canonical\" href=\"https:\/\/www.esplac.cat\/equip-general-del-bages-bergueda-us-presenta-el-video\/\" \/>\n<meta property=\"og:locale\" content=\"es_ES\" \/>\n<meta property=\"og:type\" content=\"article\" \/>\n<meta property=\"og:title\" content=\"L&#039;Equip General del Bages-Bergued\u00e0 us presenta... el v\u00eddeo! - Esplac\" \/>\n<meta property=\"og:description\" content=\"Redacci\u00f3: Equip General del Sector Bages Bergued\u00e0 El v\u00eddeo que [&hellip;]\" \/>\n<meta property=\"og:url\" content=\"https:\/\/www.esplac.cat\/equip-general-del-bages-bergueda-us-presenta-el-video\/\" \/>\n<meta property=\"og:site_name\" content=\"Esplac\" \/>\n<meta property=\"article:published_time\" content=\"2013-06-20T12:14:31+00:00\" \/>\n<meta property=\"og:image\" content=\"https:\/\/www.esplac.cat\/wp-content\/uploads\/2019\/11\/logo-open.jpg\" \/>\n\t<meta property=\"og:image:width\" content=\"1200\" \/>\n\t<meta property=\"og:image:height\" content=\"630\" \/>\n\t<meta property=\"og:image:type\" content=\"image\/jpeg\" \/>\n<meta name=\"author\" content=\"Comunicaci\u00f3 Esplac\" \/>\n<meta name=\"twitter:card\" content=\"summary_large_image\" \/>\n<meta name=\"twitter:label1\" content=\"Escrito por\" \/>\n\t<meta name=\"twitter:data1\" content=\"Comunicaci\u00f3 Esplac\" \/>\n\t<meta name=\"twitter:label2\" content=\"Tiempo de lectura\" \/>\n\t<meta name=\"twitter:data2\" content=\"1 minuto\" \/>\n<script type=\"application\/ld+json\" class=\"yoast-schema-graph\">{\"@context\":\"https:\\\/\\\/schema.org\",\"@graph\":[{\"@type\":\"Article\",\"@id\":\"https:\\\/\\\/www.esplac.cat\\\/equip-general-del-bages-bergueda-us-presenta-el-video\\\/#article\",\"isPartOf\":{\"@id\":\"https:\\\/\\\/www.esplac.cat\\\/equip-general-del-bages-bergueda-us-presenta-el-video\\\/\"},\"author\":{\"name\":\"Comunicaci\u00f3 Esplac\",\"@id\":\"https:\\\/\\\/www.esplac.cat\\\/#\\\/schema\\\/person\\\/908383cf240be18b68f8855d0583faca\"},\"headline\":\"L&#8217;Equip General del Bages-Bergued\u00e0 us presenta&#8230; el v\u00eddeo!\",\"datePublished\":\"2013-06-20T12:14:31+00:00\",\"mainEntityOfPage\":{\"@id\":\"https:\\\/\\\/www.esplac.cat\\\/equip-general-del-bages-bergueda-us-presenta-el-video\\\/\"},\"wordCount\":204,\"commentCount\":0,\"publisher\":{\"@id\":\"https:\\\/\\\/www.esplac.cat\\\/#organization\"},\"keywords\":[\"equip general de sector\",\"relleu generacional\",\"Sector Bages-Bergued\u00e0\"],\"articleSection\":[\"Activitats sectors\",\"Sector Bages, Bergued\u00e0 i La Cerdanya\"],\"inLanguage\":\"es\",\"potentialAction\":[{\"@type\":\"CommentAction\",\"name\":\"Comment\",\"target\":[\"https:\\\/\\\/www.esplac.cat\\\/equip-general-del-bages-bergueda-us-presenta-el-video\\\/#respond\"]}]},{\"@type\":\"WebPage\",\"@id\":\"https:\\\/\\\/www.esplac.cat\\\/equip-general-del-bages-bergueda-us-presenta-el-video\\\/\",\"url\":\"https:\\\/\\\/www.esplac.cat\\\/equip-general-del-bages-bergueda-us-presenta-el-video\\\/\",\"name\":\"L'Equip General del Bages-Bergued\u00e0 us presenta... el v\u00eddeo! - Esplac\",\"isPartOf\":{\"@id\":\"https:\\\/\\\/www.esplac.cat\\\/#website\"},\"datePublished\":\"2013-06-20T12:14:31+00:00\",\"breadcrumb\":{\"@id\":\"https:\\\/\\\/www.esplac.cat\\\/equip-general-del-bages-bergueda-us-presenta-el-video\\\/#breadcrumb\"},\"inLanguage\":\"es\",\"potentialAction\":[{\"@type\":\"ReadAction\",\"target\":[\"https:\\\/\\\/www.esplac.cat\\\/equip-general-del-bages-bergueda-us-presenta-el-video\\\/\"]}]},{\"@type\":\"BreadcrumbList\",\"@id\":\"https:\\\/\\\/www.esplac.cat\\\/equip-general-del-bages-bergueda-us-presenta-el-video\\\/#breadcrumb\",\"itemListElement\":[{\"@type\":\"ListItem\",\"position\":1,\"name\":\"Inici\",\"item\":\"https:\\\/\\\/www.esplac.cat\\\/es\\\/\"},{\"@type\":\"ListItem\",\"position\":2,\"name\":\"L&#8217;Equip General del Bages-Bergued\u00e0 us presenta&#8230; el v\u00eddeo!\"}]},{\"@type\":\"WebSite\",\"@id\":\"https:\\\/\\\/www.esplac.cat\\\/#website\",\"url\":\"https:\\\/\\\/www.esplac.cat\\\/\",\"name\":\"Esplac\",\"description\":\"Esplais Catalans\",\"publisher\":{\"@id\":\"https:\\\/\\\/www.esplac.cat\\\/#organization\"},\"potentialAction\":[{\"@type\":\"SearchAction\",\"target\":{\"@type\":\"EntryPoint\",\"urlTemplate\":\"https:\\\/\\\/www.esplac.cat\\\/?s={search_term_string}\"},\"query-input\":{\"@type\":\"PropertyValueSpecification\",\"valueRequired\":true,\"valueName\":\"search_term_string\"}}],\"inLanguage\":\"es\"},{\"@type\":\"Organization\",\"@id\":\"https:\\\/\\\/www.esplac.cat\\\/#organization\",\"name\":\"Esplac\",\"url\":\"https:\\\/\\\/www.esplac.cat\\\/\",\"logo\":{\"@type\":\"ImageObject\",\"inLanguage\":\"es\",\"@id\":\"https:\\\/\\\/www.esplac.cat\\\/#\\\/schema\\\/logo\\\/image\\\/\",\"url\":\"https:\\\/\\\/www.esplac.cat\\\/wp-content\\\/uploads\\\/2019\\\/08\\\/logox2.png\",\"contentUrl\":\"https:\\\/\\\/www.esplac.cat\\\/wp-content\\\/uploads\\\/2019\\\/08\\\/logox2.png\",\"width\":600,\"height\":295,\"caption\":\"Esplac\"},\"image\":{\"@id\":\"https:\\\/\\\/www.esplac.cat\\\/#\\\/schema\\\/logo\\\/image\\\/\"}},{\"@type\":\"Person\",\"@id\":\"https:\\\/\\\/www.esplac.cat\\\/#\\\/schema\\\/person\\\/908383cf240be18b68f8855d0583faca\",\"name\":\"Comunicaci\u00f3 Esplac\",\"image\":{\"@type\":\"ImageObject\",\"inLanguage\":\"es\",\"@id\":\"https:\\\/\\\/secure.gravatar.com\\\/avatar\\\/7a4cf8feb412a76ea4a740ca02d95b06b2907b5a6c648c2dd0a1082a093c3141?s=96&d=mm&r=g\",\"url\":\"https:\\\/\\\/secure.gravatar.com\\\/avatar\\\/7a4cf8feb412a76ea4a740ca02d95b06b2907b5a6c648c2dd0a1082a093c3141?s=96&d=mm&r=g\",\"contentUrl\":\"https:\\\/\\\/secure.gravatar.com\\\/avatar\\\/7a4cf8feb412a76ea4a740ca02d95b06b2907b5a6c648c2dd0a1082a093c3141?s=96&d=mm&r=g\",\"caption\":\"Comunicaci\u00f3 Esplac\"}}]}<\/script>\n<!-- \/ Yoast SEO plugin. -->","yoast_head_json":{"title":"L'Equip General del Bages-Bergued\u00e0 us presenta... el v\u00eddeo! - Esplac","robots":{"index":"index","follow":"follow","max-snippet":"max-snippet:-1","max-image-preview":"max-image-preview:large","max-video-preview":"max-video-preview:-1"},"canonical":"https:\/\/www.esplac.cat\/equip-general-del-bages-bergueda-us-presenta-el-video\/","og_locale":"es_ES","og_type":"article","og_title":"L'Equip General del Bages-Bergued\u00e0 us presenta... el v\u00eddeo! - Esplac","og_description":"Redacci\u00f3: Equip General del Sector Bages Bergued\u00e0 El v\u00eddeo que [&hellip;]","og_url":"https:\/\/www.esplac.cat\/equip-general-del-bages-bergueda-us-presenta-el-video\/","og_site_name":"Esplac","article_published_time":"2013-06-20T12:14:31+00:00","og_image":[{"width":1200,"height":630,"url":"https:\/\/www.esplac.cat\/wp-content\/uploads\/2019\/11\/logo-open.jpg","type":"image\/jpeg"}],"author":"Comunicaci\u00f3 Esplac","twitter_card":"summary_large_image","twitter_misc":{"Escrito por":"Comunicaci\u00f3 Esplac","Tiempo de lectura":"1 minuto"},"schema":{"@context":"https:\/\/schema.org","@graph":[{"@type":"Article","@id":"https:\/\/www.esplac.cat\/equip-general-del-bages-bergueda-us-presenta-el-video\/#article","isPartOf":{"@id":"https:\/\/www.esplac.cat\/equip-general-del-bages-bergueda-us-presenta-el-video\/"},"author":{"name":"Comunicaci\u00f3 Esplac","@id":"https:\/\/www.esplac.cat\/#\/schema\/person\/908383cf240be18b68f8855d0583faca"},"headline":"L&#8217;Equip General del Bages-Bergued\u00e0 us presenta&#8230; el v\u00eddeo!","datePublished":"2013-06-20T12:14:31+00:00","mainEntityOfPage":{"@id":"https:\/\/www.esplac.cat\/equip-general-del-bages-bergueda-us-presenta-el-video\/"},"wordCount":204,"commentCount":0,"publisher":{"@id":"https:\/\/www.esplac.cat\/#organization"},"keywords":["equip general de sector","relleu generacional","Sector Bages-Bergued\u00e0"],"articleSection":["Activitats sectors","Sector Bages, Bergued\u00e0 i La Cerdanya"],"inLanguage":"es","potentialAction":[{"@type":"CommentAction","name":"Comment","target":["https:\/\/www.esplac.cat\/equip-general-del-bages-bergueda-us-presenta-el-video\/#respond"]}]},{"@type":"WebPage","@id":"https:\/\/www.esplac.cat\/equip-general-del-bages-bergueda-us-presenta-el-video\/","url":"https:\/\/www.esplac.cat\/equip-general-del-bages-bergueda-us-presenta-el-video\/","name":"L'Equip General del Bages-Bergued\u00e0 us presenta... el v\u00eddeo! - Esplac","isPartOf":{"@id":"https:\/\/www.esplac.cat\/#website"},"datePublished":"2013-06-20T12:14:31+00:00","breadcrumb":{"@id":"https:\/\/www.esplac.cat\/equip-general-del-bages-bergueda-us-presenta-el-video\/#breadcrumb"},"inLanguage":"es","potentialAction":[{"@type":"ReadAction","target":["https:\/\/www.esplac.cat\/equip-general-del-bages-bergueda-us-presenta-el-video\/"]}]},{"@type":"BreadcrumbList","@id":"https:\/\/www.esplac.cat\/equip-general-del-bages-bergueda-us-presenta-el-video\/#breadcrumb","itemListElement":[{"@type":"ListItem","position":1,"name":"Inici","item":"https:\/\/www.esplac.cat\/es\/"},{"@type":"ListItem","position":2,"name":"L&#8217;Equip General del Bages-Bergued\u00e0 us presenta&#8230; el v\u00eddeo!"}]},{"@type":"WebSite","@id":"https:\/\/www.esplac.cat\/#website","url":"https:\/\/www.esplac.cat\/","name":"Esplac","description":"Esplais Catalans","publisher":{"@id":"https:\/\/www.esplac.cat\/#organization"},"potentialAction":[{"@type":"SearchAction","target":{"@type":"EntryPoint","urlTemplate":"https:\/\/www.esplac.cat\/?s={search_term_string}"},"query-input":{"@type":"PropertyValueSpecification","valueRequired":true,"valueName":"search_term_string"}}],"inLanguage":"es"},{"@type":"Organization","@id":"https:\/\/www.esplac.cat\/#organization","name":"Esplac","url":"https:\/\/www.esplac.cat\/","logo":{"@type":"ImageObject","inLanguage":"es","@id":"https:\/\/www.esplac.cat\/#\/schema\/logo\/image\/","url":"https:\/\/www.esplac.cat\/wp-content\/uploads\/2019\/08\/logox2.png","contentUrl":"https:\/\/www.esplac.cat\/wp-content\/uploads\/2019\/08\/logox2.png","width":600,"height":295,"caption":"Esplac"},"image":{"@id":"https:\/\/www.esplac.cat\/#\/schema\/logo\/image\/"}},{"@type":"Person","@id":"https:\/\/www.esplac.cat\/#\/schema\/person\/908383cf240be18b68f8855d0583faca","name":"Comunicaci\u00f3 Esplac","image":{"@type":"ImageObject","inLanguage":"es","@id":"https:\/\/secure.gravatar.com\/avatar\/7a4cf8feb412a76ea4a740ca02d95b06b2907b5a6c648c2dd0a1082a093c3141?s=96&d=mm&r=g","url":"https:\/\/secure.gravatar.com\/avatar\/7a4cf8feb412a76ea4a740ca02d95b06b2907b5a6c648c2dd0a1082a093c3141?s=96&d=mm&r=g","contentUrl":"https:\/\/secure.gravatar.com\/avatar\/7a4cf8feb412a76ea4a740ca02d95b06b2907b5a6c648c2dd0a1082a093c3141?s=96&d=mm&r=g","caption":"Comunicaci\u00f3 Esplac"}}]}},"_links":{"self":[{"href":"https:\/\/www.esplac.cat\/es\/wp-json\/wp\/v2\/posts\/25892","targetHints":{"allow":["GET"]}}],"collection":[{"href":"https:\/\/www.esplac.cat\/es\/wp-json\/wp\/v2\/posts"}],"about":[{"href":"https:\/\/www.esplac.cat\/es\/wp-json\/wp\/v2\/types\/post"}],"author":[{"embeddable":true,"href":"https:\/\/www.esplac.cat\/es\/wp-json\/wp\/v2\/users\/3"}],"replies":[{"embeddable":true,"href":"https:\/\/www.esplac.cat\/es\/wp-json\/wp\/v2\/comments?post=25892"}],"version-history":[{"count":0,"href":"https:\/\/www.esplac.cat\/es\/wp-json\/wp\/v2\/posts\/25892\/revisions"}],"wp:attachment":[{"href":"https:\/\/www.esplac.cat\/es\/wp-json\/wp\/v2\/media?parent=25892"}],"wp:term":[{"taxonomy":"category","embeddable":true,"href":"https:\/\/www.esplac.cat\/es\/wp-json\/wp\/v2\/categories?post=25892"},{"taxonomy":"post_tag","embeddable":true,"href":"https:\/\/www.esplac.cat\/es\/wp-json\/wp\/v2\/tags?post=25892"}],"curies":[{"name":"wp","href":"https:\/\/api.w.org\/{rel}","templated":true}]}}