{"id":25899,"date":"2013-06-12T12:04:26","date_gmt":"2013-06-12T10:04:26","guid":{"rendered":"http:\/\/esplac.cat\/?p=3645"},"modified":"2013-06-12T12:04:26","modified_gmt":"2013-06-12T10:04:26","slug":"20-anys-somnis","status":"publish","type":"post","link":"https:\/\/www.esplac.cat\/es\/20-anys-somnis\/","title":{"rendered":"20 anys de Somnis"},"content":{"rendered":"<p><!--:CA--><\/p>\n<p align=\"JUSTIFY\"><strong>Redacci\u00f3:<\/strong> monitores i monitors del Grup Esplai Somnis<\/p>\n<p align=\"JUSTIFY\">El proper dissabte <strong>20 de juliol<\/strong>, el <a href=\"http:\/\/esplac.cat\/mapa\/?esplai=somnis&amp;poblacio=\">Grup Esplai Somnis<\/a> de Sant Joan de les Abadesses farem 20 anys. Per aix\u00f2 <strong>us convidem a participar de la nostra festa, que consistir\u00e0 ni m\u00e9s ni menys en 20 hores d&#8217;esplai plenes d&#8217;activitats i de somnis!<\/strong><\/p>\n<p lang=\"ca-ES\" align=\"JUSTIFY\">De les <strong>10h a les 17h tindrem inflables a la piscina<\/strong>. A m\u00e9s realitzarem una gimcana d&#8217;11h a 13h en el mateix recinte que no us podeu perdre! A continuaci\u00f3, de <strong>17h a 18h el Grup Esplai Somnis farem una actuaci\u00f3<\/strong> (els Pallassos Somiatruites) a la piscina. Acte seguit, de <strong>18h a 19h, hi haur\u00e0 una cercavila<\/strong> amb la col\u00b7laboraci\u00f3 dels grallers de Campdev\u00e0nol i Ogassa que ens portar\u00e0 per tot el poble fins arribar a la Pla\u00e7a Major.<\/p>\n<p lang=\"ca-ES\" align=\"JUSTIFY\">Un cop all\u00e0, de les <strong>19h a les 19.45h hi haur\u00e0 un acte oficial<\/strong> amb els ex-presidents i president actual de l&#8217;esplai, que ens explicaran quina ha estat la traject\u00f2ria del Grup d&#8217;Esplai Somnis al llarg d&#8217;aquests 20 anys.<\/p>\n<p lang=\"ca-ES\" align=\"JUSTIFY\">De les <strong>19,45h a 20h<\/strong> seguirem a la Pla\u00e7a Major amb l&#8217;acte simb\u00f2lic de \u201c<strong>Fes volar el teu somni<\/strong>\u201d. Aquest acte consistir\u00e0 en que cada persona assistent podr\u00e0 deixar anar un globus amb el seu somni escrit, no us ho podeu perdre! <strong>Acte seguit i fins les 20,30h, farem un lipdub amb la can\u00e7\u00f3 de l&#8217;Esplai<\/strong>. La podreu escoltar clicant <a href=\"http:\/\/www.youtube.com\/watch?v=J6BwEylgZwo\">AQU\u00cd<\/a>.<\/p>\n<p lang=\"ca-ES\" align=\"JUSTIFY\">A les <strong>20.30h hi haur\u00e0 Sopar Popular al Passeig<\/strong> (podeu comprar el tiquet de manera anticipada a Ca la Nati, Bar l&#8217;Abadia i Ca la Montse, i tamb\u00e9 a taquilla) El men\u00fa esplaiero ser\u00e0 macarrons, botifarra amb patates, postres i caf\u00e8, vi i aigua.<\/p>\n<p lang=\"ca-ES\" align=\"JUSTIFY\">Per tancar la jornada, tindrem <strong>concert a les 23.30h a la Pla\u00e7a Major<\/strong> amb els grups de <strong>The \u00d2genes, The Big Blue Theory <\/strong>i<strong> Trast<\/strong> (teloners de Txarango).<\/p>\n<p lang=\"ca-ES\" align=\"JUSTIFY\">Us hi esperem a tots i totes! Hem de fer que aquests 20 anys siguin inoblidables!<\/p>\n<p style=\"text-align: center;\" lang=\"ca-ES\" align=\"JUSTIFY\"><a href=\"http:\/\/esplac.cat\/wp-content\/uploads\/2013\/06\/cartellesplaidef-e1371031441498.jpg\"><img decoding=\"async\" class=\"alignnone size-large wp-image-3646\" title=\"esplai-somnis-20-anys\" src=\"http:\/\/esplac.cat\/wp-content\/uploads\/2013\/06\/cartellesplaidef-269x360.jpg\" alt=\"esplai-somnis-20-anys\" width=\"269\" height=\"360\" \/><\/a><\/p>\n<p><!--:--><!--:es-->&nbsp;<\/p>\n<p><!--:--><!--:en-->&nbsp;<\/p>\n<p><!--:--><!--:fr-->&nbsp;<\/p>\n<p><!--:--><\/p>\n","protected":false},"excerpt":{"rendered":"<p>Redacci\u00f3: monitores i monitors del Grup Esplai Somnis El proper [&hellip;]<\/p>\n","protected":false},"author":3,"featured_media":7793,"comment_status":"open","ping_status":"open","sticky":false,"template":"","format":"standard","meta":{"om_disable_all_campaigns":false,"_monsterinsights_skip_tracking":false,"_monsterinsights_sitenote_active":false,"_monsterinsights_sitenote_note":"","_monsterinsights_sitenote_category":0,"_uf_show_specific_survey":0,"_uf_disable_surveys":false,"footnotes":""},"categories":[1117],"tags":[126,147],"class_list":["post-25899","post","type-post","status-publish","format-standard","has-post-thumbnail","hentry","category-activitats-esplais","tag-aniversari","tag-esplai-somnis"],"yoast_head":"<!-- This site is optimized with the Yoast SEO plugin v27.4 - https:\/\/yoast.com\/product\/yoast-seo-wordpress\/ -->\n<title>20 anys de Somnis - Esplac<\/title>\n<meta name=\"robots\" content=\"index, follow, max-snippet:-1, max-image-preview:large, max-video-preview:-1\" \/>\n<link rel=\"canonical\" href=\"https:\/\/www.esplac.cat\/20-anys-somnis\/\" \/>\n<meta property=\"og:locale\" content=\"es_ES\" \/>\n<meta property=\"og:type\" content=\"article\" \/>\n<meta property=\"og:title\" content=\"20 anys de Somnis - Esplac\" \/>\n<meta property=\"og:description\" content=\"Redacci\u00f3: monitores i monitors del Grup Esplai Somnis El proper [&hellip;]\" \/>\n<meta property=\"og:url\" content=\"https:\/\/www.esplac.cat\/20-anys-somnis\/\" \/>\n<meta property=\"og:site_name\" content=\"Esplac\" \/>\n<meta property=\"article:published_time\" content=\"2013-06-12T10:04:26+00:00\" \/>\n<meta property=\"og:image\" content=\"https:\/\/www.esplac.cat\/wp-content\/uploads\/2019\/11\/logo-open.jpg\" \/>\n\t<meta property=\"og:image:width\" content=\"1200\" \/>\n\t<meta property=\"og:image:height\" content=\"630\" \/>\n\t<meta property=\"og:image:type\" content=\"image\/jpeg\" \/>\n<meta name=\"author\" content=\"Comunicaci\u00f3 Esplac\" \/>\n<meta name=\"twitter:card\" content=\"summary_large_image\" \/>\n<meta name=\"twitter:label1\" content=\"Escrito por\" \/>\n\t<meta name=\"twitter:data1\" content=\"Comunicaci\u00f3 Esplac\" \/>\n\t<meta name=\"twitter:label2\" content=\"Tiempo de lectura\" \/>\n\t<meta name=\"twitter:data2\" content=\"2 minutos\" \/>\n<script type=\"application\/ld+json\" class=\"yoast-schema-graph\">{\"@context\":\"https:\\\/\\\/schema.org\",\"@graph\":[{\"@type\":\"Article\",\"@id\":\"https:\\\/\\\/www.esplac.cat\\\/20-anys-somnis\\\/#article\",\"isPartOf\":{\"@id\":\"https:\\\/\\\/www.esplac.cat\\\/20-anys-somnis\\\/\"},\"author\":{\"name\":\"Comunicaci\u00f3 Esplac\",\"@id\":\"https:\\\/\\\/www.esplac.cat\\\/#\\\/schema\\\/person\\\/908383cf240be18b68f8855d0583faca\"},\"headline\":\"20 anys de Somnis\",\"datePublished\":\"2013-06-12T10:04:26+00:00\",\"mainEntityOfPage\":{\"@id\":\"https:\\\/\\\/www.esplac.cat\\\/20-anys-somnis\\\/\"},\"wordCount\":338,\"commentCount\":0,\"publisher\":{\"@id\":\"https:\\\/\\\/www.esplac.cat\\\/#organization\"},\"image\":{\"@id\":\"https:\\\/\\\/www.esplac.cat\\\/20-anys-somnis\\\/#primaryimage\"},\"thumbnailUrl\":\"\",\"keywords\":[\"aniversari\",\"esplai Somnis\"],\"articleSection\":[\"Activitats esplais\"],\"inLanguage\":\"es\",\"potentialAction\":[{\"@type\":\"CommentAction\",\"name\":\"Comment\",\"target\":[\"https:\\\/\\\/www.esplac.cat\\\/20-anys-somnis\\\/#respond\"]}]},{\"@type\":\"WebPage\",\"@id\":\"https:\\\/\\\/www.esplac.cat\\\/20-anys-somnis\\\/\",\"url\":\"https:\\\/\\\/www.esplac.cat\\\/20-anys-somnis\\\/\",\"name\":\"20 anys de Somnis - Esplac\",\"isPartOf\":{\"@id\":\"https:\\\/\\\/www.esplac.cat\\\/#website\"},\"primaryImageOfPage\":{\"@id\":\"https:\\\/\\\/www.esplac.cat\\\/20-anys-somnis\\\/#primaryimage\"},\"image\":{\"@id\":\"https:\\\/\\\/www.esplac.cat\\\/20-anys-somnis\\\/#primaryimage\"},\"thumbnailUrl\":\"\",\"datePublished\":\"2013-06-12T10:04:26+00:00\",\"breadcrumb\":{\"@id\":\"https:\\\/\\\/www.esplac.cat\\\/20-anys-somnis\\\/#breadcrumb\"},\"inLanguage\":\"es\",\"potentialAction\":[{\"@type\":\"ReadAction\",\"target\":[\"https:\\\/\\\/www.esplac.cat\\\/20-anys-somnis\\\/\"]}]},{\"@type\":\"ImageObject\",\"inLanguage\":\"es\",\"@id\":\"https:\\\/\\\/www.esplac.cat\\\/20-anys-somnis\\\/#primaryimage\",\"url\":\"\",\"contentUrl\":\"\"},{\"@type\":\"BreadcrumbList\",\"@id\":\"https:\\\/\\\/www.esplac.cat\\\/20-anys-somnis\\\/#breadcrumb\",\"itemListElement\":[{\"@type\":\"ListItem\",\"position\":1,\"name\":\"Inici\",\"item\":\"https:\\\/\\\/www.esplac.cat\\\/es\\\/\"},{\"@type\":\"ListItem\",\"position\":2,\"name\":\"20 anys de Somnis\"}]},{\"@type\":\"WebSite\",\"@id\":\"https:\\\/\\\/www.esplac.cat\\\/#website\",\"url\":\"https:\\\/\\\/www.esplac.cat\\\/\",\"name\":\"Esplac\",\"description\":\"Esplais Catalans\",\"publisher\":{\"@id\":\"https:\\\/\\\/www.esplac.cat\\\/#organization\"},\"potentialAction\":[{\"@type\":\"SearchAction\",\"target\":{\"@type\":\"EntryPoint\",\"urlTemplate\":\"https:\\\/\\\/www.esplac.cat\\\/?s={search_term_string}\"},\"query-input\":{\"@type\":\"PropertyValueSpecification\",\"valueRequired\":true,\"valueName\":\"search_term_string\"}}],\"inLanguage\":\"es\"},{\"@type\":\"Organization\",\"@id\":\"https:\\\/\\\/www.esplac.cat\\\/#organization\",\"name\":\"Esplac\",\"url\":\"https:\\\/\\\/www.esplac.cat\\\/\",\"logo\":{\"@type\":\"ImageObject\",\"inLanguage\":\"es\",\"@id\":\"https:\\\/\\\/www.esplac.cat\\\/#\\\/schema\\\/logo\\\/image\\\/\",\"url\":\"https:\\\/\\\/www.esplac.cat\\\/wp-content\\\/uploads\\\/2019\\\/08\\\/logox2.png\",\"contentUrl\":\"https:\\\/\\\/www.esplac.cat\\\/wp-content\\\/uploads\\\/2019\\\/08\\\/logox2.png\",\"width\":600,\"height\":295,\"caption\":\"Esplac\"},\"image\":{\"@id\":\"https:\\\/\\\/www.esplac.cat\\\/#\\\/schema\\\/logo\\\/image\\\/\"}},{\"@type\":\"Person\",\"@id\":\"https:\\\/\\\/www.esplac.cat\\\/#\\\/schema\\\/person\\\/908383cf240be18b68f8855d0583faca\",\"name\":\"Comunicaci\u00f3 Esplac\",\"image\":{\"@type\":\"ImageObject\",\"inLanguage\":\"es\",\"@id\":\"https:\\\/\\\/secure.gravatar.com\\\/avatar\\\/7a4cf8feb412a76ea4a740ca02d95b06b2907b5a6c648c2dd0a1082a093c3141?s=96&d=mm&r=g\",\"url\":\"https:\\\/\\\/secure.gravatar.com\\\/avatar\\\/7a4cf8feb412a76ea4a740ca02d95b06b2907b5a6c648c2dd0a1082a093c3141?s=96&d=mm&r=g\",\"contentUrl\":\"https:\\\/\\\/secure.gravatar.com\\\/avatar\\\/7a4cf8feb412a76ea4a740ca02d95b06b2907b5a6c648c2dd0a1082a093c3141?s=96&d=mm&r=g\",\"caption\":\"Comunicaci\u00f3 Esplac\"}}]}<\/script>\n<!-- \/ Yoast SEO plugin. -->","yoast_head_json":{"title":"20 anys de Somnis - Esplac","robots":{"index":"index","follow":"follow","max-snippet":"max-snippet:-1","max-image-preview":"max-image-preview:large","max-video-preview":"max-video-preview:-1"},"canonical":"https:\/\/www.esplac.cat\/20-anys-somnis\/","og_locale":"es_ES","og_type":"article","og_title":"20 anys de Somnis - Esplac","og_description":"Redacci\u00f3: monitores i monitors del Grup Esplai Somnis El proper [&hellip;]","og_url":"https:\/\/www.esplac.cat\/20-anys-somnis\/","og_site_name":"Esplac","article_published_time":"2013-06-12T10:04:26+00:00","og_image":[{"width":1200,"height":630,"url":"https:\/\/www.esplac.cat\/wp-content\/uploads\/2019\/11\/logo-open.jpg","type":"image\/jpeg"}],"author":"Comunicaci\u00f3 Esplac","twitter_card":"summary_large_image","twitter_misc":{"Escrito por":"Comunicaci\u00f3 Esplac","Tiempo de lectura":"2 minutos"},"schema":{"@context":"https:\/\/schema.org","@graph":[{"@type":"Article","@id":"https:\/\/www.esplac.cat\/20-anys-somnis\/#article","isPartOf":{"@id":"https:\/\/www.esplac.cat\/20-anys-somnis\/"},"author":{"name":"Comunicaci\u00f3 Esplac","@id":"https:\/\/www.esplac.cat\/#\/schema\/person\/908383cf240be18b68f8855d0583faca"},"headline":"20 anys de Somnis","datePublished":"2013-06-12T10:04:26+00:00","mainEntityOfPage":{"@id":"https:\/\/www.esplac.cat\/20-anys-somnis\/"},"wordCount":338,"commentCount":0,"publisher":{"@id":"https:\/\/www.esplac.cat\/#organization"},"image":{"@id":"https:\/\/www.esplac.cat\/20-anys-somnis\/#primaryimage"},"thumbnailUrl":"","keywords":["aniversari","esplai Somnis"],"articleSection":["Activitats esplais"],"inLanguage":"es","potentialAction":[{"@type":"CommentAction","name":"Comment","target":["https:\/\/www.esplac.cat\/20-anys-somnis\/#respond"]}]},{"@type":"WebPage","@id":"https:\/\/www.esplac.cat\/20-anys-somnis\/","url":"https:\/\/www.esplac.cat\/20-anys-somnis\/","name":"20 anys de Somnis - Esplac","isPartOf":{"@id":"https:\/\/www.esplac.cat\/#website"},"primaryImageOfPage":{"@id":"https:\/\/www.esplac.cat\/20-anys-somnis\/#primaryimage"},"image":{"@id":"https:\/\/www.esplac.cat\/20-anys-somnis\/#primaryimage"},"thumbnailUrl":"","datePublished":"2013-06-12T10:04:26+00:00","breadcrumb":{"@id":"https:\/\/www.esplac.cat\/20-anys-somnis\/#breadcrumb"},"inLanguage":"es","potentialAction":[{"@type":"ReadAction","target":["https:\/\/www.esplac.cat\/20-anys-somnis\/"]}]},{"@type":"ImageObject","inLanguage":"es","@id":"https:\/\/www.esplac.cat\/20-anys-somnis\/#primaryimage","url":"","contentUrl":""},{"@type":"BreadcrumbList","@id":"https:\/\/www.esplac.cat\/20-anys-somnis\/#breadcrumb","itemListElement":[{"@type":"ListItem","position":1,"name":"Inici","item":"https:\/\/www.esplac.cat\/es\/"},{"@type":"ListItem","position":2,"name":"20 anys de Somnis"}]},{"@type":"WebSite","@id":"https:\/\/www.esplac.cat\/#website","url":"https:\/\/www.esplac.cat\/","name":"Esplac","description":"Esplais Catalans","publisher":{"@id":"https:\/\/www.esplac.cat\/#organization"},"potentialAction":[{"@type":"SearchAction","target":{"@type":"EntryPoint","urlTemplate":"https:\/\/www.esplac.cat\/?s={search_term_string}"},"query-input":{"@type":"PropertyValueSpecification","valueRequired":true,"valueName":"search_term_string"}}],"inLanguage":"es"},{"@type":"Organization","@id":"https:\/\/www.esplac.cat\/#organization","name":"Esplac","url":"https:\/\/www.esplac.cat\/","logo":{"@type":"ImageObject","inLanguage":"es","@id":"https:\/\/www.esplac.cat\/#\/schema\/logo\/image\/","url":"https:\/\/www.esplac.cat\/wp-content\/uploads\/2019\/08\/logox2.png","contentUrl":"https:\/\/www.esplac.cat\/wp-content\/uploads\/2019\/08\/logox2.png","width":600,"height":295,"caption":"Esplac"},"image":{"@id":"https:\/\/www.esplac.cat\/#\/schema\/logo\/image\/"}},{"@type":"Person","@id":"https:\/\/www.esplac.cat\/#\/schema\/person\/908383cf240be18b68f8855d0583faca","name":"Comunicaci\u00f3 Esplac","image":{"@type":"ImageObject","inLanguage":"es","@id":"https:\/\/secure.gravatar.com\/avatar\/7a4cf8feb412a76ea4a740ca02d95b06b2907b5a6c648c2dd0a1082a093c3141?s=96&d=mm&r=g","url":"https:\/\/secure.gravatar.com\/avatar\/7a4cf8feb412a76ea4a740ca02d95b06b2907b5a6c648c2dd0a1082a093c3141?s=96&d=mm&r=g","contentUrl":"https:\/\/secure.gravatar.com\/avatar\/7a4cf8feb412a76ea4a740ca02d95b06b2907b5a6c648c2dd0a1082a093c3141?s=96&d=mm&r=g","caption":"Comunicaci\u00f3 Esplac"}}]}},"_links":{"self":[{"href":"https:\/\/www.esplac.cat\/es\/wp-json\/wp\/v2\/posts\/25899","targetHints":{"allow":["GET"]}}],"collection":[{"href":"https:\/\/www.esplac.cat\/es\/wp-json\/wp\/v2\/posts"}],"about":[{"href":"https:\/\/www.esplac.cat\/es\/wp-json\/wp\/v2\/types\/post"}],"author":[{"embeddable":true,"href":"https:\/\/www.esplac.cat\/es\/wp-json\/wp\/v2\/users\/3"}],"replies":[{"embeddable":true,"href":"https:\/\/www.esplac.cat\/es\/wp-json\/wp\/v2\/comments?post=25899"}],"version-history":[{"count":0,"href":"https:\/\/www.esplac.cat\/es\/wp-json\/wp\/v2\/posts\/25899\/revisions"}],"wp:featuredmedia":[{"embeddable":true,"href":"https:\/\/www.esplac.cat\/es\/wp-json\/"}],"wp:attachment":[{"href":"https:\/\/www.esplac.cat\/es\/wp-json\/wp\/v2\/media?parent=25899"}],"wp:term":[{"taxonomy":"category","embeddable":true,"href":"https:\/\/www.esplac.cat\/es\/wp-json\/wp\/v2\/categories?post=25899"},{"taxonomy":"post_tag","embeddable":true,"href":"https:\/\/www.esplac.cat\/es\/wp-json\/wp\/v2\/tags?post=25899"}],"curies":[{"name":"wp","href":"https:\/\/api.w.org\/{rel}","templated":true}]}}