{"id":25914,"date":"2013-05-21T18:32:38","date_gmt":"2013-05-21T16:32:38","guid":{"rendered":"http:\/\/esplac.cat\/?p=3514"},"modified":"2019-11-14T13:36:49","modified_gmt":"2019-11-14T11:36:49","slug":"ogrenitzat-trobada-general-esplai-bages-bergueda","status":"publish","type":"post","link":"https:\/\/www.esplac.cat\/es\/ogrenitzat-trobada-general-esplai-bages-bergueda\/","title":{"rendered":"Ogrenitza&#8217;t 2013, la trobada general del Bages-Bergued\u00e0"},"content":{"rendered":"<p><!--:CA--><\/p>\n<p style=\"text-align: left;\" align=\"JUSTIFY\">Aquest passat cap de setmana del 17 al 19 de maig el Sector Bages Bergued\u00e0 hem celebrat l&#8217;<strong>Ogrenitza&#8217;t 2013<\/strong>, la Trobada General del Sector, un cap de setmana on la m\u00e0gia de la mitologia catalana ha sigut la protagonista.<\/p>\n<p style=\"text-align: left;\" align=\"JUSTIFY\">La Trobada s&#8217;ha celebrat a Sallent i ha tingut la participaci\u00f3 de <strong>151 infants<\/strong> i <strong>45 monitors i monitores<\/strong> de <strong>4 esplais<\/strong> del Sector: l&#8217;esplai <a href=\"http:\/\/esplac.cat\/mapa\/?esplai=geps&amp;poblacio=\">GEPS<\/a> de Santpedor, el <a href=\"http:\/\/esplac.cat\/mapa\/?esplai=esparver&amp;poblacio=\">Grup de Campaments l&#8217;Esparver<\/a>d&#8217;Aviny\u00f3, l&#8217;esplai <a href=\"http:\/\/esplac.cat\/mapa\/?esplai=trespins&amp;poblacio=\">Tres Pins<\/a> de Manresa, i l&#8217;esplai <a href=\"http:\/\/esplac.cat\/mapa\/?esplai=roquesalbes&amp;poblacio=\">Roques Albes<\/a> de Sallent. La proposta de fer una Trobada d&#8217;esplais va sorgir a l&#8217;inici del curs, ja que, tot i celebrar altres Trobades d&#8217;Infants, com la celebraci\u00f3 del <a href=\"http:\/\/esplac.cat\/1000-infants-i-monitores-celebren-la-diada-dels-drets-dels-infants\/\">Dia Universal dels Drets dels infants<\/a>, v\u00e8iem interessant poder fer un cap de setmana on convisqu\u00e9ssim diferents esplais del Sector. \u00c9s per aix\u00f2 que vam crear una comissi\u00f3 que ha treballat al llarg d&#8217;aquests mesos amb molta il\u00b7lusi\u00f3 per aconseguir que aquesta Trobada fos tant especial.<\/p>\n<p style=\"text-align: left;\" align=\"JUSTIFY\">L&#8217;Ogrenitza&#8217;t 2013 ens ha portat a un temps, fa molts i molts anys, en el qual van n\u00e9ixer uns \u00e9ssers molt peculiars que van haver d&#8217;aprendre a viure plegats. Alguns eren verds com les fulles dels arbres i m\u00e9s petits que qualsevol altre. Eren els Minairons, els follets dels boscos. Les Gorges i els Nunells eren aquells que es confonien amb els rius, les pluges o el cel, eren els follets de l&#8217;aigua. Els tercers eren els m\u00e9s vells i entremaliats, els que corrien m\u00e9s que ning\u00fa. Eren els fills del foc vermell, anomenats Diablons, els follets de bosc. L&#8217;arribada dels Ogres, completament diferents a aquests petits \u00e9ssers, ens ha ajudat a aprendre la riquesa de la diversitat i poder reflexionar sobre la <strong>inclusi\u00f3 social<\/strong> a trav\u00e9s d&#8217;un cap de setmana marcat per jocs i gimcanes, can\u00e7ons, colors i molta #energiadelesplai!<\/p>\n<p><!--:--><!--:es--><\/p>\n<p><!--:--><!--:en--><\/p>\n<p><!--:--><!--:fr--><\/p>\n<p><!--:--><\/p>\n","protected":false},"excerpt":{"rendered":"<p>Aquest passat cap de setmana del 17 al 19 de [&hellip;]<\/p>\n","protected":false},"author":3,"featured_media":25915,"comment_status":"open","ping_status":"open","sticky":false,"template":"","format":"standard","meta":{"om_disable_all_campaigns":false,"_monsterinsights_skip_tracking":false,"_monsterinsights_sitenote_active":false,"_monsterinsights_sitenote_note":"","_monsterinsights_sitenote_category":0,"_uf_show_specific_survey":0,"_uf_disable_surveys":false,"footnotes":""},"categories":[1110,1166,1133],"tags":[118,108],"class_list":["post-25914","post","type-post","status-publish","format-standard","has-post-thumbnail","hentry","category-activitats-sectors","category-inclusio-i-diversitat","category-sector-bages-bergueda-cerdanya","tag-sector-bages-bergueda","tag-trobada-general"],"yoast_head":"<!-- This site is optimized with the Yoast SEO plugin v27.5 - https:\/\/yoast.com\/product\/yoast-seo-wordpress\/ -->\n<title>Ogrenitza&#039;t 2013, la trobada general del Bages-Bergued\u00e0 - Esplac<\/title>\n<meta name=\"robots\" content=\"index, follow, max-snippet:-1, max-image-preview:large, max-video-preview:-1\" \/>\n<link rel=\"canonical\" href=\"https:\/\/www.esplac.cat\/ogrenitzat-trobada-general-esplai-bages-bergueda\/\" \/>\n<meta property=\"og:locale\" content=\"es_ES\" \/>\n<meta property=\"og:type\" content=\"article\" \/>\n<meta property=\"og:title\" content=\"Ogrenitza&#039;t 2013, la trobada general del Bages-Bergued\u00e0 - Esplac\" \/>\n<meta property=\"og:description\" content=\"Aquest passat cap de setmana del 17 al 19 de [&hellip;]\" \/>\n<meta property=\"og:url\" content=\"https:\/\/www.esplac.cat\/ogrenitzat-trobada-general-esplai-bages-bergueda\/\" \/>\n<meta property=\"og:site_name\" content=\"Esplac\" \/>\n<meta property=\"article:published_time\" content=\"2013-05-21T16:32:38+00:00\" \/>\n<meta property=\"article:modified_time\" content=\"2019-11-14T11:36:49+00:00\" \/>\n<meta property=\"og:image\" content=\"https:\/\/www.esplac.cat\/wp-content\/uploads\/2015\/11\/BBMonis1.jpg\" \/>\n\t<meta property=\"og:image:width\" content=\"847\" \/>\n\t<meta property=\"og:image:height\" content=\"350\" \/>\n\t<meta property=\"og:image:type\" content=\"image\/jpeg\" \/>\n<meta name=\"author\" content=\"Comunicaci\u00f3 Esplac\" \/>\n<meta name=\"twitter:card\" content=\"summary_large_image\" \/>\n<meta name=\"twitter:label1\" content=\"Escrito por\" \/>\n\t<meta name=\"twitter:data1\" content=\"Comunicaci\u00f3 Esplac\" \/>\n\t<meta name=\"twitter:label2\" content=\"Tiempo de lectura\" \/>\n\t<meta name=\"twitter:data2\" content=\"1 minuto\" \/>\n<script type=\"application\/ld+json\" class=\"yoast-schema-graph\">{\"@context\":\"https:\\\/\\\/schema.org\",\"@graph\":[{\"@type\":\"Article\",\"@id\":\"https:\\\/\\\/www.esplac.cat\\\/ogrenitzat-trobada-general-esplai-bages-bergueda\\\/#article\",\"isPartOf\":{\"@id\":\"https:\\\/\\\/www.esplac.cat\\\/ogrenitzat-trobada-general-esplai-bages-bergueda\\\/\"},\"author\":{\"name\":\"Comunicaci\u00f3 Esplac\",\"@id\":\"https:\\\/\\\/www.esplac.cat\\\/#\\\/schema\\\/person\\\/908383cf240be18b68f8855d0583faca\"},\"headline\":\"Ogrenitza&#8217;t 2013, la trobada general del Bages-Bergued\u00e0\",\"datePublished\":\"2013-05-21T16:32:38+00:00\",\"dateModified\":\"2019-11-14T11:36:49+00:00\",\"mainEntityOfPage\":{\"@id\":\"https:\\\/\\\/www.esplac.cat\\\/ogrenitzat-trobada-general-esplai-bages-bergueda\\\/\"},\"wordCount\":323,\"commentCount\":0,\"publisher\":{\"@id\":\"https:\\\/\\\/www.esplac.cat\\\/#organization\"},\"image\":{\"@id\":\"https:\\\/\\\/www.esplac.cat\\\/ogrenitzat-trobada-general-esplai-bages-bergueda\\\/#primaryimage\"},\"thumbnailUrl\":\"https:\\\/\\\/www.esplac.cat\\\/wp-content\\\/uploads\\\/2015\\\/11\\\/BBMonis1.jpg\",\"keywords\":[\"Sector Bages-Bergued\u00e0\",\"trobada general\"],\"articleSection\":[\"Activitats sectors\",\"Inclusi\u00f3 i diversitat\",\"Sector Bages, Bergued\u00e0 i La Cerdanya\"],\"inLanguage\":\"es\",\"potentialAction\":[{\"@type\":\"CommentAction\",\"name\":\"Comment\",\"target\":[\"https:\\\/\\\/www.esplac.cat\\\/ogrenitzat-trobada-general-esplai-bages-bergueda\\\/#respond\"]}]},{\"@type\":\"WebPage\",\"@id\":\"https:\\\/\\\/www.esplac.cat\\\/ogrenitzat-trobada-general-esplai-bages-bergueda\\\/\",\"url\":\"https:\\\/\\\/www.esplac.cat\\\/ogrenitzat-trobada-general-esplai-bages-bergueda\\\/\",\"name\":\"Ogrenitza't 2013, la trobada general del Bages-Bergued\u00e0 - Esplac\",\"isPartOf\":{\"@id\":\"https:\\\/\\\/www.esplac.cat\\\/#website\"},\"primaryImageOfPage\":{\"@id\":\"https:\\\/\\\/www.esplac.cat\\\/ogrenitzat-trobada-general-esplai-bages-bergueda\\\/#primaryimage\"},\"image\":{\"@id\":\"https:\\\/\\\/www.esplac.cat\\\/ogrenitzat-trobada-general-esplai-bages-bergueda\\\/#primaryimage\"},\"thumbnailUrl\":\"https:\\\/\\\/www.esplac.cat\\\/wp-content\\\/uploads\\\/2015\\\/11\\\/BBMonis1.jpg\",\"datePublished\":\"2013-05-21T16:32:38+00:00\",\"dateModified\":\"2019-11-14T11:36:49+00:00\",\"breadcrumb\":{\"@id\":\"https:\\\/\\\/www.esplac.cat\\\/ogrenitzat-trobada-general-esplai-bages-bergueda\\\/#breadcrumb\"},\"inLanguage\":\"es\",\"potentialAction\":[{\"@type\":\"ReadAction\",\"target\":[\"https:\\\/\\\/www.esplac.cat\\\/ogrenitzat-trobada-general-esplai-bages-bergueda\\\/\"]}]},{\"@type\":\"ImageObject\",\"inLanguage\":\"es\",\"@id\":\"https:\\\/\\\/www.esplac.cat\\\/ogrenitzat-trobada-general-esplai-bages-bergueda\\\/#primaryimage\",\"url\":\"https:\\\/\\\/www.esplac.cat\\\/wp-content\\\/uploads\\\/2015\\\/11\\\/BBMonis1.jpg\",\"contentUrl\":\"https:\\\/\\\/www.esplac.cat\\\/wp-content\\\/uploads\\\/2015\\\/11\\\/BBMonis1.jpg\",\"width\":847,\"height\":350},{\"@type\":\"BreadcrumbList\",\"@id\":\"https:\\\/\\\/www.esplac.cat\\\/ogrenitzat-trobada-general-esplai-bages-bergueda\\\/#breadcrumb\",\"itemListElement\":[{\"@type\":\"ListItem\",\"position\":1,\"name\":\"Inici\",\"item\":\"https:\\\/\\\/www.esplac.cat\\\/es\\\/\"},{\"@type\":\"ListItem\",\"position\":2,\"name\":\"Ogrenitza&#8217;t 2013, la trobada general del Bages-Bergued\u00e0\"}]},{\"@type\":\"WebSite\",\"@id\":\"https:\\\/\\\/www.esplac.cat\\\/#website\",\"url\":\"https:\\\/\\\/www.esplac.cat\\\/\",\"name\":\"Esplac\",\"description\":\"Esplais Catalans\",\"publisher\":{\"@id\":\"https:\\\/\\\/www.esplac.cat\\\/#organization\"},\"potentialAction\":[{\"@type\":\"SearchAction\",\"target\":{\"@type\":\"EntryPoint\",\"urlTemplate\":\"https:\\\/\\\/www.esplac.cat\\\/?s={search_term_string}\"},\"query-input\":{\"@type\":\"PropertyValueSpecification\",\"valueRequired\":true,\"valueName\":\"search_term_string\"}}],\"inLanguage\":\"es\"},{\"@type\":\"Organization\",\"@id\":\"https:\\\/\\\/www.esplac.cat\\\/#organization\",\"name\":\"Esplac\",\"url\":\"https:\\\/\\\/www.esplac.cat\\\/\",\"logo\":{\"@type\":\"ImageObject\",\"inLanguage\":\"es\",\"@id\":\"https:\\\/\\\/www.esplac.cat\\\/#\\\/schema\\\/logo\\\/image\\\/\",\"url\":\"https:\\\/\\\/www.esplac.cat\\\/wp-content\\\/uploads\\\/2019\\\/08\\\/logox2.png\",\"contentUrl\":\"https:\\\/\\\/www.esplac.cat\\\/wp-content\\\/uploads\\\/2019\\\/08\\\/logox2.png\",\"width\":600,\"height\":295,\"caption\":\"Esplac\"},\"image\":{\"@id\":\"https:\\\/\\\/www.esplac.cat\\\/#\\\/schema\\\/logo\\\/image\\\/\"}},{\"@type\":\"Person\",\"@id\":\"https:\\\/\\\/www.esplac.cat\\\/#\\\/schema\\\/person\\\/908383cf240be18b68f8855d0583faca\",\"name\":\"Comunicaci\u00f3 Esplac\",\"image\":{\"@type\":\"ImageObject\",\"inLanguage\":\"es\",\"@id\":\"https:\\\/\\\/secure.gravatar.com\\\/avatar\\\/7a4cf8feb412a76ea4a740ca02d95b06b2907b5a6c648c2dd0a1082a093c3141?s=96&d=mm&r=g\",\"url\":\"https:\\\/\\\/secure.gravatar.com\\\/avatar\\\/7a4cf8feb412a76ea4a740ca02d95b06b2907b5a6c648c2dd0a1082a093c3141?s=96&d=mm&r=g\",\"contentUrl\":\"https:\\\/\\\/secure.gravatar.com\\\/avatar\\\/7a4cf8feb412a76ea4a740ca02d95b06b2907b5a6c648c2dd0a1082a093c3141?s=96&d=mm&r=g\",\"caption\":\"Comunicaci\u00f3 Esplac\"}}]}<\/script>\n<!-- \/ Yoast SEO plugin. -->","yoast_head_json":{"title":"Ogrenitza't 2013, la trobada general del Bages-Bergued\u00e0 - Esplac","robots":{"index":"index","follow":"follow","max-snippet":"max-snippet:-1","max-image-preview":"max-image-preview:large","max-video-preview":"max-video-preview:-1"},"canonical":"https:\/\/www.esplac.cat\/ogrenitzat-trobada-general-esplai-bages-bergueda\/","og_locale":"es_ES","og_type":"article","og_title":"Ogrenitza't 2013, la trobada general del Bages-Bergued\u00e0 - Esplac","og_description":"Aquest passat cap de setmana del 17 al 19 de [&hellip;]","og_url":"https:\/\/www.esplac.cat\/ogrenitzat-trobada-general-esplai-bages-bergueda\/","og_site_name":"Esplac","article_published_time":"2013-05-21T16:32:38+00:00","article_modified_time":"2019-11-14T11:36:49+00:00","og_image":[{"width":847,"height":350,"url":"https:\/\/www.esplac.cat\/wp-content\/uploads\/2015\/11\/BBMonis1.jpg","type":"image\/jpeg"}],"author":"Comunicaci\u00f3 Esplac","twitter_card":"summary_large_image","twitter_misc":{"Escrito por":"Comunicaci\u00f3 Esplac","Tiempo de lectura":"1 minuto"},"schema":{"@context":"https:\/\/schema.org","@graph":[{"@type":"Article","@id":"https:\/\/www.esplac.cat\/ogrenitzat-trobada-general-esplai-bages-bergueda\/#article","isPartOf":{"@id":"https:\/\/www.esplac.cat\/ogrenitzat-trobada-general-esplai-bages-bergueda\/"},"author":{"name":"Comunicaci\u00f3 Esplac","@id":"https:\/\/www.esplac.cat\/#\/schema\/person\/908383cf240be18b68f8855d0583faca"},"headline":"Ogrenitza&#8217;t 2013, la trobada general del Bages-Bergued\u00e0","datePublished":"2013-05-21T16:32:38+00:00","dateModified":"2019-11-14T11:36:49+00:00","mainEntityOfPage":{"@id":"https:\/\/www.esplac.cat\/ogrenitzat-trobada-general-esplai-bages-bergueda\/"},"wordCount":323,"commentCount":0,"publisher":{"@id":"https:\/\/www.esplac.cat\/#organization"},"image":{"@id":"https:\/\/www.esplac.cat\/ogrenitzat-trobada-general-esplai-bages-bergueda\/#primaryimage"},"thumbnailUrl":"https:\/\/www.esplac.cat\/wp-content\/uploads\/2015\/11\/BBMonis1.jpg","keywords":["Sector Bages-Bergued\u00e0","trobada general"],"articleSection":["Activitats sectors","Inclusi\u00f3 i diversitat","Sector Bages, Bergued\u00e0 i La Cerdanya"],"inLanguage":"es","potentialAction":[{"@type":"CommentAction","name":"Comment","target":["https:\/\/www.esplac.cat\/ogrenitzat-trobada-general-esplai-bages-bergueda\/#respond"]}]},{"@type":"WebPage","@id":"https:\/\/www.esplac.cat\/ogrenitzat-trobada-general-esplai-bages-bergueda\/","url":"https:\/\/www.esplac.cat\/ogrenitzat-trobada-general-esplai-bages-bergueda\/","name":"Ogrenitza't 2013, la trobada general del Bages-Bergued\u00e0 - Esplac","isPartOf":{"@id":"https:\/\/www.esplac.cat\/#website"},"primaryImageOfPage":{"@id":"https:\/\/www.esplac.cat\/ogrenitzat-trobada-general-esplai-bages-bergueda\/#primaryimage"},"image":{"@id":"https:\/\/www.esplac.cat\/ogrenitzat-trobada-general-esplai-bages-bergueda\/#primaryimage"},"thumbnailUrl":"https:\/\/www.esplac.cat\/wp-content\/uploads\/2015\/11\/BBMonis1.jpg","datePublished":"2013-05-21T16:32:38+00:00","dateModified":"2019-11-14T11:36:49+00:00","breadcrumb":{"@id":"https:\/\/www.esplac.cat\/ogrenitzat-trobada-general-esplai-bages-bergueda\/#breadcrumb"},"inLanguage":"es","potentialAction":[{"@type":"ReadAction","target":["https:\/\/www.esplac.cat\/ogrenitzat-trobada-general-esplai-bages-bergueda\/"]}]},{"@type":"ImageObject","inLanguage":"es","@id":"https:\/\/www.esplac.cat\/ogrenitzat-trobada-general-esplai-bages-bergueda\/#primaryimage","url":"https:\/\/www.esplac.cat\/wp-content\/uploads\/2015\/11\/BBMonis1.jpg","contentUrl":"https:\/\/www.esplac.cat\/wp-content\/uploads\/2015\/11\/BBMonis1.jpg","width":847,"height":350},{"@type":"BreadcrumbList","@id":"https:\/\/www.esplac.cat\/ogrenitzat-trobada-general-esplai-bages-bergueda\/#breadcrumb","itemListElement":[{"@type":"ListItem","position":1,"name":"Inici","item":"https:\/\/www.esplac.cat\/es\/"},{"@type":"ListItem","position":2,"name":"Ogrenitza&#8217;t 2013, la trobada general del Bages-Bergued\u00e0"}]},{"@type":"WebSite","@id":"https:\/\/www.esplac.cat\/#website","url":"https:\/\/www.esplac.cat\/","name":"Esplac","description":"Esplais Catalans","publisher":{"@id":"https:\/\/www.esplac.cat\/#organization"},"potentialAction":[{"@type":"SearchAction","target":{"@type":"EntryPoint","urlTemplate":"https:\/\/www.esplac.cat\/?s={search_term_string}"},"query-input":{"@type":"PropertyValueSpecification","valueRequired":true,"valueName":"search_term_string"}}],"inLanguage":"es"},{"@type":"Organization","@id":"https:\/\/www.esplac.cat\/#organization","name":"Esplac","url":"https:\/\/www.esplac.cat\/","logo":{"@type":"ImageObject","inLanguage":"es","@id":"https:\/\/www.esplac.cat\/#\/schema\/logo\/image\/","url":"https:\/\/www.esplac.cat\/wp-content\/uploads\/2019\/08\/logox2.png","contentUrl":"https:\/\/www.esplac.cat\/wp-content\/uploads\/2019\/08\/logox2.png","width":600,"height":295,"caption":"Esplac"},"image":{"@id":"https:\/\/www.esplac.cat\/#\/schema\/logo\/image\/"}},{"@type":"Person","@id":"https:\/\/www.esplac.cat\/#\/schema\/person\/908383cf240be18b68f8855d0583faca","name":"Comunicaci\u00f3 Esplac","image":{"@type":"ImageObject","inLanguage":"es","@id":"https:\/\/secure.gravatar.com\/avatar\/7a4cf8feb412a76ea4a740ca02d95b06b2907b5a6c648c2dd0a1082a093c3141?s=96&d=mm&r=g","url":"https:\/\/secure.gravatar.com\/avatar\/7a4cf8feb412a76ea4a740ca02d95b06b2907b5a6c648c2dd0a1082a093c3141?s=96&d=mm&r=g","contentUrl":"https:\/\/secure.gravatar.com\/avatar\/7a4cf8feb412a76ea4a740ca02d95b06b2907b5a6c648c2dd0a1082a093c3141?s=96&d=mm&r=g","caption":"Comunicaci\u00f3 Esplac"}}]}},"_links":{"self":[{"href":"https:\/\/www.esplac.cat\/es\/wp-json\/wp\/v2\/posts\/25914","targetHints":{"allow":["GET"]}}],"collection":[{"href":"https:\/\/www.esplac.cat\/es\/wp-json\/wp\/v2\/posts"}],"about":[{"href":"https:\/\/www.esplac.cat\/es\/wp-json\/wp\/v2\/types\/post"}],"author":[{"embeddable":true,"href":"https:\/\/www.esplac.cat\/es\/wp-json\/wp\/v2\/users\/3"}],"replies":[{"embeddable":true,"href":"https:\/\/www.esplac.cat\/es\/wp-json\/wp\/v2\/comments?post=25914"}],"version-history":[{"count":0,"href":"https:\/\/www.esplac.cat\/es\/wp-json\/wp\/v2\/posts\/25914\/revisions"}],"wp:featuredmedia":[{"embeddable":true,"href":"https:\/\/www.esplac.cat\/es\/wp-json\/wp\/v2\/media\/25915"}],"wp:attachment":[{"href":"https:\/\/www.esplac.cat\/es\/wp-json\/wp\/v2\/media?parent=25914"}],"wp:term":[{"taxonomy":"category","embeddable":true,"href":"https:\/\/www.esplac.cat\/es\/wp-json\/wp\/v2\/categories?post=25914"},{"taxonomy":"post_tag","embeddable":true,"href":"https:\/\/www.esplac.cat\/es\/wp-json\/wp\/v2\/tags?post=25914"}],"curies":[{"name":"wp","href":"https:\/\/api.w.org\/{rel}","templated":true}]}}