{"id":25916,"date":"2013-05-21T18:13:04","date_gmt":"2013-05-21T16:13:04","guid":{"rendered":"http:\/\/esplac.cat\/?p=3509"},"modified":"2013-05-21T18:13:04","modified_gmt":"2013-05-21T16:13:04","slug":"cap-setmana-20-anys-esplai-guitxi-2","status":"publish","type":"post","link":"https:\/\/www.esplac.cat\/es\/cap-setmana-20-anys-esplai-guitxi-2\/","title":{"rendered":"Cap de setmana dels 20 anys de l&#8217;esplai G\u00fcitxi-G\u00fcitxi"},"content":{"rendered":"<p><!--:CA--><\/p>\n<p style=\"text-align: left;\" align=\"center\"><strong>Autoria:<\/strong>\u00a0monitors i monitores esplai\u00a0<a title=\"esplai guitxi guitxi\" href=\"http:\/\/www.guitxiguitxi.net\" target=\"_blank\" rel=\"noopener noreferrer\">G\u00fcitxi-G\u00fcitxi\u00a0<\/a><\/p>\n<p>Felicitat. Potser si els monitors de l&#8217;esplai G\u00fcitxi-G\u00fcitxi hagu\u00e9ssim de resumir amb tant sols una paraula (feina molt dif\u00edcil) tot el que hem viscut aquest cap de setmana de celebraci\u00f3 dels 20 anys de l&#8217;esplai aquesta paraula segurament seria \u201cfelicitat\u201d. Ho hem celebrat de la millor manera possible, amb bones activitats, amb una gent fant\u00e0stica (les nostres fam\u00edlies, els nostres nens, els nostres ex-munis&#8230;) i sobretot amb un bon ambient \u00fanic i inigualable que ens ha impregnat a tots des del dissabte a les 5 de la tarda fins al diumenge a les 12:00. En definitiva, estem molt contents perqu\u00e8, durant aquest cap de setmana s&#8217;ha plasmat en la seva m\u00e0xima expressi\u00f3 el que realment \u00e9s l&#8217;esplai, la seva ess\u00e8ncia, la seva ra\u00f3 de ser, els seus valors. L&#8217;esplai \u00e9s el que s&#8217;ha vist aquest cap de setmana.<\/p>\n<p>Al mercat dels 20 anys a m\u00e9s de gaudir dels fant\u00e0stics jocs de Kat\u00e0crack es va poder fer un rep\u00e0s del que es fa a l&#8217;esplai, al vespre ens v\u00e0rem unir tots per sopar junts com es fa habitualment a l&#8217;esplai (de carmanyola!) per despr\u00e9s passar a la celebraci\u00f3 cantant la can\u00e7\u00f3 de l&#8217;aniversari. La fant\u00e0stica can\u00e7\u00f3 dels 20 anys i bufar les espelmes del past\u00eds gegant. Despr\u00e9s va arribar l&#8217;hora del Documental de la hist\u00f2ria de l\u2019esplai que va fer emocionar a petits i grans. El torn del joc de nit del macarr\u00f3 va arribar tot seguit. A la nit v\u00e0rem compartir una vetllada de m\u00fasica i complicitat per despr\u00e9s passar a una dormida genial, l&#8217;esmorzar i finalment, la gran macro-gimcana guarra. El pica-pica i l&#8217;hora dels ad\u00e9us va posar el colof\u00f3 final a la festa.<\/p>\n<p>No volem acabar aquest article sense donar MOLT\u00cdSSIMES GR\u00c0CIES a tothom qui ha fet possible aquesta festa:<\/p>\n<p>A la Sandra Sard\u00e0, a l&#8217;Arnau Torndera, a en Jaume Barri, a la Guarderia, a en Llu\u00eds Marmi, a la Universitat de Vic i a log\u00edstica de guerrilla, a la Ludoteca Jocs, a tots els ex-monitors i pares, a la fam\u00edlia Gonz\u00e1lez de Leon, a ESPLAC, a tots els que hi heu assistit&#8230;<\/p>\n<p>\u2026 i a tots els nens i nenes, que l&#8217;esplai sou vosaltres!<\/p>\n<p>MOLTES, MOLTES GR\u00c0CIES! 20 ANYS DONEN PER MOLT, PER\u00d2 EL FUTUR ENCARA D\u00d3NA PER M\u00c9S!<\/p>\n<p>Som i serem, l&#8217;esplai G\u00fcitxi G\u00fcitxi.\u00a0\u00a0Podem fer brillar el sol pels carrers.<!--:--><!--:es-->&nbsp;<\/p>\n<p><!--:--><!--:en-->&nbsp;<\/p>\n<p><!--:--><!--:fr-->&nbsp;<\/p>\n<p><!--:--><\/p>\n","protected":false},"excerpt":{"rendered":"<p>Autoria:\u00a0monitors i monitores esplai\u00a0G\u00fcitxi-G\u00fcitxi\u00a0 Felicitat. Potser si els monitors de [&hellip;]<\/p>\n","protected":false},"author":3,"featured_media":25604,"comment_status":"open","ping_status":"open","sticky":false,"template":"","format":"standard","meta":{"om_disable_all_campaigns":false,"_monsterinsights_skip_tracking":false,"_monsterinsights_sitenote_active":false,"_monsterinsights_sitenote_note":"","_monsterinsights_sitenote_category":0,"_uf_show_specific_survey":0,"_uf_disable_surveys":false,"footnotes":""},"categories":[1117],"tags":[126,127],"class_list":["post-25916","post","type-post","status-publish","format-standard","has-post-thumbnail","hentry","category-activitats-esplais","tag-aniversari","tag-esplai-gutxi-guitxi"],"yoast_head":"<!-- This site is optimized with the Yoast SEO plugin v27.4 - https:\/\/yoast.com\/product\/yoast-seo-wordpress\/ -->\n<title>Cap de setmana dels 20 anys de l&#039;esplai G\u00fcitxi-G\u00fcitxi - Esplac<\/title>\n<meta name=\"robots\" content=\"index, follow, max-snippet:-1, max-image-preview:large, max-video-preview:-1\" \/>\n<link rel=\"canonical\" href=\"https:\/\/www.esplac.cat\/es\/cap-setmana-20-anys-esplai-guitxi-2\/\" \/>\n<meta property=\"og:locale\" content=\"es_ES\" \/>\n<meta property=\"og:type\" content=\"article\" \/>\n<meta property=\"og:title\" content=\"Cap de setmana dels 20 anys de l&#039;esplai G\u00fcitxi-G\u00fcitxi - Esplac\" \/>\n<meta property=\"og:description\" content=\"Autoria:\u00a0monitors i monitores esplai\u00a0G\u00fcitxi-G\u00fcitxi\u00a0 Felicitat. Potser si els monitors de [&hellip;]\" \/>\n<meta property=\"og:url\" content=\"https:\/\/www.esplac.cat\/es\/cap-setmana-20-anys-esplai-guitxi-2\/\" \/>\n<meta property=\"og:site_name\" content=\"Esplac\" \/>\n<meta property=\"article:published_time\" content=\"2013-05-21T16:13:04+00:00\" \/>\n<meta property=\"og:image\" content=\"https:\/\/www.esplac.cat\/wp-content\/uploads\/2013\/02\/DSC08123-1024x575.jpg\" \/>\n\t<meta property=\"og:image:width\" content=\"1024\" \/>\n\t<meta property=\"og:image:height\" content=\"575\" \/>\n\t<meta property=\"og:image:type\" content=\"image\/jpeg\" \/>\n<meta name=\"author\" content=\"Comunicaci\u00f3 Esplac\" \/>\n<meta name=\"twitter:card\" content=\"summary_large_image\" \/>\n<meta name=\"twitter:label1\" content=\"Escrito por\" \/>\n\t<meta name=\"twitter:data1\" content=\"Comunicaci\u00f3 Esplac\" \/>\n\t<meta name=\"twitter:label2\" content=\"Tiempo de lectura\" \/>\n\t<meta name=\"twitter:data2\" content=\"2 minutos\" \/>\n<script type=\"application\/ld+json\" class=\"yoast-schema-graph\">{\"@context\":\"https:\\\/\\\/schema.org\",\"@graph\":[{\"@type\":\"Article\",\"@id\":\"https:\\\/\\\/www.esplac.cat\\\/es\\\/cap-setmana-20-anys-esplai-guitxi-2\\\/#article\",\"isPartOf\":{\"@id\":\"https:\\\/\\\/www.esplac.cat\\\/es\\\/cap-setmana-20-anys-esplai-guitxi-2\\\/\"},\"author\":{\"name\":\"Comunicaci\u00f3 Esplac\",\"@id\":\"https:\\\/\\\/www.esplac.cat\\\/#\\\/schema\\\/person\\\/908383cf240be18b68f8855d0583faca\"},\"headline\":\"Cap de setmana dels 20 anys de l&#8217;esplai G\u00fcitxi-G\u00fcitxi\",\"datePublished\":\"2013-05-21T16:13:04+00:00\",\"mainEntityOfPage\":{\"@id\":\"https:\\\/\\\/www.esplac.cat\\\/es\\\/cap-setmana-20-anys-esplai-guitxi-2\\\/\"},\"wordCount\":449,\"commentCount\":0,\"publisher\":{\"@id\":\"https:\\\/\\\/www.esplac.cat\\\/#organization\"},\"image\":{\"@id\":\"https:\\\/\\\/www.esplac.cat\\\/es\\\/cap-setmana-20-anys-esplai-guitxi-2\\\/#primaryimage\"},\"thumbnailUrl\":\"https:\\\/\\\/www.esplac.cat\\\/wp-content\\\/uploads\\\/2013\\\/02\\\/DSC08123.jpg\",\"keywords\":[\"aniversari\",\"Esplai G\u00fctxi-G\u00fcitxi\"],\"articleSection\":[\"Activitats esplais\"],\"inLanguage\":\"es\",\"potentialAction\":[{\"@type\":\"CommentAction\",\"name\":\"Comment\",\"target\":[\"https:\\\/\\\/www.esplac.cat\\\/es\\\/cap-setmana-20-anys-esplai-guitxi-2\\\/#respond\"]}]},{\"@type\":\"WebPage\",\"@id\":\"https:\\\/\\\/www.esplac.cat\\\/es\\\/cap-setmana-20-anys-esplai-guitxi-2\\\/\",\"url\":\"https:\\\/\\\/www.esplac.cat\\\/es\\\/cap-setmana-20-anys-esplai-guitxi-2\\\/\",\"name\":\"Cap de setmana dels 20 anys de l'esplai G\u00fcitxi-G\u00fcitxi - Esplac\",\"isPartOf\":{\"@id\":\"https:\\\/\\\/www.esplac.cat\\\/#website\"},\"primaryImageOfPage\":{\"@id\":\"https:\\\/\\\/www.esplac.cat\\\/es\\\/cap-setmana-20-anys-esplai-guitxi-2\\\/#primaryimage\"},\"image\":{\"@id\":\"https:\\\/\\\/www.esplac.cat\\\/es\\\/cap-setmana-20-anys-esplai-guitxi-2\\\/#primaryimage\"},\"thumbnailUrl\":\"https:\\\/\\\/www.esplac.cat\\\/wp-content\\\/uploads\\\/2013\\\/02\\\/DSC08123.jpg\",\"datePublished\":\"2013-05-21T16:13:04+00:00\",\"breadcrumb\":{\"@id\":\"https:\\\/\\\/www.esplac.cat\\\/es\\\/cap-setmana-20-anys-esplai-guitxi-2\\\/#breadcrumb\"},\"inLanguage\":\"es\",\"potentialAction\":[{\"@type\":\"ReadAction\",\"target\":[\"https:\\\/\\\/www.esplac.cat\\\/es\\\/cap-setmana-20-anys-esplai-guitxi-2\\\/\"]}]},{\"@type\":\"ImageObject\",\"inLanguage\":\"es\",\"@id\":\"https:\\\/\\\/www.esplac.cat\\\/es\\\/cap-setmana-20-anys-esplai-guitxi-2\\\/#primaryimage\",\"url\":\"https:\\\/\\\/www.esplac.cat\\\/wp-content\\\/uploads\\\/2013\\\/02\\\/DSC08123.jpg\",\"contentUrl\":\"https:\\\/\\\/www.esplac.cat\\\/wp-content\\\/uploads\\\/2013\\\/02\\\/DSC08123.jpg\",\"width\":3872,\"height\":2176},{\"@type\":\"BreadcrumbList\",\"@id\":\"https:\\\/\\\/www.esplac.cat\\\/es\\\/cap-setmana-20-anys-esplai-guitxi-2\\\/#breadcrumb\",\"itemListElement\":[{\"@type\":\"ListItem\",\"position\":1,\"name\":\"Inici\",\"item\":\"https:\\\/\\\/www.esplac.cat\\\/es\\\/\"},{\"@type\":\"ListItem\",\"position\":2,\"name\":\"Cap de setmana dels 20 anys de l&#8217;esplai G\u00fcitxi-G\u00fcitxi\"}]},{\"@type\":\"WebSite\",\"@id\":\"https:\\\/\\\/www.esplac.cat\\\/#website\",\"url\":\"https:\\\/\\\/www.esplac.cat\\\/\",\"name\":\"Esplac\",\"description\":\"Esplais Catalans\",\"publisher\":{\"@id\":\"https:\\\/\\\/www.esplac.cat\\\/#organization\"},\"potentialAction\":[{\"@type\":\"SearchAction\",\"target\":{\"@type\":\"EntryPoint\",\"urlTemplate\":\"https:\\\/\\\/www.esplac.cat\\\/?s={search_term_string}\"},\"query-input\":{\"@type\":\"PropertyValueSpecification\",\"valueRequired\":true,\"valueName\":\"search_term_string\"}}],\"inLanguage\":\"es\"},{\"@type\":\"Organization\",\"@id\":\"https:\\\/\\\/www.esplac.cat\\\/#organization\",\"name\":\"Esplac\",\"url\":\"https:\\\/\\\/www.esplac.cat\\\/\",\"logo\":{\"@type\":\"ImageObject\",\"inLanguage\":\"es\",\"@id\":\"https:\\\/\\\/www.esplac.cat\\\/#\\\/schema\\\/logo\\\/image\\\/\",\"url\":\"https:\\\/\\\/www.esplac.cat\\\/wp-content\\\/uploads\\\/2019\\\/08\\\/logox2.png\",\"contentUrl\":\"https:\\\/\\\/www.esplac.cat\\\/wp-content\\\/uploads\\\/2019\\\/08\\\/logox2.png\",\"width\":600,\"height\":295,\"caption\":\"Esplac\"},\"image\":{\"@id\":\"https:\\\/\\\/www.esplac.cat\\\/#\\\/schema\\\/logo\\\/image\\\/\"}},{\"@type\":\"Person\",\"@id\":\"https:\\\/\\\/www.esplac.cat\\\/#\\\/schema\\\/person\\\/908383cf240be18b68f8855d0583faca\",\"name\":\"Comunicaci\u00f3 Esplac\",\"image\":{\"@type\":\"ImageObject\",\"inLanguage\":\"es\",\"@id\":\"https:\\\/\\\/secure.gravatar.com\\\/avatar\\\/7a4cf8feb412a76ea4a740ca02d95b06b2907b5a6c648c2dd0a1082a093c3141?s=96&d=mm&r=g\",\"url\":\"https:\\\/\\\/secure.gravatar.com\\\/avatar\\\/7a4cf8feb412a76ea4a740ca02d95b06b2907b5a6c648c2dd0a1082a093c3141?s=96&d=mm&r=g\",\"contentUrl\":\"https:\\\/\\\/secure.gravatar.com\\\/avatar\\\/7a4cf8feb412a76ea4a740ca02d95b06b2907b5a6c648c2dd0a1082a093c3141?s=96&d=mm&r=g\",\"caption\":\"Comunicaci\u00f3 Esplac\"}}]}<\/script>\n<!-- \/ Yoast SEO plugin. -->","yoast_head_json":{"title":"Cap de setmana dels 20 anys de l'esplai G\u00fcitxi-G\u00fcitxi - Esplac","robots":{"index":"index","follow":"follow","max-snippet":"max-snippet:-1","max-image-preview":"max-image-preview:large","max-video-preview":"max-video-preview:-1"},"canonical":"https:\/\/www.esplac.cat\/es\/cap-setmana-20-anys-esplai-guitxi-2\/","og_locale":"es_ES","og_type":"article","og_title":"Cap de setmana dels 20 anys de l'esplai G\u00fcitxi-G\u00fcitxi - Esplac","og_description":"Autoria:\u00a0monitors i monitores esplai\u00a0G\u00fcitxi-G\u00fcitxi\u00a0 Felicitat. Potser si els monitors de [&hellip;]","og_url":"https:\/\/www.esplac.cat\/es\/cap-setmana-20-anys-esplai-guitxi-2\/","og_site_name":"Esplac","article_published_time":"2013-05-21T16:13:04+00:00","og_image":[{"width":1024,"height":575,"url":"https:\/\/www.esplac.cat\/wp-content\/uploads\/2013\/02\/DSC08123-1024x575.jpg","type":"image\/jpeg"}],"author":"Comunicaci\u00f3 Esplac","twitter_card":"summary_large_image","twitter_misc":{"Escrito por":"Comunicaci\u00f3 Esplac","Tiempo de lectura":"2 minutos"},"schema":{"@context":"https:\/\/schema.org","@graph":[{"@type":"Article","@id":"https:\/\/www.esplac.cat\/es\/cap-setmana-20-anys-esplai-guitxi-2\/#article","isPartOf":{"@id":"https:\/\/www.esplac.cat\/es\/cap-setmana-20-anys-esplai-guitxi-2\/"},"author":{"name":"Comunicaci\u00f3 Esplac","@id":"https:\/\/www.esplac.cat\/#\/schema\/person\/908383cf240be18b68f8855d0583faca"},"headline":"Cap de setmana dels 20 anys de l&#8217;esplai G\u00fcitxi-G\u00fcitxi","datePublished":"2013-05-21T16:13:04+00:00","mainEntityOfPage":{"@id":"https:\/\/www.esplac.cat\/es\/cap-setmana-20-anys-esplai-guitxi-2\/"},"wordCount":449,"commentCount":0,"publisher":{"@id":"https:\/\/www.esplac.cat\/#organization"},"image":{"@id":"https:\/\/www.esplac.cat\/es\/cap-setmana-20-anys-esplai-guitxi-2\/#primaryimage"},"thumbnailUrl":"https:\/\/www.esplac.cat\/wp-content\/uploads\/2013\/02\/DSC08123.jpg","keywords":["aniversari","Esplai G\u00fctxi-G\u00fcitxi"],"articleSection":["Activitats esplais"],"inLanguage":"es","potentialAction":[{"@type":"CommentAction","name":"Comment","target":["https:\/\/www.esplac.cat\/es\/cap-setmana-20-anys-esplai-guitxi-2\/#respond"]}]},{"@type":"WebPage","@id":"https:\/\/www.esplac.cat\/es\/cap-setmana-20-anys-esplai-guitxi-2\/","url":"https:\/\/www.esplac.cat\/es\/cap-setmana-20-anys-esplai-guitxi-2\/","name":"Cap de setmana dels 20 anys de l'esplai G\u00fcitxi-G\u00fcitxi - Esplac","isPartOf":{"@id":"https:\/\/www.esplac.cat\/#website"},"primaryImageOfPage":{"@id":"https:\/\/www.esplac.cat\/es\/cap-setmana-20-anys-esplai-guitxi-2\/#primaryimage"},"image":{"@id":"https:\/\/www.esplac.cat\/es\/cap-setmana-20-anys-esplai-guitxi-2\/#primaryimage"},"thumbnailUrl":"https:\/\/www.esplac.cat\/wp-content\/uploads\/2013\/02\/DSC08123.jpg","datePublished":"2013-05-21T16:13:04+00:00","breadcrumb":{"@id":"https:\/\/www.esplac.cat\/es\/cap-setmana-20-anys-esplai-guitxi-2\/#breadcrumb"},"inLanguage":"es","potentialAction":[{"@type":"ReadAction","target":["https:\/\/www.esplac.cat\/es\/cap-setmana-20-anys-esplai-guitxi-2\/"]}]},{"@type":"ImageObject","inLanguage":"es","@id":"https:\/\/www.esplac.cat\/es\/cap-setmana-20-anys-esplai-guitxi-2\/#primaryimage","url":"https:\/\/www.esplac.cat\/wp-content\/uploads\/2013\/02\/DSC08123.jpg","contentUrl":"https:\/\/www.esplac.cat\/wp-content\/uploads\/2013\/02\/DSC08123.jpg","width":3872,"height":2176},{"@type":"BreadcrumbList","@id":"https:\/\/www.esplac.cat\/es\/cap-setmana-20-anys-esplai-guitxi-2\/#breadcrumb","itemListElement":[{"@type":"ListItem","position":1,"name":"Inici","item":"https:\/\/www.esplac.cat\/es\/"},{"@type":"ListItem","position":2,"name":"Cap de setmana dels 20 anys de l&#8217;esplai G\u00fcitxi-G\u00fcitxi"}]},{"@type":"WebSite","@id":"https:\/\/www.esplac.cat\/#website","url":"https:\/\/www.esplac.cat\/","name":"Esplac","description":"Esplais Catalans","publisher":{"@id":"https:\/\/www.esplac.cat\/#organization"},"potentialAction":[{"@type":"SearchAction","target":{"@type":"EntryPoint","urlTemplate":"https:\/\/www.esplac.cat\/?s={search_term_string}"},"query-input":{"@type":"PropertyValueSpecification","valueRequired":true,"valueName":"search_term_string"}}],"inLanguage":"es"},{"@type":"Organization","@id":"https:\/\/www.esplac.cat\/#organization","name":"Esplac","url":"https:\/\/www.esplac.cat\/","logo":{"@type":"ImageObject","inLanguage":"es","@id":"https:\/\/www.esplac.cat\/#\/schema\/logo\/image\/","url":"https:\/\/www.esplac.cat\/wp-content\/uploads\/2019\/08\/logox2.png","contentUrl":"https:\/\/www.esplac.cat\/wp-content\/uploads\/2019\/08\/logox2.png","width":600,"height":295,"caption":"Esplac"},"image":{"@id":"https:\/\/www.esplac.cat\/#\/schema\/logo\/image\/"}},{"@type":"Person","@id":"https:\/\/www.esplac.cat\/#\/schema\/person\/908383cf240be18b68f8855d0583faca","name":"Comunicaci\u00f3 Esplac","image":{"@type":"ImageObject","inLanguage":"es","@id":"https:\/\/secure.gravatar.com\/avatar\/7a4cf8feb412a76ea4a740ca02d95b06b2907b5a6c648c2dd0a1082a093c3141?s=96&d=mm&r=g","url":"https:\/\/secure.gravatar.com\/avatar\/7a4cf8feb412a76ea4a740ca02d95b06b2907b5a6c648c2dd0a1082a093c3141?s=96&d=mm&r=g","contentUrl":"https:\/\/secure.gravatar.com\/avatar\/7a4cf8feb412a76ea4a740ca02d95b06b2907b5a6c648c2dd0a1082a093c3141?s=96&d=mm&r=g","caption":"Comunicaci\u00f3 Esplac"}}]}},"_links":{"self":[{"href":"https:\/\/www.esplac.cat\/es\/wp-json\/wp\/v2\/posts\/25916","targetHints":{"allow":["GET"]}}],"collection":[{"href":"https:\/\/www.esplac.cat\/es\/wp-json\/wp\/v2\/posts"}],"about":[{"href":"https:\/\/www.esplac.cat\/es\/wp-json\/wp\/v2\/types\/post"}],"author":[{"embeddable":true,"href":"https:\/\/www.esplac.cat\/es\/wp-json\/wp\/v2\/users\/3"}],"replies":[{"embeddable":true,"href":"https:\/\/www.esplac.cat\/es\/wp-json\/wp\/v2\/comments?post=25916"}],"version-history":[{"count":0,"href":"https:\/\/www.esplac.cat\/es\/wp-json\/wp\/v2\/posts\/25916\/revisions"}],"wp:featuredmedia":[{"embeddable":true,"href":"https:\/\/www.esplac.cat\/es\/wp-json\/wp\/v2\/media\/25604"}],"wp:attachment":[{"href":"https:\/\/www.esplac.cat\/es\/wp-json\/wp\/v2\/media?parent=25916"}],"wp:term":[{"taxonomy":"category","embeddable":true,"href":"https:\/\/www.esplac.cat\/es\/wp-json\/wp\/v2\/categories?post=25916"},{"taxonomy":"post_tag","embeddable":true,"href":"https:\/\/www.esplac.cat\/es\/wp-json\/wp\/v2\/tags?post=25916"}],"curies":[{"name":"wp","href":"https:\/\/api.w.org\/{rel}","templated":true}]}}