{"id":25919,"date":"2013-05-17T12:48:38","date_gmt":"2013-05-17T10:48:38","guid":{"rendered":"http:\/\/esplac.cat\/?p=3491"},"modified":"2013-05-17T12:48:38","modified_gmt":"2013-05-17T10:48:38","slug":"2a-trobada-de-joves-del-sector-bages-bergueda","status":"publish","type":"post","link":"https:\/\/www.esplac.cat\/es\/2a-trobada-de-joves-del-sector-bages-bergueda\/","title":{"rendered":"2a Trobada de Joves del sector Bages-Bergued\u00e0"},"content":{"rendered":"<p><!--:CA-->El passat 27 i 28 d&#8217;abril la pluja no va evitar que els joves del Sector Bages Bergued\u00e0 celebr\u00e9ssim la segona Trobada de Joves a una casa prop de Valls de Torroella. El cap de setmana va estar emmarcat amb un eix d&#8217;animaci\u00f3 sobre les <strong>cultures al m\u00f3n<\/strong>, les <strong>classes socials<\/strong> i el <strong>cooperativisme<\/strong>.<\/p>\n<p>El context d&#8217;aquesta trobada es remunta a l&#8217;any passat, en qu\u00e8 el Sector vam crear una <strong>comissi\u00f3 de Joves<\/strong> integrada pels monitors i monitores d&#8217;aquells grups de joves dels esplais, i tamb\u00e9 oberta a esplais sense joves, per\u00f2 amb ganes de configurar un grup. L&#8217;objectiu principal sempre ha estat <strong>cohesionar els i les joves amb la finalitat de promoure el relleu als nostres esplais<\/strong>, aix\u00ed com tamb\u00e9 al propi Sector d&#8217;Esplac.<\/p>\n<p>El cap de setmana del 27 i 28 va estar marcat per jocs cooperatius, de roleplay, un karaoque i, aprofitant tamb\u00e9 les noves tecnologies, v\u00e0rem preparar un joc de proves amb final codificat amb un codi QR! Un any m\u00e9s hem pogut demostrar que l&#8217;#energiadelesplai acaba fent sortir el sol, fins i tot quan fa mal temps!<\/p>\n<p>Despr\u00e9s de l&#8217;\u00e8xit aconseguit l&#8217;any passat amb la celebraci\u00f3 de la <a href=\"http:\/\/esplac.cat\/primera-trobada-de-joves-del-bages-bergueda\/\">Primera Trobada de Joves<\/a> i la participaci\u00f3 en uns <a href=\"http:\/\/esplac.cat\/esplais-bages-bergueda-marxen-campaments-internacionals\/\">Campaments Internacionals a Litu\u00e0nia<\/a>, aquest curs la comissi\u00f3 ha tingut continu\u00eftat i hem estat treballant per a aquesta Segona Trobada de joves, on finalment hi han participat 15 joves i 11 monitors i monitores dels esplais <a href=\"http:\/\/esplac.cat\/mapa\/?esplai=vicremei&amp;poblacio=#1\">Vic-Remei,<\/a> <a href=\"http:\/\/esplac.cat\/mapa\/?esplai=geps&amp;poblacio=#1\">GEPS<\/a> i <a href=\"http:\/\/esplac.cat\/mapa\/?esplai=trespins&amp;poblacio=#1\">Tres Pins<\/a>. La cosa no acabar\u00e0 aqu\u00ed, doncs els grans i joves dels esplais tamb\u00e9 arribaran un dia abans a la Trobada General del Sector (Ogrenitza&#8217;t 2013, del 17 al 19 de maig) per gaudir de m\u00e9s temps i seguir treballant en aquesta l\u00ednia!<!--:--><!--:es--><\/p>\n<p><!--:--><!--:en--><\/p>\n<p><!--:--><!--:fr--><\/p>\n<p><!--:--><\/p>\n","protected":false},"excerpt":{"rendered":"<p>El passat 27 i 28 d&#8217;abril la pluja no va [&hellip;]<\/p>\n","protected":false},"author":3,"featured_media":25698,"comment_status":"open","ping_status":"open","sticky":false,"template":"","format":"standard","meta":{"om_disable_all_campaigns":false,"_monsterinsights_skip_tracking":false,"_monsterinsights_sitenote_active":false,"_monsterinsights_sitenote_note":"","_monsterinsights_sitenote_category":0,"_uf_show_specific_survey":0,"_uf_disable_surveys":false,"footnotes":""},"categories":[1110,1133],"tags":[118,25],"class_list":["post-25919","post","type-post","status-publish","format-standard","has-post-thumbnail","hentry","category-activitats-sectors","category-sector-bages-bergueda-cerdanya","tag-sector-bages-bergueda","tag-trobada-de-joves"],"yoast_head":"<!-- This site is optimized with the Yoast SEO plugin v27.5 - https:\/\/yoast.com\/product\/yoast-seo-wordpress\/ -->\n<title>2a Trobada de Joves del sector Bages-Bergued\u00e0 - Esplac<\/title>\n<meta name=\"robots\" content=\"index, follow, max-snippet:-1, max-image-preview:large, max-video-preview:-1\" \/>\n<link rel=\"canonical\" href=\"https:\/\/www.esplac.cat\/2a-trobada-de-joves-del-sector-bages-bergueda\/\" \/>\n<meta property=\"og:locale\" content=\"es_ES\" \/>\n<meta property=\"og:type\" content=\"article\" \/>\n<meta property=\"og:title\" content=\"2a Trobada de Joves del sector Bages-Bergued\u00e0 - Esplac\" \/>\n<meta property=\"og:description\" content=\"El passat 27 i 28 d&#8217;abril la pluja no va [&hellip;]\" \/>\n<meta property=\"og:url\" content=\"https:\/\/www.esplac.cat\/2a-trobada-de-joves-del-sector-bages-bergueda\/\" \/>\n<meta property=\"og:site_name\" content=\"Esplac\" \/>\n<meta property=\"article:published_time\" content=\"2013-05-17T10:48:38+00:00\" \/>\n<meta property=\"og:image\" content=\"https:\/\/www.esplac.cat\/wp-content\/uploads\/2015\/11\/BB3.jpg\" \/>\n\t<meta property=\"og:image:width\" content=\"847\" \/>\n\t<meta property=\"og:image:height\" content=\"350\" \/>\n\t<meta property=\"og:image:type\" content=\"image\/jpeg\" \/>\n<meta name=\"author\" content=\"Comunicaci\u00f3 Esplac\" \/>\n<meta name=\"twitter:card\" content=\"summary_large_image\" \/>\n<meta name=\"twitter:label1\" content=\"Escrito por\" \/>\n\t<meta name=\"twitter:data1\" content=\"Comunicaci\u00f3 Esplac\" \/>\n\t<meta name=\"twitter:label2\" content=\"Tiempo de lectura\" \/>\n\t<meta name=\"twitter:data2\" content=\"1 minuto\" \/>\n<script type=\"application\/ld+json\" class=\"yoast-schema-graph\">{\"@context\":\"https:\\\/\\\/schema.org\",\"@graph\":[{\"@type\":\"Article\",\"@id\":\"https:\\\/\\\/www.esplac.cat\\\/2a-trobada-de-joves-del-sector-bages-bergueda\\\/#article\",\"isPartOf\":{\"@id\":\"https:\\\/\\\/www.esplac.cat\\\/2a-trobada-de-joves-del-sector-bages-bergueda\\\/\"},\"author\":{\"name\":\"Comunicaci\u00f3 Esplac\",\"@id\":\"https:\\\/\\\/www.esplac.cat\\\/#\\\/schema\\\/person\\\/908383cf240be18b68f8855d0583faca\"},\"headline\":\"2a Trobada de Joves del sector Bages-Bergued\u00e0\",\"datePublished\":\"2013-05-17T10:48:38+00:00\",\"mainEntityOfPage\":{\"@id\":\"https:\\\/\\\/www.esplac.cat\\\/2a-trobada-de-joves-del-sector-bages-bergueda\\\/\"},\"wordCount\":303,\"commentCount\":0,\"publisher\":{\"@id\":\"https:\\\/\\\/www.esplac.cat\\\/#organization\"},\"image\":{\"@id\":\"https:\\\/\\\/www.esplac.cat\\\/2a-trobada-de-joves-del-sector-bages-bergueda\\\/#primaryimage\"},\"thumbnailUrl\":\"https:\\\/\\\/www.esplac.cat\\\/wp-content\\\/uploads\\\/2015\\\/11\\\/BB3.jpg\",\"keywords\":[\"Sector Bages-Bergued\u00e0\",\"trobada de joves\"],\"articleSection\":[\"Activitats sectors\",\"Sector Bages, Bergued\u00e0 i La Cerdanya\"],\"inLanguage\":\"es\",\"potentialAction\":[{\"@type\":\"CommentAction\",\"name\":\"Comment\",\"target\":[\"https:\\\/\\\/www.esplac.cat\\\/2a-trobada-de-joves-del-sector-bages-bergueda\\\/#respond\"]}]},{\"@type\":\"WebPage\",\"@id\":\"https:\\\/\\\/www.esplac.cat\\\/2a-trobada-de-joves-del-sector-bages-bergueda\\\/\",\"url\":\"https:\\\/\\\/www.esplac.cat\\\/2a-trobada-de-joves-del-sector-bages-bergueda\\\/\",\"name\":\"2a Trobada de Joves del sector Bages-Bergued\u00e0 - Esplac\",\"isPartOf\":{\"@id\":\"https:\\\/\\\/www.esplac.cat\\\/#website\"},\"primaryImageOfPage\":{\"@id\":\"https:\\\/\\\/www.esplac.cat\\\/2a-trobada-de-joves-del-sector-bages-bergueda\\\/#primaryimage\"},\"image\":{\"@id\":\"https:\\\/\\\/www.esplac.cat\\\/2a-trobada-de-joves-del-sector-bages-bergueda\\\/#primaryimage\"},\"thumbnailUrl\":\"https:\\\/\\\/www.esplac.cat\\\/wp-content\\\/uploads\\\/2015\\\/11\\\/BB3.jpg\",\"datePublished\":\"2013-05-17T10:48:38+00:00\",\"breadcrumb\":{\"@id\":\"https:\\\/\\\/www.esplac.cat\\\/2a-trobada-de-joves-del-sector-bages-bergueda\\\/#breadcrumb\"},\"inLanguage\":\"es\",\"potentialAction\":[{\"@type\":\"ReadAction\",\"target\":[\"https:\\\/\\\/www.esplac.cat\\\/2a-trobada-de-joves-del-sector-bages-bergueda\\\/\"]}]},{\"@type\":\"ImageObject\",\"inLanguage\":\"es\",\"@id\":\"https:\\\/\\\/www.esplac.cat\\\/2a-trobada-de-joves-del-sector-bages-bergueda\\\/#primaryimage\",\"url\":\"https:\\\/\\\/www.esplac.cat\\\/wp-content\\\/uploads\\\/2015\\\/11\\\/BB3.jpg\",\"contentUrl\":\"https:\\\/\\\/www.esplac.cat\\\/wp-content\\\/uploads\\\/2015\\\/11\\\/BB3.jpg\",\"width\":847,\"height\":350},{\"@type\":\"BreadcrumbList\",\"@id\":\"https:\\\/\\\/www.esplac.cat\\\/2a-trobada-de-joves-del-sector-bages-bergueda\\\/#breadcrumb\",\"itemListElement\":[{\"@type\":\"ListItem\",\"position\":1,\"name\":\"Inici\",\"item\":\"https:\\\/\\\/www.esplac.cat\\\/es\\\/\"},{\"@type\":\"ListItem\",\"position\":2,\"name\":\"2a Trobada de Joves del sector Bages-Bergued\u00e0\"}]},{\"@type\":\"WebSite\",\"@id\":\"https:\\\/\\\/www.esplac.cat\\\/#website\",\"url\":\"https:\\\/\\\/www.esplac.cat\\\/\",\"name\":\"Esplac\",\"description\":\"Esplais Catalans\",\"publisher\":{\"@id\":\"https:\\\/\\\/www.esplac.cat\\\/#organization\"},\"potentialAction\":[{\"@type\":\"SearchAction\",\"target\":{\"@type\":\"EntryPoint\",\"urlTemplate\":\"https:\\\/\\\/www.esplac.cat\\\/?s={search_term_string}\"},\"query-input\":{\"@type\":\"PropertyValueSpecification\",\"valueRequired\":true,\"valueName\":\"search_term_string\"}}],\"inLanguage\":\"es\"},{\"@type\":\"Organization\",\"@id\":\"https:\\\/\\\/www.esplac.cat\\\/#organization\",\"name\":\"Esplac\",\"url\":\"https:\\\/\\\/www.esplac.cat\\\/\",\"logo\":{\"@type\":\"ImageObject\",\"inLanguage\":\"es\",\"@id\":\"https:\\\/\\\/www.esplac.cat\\\/#\\\/schema\\\/logo\\\/image\\\/\",\"url\":\"https:\\\/\\\/www.esplac.cat\\\/wp-content\\\/uploads\\\/2019\\\/08\\\/logox2.png\",\"contentUrl\":\"https:\\\/\\\/www.esplac.cat\\\/wp-content\\\/uploads\\\/2019\\\/08\\\/logox2.png\",\"width\":600,\"height\":295,\"caption\":\"Esplac\"},\"image\":{\"@id\":\"https:\\\/\\\/www.esplac.cat\\\/#\\\/schema\\\/logo\\\/image\\\/\"}},{\"@type\":\"Person\",\"@id\":\"https:\\\/\\\/www.esplac.cat\\\/#\\\/schema\\\/person\\\/908383cf240be18b68f8855d0583faca\",\"name\":\"Comunicaci\u00f3 Esplac\",\"image\":{\"@type\":\"ImageObject\",\"inLanguage\":\"es\",\"@id\":\"https:\\\/\\\/secure.gravatar.com\\\/avatar\\\/7a4cf8feb412a76ea4a740ca02d95b06b2907b5a6c648c2dd0a1082a093c3141?s=96&d=mm&r=g\",\"url\":\"https:\\\/\\\/secure.gravatar.com\\\/avatar\\\/7a4cf8feb412a76ea4a740ca02d95b06b2907b5a6c648c2dd0a1082a093c3141?s=96&d=mm&r=g\",\"contentUrl\":\"https:\\\/\\\/secure.gravatar.com\\\/avatar\\\/7a4cf8feb412a76ea4a740ca02d95b06b2907b5a6c648c2dd0a1082a093c3141?s=96&d=mm&r=g\",\"caption\":\"Comunicaci\u00f3 Esplac\"}}]}<\/script>\n<!-- \/ Yoast SEO plugin. -->","yoast_head_json":{"title":"2a Trobada de Joves del sector Bages-Bergued\u00e0 - Esplac","robots":{"index":"index","follow":"follow","max-snippet":"max-snippet:-1","max-image-preview":"max-image-preview:large","max-video-preview":"max-video-preview:-1"},"canonical":"https:\/\/www.esplac.cat\/2a-trobada-de-joves-del-sector-bages-bergueda\/","og_locale":"es_ES","og_type":"article","og_title":"2a Trobada de Joves del sector Bages-Bergued\u00e0 - Esplac","og_description":"El passat 27 i 28 d&#8217;abril la pluja no va [&hellip;]","og_url":"https:\/\/www.esplac.cat\/2a-trobada-de-joves-del-sector-bages-bergueda\/","og_site_name":"Esplac","article_published_time":"2013-05-17T10:48:38+00:00","og_image":[{"width":847,"height":350,"url":"https:\/\/www.esplac.cat\/wp-content\/uploads\/2015\/11\/BB3.jpg","type":"image\/jpeg"}],"author":"Comunicaci\u00f3 Esplac","twitter_card":"summary_large_image","twitter_misc":{"Escrito por":"Comunicaci\u00f3 Esplac","Tiempo de lectura":"1 minuto"},"schema":{"@context":"https:\/\/schema.org","@graph":[{"@type":"Article","@id":"https:\/\/www.esplac.cat\/2a-trobada-de-joves-del-sector-bages-bergueda\/#article","isPartOf":{"@id":"https:\/\/www.esplac.cat\/2a-trobada-de-joves-del-sector-bages-bergueda\/"},"author":{"name":"Comunicaci\u00f3 Esplac","@id":"https:\/\/www.esplac.cat\/#\/schema\/person\/908383cf240be18b68f8855d0583faca"},"headline":"2a Trobada de Joves del sector Bages-Bergued\u00e0","datePublished":"2013-05-17T10:48:38+00:00","mainEntityOfPage":{"@id":"https:\/\/www.esplac.cat\/2a-trobada-de-joves-del-sector-bages-bergueda\/"},"wordCount":303,"commentCount":0,"publisher":{"@id":"https:\/\/www.esplac.cat\/#organization"},"image":{"@id":"https:\/\/www.esplac.cat\/2a-trobada-de-joves-del-sector-bages-bergueda\/#primaryimage"},"thumbnailUrl":"https:\/\/www.esplac.cat\/wp-content\/uploads\/2015\/11\/BB3.jpg","keywords":["Sector Bages-Bergued\u00e0","trobada de joves"],"articleSection":["Activitats sectors","Sector Bages, Bergued\u00e0 i La Cerdanya"],"inLanguage":"es","potentialAction":[{"@type":"CommentAction","name":"Comment","target":["https:\/\/www.esplac.cat\/2a-trobada-de-joves-del-sector-bages-bergueda\/#respond"]}]},{"@type":"WebPage","@id":"https:\/\/www.esplac.cat\/2a-trobada-de-joves-del-sector-bages-bergueda\/","url":"https:\/\/www.esplac.cat\/2a-trobada-de-joves-del-sector-bages-bergueda\/","name":"2a Trobada de Joves del sector Bages-Bergued\u00e0 - Esplac","isPartOf":{"@id":"https:\/\/www.esplac.cat\/#website"},"primaryImageOfPage":{"@id":"https:\/\/www.esplac.cat\/2a-trobada-de-joves-del-sector-bages-bergueda\/#primaryimage"},"image":{"@id":"https:\/\/www.esplac.cat\/2a-trobada-de-joves-del-sector-bages-bergueda\/#primaryimage"},"thumbnailUrl":"https:\/\/www.esplac.cat\/wp-content\/uploads\/2015\/11\/BB3.jpg","datePublished":"2013-05-17T10:48:38+00:00","breadcrumb":{"@id":"https:\/\/www.esplac.cat\/2a-trobada-de-joves-del-sector-bages-bergueda\/#breadcrumb"},"inLanguage":"es","potentialAction":[{"@type":"ReadAction","target":["https:\/\/www.esplac.cat\/2a-trobada-de-joves-del-sector-bages-bergueda\/"]}]},{"@type":"ImageObject","inLanguage":"es","@id":"https:\/\/www.esplac.cat\/2a-trobada-de-joves-del-sector-bages-bergueda\/#primaryimage","url":"https:\/\/www.esplac.cat\/wp-content\/uploads\/2015\/11\/BB3.jpg","contentUrl":"https:\/\/www.esplac.cat\/wp-content\/uploads\/2015\/11\/BB3.jpg","width":847,"height":350},{"@type":"BreadcrumbList","@id":"https:\/\/www.esplac.cat\/2a-trobada-de-joves-del-sector-bages-bergueda\/#breadcrumb","itemListElement":[{"@type":"ListItem","position":1,"name":"Inici","item":"https:\/\/www.esplac.cat\/es\/"},{"@type":"ListItem","position":2,"name":"2a Trobada de Joves del sector Bages-Bergued\u00e0"}]},{"@type":"WebSite","@id":"https:\/\/www.esplac.cat\/#website","url":"https:\/\/www.esplac.cat\/","name":"Esplac","description":"Esplais Catalans","publisher":{"@id":"https:\/\/www.esplac.cat\/#organization"},"potentialAction":[{"@type":"SearchAction","target":{"@type":"EntryPoint","urlTemplate":"https:\/\/www.esplac.cat\/?s={search_term_string}"},"query-input":{"@type":"PropertyValueSpecification","valueRequired":true,"valueName":"search_term_string"}}],"inLanguage":"es"},{"@type":"Organization","@id":"https:\/\/www.esplac.cat\/#organization","name":"Esplac","url":"https:\/\/www.esplac.cat\/","logo":{"@type":"ImageObject","inLanguage":"es","@id":"https:\/\/www.esplac.cat\/#\/schema\/logo\/image\/","url":"https:\/\/www.esplac.cat\/wp-content\/uploads\/2019\/08\/logox2.png","contentUrl":"https:\/\/www.esplac.cat\/wp-content\/uploads\/2019\/08\/logox2.png","width":600,"height":295,"caption":"Esplac"},"image":{"@id":"https:\/\/www.esplac.cat\/#\/schema\/logo\/image\/"}},{"@type":"Person","@id":"https:\/\/www.esplac.cat\/#\/schema\/person\/908383cf240be18b68f8855d0583faca","name":"Comunicaci\u00f3 Esplac","image":{"@type":"ImageObject","inLanguage":"es","@id":"https:\/\/secure.gravatar.com\/avatar\/7a4cf8feb412a76ea4a740ca02d95b06b2907b5a6c648c2dd0a1082a093c3141?s=96&d=mm&r=g","url":"https:\/\/secure.gravatar.com\/avatar\/7a4cf8feb412a76ea4a740ca02d95b06b2907b5a6c648c2dd0a1082a093c3141?s=96&d=mm&r=g","contentUrl":"https:\/\/secure.gravatar.com\/avatar\/7a4cf8feb412a76ea4a740ca02d95b06b2907b5a6c648c2dd0a1082a093c3141?s=96&d=mm&r=g","caption":"Comunicaci\u00f3 Esplac"}}]}},"_links":{"self":[{"href":"https:\/\/www.esplac.cat\/es\/wp-json\/wp\/v2\/posts\/25919","targetHints":{"allow":["GET"]}}],"collection":[{"href":"https:\/\/www.esplac.cat\/es\/wp-json\/wp\/v2\/posts"}],"about":[{"href":"https:\/\/www.esplac.cat\/es\/wp-json\/wp\/v2\/types\/post"}],"author":[{"embeddable":true,"href":"https:\/\/www.esplac.cat\/es\/wp-json\/wp\/v2\/users\/3"}],"replies":[{"embeddable":true,"href":"https:\/\/www.esplac.cat\/es\/wp-json\/wp\/v2\/comments?post=25919"}],"version-history":[{"count":0,"href":"https:\/\/www.esplac.cat\/es\/wp-json\/wp\/v2\/posts\/25919\/revisions"}],"wp:featuredmedia":[{"embeddable":true,"href":"https:\/\/www.esplac.cat\/es\/wp-json\/wp\/v2\/media\/25698"}],"wp:attachment":[{"href":"https:\/\/www.esplac.cat\/es\/wp-json\/wp\/v2\/media?parent=25919"}],"wp:term":[{"taxonomy":"category","embeddable":true,"href":"https:\/\/www.esplac.cat\/es\/wp-json\/wp\/v2\/categories?post=25919"},{"taxonomy":"post_tag","embeddable":true,"href":"https:\/\/www.esplac.cat\/es\/wp-json\/wp\/v2\/tags?post=25919"}],"curies":[{"name":"wp","href":"https:\/\/api.w.org\/{rel}","templated":true}]}}