{"id":25931,"date":"2013-05-07T10:05:11","date_gmt":"2013-05-07T08:05:11","guid":{"rendered":"http:\/\/esplac.cat\/?p=3379"},"modified":"2013-05-07T10:05:11","modified_gmt":"2013-05-07T08:05:11","slug":"fes-te-del-valles","status":"publish","type":"post","link":"https:\/\/www.esplac.cat\/es\/fes-te-del-valles\/","title":{"rendered":"Fes-te del Vall\u00e8s!"},"content":{"rendered":"<p><!--:CA--><\/p>\n<p style=\"text-align: left;\" align=\"JUSTIFY\"><strong>Autor:<\/strong> Dani Costa<\/p>\n<p style=\"text-align: left;\" align=\"JUSTIFY\">El passat <strong>cap de setmana 27 i 28 d\u2019abril<\/strong>, el sector Vall\u00e8s va viure una de les experi\u00e8ncies m\u00e9s esperades de l\u2019any! La<strong> trobada d\u2019esplais \u201cFes-te del Vall\u00e8s\u201d<\/strong> que va comptar amb la pres\u00e8ncia de l\u2019esplai <strong>el Bot\u00f3<\/strong>, el<strong> Sarau<\/strong>, <strong>Can Parellada<\/strong>, <strong>el Refugi<\/strong>, <strong>Gatzara<\/strong>, <strong>la Fera<\/strong>, el <strong>Farfalla<\/strong> i l\u2019Equip General del Sector.<\/p>\n<p align=\"JUSTIFY\">Dissabte al mat\u00ed, des de punts diferents, amb m\u00e9s o menys entrebancs i rutes d\u2019autocar sota la pluja, <strong>130 infants i 40 monitors i monitores<\/strong>\u00a0es van trobar a la casa de col\u00f2nies \u201cel Pinatar\u201d amb l\u2019objectiu de compartir part del seu temps, coneixent a gent nova, tot jugant i aprenent de manera conjunta. Degut a la pluja, era dif\u00edcil imaginar-se un cap de setmana rodat, per\u00f2 les ganes, la il\u00b7lusi\u00f3, la motivaci\u00f3, i la bona organitzaci\u00f3, va ser clau per difondre, en forma d\u2019energia de l\u2019esplai, un ambient carregat d\u2019emocions positives i somriures contagiosos.<\/p>\n<p align=\"JUSTIFY\">S\u00f3n moltes les an\u00e8cdotes i moments que ens deixar\u00e0 la trobada, on petites i grans van compartir experi\u00e8ncies sobre el lleure i la reivindicaci\u00f3. No oblidarem la mega rotllana conjunta del dinar de dissabte, ni el primer contacte (un p\u00e8l vergony\u00f3s) amb infants del mateix grup. Tampoc deixarem de pensar en les reflexions sobre les desigualtats del grup de mitjans i grans, ni amb\u00a0la construcci\u00f3 d\u2019una llar per a la parella desallotjada, amb l\u2019ajuda de cadascuna de les petites participants. Explicarem amb orgull l\u2019adrenalina i les emocions que es mostraven cada vegada que a les m\u00e9s grans ens perseguia el director de l\u2019orquestra en el joc de nit o el granger a les m\u00e9s petites i la por dels m\u00e9s atrevits caminant sols pels vols de la casa.<\/p>\n<p align=\"JUSTIFY\"><strong>No deixarem de pensar amb els infants, monitores i monitors que ho van donar tot perqu\u00e8 la Fes-te del Vall\u00e8s fos una de les activitats m\u00e9s significatives, especials i motivades de l\u2019any!<\/strong> Nom\u00e9s ens queda agrair a tots els esplais la seva participaci\u00f3, l\u2019energia descarregada i el bon ambient. Nom\u00e9s ens queda dir que com el Vall\u00e8s no n\u2019hi ha res, i que totes juntes fem vibrar l\u2019energia de l\u2019esplai de manera emocionant. Aix\u00f2 tan sols \u00e9s el principi, esperem que ho puguem tornar a repetir&#8230;i que no s\u2019acabi mai!<\/p>\n<p style=\"text-align: left;\" align=\"JUSTIFY\"><a href=\"http:\/\/esplac.cat\/wp-content\/uploads\/2013\/05\/20130428feste-valles.jpg\"><img decoding=\"async\" class=\"size-large wp-image-3380 aligncenter\" title=\"trobada esplais valles\" src=\"http:\/\/esplac.cat\/wp-content\/uploads\/2013\/05\/20130428feste-valles-540x360.jpg\" alt=\"trobada esplais valles\" width=\"540\" height=\"360\" \/><\/a><\/p>\n<p><!--:--><!--:es-->&nbsp;<\/p>\n<p><!--:--><!--:en-->&nbsp;<\/p>\n<p><!--:--><!--:fr-->&nbsp;<\/p>\n<p><!--:--><\/p>\n","protected":false},"excerpt":{"rendered":"<p>Autor: Dani Costa El passat cap de setmana 27 i [&hellip;]<\/p>\n","protected":false},"author":3,"featured_media":7786,"comment_status":"open","ping_status":"open","sticky":false,"template":"","format":"standard","meta":{"om_disable_all_campaigns":false,"_monsterinsights_skip_tracking":false,"_monsterinsights_sitenote_active":false,"_monsterinsights_sitenote_note":"","_monsterinsights_sitenote_category":0,"_uf_show_specific_survey":0,"_uf_disable_surveys":false,"footnotes":""},"categories":[1110,1137],"tags":[122,108],"class_list":["post-25931","post","type-post","status-publish","format-standard","has-post-thumbnail","hentry","category-activitats-sectors","category-sector-valles","tag-sector-valles","tag-trobada-general"],"yoast_head":"<!-- This site is optimized with the Yoast SEO plugin v27.4 - https:\/\/yoast.com\/product\/yoast-seo-wordpress\/ -->\n<title>Fes-te del Vall\u00e8s! - Esplac<\/title>\n<meta name=\"robots\" content=\"index, follow, max-snippet:-1, max-image-preview:large, max-video-preview:-1\" \/>\n<link rel=\"canonical\" href=\"https:\/\/www.esplac.cat\/fes-te-del-valles\/\" \/>\n<meta property=\"og:locale\" content=\"es_ES\" \/>\n<meta property=\"og:type\" content=\"article\" \/>\n<meta property=\"og:title\" content=\"Fes-te del Vall\u00e8s! - Esplac\" \/>\n<meta property=\"og:description\" content=\"Autor: Dani Costa El passat cap de setmana 27 i [&hellip;]\" \/>\n<meta property=\"og:url\" content=\"https:\/\/www.esplac.cat\/fes-te-del-valles\/\" \/>\n<meta property=\"og:site_name\" content=\"Esplac\" \/>\n<meta property=\"article:published_time\" content=\"2013-05-07T08:05:11+00:00\" \/>\n<meta property=\"og:image\" content=\"https:\/\/www.esplac.cat\/wp-content\/uploads\/2019\/11\/logo-open.jpg\" \/>\n\t<meta property=\"og:image:width\" content=\"1200\" \/>\n\t<meta property=\"og:image:height\" content=\"630\" \/>\n\t<meta property=\"og:image:type\" content=\"image\/jpeg\" \/>\n<meta name=\"author\" content=\"Comunicaci\u00f3 Esplac\" \/>\n<meta name=\"twitter:card\" content=\"summary_large_image\" \/>\n<meta name=\"twitter:label1\" content=\"Escrito por\" \/>\n\t<meta name=\"twitter:data1\" content=\"Comunicaci\u00f3 Esplac\" \/>\n\t<meta name=\"twitter:label2\" content=\"Tiempo de lectura\" \/>\n\t<meta name=\"twitter:data2\" content=\"2 minutos\" \/>\n<script type=\"application\/ld+json\" class=\"yoast-schema-graph\">{\"@context\":\"https:\\\/\\\/schema.org\",\"@graph\":[{\"@type\":\"Article\",\"@id\":\"https:\\\/\\\/www.esplac.cat\\\/fes-te-del-valles\\\/#article\",\"isPartOf\":{\"@id\":\"https:\\\/\\\/www.esplac.cat\\\/fes-te-del-valles\\\/\"},\"author\":{\"name\":\"Comunicaci\u00f3 Esplac\",\"@id\":\"https:\\\/\\\/www.esplac.cat\\\/#\\\/schema\\\/person\\\/908383cf240be18b68f8855d0583faca\"},\"headline\":\"Fes-te del Vall\u00e8s!\",\"datePublished\":\"2013-05-07T08:05:11+00:00\",\"mainEntityOfPage\":{\"@id\":\"https:\\\/\\\/www.esplac.cat\\\/fes-te-del-valles\\\/\"},\"wordCount\":417,\"commentCount\":0,\"publisher\":{\"@id\":\"https:\\\/\\\/www.esplac.cat\\\/#organization\"},\"image\":{\"@id\":\"https:\\\/\\\/www.esplac.cat\\\/fes-te-del-valles\\\/#primaryimage\"},\"thumbnailUrl\":\"\",\"keywords\":[\"sector Vall\u00e8s\",\"trobada general\"],\"articleSection\":[\"Activitats sectors\",\"Sector Vall\u00e8s\"],\"inLanguage\":\"es\",\"potentialAction\":[{\"@type\":\"CommentAction\",\"name\":\"Comment\",\"target\":[\"https:\\\/\\\/www.esplac.cat\\\/fes-te-del-valles\\\/#respond\"]}]},{\"@type\":\"WebPage\",\"@id\":\"https:\\\/\\\/www.esplac.cat\\\/fes-te-del-valles\\\/\",\"url\":\"https:\\\/\\\/www.esplac.cat\\\/fes-te-del-valles\\\/\",\"name\":\"Fes-te del Vall\u00e8s! - Esplac\",\"isPartOf\":{\"@id\":\"https:\\\/\\\/www.esplac.cat\\\/#website\"},\"primaryImageOfPage\":{\"@id\":\"https:\\\/\\\/www.esplac.cat\\\/fes-te-del-valles\\\/#primaryimage\"},\"image\":{\"@id\":\"https:\\\/\\\/www.esplac.cat\\\/fes-te-del-valles\\\/#primaryimage\"},\"thumbnailUrl\":\"\",\"datePublished\":\"2013-05-07T08:05:11+00:00\",\"breadcrumb\":{\"@id\":\"https:\\\/\\\/www.esplac.cat\\\/fes-te-del-valles\\\/#breadcrumb\"},\"inLanguage\":\"es\",\"potentialAction\":[{\"@type\":\"ReadAction\",\"target\":[\"https:\\\/\\\/www.esplac.cat\\\/fes-te-del-valles\\\/\"]}]},{\"@type\":\"ImageObject\",\"inLanguage\":\"es\",\"@id\":\"https:\\\/\\\/www.esplac.cat\\\/fes-te-del-valles\\\/#primaryimage\",\"url\":\"\",\"contentUrl\":\"\"},{\"@type\":\"BreadcrumbList\",\"@id\":\"https:\\\/\\\/www.esplac.cat\\\/fes-te-del-valles\\\/#breadcrumb\",\"itemListElement\":[{\"@type\":\"ListItem\",\"position\":1,\"name\":\"Inici\",\"item\":\"https:\\\/\\\/www.esplac.cat\\\/es\\\/\"},{\"@type\":\"ListItem\",\"position\":2,\"name\":\"Fes-te del Vall\u00e8s!\"}]},{\"@type\":\"WebSite\",\"@id\":\"https:\\\/\\\/www.esplac.cat\\\/#website\",\"url\":\"https:\\\/\\\/www.esplac.cat\\\/\",\"name\":\"Esplac\",\"description\":\"Esplais Catalans\",\"publisher\":{\"@id\":\"https:\\\/\\\/www.esplac.cat\\\/#organization\"},\"potentialAction\":[{\"@type\":\"SearchAction\",\"target\":{\"@type\":\"EntryPoint\",\"urlTemplate\":\"https:\\\/\\\/www.esplac.cat\\\/?s={search_term_string}\"},\"query-input\":{\"@type\":\"PropertyValueSpecification\",\"valueRequired\":true,\"valueName\":\"search_term_string\"}}],\"inLanguage\":\"es\"},{\"@type\":\"Organization\",\"@id\":\"https:\\\/\\\/www.esplac.cat\\\/#organization\",\"name\":\"Esplac\",\"url\":\"https:\\\/\\\/www.esplac.cat\\\/\",\"logo\":{\"@type\":\"ImageObject\",\"inLanguage\":\"es\",\"@id\":\"https:\\\/\\\/www.esplac.cat\\\/#\\\/schema\\\/logo\\\/image\\\/\",\"url\":\"https:\\\/\\\/www.esplac.cat\\\/wp-content\\\/uploads\\\/2019\\\/08\\\/logox2.png\",\"contentUrl\":\"https:\\\/\\\/www.esplac.cat\\\/wp-content\\\/uploads\\\/2019\\\/08\\\/logox2.png\",\"width\":600,\"height\":295,\"caption\":\"Esplac\"},\"image\":{\"@id\":\"https:\\\/\\\/www.esplac.cat\\\/#\\\/schema\\\/logo\\\/image\\\/\"}},{\"@type\":\"Person\",\"@id\":\"https:\\\/\\\/www.esplac.cat\\\/#\\\/schema\\\/person\\\/908383cf240be18b68f8855d0583faca\",\"name\":\"Comunicaci\u00f3 Esplac\",\"image\":{\"@type\":\"ImageObject\",\"inLanguage\":\"es\",\"@id\":\"https:\\\/\\\/secure.gravatar.com\\\/avatar\\\/7a4cf8feb412a76ea4a740ca02d95b06b2907b5a6c648c2dd0a1082a093c3141?s=96&d=mm&r=g\",\"url\":\"https:\\\/\\\/secure.gravatar.com\\\/avatar\\\/7a4cf8feb412a76ea4a740ca02d95b06b2907b5a6c648c2dd0a1082a093c3141?s=96&d=mm&r=g\",\"contentUrl\":\"https:\\\/\\\/secure.gravatar.com\\\/avatar\\\/7a4cf8feb412a76ea4a740ca02d95b06b2907b5a6c648c2dd0a1082a093c3141?s=96&d=mm&r=g\",\"caption\":\"Comunicaci\u00f3 Esplac\"}}]}<\/script>\n<!-- \/ Yoast SEO plugin. -->","yoast_head_json":{"title":"Fes-te del Vall\u00e8s! - Esplac","robots":{"index":"index","follow":"follow","max-snippet":"max-snippet:-1","max-image-preview":"max-image-preview:large","max-video-preview":"max-video-preview:-1"},"canonical":"https:\/\/www.esplac.cat\/fes-te-del-valles\/","og_locale":"es_ES","og_type":"article","og_title":"Fes-te del Vall\u00e8s! - Esplac","og_description":"Autor: Dani Costa El passat cap de setmana 27 i [&hellip;]","og_url":"https:\/\/www.esplac.cat\/fes-te-del-valles\/","og_site_name":"Esplac","article_published_time":"2013-05-07T08:05:11+00:00","og_image":[{"width":1200,"height":630,"url":"https:\/\/www.esplac.cat\/wp-content\/uploads\/2019\/11\/logo-open.jpg","type":"image\/jpeg"}],"author":"Comunicaci\u00f3 Esplac","twitter_card":"summary_large_image","twitter_misc":{"Escrito por":"Comunicaci\u00f3 Esplac","Tiempo de lectura":"2 minutos"},"schema":{"@context":"https:\/\/schema.org","@graph":[{"@type":"Article","@id":"https:\/\/www.esplac.cat\/fes-te-del-valles\/#article","isPartOf":{"@id":"https:\/\/www.esplac.cat\/fes-te-del-valles\/"},"author":{"name":"Comunicaci\u00f3 Esplac","@id":"https:\/\/www.esplac.cat\/#\/schema\/person\/908383cf240be18b68f8855d0583faca"},"headline":"Fes-te del Vall\u00e8s!","datePublished":"2013-05-07T08:05:11+00:00","mainEntityOfPage":{"@id":"https:\/\/www.esplac.cat\/fes-te-del-valles\/"},"wordCount":417,"commentCount":0,"publisher":{"@id":"https:\/\/www.esplac.cat\/#organization"},"image":{"@id":"https:\/\/www.esplac.cat\/fes-te-del-valles\/#primaryimage"},"thumbnailUrl":"","keywords":["sector Vall\u00e8s","trobada general"],"articleSection":["Activitats sectors","Sector Vall\u00e8s"],"inLanguage":"es","potentialAction":[{"@type":"CommentAction","name":"Comment","target":["https:\/\/www.esplac.cat\/fes-te-del-valles\/#respond"]}]},{"@type":"WebPage","@id":"https:\/\/www.esplac.cat\/fes-te-del-valles\/","url":"https:\/\/www.esplac.cat\/fes-te-del-valles\/","name":"Fes-te del Vall\u00e8s! - Esplac","isPartOf":{"@id":"https:\/\/www.esplac.cat\/#website"},"primaryImageOfPage":{"@id":"https:\/\/www.esplac.cat\/fes-te-del-valles\/#primaryimage"},"image":{"@id":"https:\/\/www.esplac.cat\/fes-te-del-valles\/#primaryimage"},"thumbnailUrl":"","datePublished":"2013-05-07T08:05:11+00:00","breadcrumb":{"@id":"https:\/\/www.esplac.cat\/fes-te-del-valles\/#breadcrumb"},"inLanguage":"es","potentialAction":[{"@type":"ReadAction","target":["https:\/\/www.esplac.cat\/fes-te-del-valles\/"]}]},{"@type":"ImageObject","inLanguage":"es","@id":"https:\/\/www.esplac.cat\/fes-te-del-valles\/#primaryimage","url":"","contentUrl":""},{"@type":"BreadcrumbList","@id":"https:\/\/www.esplac.cat\/fes-te-del-valles\/#breadcrumb","itemListElement":[{"@type":"ListItem","position":1,"name":"Inici","item":"https:\/\/www.esplac.cat\/es\/"},{"@type":"ListItem","position":2,"name":"Fes-te del Vall\u00e8s!"}]},{"@type":"WebSite","@id":"https:\/\/www.esplac.cat\/#website","url":"https:\/\/www.esplac.cat\/","name":"Esplac","description":"Esplais Catalans","publisher":{"@id":"https:\/\/www.esplac.cat\/#organization"},"potentialAction":[{"@type":"SearchAction","target":{"@type":"EntryPoint","urlTemplate":"https:\/\/www.esplac.cat\/?s={search_term_string}"},"query-input":{"@type":"PropertyValueSpecification","valueRequired":true,"valueName":"search_term_string"}}],"inLanguage":"es"},{"@type":"Organization","@id":"https:\/\/www.esplac.cat\/#organization","name":"Esplac","url":"https:\/\/www.esplac.cat\/","logo":{"@type":"ImageObject","inLanguage":"es","@id":"https:\/\/www.esplac.cat\/#\/schema\/logo\/image\/","url":"https:\/\/www.esplac.cat\/wp-content\/uploads\/2019\/08\/logox2.png","contentUrl":"https:\/\/www.esplac.cat\/wp-content\/uploads\/2019\/08\/logox2.png","width":600,"height":295,"caption":"Esplac"},"image":{"@id":"https:\/\/www.esplac.cat\/#\/schema\/logo\/image\/"}},{"@type":"Person","@id":"https:\/\/www.esplac.cat\/#\/schema\/person\/908383cf240be18b68f8855d0583faca","name":"Comunicaci\u00f3 Esplac","image":{"@type":"ImageObject","inLanguage":"es","@id":"https:\/\/secure.gravatar.com\/avatar\/7a4cf8feb412a76ea4a740ca02d95b06b2907b5a6c648c2dd0a1082a093c3141?s=96&d=mm&r=g","url":"https:\/\/secure.gravatar.com\/avatar\/7a4cf8feb412a76ea4a740ca02d95b06b2907b5a6c648c2dd0a1082a093c3141?s=96&d=mm&r=g","contentUrl":"https:\/\/secure.gravatar.com\/avatar\/7a4cf8feb412a76ea4a740ca02d95b06b2907b5a6c648c2dd0a1082a093c3141?s=96&d=mm&r=g","caption":"Comunicaci\u00f3 Esplac"}}]}},"_links":{"self":[{"href":"https:\/\/www.esplac.cat\/es\/wp-json\/wp\/v2\/posts\/25931","targetHints":{"allow":["GET"]}}],"collection":[{"href":"https:\/\/www.esplac.cat\/es\/wp-json\/wp\/v2\/posts"}],"about":[{"href":"https:\/\/www.esplac.cat\/es\/wp-json\/wp\/v2\/types\/post"}],"author":[{"embeddable":true,"href":"https:\/\/www.esplac.cat\/es\/wp-json\/wp\/v2\/users\/3"}],"replies":[{"embeddable":true,"href":"https:\/\/www.esplac.cat\/es\/wp-json\/wp\/v2\/comments?post=25931"}],"version-history":[{"count":0,"href":"https:\/\/www.esplac.cat\/es\/wp-json\/wp\/v2\/posts\/25931\/revisions"}],"wp:featuredmedia":[{"embeddable":true,"href":"https:\/\/www.esplac.cat\/es\/wp-json\/"}],"wp:attachment":[{"href":"https:\/\/www.esplac.cat\/es\/wp-json\/wp\/v2\/media?parent=25931"}],"wp:term":[{"taxonomy":"category","embeddable":true,"href":"https:\/\/www.esplac.cat\/es\/wp-json\/wp\/v2\/categories?post=25931"},{"taxonomy":"post_tag","embeddable":true,"href":"https:\/\/www.esplac.cat\/es\/wp-json\/wp\/v2\/tags?post=25931"}],"curies":[{"name":"wp","href":"https:\/\/api.w.org\/{rel}","templated":true}]}}