{"id":25950,"date":"2013-03-26T15:17:39","date_gmt":"2013-03-26T13:17:39","guid":{"rendered":"http:\/\/esplac.cat\/?p=3134"},"modified":"2013-03-26T15:17:39","modified_gmt":"2013-03-26T13:17:39","slug":"formacio-per-a-treballar-la-perspectiva-de-genere-a-les-entitats-del-cjb","status":"publish","type":"post","link":"https:\/\/www.esplac.cat\/es\/formacio-per-a-treballar-la-perspectiva-de-genere-a-les-entitats-del-cjb\/","title":{"rendered":"Formaci\u00f3 per a treballar la perspectiva de g\u00e8nere a les entitats del CJB"},"content":{"rendered":"<p><!--:CA--><\/p>\n<p style=\"text-align: left;\" align=\"JUSTIFY\"><span style=\"color: #333333;\">El CJB, en conveni amb la <\/span><strong>Regidoria de Dones i Drets Civils<\/strong><span style=\"color: #333333;\">, ofereix <\/span><strong>una <\/strong><strong>formaci\u00f3 gratu\u00efta sobre perspectiva de g\u00e8nere <\/strong><span style=\"color: #333333;\">a la que podeu accedir els<\/span><span style=\"color: #333333;\"> esplais de Barcelona<\/span><span style=\"color: #333333;\">. <\/span><\/p>\n<p style=\"text-align: left;\" align=\"JUSTIFY\"><span style=\"color: #333333;\">Consta de tres sessions de tres hores cadascuna, que es realitzaran <\/span><strong>entre el 10 i 24 d&#8217;Abril<\/strong><span style=\"color: #333333;\">. Teniu fins el <\/span><strong><span style=\"color: #333333;\">dijous 4 d&#8217;abril <\/span><\/strong><span style=\"color: #333333;\">per a fer arribar el <\/span><span style=\"color: #333333;\"><span style=\"font-family: Helvetica, Arial, FreeSans, sans-serif;\">formulari<\/span><\/span><span style=\"color: #333333;\">\u00a0d&#8217;inscripci\u00f3 omplert (el trobareu al <a title=\"cjb g\u00e8nere\" href=\"http:\/\/www.cjb.cat\/noticies\/formacio-per-a-treballar-la-perspectiva-de-genere-a-les-entitats-4a-edicio-1022\" target=\"_blank\" rel=\"noopener noreferrer\">web del CJB<\/a>).<\/span><\/p>\n<p style=\"text-align: left;\" align=\"JUSTIFY\"><span style=\"color: #333333;\">Aquesta formaci\u00f3, que es realitza per 4a vegada gr\u00e0cies al gran \u00e8xit d&#8217;acolllida que ha tingut, va dirigida a aquelles entitats que vulguin <\/span><span style=\"color: #333333;\">desenvolupar estrat\u00e8gies per a treballar la perspectiva de g\u00e8nere internament i obtenir eines i recursos per a realitzar una acci\u00f3 o campanya enfocada al canvi intern en les din\u00e0miques de g\u00e8nere<\/span><span style=\"color: #333333;\">. En el marc d&#8217;aquesta formaci\u00f3 s&#8217;ofereix una formaci\u00f3 b\u00e0sica i una tutoritzaci\u00f3 personalitzada a cada entitat participant, a m\u00e9s de la possibilitat de dissenyar i realitzar una acci\u00f3 concreta per a treballar la tem\u00e0tica en el s\u00ed de l&#8217;entitat. <\/span><strong>En les sessions tutoritzades es realitzar\u00e0 un seguiment dels projectes amb la intenci\u00f3 de continuar el proc\u00e9s formatiu i vetllar per la qualitat de l&#8217;acci\u00f3<\/strong><span style=\"color: #333333;\">. Si voleu m\u00e9s informaci\u00f3, podeu descarregar-vos les <\/span><span style=\"color: #333333;\"><span style=\"font-family: Helvetica, Arial, FreeSans, sans-serif;\">bases<\/span><\/span><span style=\"color: #333333;\">. <\/span><\/p>\n<p style=\"text-align: left;\" align=\"JUSTIFY\"><span style=\"color: #333333;\">La dinamitzaci\u00f3 de la formaci\u00f3 correr\u00e0 a c\u00e0rrec de l&#8217;<\/span><a href=\"http:\/\/candela.pimienta.org\/\" target=\"_blank\" rel=\"noopener noreferrer\">Associaci\u00f3 Candela<\/a><span style=\"color: #333333;\">, que es una de les entitats amb les quals Esplac compartim l&#8217;organitzaci\u00f3 de les<\/span><a href=\"http:\/\/lleureisexisme.wordpress.com\/\"> \u201cJornades de Lleure i Sexisme\u201d<\/a><span style=\"color: #333333;\">.\u00a0<\/span><\/p>\n<p><!--:--><!--:es-->&nbsp;<\/p>\n<p><!--:--><!--:en-->&nbsp;<\/p>\n<p><!--:--><!--:fr-->&nbsp;<\/p>\n<p><!--:--><\/p>\n","protected":false},"excerpt":{"rendered":"<p>El CJB, en conveni amb la Regidoria de Dones i [&hellip;]<\/p>\n","protected":false},"author":3,"featured_media":25600,"comment_status":"open","ping_status":"open","sticky":false,"template":"","format":"standard","meta":{"om_disable_all_campaigns":false,"_monsterinsights_skip_tracking":false,"_monsterinsights_sitenote_active":false,"_monsterinsights_sitenote_note":"","_monsterinsights_sitenote_category":0,"_uf_show_specific_survey":0,"_uf_disable_surveys":false,"footnotes":""},"categories":[1131],"tags":[58],"class_list":["post-25950","post","type-post","status-publish","format-standard","has-post-thumbnail","hentry","category-cursos-formacions","tag-genere"],"yoast_head":"<!-- This site is optimized with the Yoast SEO plugin v27.5 - https:\/\/yoast.com\/product\/yoast-seo-wordpress\/ -->\n<title>Formaci\u00f3 per a treballar la perspectiva de g\u00e8nere a les entitats del CJB - Esplac<\/title>\n<meta name=\"robots\" content=\"index, follow, max-snippet:-1, max-image-preview:large, max-video-preview:-1\" \/>\n<link rel=\"canonical\" href=\"https:\/\/www.esplac.cat\/formacio-per-a-treballar-la-perspectiva-de-genere-a-les-entitats-del-cjb\/\" \/>\n<meta property=\"og:locale\" content=\"es_ES\" \/>\n<meta property=\"og:type\" content=\"article\" \/>\n<meta property=\"og:title\" content=\"Formaci\u00f3 per a treballar la perspectiva de g\u00e8nere a les entitats del CJB - Esplac\" \/>\n<meta property=\"og:description\" content=\"El CJB, en conveni amb la Regidoria de Dones i [&hellip;]\" \/>\n<meta property=\"og:url\" content=\"https:\/\/www.esplac.cat\/formacio-per-a-treballar-la-perspectiva-de-genere-a-les-entitats-del-cjb\/\" \/>\n<meta property=\"og:site_name\" content=\"Esplac\" \/>\n<meta property=\"article:published_time\" content=\"2013-03-26T13:17:39+00:00\" \/>\n<meta property=\"og:image\" content=\"https:\/\/www.esplac.cat\/wp-content\/uploads\/2012\/10\/curs_monitors_escola_sol-e1351092774841.jpeg\" \/>\n\t<meta property=\"og:image:width\" content=\"719\" \/>\n\t<meta property=\"og:image:height\" content=\"336\" \/>\n\t<meta property=\"og:image:type\" content=\"image\/jpeg\" \/>\n<meta name=\"author\" content=\"Comunicaci\u00f3 Esplac\" \/>\n<meta name=\"twitter:card\" content=\"summary_large_image\" \/>\n<meta name=\"twitter:label1\" content=\"Escrito por\" \/>\n\t<meta name=\"twitter:data1\" content=\"Comunicaci\u00f3 Esplac\" \/>\n\t<meta name=\"twitter:label2\" content=\"Tiempo de lectura\" \/>\n\t<meta name=\"twitter:data2\" content=\"1 minuto\" \/>\n<script type=\"application\/ld+json\" class=\"yoast-schema-graph\">{\"@context\":\"https:\\\/\\\/schema.org\",\"@graph\":[{\"@type\":\"Article\",\"@id\":\"https:\\\/\\\/www.esplac.cat\\\/formacio-per-a-treballar-la-perspectiva-de-genere-a-les-entitats-del-cjb\\\/#article\",\"isPartOf\":{\"@id\":\"https:\\\/\\\/www.esplac.cat\\\/formacio-per-a-treballar-la-perspectiva-de-genere-a-les-entitats-del-cjb\\\/\"},\"author\":{\"name\":\"Comunicaci\u00f3 Esplac\",\"@id\":\"https:\\\/\\\/www.esplac.cat\\\/#\\\/schema\\\/person\\\/908383cf240be18b68f8855d0583faca\"},\"headline\":\"Formaci\u00f3 per a treballar la perspectiva de g\u00e8nere a les entitats del CJB\",\"datePublished\":\"2013-03-26T13:17:39+00:00\",\"mainEntityOfPage\":{\"@id\":\"https:\\\/\\\/www.esplac.cat\\\/formacio-per-a-treballar-la-perspectiva-de-genere-a-les-entitats-del-cjb\\\/\"},\"wordCount\":259,\"commentCount\":0,\"publisher\":{\"@id\":\"https:\\\/\\\/www.esplac.cat\\\/#organization\"},\"image\":{\"@id\":\"https:\\\/\\\/www.esplac.cat\\\/formacio-per-a-treballar-la-perspectiva-de-genere-a-les-entitats-del-cjb\\\/#primaryimage\"},\"thumbnailUrl\":\"https:\\\/\\\/www.esplac.cat\\\/wp-content\\\/uploads\\\/2012\\\/10\\\/curs_monitors_escola_sol-e1351092774841.jpeg\",\"keywords\":[\"g\u00e8nere\"],\"articleSection\":[\"Cursos i formacions\"],\"inLanguage\":\"es\",\"potentialAction\":[{\"@type\":\"CommentAction\",\"name\":\"Comment\",\"target\":[\"https:\\\/\\\/www.esplac.cat\\\/formacio-per-a-treballar-la-perspectiva-de-genere-a-les-entitats-del-cjb\\\/#respond\"]}]},{\"@type\":\"WebPage\",\"@id\":\"https:\\\/\\\/www.esplac.cat\\\/formacio-per-a-treballar-la-perspectiva-de-genere-a-les-entitats-del-cjb\\\/\",\"url\":\"https:\\\/\\\/www.esplac.cat\\\/formacio-per-a-treballar-la-perspectiva-de-genere-a-les-entitats-del-cjb\\\/\",\"name\":\"Formaci\u00f3 per a treballar la perspectiva de g\u00e8nere a les entitats del CJB - Esplac\",\"isPartOf\":{\"@id\":\"https:\\\/\\\/www.esplac.cat\\\/#website\"},\"primaryImageOfPage\":{\"@id\":\"https:\\\/\\\/www.esplac.cat\\\/formacio-per-a-treballar-la-perspectiva-de-genere-a-les-entitats-del-cjb\\\/#primaryimage\"},\"image\":{\"@id\":\"https:\\\/\\\/www.esplac.cat\\\/formacio-per-a-treballar-la-perspectiva-de-genere-a-les-entitats-del-cjb\\\/#primaryimage\"},\"thumbnailUrl\":\"https:\\\/\\\/www.esplac.cat\\\/wp-content\\\/uploads\\\/2012\\\/10\\\/curs_monitors_escola_sol-e1351092774841.jpeg\",\"datePublished\":\"2013-03-26T13:17:39+00:00\",\"breadcrumb\":{\"@id\":\"https:\\\/\\\/www.esplac.cat\\\/formacio-per-a-treballar-la-perspectiva-de-genere-a-les-entitats-del-cjb\\\/#breadcrumb\"},\"inLanguage\":\"es\",\"potentialAction\":[{\"@type\":\"ReadAction\",\"target\":[\"https:\\\/\\\/www.esplac.cat\\\/formacio-per-a-treballar-la-perspectiva-de-genere-a-les-entitats-del-cjb\\\/\"]}]},{\"@type\":\"ImageObject\",\"inLanguage\":\"es\",\"@id\":\"https:\\\/\\\/www.esplac.cat\\\/formacio-per-a-treballar-la-perspectiva-de-genere-a-les-entitats-del-cjb\\\/#primaryimage\",\"url\":\"https:\\\/\\\/www.esplac.cat\\\/wp-content\\\/uploads\\\/2012\\\/10\\\/curs_monitors_escola_sol-e1351092774841.jpeg\",\"contentUrl\":\"https:\\\/\\\/www.esplac.cat\\\/wp-content\\\/uploads\\\/2012\\\/10\\\/curs_monitors_escola_sol-e1351092774841.jpeg\",\"width\":719,\"height\":336},{\"@type\":\"BreadcrumbList\",\"@id\":\"https:\\\/\\\/www.esplac.cat\\\/formacio-per-a-treballar-la-perspectiva-de-genere-a-les-entitats-del-cjb\\\/#breadcrumb\",\"itemListElement\":[{\"@type\":\"ListItem\",\"position\":1,\"name\":\"Inici\",\"item\":\"https:\\\/\\\/www.esplac.cat\\\/es\\\/\"},{\"@type\":\"ListItem\",\"position\":2,\"name\":\"Formaci\u00f3 per a treballar la perspectiva de g\u00e8nere a les entitats del CJB\"}]},{\"@type\":\"WebSite\",\"@id\":\"https:\\\/\\\/www.esplac.cat\\\/#website\",\"url\":\"https:\\\/\\\/www.esplac.cat\\\/\",\"name\":\"Esplac\",\"description\":\"Esplais Catalans\",\"publisher\":{\"@id\":\"https:\\\/\\\/www.esplac.cat\\\/#organization\"},\"potentialAction\":[{\"@type\":\"SearchAction\",\"target\":{\"@type\":\"EntryPoint\",\"urlTemplate\":\"https:\\\/\\\/www.esplac.cat\\\/?s={search_term_string}\"},\"query-input\":{\"@type\":\"PropertyValueSpecification\",\"valueRequired\":true,\"valueName\":\"search_term_string\"}}],\"inLanguage\":\"es\"},{\"@type\":\"Organization\",\"@id\":\"https:\\\/\\\/www.esplac.cat\\\/#organization\",\"name\":\"Esplac\",\"url\":\"https:\\\/\\\/www.esplac.cat\\\/\",\"logo\":{\"@type\":\"ImageObject\",\"inLanguage\":\"es\",\"@id\":\"https:\\\/\\\/www.esplac.cat\\\/#\\\/schema\\\/logo\\\/image\\\/\",\"url\":\"https:\\\/\\\/www.esplac.cat\\\/wp-content\\\/uploads\\\/2019\\\/08\\\/logox2.png\",\"contentUrl\":\"https:\\\/\\\/www.esplac.cat\\\/wp-content\\\/uploads\\\/2019\\\/08\\\/logox2.png\",\"width\":600,\"height\":295,\"caption\":\"Esplac\"},\"image\":{\"@id\":\"https:\\\/\\\/www.esplac.cat\\\/#\\\/schema\\\/logo\\\/image\\\/\"}},{\"@type\":\"Person\",\"@id\":\"https:\\\/\\\/www.esplac.cat\\\/#\\\/schema\\\/person\\\/908383cf240be18b68f8855d0583faca\",\"name\":\"Comunicaci\u00f3 Esplac\",\"image\":{\"@type\":\"ImageObject\",\"inLanguage\":\"es\",\"@id\":\"https:\\\/\\\/secure.gravatar.com\\\/avatar\\\/7a4cf8feb412a76ea4a740ca02d95b06b2907b5a6c648c2dd0a1082a093c3141?s=96&d=mm&r=g\",\"url\":\"https:\\\/\\\/secure.gravatar.com\\\/avatar\\\/7a4cf8feb412a76ea4a740ca02d95b06b2907b5a6c648c2dd0a1082a093c3141?s=96&d=mm&r=g\",\"contentUrl\":\"https:\\\/\\\/secure.gravatar.com\\\/avatar\\\/7a4cf8feb412a76ea4a740ca02d95b06b2907b5a6c648c2dd0a1082a093c3141?s=96&d=mm&r=g\",\"caption\":\"Comunicaci\u00f3 Esplac\"}}]}<\/script>\n<!-- \/ Yoast SEO plugin. -->","yoast_head_json":{"title":"Formaci\u00f3 per a treballar la perspectiva de g\u00e8nere a les entitats del CJB - Esplac","robots":{"index":"index","follow":"follow","max-snippet":"max-snippet:-1","max-image-preview":"max-image-preview:large","max-video-preview":"max-video-preview:-1"},"canonical":"https:\/\/www.esplac.cat\/formacio-per-a-treballar-la-perspectiva-de-genere-a-les-entitats-del-cjb\/","og_locale":"es_ES","og_type":"article","og_title":"Formaci\u00f3 per a treballar la perspectiva de g\u00e8nere a les entitats del CJB - Esplac","og_description":"El CJB, en conveni amb la Regidoria de Dones i [&hellip;]","og_url":"https:\/\/www.esplac.cat\/formacio-per-a-treballar-la-perspectiva-de-genere-a-les-entitats-del-cjb\/","og_site_name":"Esplac","article_published_time":"2013-03-26T13:17:39+00:00","og_image":[{"width":719,"height":336,"url":"https:\/\/www.esplac.cat\/wp-content\/uploads\/2012\/10\/curs_monitors_escola_sol-e1351092774841.jpeg","type":"image\/jpeg"}],"author":"Comunicaci\u00f3 Esplac","twitter_card":"summary_large_image","twitter_misc":{"Escrito por":"Comunicaci\u00f3 Esplac","Tiempo de lectura":"1 minuto"},"schema":{"@context":"https:\/\/schema.org","@graph":[{"@type":"Article","@id":"https:\/\/www.esplac.cat\/formacio-per-a-treballar-la-perspectiva-de-genere-a-les-entitats-del-cjb\/#article","isPartOf":{"@id":"https:\/\/www.esplac.cat\/formacio-per-a-treballar-la-perspectiva-de-genere-a-les-entitats-del-cjb\/"},"author":{"name":"Comunicaci\u00f3 Esplac","@id":"https:\/\/www.esplac.cat\/#\/schema\/person\/908383cf240be18b68f8855d0583faca"},"headline":"Formaci\u00f3 per a treballar la perspectiva de g\u00e8nere a les entitats del CJB","datePublished":"2013-03-26T13:17:39+00:00","mainEntityOfPage":{"@id":"https:\/\/www.esplac.cat\/formacio-per-a-treballar-la-perspectiva-de-genere-a-les-entitats-del-cjb\/"},"wordCount":259,"commentCount":0,"publisher":{"@id":"https:\/\/www.esplac.cat\/#organization"},"image":{"@id":"https:\/\/www.esplac.cat\/formacio-per-a-treballar-la-perspectiva-de-genere-a-les-entitats-del-cjb\/#primaryimage"},"thumbnailUrl":"https:\/\/www.esplac.cat\/wp-content\/uploads\/2012\/10\/curs_monitors_escola_sol-e1351092774841.jpeg","keywords":["g\u00e8nere"],"articleSection":["Cursos i formacions"],"inLanguage":"es","potentialAction":[{"@type":"CommentAction","name":"Comment","target":["https:\/\/www.esplac.cat\/formacio-per-a-treballar-la-perspectiva-de-genere-a-les-entitats-del-cjb\/#respond"]}]},{"@type":"WebPage","@id":"https:\/\/www.esplac.cat\/formacio-per-a-treballar-la-perspectiva-de-genere-a-les-entitats-del-cjb\/","url":"https:\/\/www.esplac.cat\/formacio-per-a-treballar-la-perspectiva-de-genere-a-les-entitats-del-cjb\/","name":"Formaci\u00f3 per a treballar la perspectiva de g\u00e8nere a les entitats del CJB - Esplac","isPartOf":{"@id":"https:\/\/www.esplac.cat\/#website"},"primaryImageOfPage":{"@id":"https:\/\/www.esplac.cat\/formacio-per-a-treballar-la-perspectiva-de-genere-a-les-entitats-del-cjb\/#primaryimage"},"image":{"@id":"https:\/\/www.esplac.cat\/formacio-per-a-treballar-la-perspectiva-de-genere-a-les-entitats-del-cjb\/#primaryimage"},"thumbnailUrl":"https:\/\/www.esplac.cat\/wp-content\/uploads\/2012\/10\/curs_monitors_escola_sol-e1351092774841.jpeg","datePublished":"2013-03-26T13:17:39+00:00","breadcrumb":{"@id":"https:\/\/www.esplac.cat\/formacio-per-a-treballar-la-perspectiva-de-genere-a-les-entitats-del-cjb\/#breadcrumb"},"inLanguage":"es","potentialAction":[{"@type":"ReadAction","target":["https:\/\/www.esplac.cat\/formacio-per-a-treballar-la-perspectiva-de-genere-a-les-entitats-del-cjb\/"]}]},{"@type":"ImageObject","inLanguage":"es","@id":"https:\/\/www.esplac.cat\/formacio-per-a-treballar-la-perspectiva-de-genere-a-les-entitats-del-cjb\/#primaryimage","url":"https:\/\/www.esplac.cat\/wp-content\/uploads\/2012\/10\/curs_monitors_escola_sol-e1351092774841.jpeg","contentUrl":"https:\/\/www.esplac.cat\/wp-content\/uploads\/2012\/10\/curs_monitors_escola_sol-e1351092774841.jpeg","width":719,"height":336},{"@type":"BreadcrumbList","@id":"https:\/\/www.esplac.cat\/formacio-per-a-treballar-la-perspectiva-de-genere-a-les-entitats-del-cjb\/#breadcrumb","itemListElement":[{"@type":"ListItem","position":1,"name":"Inici","item":"https:\/\/www.esplac.cat\/es\/"},{"@type":"ListItem","position":2,"name":"Formaci\u00f3 per a treballar la perspectiva de g\u00e8nere a les entitats del CJB"}]},{"@type":"WebSite","@id":"https:\/\/www.esplac.cat\/#website","url":"https:\/\/www.esplac.cat\/","name":"Esplac","description":"Esplais Catalans","publisher":{"@id":"https:\/\/www.esplac.cat\/#organization"},"potentialAction":[{"@type":"SearchAction","target":{"@type":"EntryPoint","urlTemplate":"https:\/\/www.esplac.cat\/?s={search_term_string}"},"query-input":{"@type":"PropertyValueSpecification","valueRequired":true,"valueName":"search_term_string"}}],"inLanguage":"es"},{"@type":"Organization","@id":"https:\/\/www.esplac.cat\/#organization","name":"Esplac","url":"https:\/\/www.esplac.cat\/","logo":{"@type":"ImageObject","inLanguage":"es","@id":"https:\/\/www.esplac.cat\/#\/schema\/logo\/image\/","url":"https:\/\/www.esplac.cat\/wp-content\/uploads\/2019\/08\/logox2.png","contentUrl":"https:\/\/www.esplac.cat\/wp-content\/uploads\/2019\/08\/logox2.png","width":600,"height":295,"caption":"Esplac"},"image":{"@id":"https:\/\/www.esplac.cat\/#\/schema\/logo\/image\/"}},{"@type":"Person","@id":"https:\/\/www.esplac.cat\/#\/schema\/person\/908383cf240be18b68f8855d0583faca","name":"Comunicaci\u00f3 Esplac","image":{"@type":"ImageObject","inLanguage":"es","@id":"https:\/\/secure.gravatar.com\/avatar\/7a4cf8feb412a76ea4a740ca02d95b06b2907b5a6c648c2dd0a1082a093c3141?s=96&d=mm&r=g","url":"https:\/\/secure.gravatar.com\/avatar\/7a4cf8feb412a76ea4a740ca02d95b06b2907b5a6c648c2dd0a1082a093c3141?s=96&d=mm&r=g","contentUrl":"https:\/\/secure.gravatar.com\/avatar\/7a4cf8feb412a76ea4a740ca02d95b06b2907b5a6c648c2dd0a1082a093c3141?s=96&d=mm&r=g","caption":"Comunicaci\u00f3 Esplac"}}]}},"_links":{"self":[{"href":"https:\/\/www.esplac.cat\/es\/wp-json\/wp\/v2\/posts\/25950","targetHints":{"allow":["GET"]}}],"collection":[{"href":"https:\/\/www.esplac.cat\/es\/wp-json\/wp\/v2\/posts"}],"about":[{"href":"https:\/\/www.esplac.cat\/es\/wp-json\/wp\/v2\/types\/post"}],"author":[{"embeddable":true,"href":"https:\/\/www.esplac.cat\/es\/wp-json\/wp\/v2\/users\/3"}],"replies":[{"embeddable":true,"href":"https:\/\/www.esplac.cat\/es\/wp-json\/wp\/v2\/comments?post=25950"}],"version-history":[{"count":0,"href":"https:\/\/www.esplac.cat\/es\/wp-json\/wp\/v2\/posts\/25950\/revisions"}],"wp:featuredmedia":[{"embeddable":true,"href":"https:\/\/www.esplac.cat\/es\/wp-json\/wp\/v2\/media\/25600"}],"wp:attachment":[{"href":"https:\/\/www.esplac.cat\/es\/wp-json\/wp\/v2\/media?parent=25950"}],"wp:term":[{"taxonomy":"category","embeddable":true,"href":"https:\/\/www.esplac.cat\/es\/wp-json\/wp\/v2\/categories?post=25950"},{"taxonomy":"post_tag","embeddable":true,"href":"https:\/\/www.esplac.cat\/es\/wp-json\/wp\/v2\/tags?post=25950"}],"curies":[{"name":"wp","href":"https:\/\/api.w.org\/{rel}","templated":true}]}}