{"id":25959,"date":"2013-03-09T10:00:11","date_gmt":"2013-03-09T08:00:11","guid":{"rendered":"http:\/\/esplac.cat\/?p=3001"},"modified":"2019-10-15T18:50:41","modified_gmt":"2019-10-15T16:50:41","slug":"surt-el-sol-a-la-trobada-general-de-sector-del-penedes-garraf-i-anoia","status":"publish","type":"post","link":"https:\/\/www.esplac.cat\/es\/surt-el-sol-a-la-trobada-general-de-sector-del-penedes-garraf-i-anoia\/","title":{"rendered":"Surt el sol a la Trobada General de Sector del Pened\u00e8s-Garraf i Anoia"},"content":{"rendered":"<p><!--:CA-->Tot i els n\u00favols, pluges i fred polar de l&#8217;\u00faltima setmana el passat 2 i 3 de mar\u00e7 els infants, monitores,\u00a0monitors i intendents vam gaudir d&#8217;un magn\u00edfic cap de setmana carregat de jocs,\u00a0presentacions, din\u00e0miques, debats i picabaralles.<\/p>\n<p>Un cap de setmana que ens va servir per a con\u00e8ixer una mica millor els nostres ve\u00efns i ve\u00efnes; del Zig-Zag (el Vendrell), el MIV (Vilafranca del Pened\u00e8s), el Drac M\u00e0gic (Vilanova i la Geltr\u00fa), el GEM (Sta. Margarida de Montbui), GER (St. Pere de Ribes) i Globus Roig (Calafell); i per trobar-nos tots els esplais actius del nostre sector!<\/p>\n<p>Els <strong>xics i petits<\/strong> van estar a <strong>Berea<\/strong>, a Font Rub\u00ed, una casa de col\u00f2nies al bell-mig de la muntanya. I ni el poc espai, ni el fred, \u00a0ni un grapat de corbes van impedir que fos un gran escenari perqu\u00e8 nens i nenes convert\u00edssin un empresari dictador, gens divertit, obsessionat en guanyar diners i produir molt, en un home feli\u00e7. A m\u00e9s a m\u00e9s, l&#8217;aparici\u00f3 del follet Pepet del Sector Pened\u00e8s-Garraf i Anoia va donar un toc de m\u00e0gia a la vetllada.<\/p>\n<p>Una quants quil\u00f2metres enll\u00e0, al costat del Pant\u00e0 de Foix hi havien els<strong> mitjans, grans i joves<\/strong> del sector. Els mitjans van jugar i aprendre moltes coses sobre el reciclatge! Fins i tot van fer a unes olimp\u00edades on una de les proves era jugar a unes bitlles ben curioses. Unes ampolles buides simulaven les bitlles i la pilota que les tirava al terra era el propi infant estirat sobre d&#8217;un monopat\u00ed. Ho heu provat mai? Va ser molt divertit!<\/p>\n<p>Pel que fa grans i joves van desafiar les temperatures i van acampar amb tendes als exteriors de la casa. Tot i que el sol ens va acompanyar durant els dos dies vam comprovar que principis de mar\u00e7 no \u00e9s la millor \u00e8poca per dormir entre m\u00e0rfegues i tendes. Els jocs de rol van ser l&#8217;activitat estrella del cap de setmana. Per una banda, els grans van poder descobrir m\u00e9s coses sobre les desigualtats socials, l&#8217;ab\u00fas de poder i el dret a l&#8217;habitatge tot jugant i debatent. D&#8217;altra banda els i les joves es van assabentar de qu\u00e8 \u00e9s aix\u00f2 del MCEC (Moviment de Centres d&#8217;Esplai Cristians), coneixent una mica millor la religi\u00f3 cristiana i podent veure que hi ha coses amb les que no diferim tant i d&#8217;altres en que s\u00ed. D&#8217;aquesta manera es va poder xerrar sobre la religi\u00f3 a l&#8217;esplai.<\/p>\n<p>Dos dies que van moure unes <strong>tres-centes persones<\/strong> de comarques diferents i amb uns resultats for\u00e7a millors dels esperats! Com sempre hi haur\u00e0 coses a millorar, per\u00f2 al menys podem estar contentes de la feina feta!<!--:--><!--:es-->Tot i els n\u00favols, pluges i fred polar de l&#8217;\u00faltima setmana el passat 2 i 3 de mar\u00e7 els infants, monitores,\u00a0monitors i intendents vam gaudir d&#8217;un magn\u00edfic cap de setmana carregat de jocs,\u00a0presentacions, din\u00e0miques, debats i picabaralles.<\/p>\n<p>Un cap de setmana que ens va servir per a con\u00e8ixer una mica millor els nostres ve\u00efns i ve\u00efnes; del Zig-Zag (el Vendrell), el MIV (Vilafranca del Pened\u00e8s), el Drac M\u00e0gic (Vilanova i la Geltr\u00fa), el GEM (Sta. Margarida de Montbui), GER (St. Pere de Ribes) i Globus Roig (Calafell); i per trobar-nos tots els esplais actius del nostre sector!<\/p>\n<p>Els <strong>xics i petits<\/strong> van estar a <strong>Berea<\/strong>, a Font Rub\u00ed, una casa de col\u00f2nies al bell-mig de la muntanya. I ni el poc espai, ni el fred, \u00a0ni un grapat de corbes van impedir que fos un gran escenari perqu\u00e8 nens i nenes convert\u00edssin un empresari dictador, gens divertit, obsessionat en guanyar diners i produir molt, en un home feli\u00e7. A m\u00e9s a m\u00e9s, l&#8217;aparici\u00f3 del follet Pepet del Sector Pened\u00e8s-Garraf i Anoia va donar un toc de m\u00e0gia a la vetllada.<\/p>\n<p>Una quants quil\u00f2metres enll\u00e0, al costat del Pant\u00e0 de Foix hi havien els<strong> mitjans, grans i joves<\/strong> del sector. Els mitjans van jugar i aprendre moltes coses sobre el reciclatge! Fins i tot van fer a unes olimp\u00edades on una de les proves era jugar a unes bitlles ben curioses. Unes ampolles buides simulaven les bitlles i la pilota que les tirava al terra era el propi infant estirat sobre d&#8217;un monopat\u00ed. Ho heu provat mai? Va ser molt divertit!<\/p>\n<p>Pel que fa grans i joves van desafiar les temperatures i van acampar amb tendes als exteriors de la casa. Tot i que el sol ens va acompanyar durant els dos dies vam comprovar que principis de mar\u00e7 no \u00e9s la millor \u00e8poca per dormir entre m\u00e0rfegues i tendes. Els jocs de rol van ser l&#8217;activitat estrella del cap de setmana. Per una banda, els grans van poder descobrir m\u00e9s coses sobre les desigualtats socials, l&#8217;ab\u00fas de poder i el dret a l&#8217;habitatge tot jugant i debatent. D&#8217;altra banda els i les joves es van assabentar de qu\u00e8 \u00e9s aix\u00f2 del MCEC (Moviment de Centres d&#8217;Esplai Cristians), coneixent una mica millor la religi\u00f3 cristiana i podent veure que hi ha coses amb les que no diferim tant i d&#8217;altres en que s\u00ed. D&#8217;aquesta manera es va poder xerrar sobre la religi\u00f3 a l&#8217;esplai.<\/p>\n<p>Dos dies que van moure unes <strong>tres-centes persones<\/strong> de comarques diferents i amb uns resultats for\u00e7a millors dels esperats! Com sempre hi haur\u00e0 coses a millorar, per\u00f2 al menys podem estar contentes de la feina feta!<\/p>\n<p><!--:--><!--:en-->Tot i els n\u00favols, pluges i fred polar de l&#8217;\u00faltima setmana el passat 2 i 3 de mar\u00e7 els infants, monitores,\u00a0monitors i intendents vam gaudir d&#8217;un magn\u00edfic cap de setmana carregat de jocs,\u00a0presentacions, din\u00e0miques, debats i picabaralles.<\/p>\n<p>Un cap de setmana que ens va servir per a con\u00e8ixer una mica millor els nostres ve\u00efns i ve\u00efnes; del Zig-Zag (el Vendrell), el MIV (Vilafranca del Pened\u00e8s), el Drac M\u00e0gic (Vilanova i la Geltr\u00fa), el GEM (Sta. Margarida de Montbui), GER (St. Pere de Ribes) i Globus Roig (Calafell); i per trobar-nos tots els esplais actius del nostre sector!<\/p>\n<p>Els <strong>xics i petits<\/strong> van estar a <strong>Berea<\/strong>, a Font Rub\u00ed, una casa de col\u00f2nies al bell-mig de la muntanya. I ni el poc espai, ni el fred, \u00a0ni un grapat de corbes van impedir que fos un gran escenari perqu\u00e8 nens i nenes convert\u00edssin un empresari dictador, gens divertit, obsessionat en guanyar diners i produir molt, en un home feli\u00e7. A m\u00e9s a m\u00e9s, l&#8217;aparici\u00f3 del follet Pepet del Sector Pened\u00e8s-Garraf i Anoia va donar un toc de m\u00e0gia a la vetllada.<\/p>\n<p>Una quants quil\u00f2metres enll\u00e0, al costat del Pant\u00e0 de Foix hi havien els<strong> mitjans, grans i joves<\/strong> del sector. Els mitjans van jugar i aprendre moltes coses sobre el reciclatge! Fins i tot van fer a unes olimp\u00edades on una de les proves era jugar a unes bitlles ben curioses. Unes ampolles buides simulaven les bitlles i la pilota que les tirava al terra era el propi infant estirat sobre d&#8217;un monopat\u00ed. Ho heu provat mai? Va ser molt divertit!<\/p>\n<p>Pel que fa grans i joves van desafiar les temperatures i van acampar amb tendes als exteriors de la casa. Tot i que el sol ens va acompanyar durant els dos dies vam comprovar que principis de mar\u00e7 no \u00e9s la millor \u00e8poca per dormir entre m\u00e0rfegues i tendes. Els jocs de rol van ser l&#8217;activitat estrella del cap de setmana. Per una banda, els grans van poder descobrir m\u00e9s coses sobre les desigualtats socials, l&#8217;ab\u00fas de poder i el dret a l&#8217;habitatge tot jugant i debatent. D&#8217;altra banda els i les joves es van assabentar de qu\u00e8 \u00e9s aix\u00f2 del MCEC (Moviment de Centres d&#8217;Esplai Cristians), coneixent una mica millor la religi\u00f3 cristiana i podent veure que hi ha coses amb les que no diferim tant i d&#8217;altres en que s\u00ed. D&#8217;aquesta manera es va poder xerrar sobre la religi\u00f3 a l&#8217;esplai.<\/p>\n<p>Dos dies que van moure unes <strong>tres-centes persones<\/strong> de comarques diferents i amb uns resultats for\u00e7a millors dels esperats! Com sempre hi haur\u00e0 coses a millorar, per\u00f2 al menys podem estar contentes de la feina feta!<\/p>\n<p><!--:--><!--:fr-->Tot i els n\u00favols, pluges i fred polar de l&#8217;\u00faltima setmana el passat 2 i 3 de mar\u00e7 els infants, monitores,\u00a0monitors i intendents vam gaudir d&#8217;un magn\u00edfic cap de setmana carregat de jocs,\u00a0presentacions, din\u00e0miques, debats i picabaralles.<\/p>\n<p>Un cap de setmana que ens va servir per a con\u00e8ixer una mica millor els nostres ve\u00efns i ve\u00efnes; del Zig-Zag (el Vendrell), el MIV (Vilafranca del Pened\u00e8s), el Drac M\u00e0gic (Vilanova i la Geltr\u00fa), el GEM (Sta. Margarida de Montbui), GER (St. Pere de Ribes) i Globus Roig (Calafell); i per trobar-nos tots els esplais actius del nostre sector!<\/p>\n<p>Els <strong>xics i petits<\/strong> van estar a <strong>Berea<\/strong>, a Font Rub\u00ed, una casa de col\u00f2nies al bell-mig de la muntanya. I ni el poc espai, ni el fred, \u00a0ni un grapat de corbes van impedir que fos un gran escenari perqu\u00e8 nens i nenes convert\u00edssin un empresari dictador, gens divertit, obsessionat en guanyar diners i produir molt, en un home feli\u00e7. A m\u00e9s a m\u00e9s, l&#8217;aparici\u00f3 del follet Pepet del Sector Pened\u00e8s-Garraf i Anoia va donar un toc de m\u00e0gia a la vetllada.<\/p>\n<p>Una quants quil\u00f2metres enll\u00e0, al costat del Pant\u00e0 de Foix hi havien els<strong> mitjans, grans i joves<\/strong> del sector. Els mitjans van jugar i aprendre moltes coses sobre el reciclatge! Fins i tot van fer a unes olimp\u00edades on una de les proves era jugar a unes bitlles ben curioses. Unes ampolles buides simulaven les bitlles i la pilota que les tirava al terra era el propi infant estirat sobre d&#8217;un monopat\u00ed. Ho heu provat mai? Va ser molt divertit!<\/p>\n<p>Pel que fa grans i joves van desafiar les temperatures i van acampar amb tendes als exteriors de la casa. Tot i que el sol ens va acompanyar durant els dos dies vam comprovar que principis de mar\u00e7 no \u00e9s la millor \u00e8poca per dormir entre m\u00e0rfegues i tendes. Els jocs de rol van ser l&#8217;activitat estrella del cap de setmana. Per una banda, els grans van poder descobrir m\u00e9s coses sobre les desigualtats socials, l&#8217;ab\u00fas de poder i el dret a l&#8217;habitatge tot jugant i debatent. D&#8217;altra banda els i les joves es van assabentar de qu\u00e8 \u00e9s aix\u00f2 del MCEC (Moviment de Centres d&#8217;Esplai Cristians), coneixent una mica millor la religi\u00f3 cristiana i podent veure que hi ha coses amb les que no diferim tant i d&#8217;altres en que s\u00ed. D&#8217;aquesta manera es va poder xerrar sobre la religi\u00f3 a l&#8217;esplai.<\/p>\n<p>Dos dies que van moure unes <strong>tres-centes persones<\/strong> de comarques diferents i amb uns resultats for\u00e7a millors dels esperats! Com sempre hi haur\u00e0 coses a millorar, per\u00f2 al menys podem estar contentes de la feina feta!<\/p>\n<p><!--:--><\/p>\n","protected":false},"excerpt":{"rendered":"<p>Tot i els n\u00favols, pluges i fred polar de l&#8217;\u00faltima [&hellip;]<\/p>\n","protected":false},"author":3,"featured_media":25600,"comment_status":"open","ping_status":"open","sticky":false,"template":"","format":"standard","meta":{"om_disable_all_campaigns":false,"_monsterinsights_skip_tracking":false,"_monsterinsights_sitenote_active":false,"_monsterinsights_sitenote_note":"","_monsterinsights_sitenote_category":0,"_uf_show_specific_survey":0,"_uf_disable_surveys":false,"footnotes":""},"categories":[1110,1123],"tags":[106,108],"class_list":["post-25959","post","type-post","status-publish","format-standard","has-post-thumbnail","hentry","category-activitats-sectors","category-sector-penedes-garraf-anoia","tag-sector-penedes-garraf","tag-trobada-general"],"yoast_head":"<!-- This site is optimized with the Yoast SEO plugin v27.5 - https:\/\/yoast.com\/product\/yoast-seo-wordpress\/ -->\n<title>Surt el sol a la Trobada General de Sector del Pened\u00e8s-Garraf i Anoia - Esplac<\/title>\n<meta name=\"robots\" content=\"index, follow, max-snippet:-1, max-image-preview:large, max-video-preview:-1\" \/>\n<link rel=\"canonical\" href=\"https:\/\/www.esplac.cat\/surt-el-sol-a-la-trobada-general-de-sector-del-penedes-garraf-i-anoia\/\" \/>\n<meta property=\"og:locale\" content=\"es_ES\" \/>\n<meta property=\"og:type\" content=\"article\" \/>\n<meta property=\"og:title\" content=\"Surt el sol a la Trobada General de Sector del Pened\u00e8s-Garraf i Anoia - Esplac\" \/>\n<meta property=\"og:description\" content=\"Tot i els n\u00favols, pluges i fred polar de l&#8217;\u00faltima [&hellip;]\" \/>\n<meta property=\"og:url\" content=\"https:\/\/www.esplac.cat\/surt-el-sol-a-la-trobada-general-de-sector-del-penedes-garraf-i-anoia\/\" \/>\n<meta property=\"og:site_name\" content=\"Esplac\" \/>\n<meta property=\"article:published_time\" content=\"2013-03-09T08:00:11+00:00\" \/>\n<meta property=\"article:modified_time\" content=\"2019-10-15T16:50:41+00:00\" \/>\n<meta property=\"og:image\" content=\"https:\/\/www.esplac.cat\/wp-content\/uploads\/2012\/10\/curs_monitors_escola_sol-e1351092774841.jpeg\" \/>\n\t<meta property=\"og:image:width\" content=\"719\" \/>\n\t<meta property=\"og:image:height\" content=\"336\" \/>\n\t<meta property=\"og:image:type\" content=\"image\/jpeg\" \/>\n<meta name=\"author\" content=\"Comunicaci\u00f3 Esplac\" \/>\n<meta name=\"twitter:card\" content=\"summary_large_image\" \/>\n<meta name=\"twitter:label1\" content=\"Escrito por\" \/>\n\t<meta name=\"twitter:data1\" content=\"Comunicaci\u00f3 Esplac\" \/>\n\t<meta name=\"twitter:label2\" content=\"Tiempo de lectura\" \/>\n\t<meta name=\"twitter:data2\" content=\"9 minutos\" \/>\n<script type=\"application\/ld+json\" class=\"yoast-schema-graph\">{\"@context\":\"https:\\\/\\\/schema.org\",\"@graph\":[{\"@type\":\"Article\",\"@id\":\"https:\\\/\\\/www.esplac.cat\\\/surt-el-sol-a-la-trobada-general-de-sector-del-penedes-garraf-i-anoia\\\/#article\",\"isPartOf\":{\"@id\":\"https:\\\/\\\/www.esplac.cat\\\/surt-el-sol-a-la-trobada-general-de-sector-del-penedes-garraf-i-anoia\\\/\"},\"author\":{\"name\":\"Comunicaci\u00f3 Esplac\",\"@id\":\"https:\\\/\\\/www.esplac.cat\\\/#\\\/schema\\\/person\\\/908383cf240be18b68f8855d0583faca\"},\"headline\":\"Surt el sol a la Trobada General de Sector del Pened\u00e8s-Garraf i Anoia\",\"datePublished\":\"2013-03-09T08:00:11+00:00\",\"dateModified\":\"2019-10-15T16:50:41+00:00\",\"mainEntityOfPage\":{\"@id\":\"https:\\\/\\\/www.esplac.cat\\\/surt-el-sol-a-la-trobada-general-de-sector-del-penedes-garraf-i-anoia\\\/\"},\"wordCount\":1898,\"commentCount\":0,\"publisher\":{\"@id\":\"https:\\\/\\\/www.esplac.cat\\\/#organization\"},\"image\":{\"@id\":\"https:\\\/\\\/www.esplac.cat\\\/surt-el-sol-a-la-trobada-general-de-sector-del-penedes-garraf-i-anoia\\\/#primaryimage\"},\"thumbnailUrl\":\"https:\\\/\\\/www.esplac.cat\\\/wp-content\\\/uploads\\\/2012\\\/10\\\/curs_monitors_escola_sol-e1351092774841.jpeg\",\"keywords\":[\"Sector Pened\u00e8s-Garraf\",\"trobada general\"],\"articleSection\":[\"Activitats sectors\",\"Sector Pened\u00e8s, Garraf i Anoia\"],\"inLanguage\":\"es\",\"potentialAction\":[{\"@type\":\"CommentAction\",\"name\":\"Comment\",\"target\":[\"https:\\\/\\\/www.esplac.cat\\\/surt-el-sol-a-la-trobada-general-de-sector-del-penedes-garraf-i-anoia\\\/#respond\"]}]},{\"@type\":\"WebPage\",\"@id\":\"https:\\\/\\\/www.esplac.cat\\\/surt-el-sol-a-la-trobada-general-de-sector-del-penedes-garraf-i-anoia\\\/\",\"url\":\"https:\\\/\\\/www.esplac.cat\\\/surt-el-sol-a-la-trobada-general-de-sector-del-penedes-garraf-i-anoia\\\/\",\"name\":\"Surt el sol a la Trobada General de Sector del Pened\u00e8s-Garraf i Anoia - Esplac\",\"isPartOf\":{\"@id\":\"https:\\\/\\\/www.esplac.cat\\\/#website\"},\"primaryImageOfPage\":{\"@id\":\"https:\\\/\\\/www.esplac.cat\\\/surt-el-sol-a-la-trobada-general-de-sector-del-penedes-garraf-i-anoia\\\/#primaryimage\"},\"image\":{\"@id\":\"https:\\\/\\\/www.esplac.cat\\\/surt-el-sol-a-la-trobada-general-de-sector-del-penedes-garraf-i-anoia\\\/#primaryimage\"},\"thumbnailUrl\":\"https:\\\/\\\/www.esplac.cat\\\/wp-content\\\/uploads\\\/2012\\\/10\\\/curs_monitors_escola_sol-e1351092774841.jpeg\",\"datePublished\":\"2013-03-09T08:00:11+00:00\",\"dateModified\":\"2019-10-15T16:50:41+00:00\",\"breadcrumb\":{\"@id\":\"https:\\\/\\\/www.esplac.cat\\\/surt-el-sol-a-la-trobada-general-de-sector-del-penedes-garraf-i-anoia\\\/#breadcrumb\"},\"inLanguage\":\"es\",\"potentialAction\":[{\"@type\":\"ReadAction\",\"target\":[\"https:\\\/\\\/www.esplac.cat\\\/surt-el-sol-a-la-trobada-general-de-sector-del-penedes-garraf-i-anoia\\\/\"]}]},{\"@type\":\"ImageObject\",\"inLanguage\":\"es\",\"@id\":\"https:\\\/\\\/www.esplac.cat\\\/surt-el-sol-a-la-trobada-general-de-sector-del-penedes-garraf-i-anoia\\\/#primaryimage\",\"url\":\"https:\\\/\\\/www.esplac.cat\\\/wp-content\\\/uploads\\\/2012\\\/10\\\/curs_monitors_escola_sol-e1351092774841.jpeg\",\"contentUrl\":\"https:\\\/\\\/www.esplac.cat\\\/wp-content\\\/uploads\\\/2012\\\/10\\\/curs_monitors_escola_sol-e1351092774841.jpeg\",\"width\":719,\"height\":336},{\"@type\":\"BreadcrumbList\",\"@id\":\"https:\\\/\\\/www.esplac.cat\\\/surt-el-sol-a-la-trobada-general-de-sector-del-penedes-garraf-i-anoia\\\/#breadcrumb\",\"itemListElement\":[{\"@type\":\"ListItem\",\"position\":1,\"name\":\"Inici\",\"item\":\"https:\\\/\\\/www.esplac.cat\\\/es\\\/\"},{\"@type\":\"ListItem\",\"position\":2,\"name\":\"Surt el sol a la Trobada General de Sector del Pened\u00e8s-Garraf i Anoia\"}]},{\"@type\":\"WebSite\",\"@id\":\"https:\\\/\\\/www.esplac.cat\\\/#website\",\"url\":\"https:\\\/\\\/www.esplac.cat\\\/\",\"name\":\"Esplac\",\"description\":\"Esplais Catalans\",\"publisher\":{\"@id\":\"https:\\\/\\\/www.esplac.cat\\\/#organization\"},\"potentialAction\":[{\"@type\":\"SearchAction\",\"target\":{\"@type\":\"EntryPoint\",\"urlTemplate\":\"https:\\\/\\\/www.esplac.cat\\\/?s={search_term_string}\"},\"query-input\":{\"@type\":\"PropertyValueSpecification\",\"valueRequired\":true,\"valueName\":\"search_term_string\"}}],\"inLanguage\":\"es\"},{\"@type\":\"Organization\",\"@id\":\"https:\\\/\\\/www.esplac.cat\\\/#organization\",\"name\":\"Esplac\",\"url\":\"https:\\\/\\\/www.esplac.cat\\\/\",\"logo\":{\"@type\":\"ImageObject\",\"inLanguage\":\"es\",\"@id\":\"https:\\\/\\\/www.esplac.cat\\\/#\\\/schema\\\/logo\\\/image\\\/\",\"url\":\"https:\\\/\\\/www.esplac.cat\\\/wp-content\\\/uploads\\\/2019\\\/08\\\/logox2.png\",\"contentUrl\":\"https:\\\/\\\/www.esplac.cat\\\/wp-content\\\/uploads\\\/2019\\\/08\\\/logox2.png\",\"width\":600,\"height\":295,\"caption\":\"Esplac\"},\"image\":{\"@id\":\"https:\\\/\\\/www.esplac.cat\\\/#\\\/schema\\\/logo\\\/image\\\/\"}},{\"@type\":\"Person\",\"@id\":\"https:\\\/\\\/www.esplac.cat\\\/#\\\/schema\\\/person\\\/908383cf240be18b68f8855d0583faca\",\"name\":\"Comunicaci\u00f3 Esplac\",\"image\":{\"@type\":\"ImageObject\",\"inLanguage\":\"es\",\"@id\":\"https:\\\/\\\/secure.gravatar.com\\\/avatar\\\/7a4cf8feb412a76ea4a740ca02d95b06b2907b5a6c648c2dd0a1082a093c3141?s=96&d=mm&r=g\",\"url\":\"https:\\\/\\\/secure.gravatar.com\\\/avatar\\\/7a4cf8feb412a76ea4a740ca02d95b06b2907b5a6c648c2dd0a1082a093c3141?s=96&d=mm&r=g\",\"contentUrl\":\"https:\\\/\\\/secure.gravatar.com\\\/avatar\\\/7a4cf8feb412a76ea4a740ca02d95b06b2907b5a6c648c2dd0a1082a093c3141?s=96&d=mm&r=g\",\"caption\":\"Comunicaci\u00f3 Esplac\"}}]}<\/script>\n<!-- \/ Yoast SEO plugin. -->","yoast_head_json":{"title":"Surt el sol a la Trobada General de Sector del Pened\u00e8s-Garraf i Anoia - Esplac","robots":{"index":"index","follow":"follow","max-snippet":"max-snippet:-1","max-image-preview":"max-image-preview:large","max-video-preview":"max-video-preview:-1"},"canonical":"https:\/\/www.esplac.cat\/surt-el-sol-a-la-trobada-general-de-sector-del-penedes-garraf-i-anoia\/","og_locale":"es_ES","og_type":"article","og_title":"Surt el sol a la Trobada General de Sector del Pened\u00e8s-Garraf i Anoia - Esplac","og_description":"Tot i els n\u00favols, pluges i fred polar de l&#8217;\u00faltima [&hellip;]","og_url":"https:\/\/www.esplac.cat\/surt-el-sol-a-la-trobada-general-de-sector-del-penedes-garraf-i-anoia\/","og_site_name":"Esplac","article_published_time":"2013-03-09T08:00:11+00:00","article_modified_time":"2019-10-15T16:50:41+00:00","og_image":[{"width":719,"height":336,"url":"https:\/\/www.esplac.cat\/wp-content\/uploads\/2012\/10\/curs_monitors_escola_sol-e1351092774841.jpeg","type":"image\/jpeg"}],"author":"Comunicaci\u00f3 Esplac","twitter_card":"summary_large_image","twitter_misc":{"Escrito por":"Comunicaci\u00f3 Esplac","Tiempo de lectura":"9 minutos"},"schema":{"@context":"https:\/\/schema.org","@graph":[{"@type":"Article","@id":"https:\/\/www.esplac.cat\/surt-el-sol-a-la-trobada-general-de-sector-del-penedes-garraf-i-anoia\/#article","isPartOf":{"@id":"https:\/\/www.esplac.cat\/surt-el-sol-a-la-trobada-general-de-sector-del-penedes-garraf-i-anoia\/"},"author":{"name":"Comunicaci\u00f3 Esplac","@id":"https:\/\/www.esplac.cat\/#\/schema\/person\/908383cf240be18b68f8855d0583faca"},"headline":"Surt el sol a la Trobada General de Sector del Pened\u00e8s-Garraf i Anoia","datePublished":"2013-03-09T08:00:11+00:00","dateModified":"2019-10-15T16:50:41+00:00","mainEntityOfPage":{"@id":"https:\/\/www.esplac.cat\/surt-el-sol-a-la-trobada-general-de-sector-del-penedes-garraf-i-anoia\/"},"wordCount":1898,"commentCount":0,"publisher":{"@id":"https:\/\/www.esplac.cat\/#organization"},"image":{"@id":"https:\/\/www.esplac.cat\/surt-el-sol-a-la-trobada-general-de-sector-del-penedes-garraf-i-anoia\/#primaryimage"},"thumbnailUrl":"https:\/\/www.esplac.cat\/wp-content\/uploads\/2012\/10\/curs_monitors_escola_sol-e1351092774841.jpeg","keywords":["Sector Pened\u00e8s-Garraf","trobada general"],"articleSection":["Activitats sectors","Sector Pened\u00e8s, Garraf i Anoia"],"inLanguage":"es","potentialAction":[{"@type":"CommentAction","name":"Comment","target":["https:\/\/www.esplac.cat\/surt-el-sol-a-la-trobada-general-de-sector-del-penedes-garraf-i-anoia\/#respond"]}]},{"@type":"WebPage","@id":"https:\/\/www.esplac.cat\/surt-el-sol-a-la-trobada-general-de-sector-del-penedes-garraf-i-anoia\/","url":"https:\/\/www.esplac.cat\/surt-el-sol-a-la-trobada-general-de-sector-del-penedes-garraf-i-anoia\/","name":"Surt el sol a la Trobada General de Sector del Pened\u00e8s-Garraf i Anoia - Esplac","isPartOf":{"@id":"https:\/\/www.esplac.cat\/#website"},"primaryImageOfPage":{"@id":"https:\/\/www.esplac.cat\/surt-el-sol-a-la-trobada-general-de-sector-del-penedes-garraf-i-anoia\/#primaryimage"},"image":{"@id":"https:\/\/www.esplac.cat\/surt-el-sol-a-la-trobada-general-de-sector-del-penedes-garraf-i-anoia\/#primaryimage"},"thumbnailUrl":"https:\/\/www.esplac.cat\/wp-content\/uploads\/2012\/10\/curs_monitors_escola_sol-e1351092774841.jpeg","datePublished":"2013-03-09T08:00:11+00:00","dateModified":"2019-10-15T16:50:41+00:00","breadcrumb":{"@id":"https:\/\/www.esplac.cat\/surt-el-sol-a-la-trobada-general-de-sector-del-penedes-garraf-i-anoia\/#breadcrumb"},"inLanguage":"es","potentialAction":[{"@type":"ReadAction","target":["https:\/\/www.esplac.cat\/surt-el-sol-a-la-trobada-general-de-sector-del-penedes-garraf-i-anoia\/"]}]},{"@type":"ImageObject","inLanguage":"es","@id":"https:\/\/www.esplac.cat\/surt-el-sol-a-la-trobada-general-de-sector-del-penedes-garraf-i-anoia\/#primaryimage","url":"https:\/\/www.esplac.cat\/wp-content\/uploads\/2012\/10\/curs_monitors_escola_sol-e1351092774841.jpeg","contentUrl":"https:\/\/www.esplac.cat\/wp-content\/uploads\/2012\/10\/curs_monitors_escola_sol-e1351092774841.jpeg","width":719,"height":336},{"@type":"BreadcrumbList","@id":"https:\/\/www.esplac.cat\/surt-el-sol-a-la-trobada-general-de-sector-del-penedes-garraf-i-anoia\/#breadcrumb","itemListElement":[{"@type":"ListItem","position":1,"name":"Inici","item":"https:\/\/www.esplac.cat\/es\/"},{"@type":"ListItem","position":2,"name":"Surt el sol a la Trobada General de Sector del Pened\u00e8s-Garraf i Anoia"}]},{"@type":"WebSite","@id":"https:\/\/www.esplac.cat\/#website","url":"https:\/\/www.esplac.cat\/","name":"Esplac","description":"Esplais Catalans","publisher":{"@id":"https:\/\/www.esplac.cat\/#organization"},"potentialAction":[{"@type":"SearchAction","target":{"@type":"EntryPoint","urlTemplate":"https:\/\/www.esplac.cat\/?s={search_term_string}"},"query-input":{"@type":"PropertyValueSpecification","valueRequired":true,"valueName":"search_term_string"}}],"inLanguage":"es"},{"@type":"Organization","@id":"https:\/\/www.esplac.cat\/#organization","name":"Esplac","url":"https:\/\/www.esplac.cat\/","logo":{"@type":"ImageObject","inLanguage":"es","@id":"https:\/\/www.esplac.cat\/#\/schema\/logo\/image\/","url":"https:\/\/www.esplac.cat\/wp-content\/uploads\/2019\/08\/logox2.png","contentUrl":"https:\/\/www.esplac.cat\/wp-content\/uploads\/2019\/08\/logox2.png","width":600,"height":295,"caption":"Esplac"},"image":{"@id":"https:\/\/www.esplac.cat\/#\/schema\/logo\/image\/"}},{"@type":"Person","@id":"https:\/\/www.esplac.cat\/#\/schema\/person\/908383cf240be18b68f8855d0583faca","name":"Comunicaci\u00f3 Esplac","image":{"@type":"ImageObject","inLanguage":"es","@id":"https:\/\/secure.gravatar.com\/avatar\/7a4cf8feb412a76ea4a740ca02d95b06b2907b5a6c648c2dd0a1082a093c3141?s=96&d=mm&r=g","url":"https:\/\/secure.gravatar.com\/avatar\/7a4cf8feb412a76ea4a740ca02d95b06b2907b5a6c648c2dd0a1082a093c3141?s=96&d=mm&r=g","contentUrl":"https:\/\/secure.gravatar.com\/avatar\/7a4cf8feb412a76ea4a740ca02d95b06b2907b5a6c648c2dd0a1082a093c3141?s=96&d=mm&r=g","caption":"Comunicaci\u00f3 Esplac"}}]}},"_links":{"self":[{"href":"https:\/\/www.esplac.cat\/es\/wp-json\/wp\/v2\/posts\/25959","targetHints":{"allow":["GET"]}}],"collection":[{"href":"https:\/\/www.esplac.cat\/es\/wp-json\/wp\/v2\/posts"}],"about":[{"href":"https:\/\/www.esplac.cat\/es\/wp-json\/wp\/v2\/types\/post"}],"author":[{"embeddable":true,"href":"https:\/\/www.esplac.cat\/es\/wp-json\/wp\/v2\/users\/3"}],"replies":[{"embeddable":true,"href":"https:\/\/www.esplac.cat\/es\/wp-json\/wp\/v2\/comments?post=25959"}],"version-history":[{"count":0,"href":"https:\/\/www.esplac.cat\/es\/wp-json\/wp\/v2\/posts\/25959\/revisions"}],"wp:featuredmedia":[{"embeddable":true,"href":"https:\/\/www.esplac.cat\/es\/wp-json\/wp\/v2\/media\/25600"}],"wp:attachment":[{"href":"https:\/\/www.esplac.cat\/es\/wp-json\/wp\/v2\/media?parent=25959"}],"wp:term":[{"taxonomy":"category","embeddable":true,"href":"https:\/\/www.esplac.cat\/es\/wp-json\/wp\/v2\/categories?post=25959"},{"taxonomy":"post_tag","embeddable":true,"href":"https:\/\/www.esplac.cat\/es\/wp-json\/wp\/v2\/tags?post=25959"}],"curies":[{"name":"wp","href":"https:\/\/api.w.org\/{rel}","templated":true}]}}