{"id":25962,"date":"2013-03-07T10:02:26","date_gmt":"2013-03-07T08:02:26","guid":{"rendered":"http:\/\/esplac.cat\/?p=2964"},"modified":"2019-10-15T18:50:47","modified_gmt":"2019-10-15T16:50:47","slug":"perspectiva-intercultural-als-esplais-i-agrupaments","status":"publish","type":"post","link":"https:\/\/www.esplac.cat\/es\/perspectiva-intercultural-als-esplais-i-agrupaments\/","title":{"rendered":"Perspectiva intercultural als esplais i agrupaments"},"content":{"rendered":"<p>El <a href=\"http:\/\/www.cjb.cat\/noticies\/formacio-perspectiva-intercultural-als-esplais-i-agrupaments-1021\" target=\"_blank\" rel=\"noopener noreferrer\">Consell de la Joventut de Barcelona<\/a> ofereix aquesta formaci\u00f3 per a monitors, monitores i caps que vulguin desenvolupar un projecte dins de la seva pr\u00f2pia entitat que tingui per objectiu introduir la <strong>perspectiva intercultural<\/strong> i <strong>promoure-hi la participaci\u00f3 d&#8217;infants i joves d&#8217;origen estranger<\/strong>.<\/p>\n<p><strong>CONTINGUT DE LA FORMACI\u00d3<\/strong><\/p>\n<p>Processos migratoris, la perspectiva intercultural davant els altres models de gesti\u00f3 de les migracions i eines per la diagnosi, elaboraci\u00f3, planificaci\u00f3 i posterior avaluaci\u00f3 d&#8217;aquest projecte projecte dins del funcionament ordinari de l&#8217;Agrupament o Esplai.<\/p>\n<p><strong>DIA, HORA I LLOC:<\/strong><\/p>\n<p>Hi ha hagut un canvi de dates respecte les que es van dir en un primer moment. Els nous horaris i el lloc de les sessions \u00e9s:<\/p>\n<ul>\n<li><strong>Dimecres de 19.30 a 21.30<\/strong>:\n<ul>\n<li>20 de mar\u00e7<\/li>\n<li>3, 17 i 24 d&#8217;abril<\/li>\n<li>8 i 22 de maig<\/li>\n<\/ul>\n<\/li>\n<\/ul>\n<p>Lloc:<\/p>\n<ul>\n<li><strong>Espai Jove la Fontana<\/strong>\n<ul>\n<li>C\/Gran de Gr\u00e0cia 190-192<\/li>\n<li>Metro L3 &#8211; Fontana<\/li>\n<\/ul>\n<\/li>\n<\/ul>\n<p><strong>INCRIPCIONS<\/strong><\/p>\n<ul>\n<li>Per correu electr\u00f2nic a:\u00a0<strong><a href=\"mailto:educatives@cjb.cat\" target=\"_blank\" rel=\"noopener noreferrer\">educatives@cjb.cat<\/a>\u00a0o trucant al 93 265 47 36<\/strong><\/li>\n<li>Cal adjuntar\u00a0<strong>Nom i cognom, DNI i entitat<\/strong>\u00a0de la qual es procedeix<\/li>\n<li><strong>Limitat a dues persones per agrupament o esplai<\/strong><\/li>\n<li><strong>Realitzeu la inscripci\u00f3 abans del 18 de mar\u00e7!<\/strong><\/li>\n<\/ul>\n","protected":false},"excerpt":{"rendered":"<p>El Consell de la Joventut de Barcelona ofereix aquesta formaci\u00f3 [&hellip;]<\/p>\n","protected":false},"author":3,"featured_media":25604,"comment_status":"open","ping_status":"open","sticky":false,"template":"","format":"standard","meta":{"om_disable_all_campaigns":false,"_monsterinsights_skip_tracking":false,"_monsterinsights_sitenote_active":false,"_monsterinsights_sitenote_note":"","_monsterinsights_sitenote_category":0,"_uf_show_specific_survey":0,"_uf_disable_surveys":false,"footnotes":""},"categories":[1131],"tags":[105],"class_list":["post-25962","post","type-post","status-publish","format-standard","has-post-thumbnail","hentry","category-cursos-formacions","tag-aprenentatge-intercultural"],"yoast_head":"<!-- This site is optimized with the Yoast SEO plugin v27.5 - https:\/\/yoast.com\/product\/yoast-seo-wordpress\/ -->\n<title>Perspectiva intercultural als esplais i agrupaments - Esplac<\/title>\n<meta name=\"robots\" content=\"index, follow, max-snippet:-1, max-image-preview:large, max-video-preview:-1\" \/>\n<link rel=\"canonical\" href=\"https:\/\/www.esplac.cat\/perspectiva-intercultural-als-esplais-i-agrupaments\/\" \/>\n<meta property=\"og:locale\" content=\"es_ES\" \/>\n<meta property=\"og:type\" content=\"article\" \/>\n<meta property=\"og:title\" content=\"Perspectiva intercultural als esplais i agrupaments - Esplac\" \/>\n<meta property=\"og:description\" content=\"El Consell de la Joventut de Barcelona ofereix aquesta formaci\u00f3 [&hellip;]\" \/>\n<meta property=\"og:url\" content=\"https:\/\/www.esplac.cat\/perspectiva-intercultural-als-esplais-i-agrupaments\/\" \/>\n<meta property=\"og:site_name\" content=\"Esplac\" \/>\n<meta property=\"article:published_time\" content=\"2013-03-07T08:02:26+00:00\" \/>\n<meta property=\"article:modified_time\" content=\"2019-10-15T16:50:47+00:00\" \/>\n<meta property=\"og:image\" content=\"https:\/\/www.esplac.cat\/wp-content\/uploads\/2013\/02\/DSC08123-1024x575.jpg\" \/>\n\t<meta property=\"og:image:width\" content=\"1024\" \/>\n\t<meta property=\"og:image:height\" content=\"575\" \/>\n\t<meta property=\"og:image:type\" content=\"image\/jpeg\" \/>\n<meta name=\"author\" content=\"Comunicaci\u00f3 Esplac\" \/>\n<meta name=\"twitter:card\" content=\"summary_large_image\" \/>\n<meta name=\"twitter:label1\" content=\"Escrito por\" \/>\n\t<meta name=\"twitter:data1\" content=\"Comunicaci\u00f3 Esplac\" \/>\n\t<meta name=\"twitter:label2\" content=\"Tiempo de lectura\" \/>\n\t<meta name=\"twitter:data2\" content=\"1 minuto\" \/>\n<script type=\"application\/ld+json\" class=\"yoast-schema-graph\">{\"@context\":\"https:\\\/\\\/schema.org\",\"@graph\":[{\"@type\":\"Article\",\"@id\":\"https:\\\/\\\/www.esplac.cat\\\/perspectiva-intercultural-als-esplais-i-agrupaments\\\/#article\",\"isPartOf\":{\"@id\":\"https:\\\/\\\/www.esplac.cat\\\/perspectiva-intercultural-als-esplais-i-agrupaments\\\/\"},\"author\":{\"name\":\"Comunicaci\u00f3 Esplac\",\"@id\":\"https:\\\/\\\/www.esplac.cat\\\/#\\\/schema\\\/person\\\/908383cf240be18b68f8855d0583faca\"},\"headline\":\"Perspectiva intercultural als esplais i agrupaments\",\"datePublished\":\"2013-03-07T08:02:26+00:00\",\"dateModified\":\"2019-10-15T16:50:47+00:00\",\"mainEntityOfPage\":{\"@id\":\"https:\\\/\\\/www.esplac.cat\\\/perspectiva-intercultural-als-esplais-i-agrupaments\\\/\"},\"wordCount\":191,\"commentCount\":0,\"publisher\":{\"@id\":\"https:\\\/\\\/www.esplac.cat\\\/#organization\"},\"image\":{\"@id\":\"https:\\\/\\\/www.esplac.cat\\\/perspectiva-intercultural-als-esplais-i-agrupaments\\\/#primaryimage\"},\"thumbnailUrl\":\"https:\\\/\\\/www.esplac.cat\\\/wp-content\\\/uploads\\\/2013\\\/02\\\/DSC08123.jpg\",\"keywords\":[\"aprenentatge intercultural\"],\"articleSection\":[\"Cursos i formacions\"],\"inLanguage\":\"es\",\"potentialAction\":[{\"@type\":\"CommentAction\",\"name\":\"Comment\",\"target\":[\"https:\\\/\\\/www.esplac.cat\\\/perspectiva-intercultural-als-esplais-i-agrupaments\\\/#respond\"]}]},{\"@type\":\"WebPage\",\"@id\":\"https:\\\/\\\/www.esplac.cat\\\/perspectiva-intercultural-als-esplais-i-agrupaments\\\/\",\"url\":\"https:\\\/\\\/www.esplac.cat\\\/perspectiva-intercultural-als-esplais-i-agrupaments\\\/\",\"name\":\"Perspectiva intercultural als esplais i agrupaments - Esplac\",\"isPartOf\":{\"@id\":\"https:\\\/\\\/www.esplac.cat\\\/#website\"},\"primaryImageOfPage\":{\"@id\":\"https:\\\/\\\/www.esplac.cat\\\/perspectiva-intercultural-als-esplais-i-agrupaments\\\/#primaryimage\"},\"image\":{\"@id\":\"https:\\\/\\\/www.esplac.cat\\\/perspectiva-intercultural-als-esplais-i-agrupaments\\\/#primaryimage\"},\"thumbnailUrl\":\"https:\\\/\\\/www.esplac.cat\\\/wp-content\\\/uploads\\\/2013\\\/02\\\/DSC08123.jpg\",\"datePublished\":\"2013-03-07T08:02:26+00:00\",\"dateModified\":\"2019-10-15T16:50:47+00:00\",\"breadcrumb\":{\"@id\":\"https:\\\/\\\/www.esplac.cat\\\/perspectiva-intercultural-als-esplais-i-agrupaments\\\/#breadcrumb\"},\"inLanguage\":\"es\",\"potentialAction\":[{\"@type\":\"ReadAction\",\"target\":[\"https:\\\/\\\/www.esplac.cat\\\/perspectiva-intercultural-als-esplais-i-agrupaments\\\/\"]}]},{\"@type\":\"ImageObject\",\"inLanguage\":\"es\",\"@id\":\"https:\\\/\\\/www.esplac.cat\\\/perspectiva-intercultural-als-esplais-i-agrupaments\\\/#primaryimage\",\"url\":\"https:\\\/\\\/www.esplac.cat\\\/wp-content\\\/uploads\\\/2013\\\/02\\\/DSC08123.jpg\",\"contentUrl\":\"https:\\\/\\\/www.esplac.cat\\\/wp-content\\\/uploads\\\/2013\\\/02\\\/DSC08123.jpg\",\"width\":3872,\"height\":2176},{\"@type\":\"BreadcrumbList\",\"@id\":\"https:\\\/\\\/www.esplac.cat\\\/perspectiva-intercultural-als-esplais-i-agrupaments\\\/#breadcrumb\",\"itemListElement\":[{\"@type\":\"ListItem\",\"position\":1,\"name\":\"Inici\",\"item\":\"https:\\\/\\\/www.esplac.cat\\\/es\\\/\"},{\"@type\":\"ListItem\",\"position\":2,\"name\":\"Perspectiva intercultural als esplais i agrupaments\"}]},{\"@type\":\"WebSite\",\"@id\":\"https:\\\/\\\/www.esplac.cat\\\/#website\",\"url\":\"https:\\\/\\\/www.esplac.cat\\\/\",\"name\":\"Esplac\",\"description\":\"Esplais Catalans\",\"publisher\":{\"@id\":\"https:\\\/\\\/www.esplac.cat\\\/#organization\"},\"potentialAction\":[{\"@type\":\"SearchAction\",\"target\":{\"@type\":\"EntryPoint\",\"urlTemplate\":\"https:\\\/\\\/www.esplac.cat\\\/?s={search_term_string}\"},\"query-input\":{\"@type\":\"PropertyValueSpecification\",\"valueRequired\":true,\"valueName\":\"search_term_string\"}}],\"inLanguage\":\"es\"},{\"@type\":\"Organization\",\"@id\":\"https:\\\/\\\/www.esplac.cat\\\/#organization\",\"name\":\"Esplac\",\"url\":\"https:\\\/\\\/www.esplac.cat\\\/\",\"logo\":{\"@type\":\"ImageObject\",\"inLanguage\":\"es\",\"@id\":\"https:\\\/\\\/www.esplac.cat\\\/#\\\/schema\\\/logo\\\/image\\\/\",\"url\":\"https:\\\/\\\/www.esplac.cat\\\/wp-content\\\/uploads\\\/2019\\\/08\\\/logox2.png\",\"contentUrl\":\"https:\\\/\\\/www.esplac.cat\\\/wp-content\\\/uploads\\\/2019\\\/08\\\/logox2.png\",\"width\":600,\"height\":295,\"caption\":\"Esplac\"},\"image\":{\"@id\":\"https:\\\/\\\/www.esplac.cat\\\/#\\\/schema\\\/logo\\\/image\\\/\"}},{\"@type\":\"Person\",\"@id\":\"https:\\\/\\\/www.esplac.cat\\\/#\\\/schema\\\/person\\\/908383cf240be18b68f8855d0583faca\",\"name\":\"Comunicaci\u00f3 Esplac\",\"image\":{\"@type\":\"ImageObject\",\"inLanguage\":\"es\",\"@id\":\"https:\\\/\\\/secure.gravatar.com\\\/avatar\\\/7a4cf8feb412a76ea4a740ca02d95b06b2907b5a6c648c2dd0a1082a093c3141?s=96&d=mm&r=g\",\"url\":\"https:\\\/\\\/secure.gravatar.com\\\/avatar\\\/7a4cf8feb412a76ea4a740ca02d95b06b2907b5a6c648c2dd0a1082a093c3141?s=96&d=mm&r=g\",\"contentUrl\":\"https:\\\/\\\/secure.gravatar.com\\\/avatar\\\/7a4cf8feb412a76ea4a740ca02d95b06b2907b5a6c648c2dd0a1082a093c3141?s=96&d=mm&r=g\",\"caption\":\"Comunicaci\u00f3 Esplac\"}}]}<\/script>\n<!-- \/ Yoast SEO plugin. -->","yoast_head_json":{"title":"Perspectiva intercultural als esplais i agrupaments - Esplac","robots":{"index":"index","follow":"follow","max-snippet":"max-snippet:-1","max-image-preview":"max-image-preview:large","max-video-preview":"max-video-preview:-1"},"canonical":"https:\/\/www.esplac.cat\/perspectiva-intercultural-als-esplais-i-agrupaments\/","og_locale":"es_ES","og_type":"article","og_title":"Perspectiva intercultural als esplais i agrupaments - Esplac","og_description":"El Consell de la Joventut de Barcelona ofereix aquesta formaci\u00f3 [&hellip;]","og_url":"https:\/\/www.esplac.cat\/perspectiva-intercultural-als-esplais-i-agrupaments\/","og_site_name":"Esplac","article_published_time":"2013-03-07T08:02:26+00:00","article_modified_time":"2019-10-15T16:50:47+00:00","og_image":[{"width":1024,"height":575,"url":"https:\/\/www.esplac.cat\/wp-content\/uploads\/2013\/02\/DSC08123-1024x575.jpg","type":"image\/jpeg"}],"author":"Comunicaci\u00f3 Esplac","twitter_card":"summary_large_image","twitter_misc":{"Escrito por":"Comunicaci\u00f3 Esplac","Tiempo de lectura":"1 minuto"},"schema":{"@context":"https:\/\/schema.org","@graph":[{"@type":"Article","@id":"https:\/\/www.esplac.cat\/perspectiva-intercultural-als-esplais-i-agrupaments\/#article","isPartOf":{"@id":"https:\/\/www.esplac.cat\/perspectiva-intercultural-als-esplais-i-agrupaments\/"},"author":{"name":"Comunicaci\u00f3 Esplac","@id":"https:\/\/www.esplac.cat\/#\/schema\/person\/908383cf240be18b68f8855d0583faca"},"headline":"Perspectiva intercultural als esplais i agrupaments","datePublished":"2013-03-07T08:02:26+00:00","dateModified":"2019-10-15T16:50:47+00:00","mainEntityOfPage":{"@id":"https:\/\/www.esplac.cat\/perspectiva-intercultural-als-esplais-i-agrupaments\/"},"wordCount":191,"commentCount":0,"publisher":{"@id":"https:\/\/www.esplac.cat\/#organization"},"image":{"@id":"https:\/\/www.esplac.cat\/perspectiva-intercultural-als-esplais-i-agrupaments\/#primaryimage"},"thumbnailUrl":"https:\/\/www.esplac.cat\/wp-content\/uploads\/2013\/02\/DSC08123.jpg","keywords":["aprenentatge intercultural"],"articleSection":["Cursos i formacions"],"inLanguage":"es","potentialAction":[{"@type":"CommentAction","name":"Comment","target":["https:\/\/www.esplac.cat\/perspectiva-intercultural-als-esplais-i-agrupaments\/#respond"]}]},{"@type":"WebPage","@id":"https:\/\/www.esplac.cat\/perspectiva-intercultural-als-esplais-i-agrupaments\/","url":"https:\/\/www.esplac.cat\/perspectiva-intercultural-als-esplais-i-agrupaments\/","name":"Perspectiva intercultural als esplais i agrupaments - Esplac","isPartOf":{"@id":"https:\/\/www.esplac.cat\/#website"},"primaryImageOfPage":{"@id":"https:\/\/www.esplac.cat\/perspectiva-intercultural-als-esplais-i-agrupaments\/#primaryimage"},"image":{"@id":"https:\/\/www.esplac.cat\/perspectiva-intercultural-als-esplais-i-agrupaments\/#primaryimage"},"thumbnailUrl":"https:\/\/www.esplac.cat\/wp-content\/uploads\/2013\/02\/DSC08123.jpg","datePublished":"2013-03-07T08:02:26+00:00","dateModified":"2019-10-15T16:50:47+00:00","breadcrumb":{"@id":"https:\/\/www.esplac.cat\/perspectiva-intercultural-als-esplais-i-agrupaments\/#breadcrumb"},"inLanguage":"es","potentialAction":[{"@type":"ReadAction","target":["https:\/\/www.esplac.cat\/perspectiva-intercultural-als-esplais-i-agrupaments\/"]}]},{"@type":"ImageObject","inLanguage":"es","@id":"https:\/\/www.esplac.cat\/perspectiva-intercultural-als-esplais-i-agrupaments\/#primaryimage","url":"https:\/\/www.esplac.cat\/wp-content\/uploads\/2013\/02\/DSC08123.jpg","contentUrl":"https:\/\/www.esplac.cat\/wp-content\/uploads\/2013\/02\/DSC08123.jpg","width":3872,"height":2176},{"@type":"BreadcrumbList","@id":"https:\/\/www.esplac.cat\/perspectiva-intercultural-als-esplais-i-agrupaments\/#breadcrumb","itemListElement":[{"@type":"ListItem","position":1,"name":"Inici","item":"https:\/\/www.esplac.cat\/es\/"},{"@type":"ListItem","position":2,"name":"Perspectiva intercultural als esplais i agrupaments"}]},{"@type":"WebSite","@id":"https:\/\/www.esplac.cat\/#website","url":"https:\/\/www.esplac.cat\/","name":"Esplac","description":"Esplais Catalans","publisher":{"@id":"https:\/\/www.esplac.cat\/#organization"},"potentialAction":[{"@type":"SearchAction","target":{"@type":"EntryPoint","urlTemplate":"https:\/\/www.esplac.cat\/?s={search_term_string}"},"query-input":{"@type":"PropertyValueSpecification","valueRequired":true,"valueName":"search_term_string"}}],"inLanguage":"es"},{"@type":"Organization","@id":"https:\/\/www.esplac.cat\/#organization","name":"Esplac","url":"https:\/\/www.esplac.cat\/","logo":{"@type":"ImageObject","inLanguage":"es","@id":"https:\/\/www.esplac.cat\/#\/schema\/logo\/image\/","url":"https:\/\/www.esplac.cat\/wp-content\/uploads\/2019\/08\/logox2.png","contentUrl":"https:\/\/www.esplac.cat\/wp-content\/uploads\/2019\/08\/logox2.png","width":600,"height":295,"caption":"Esplac"},"image":{"@id":"https:\/\/www.esplac.cat\/#\/schema\/logo\/image\/"}},{"@type":"Person","@id":"https:\/\/www.esplac.cat\/#\/schema\/person\/908383cf240be18b68f8855d0583faca","name":"Comunicaci\u00f3 Esplac","image":{"@type":"ImageObject","inLanguage":"es","@id":"https:\/\/secure.gravatar.com\/avatar\/7a4cf8feb412a76ea4a740ca02d95b06b2907b5a6c648c2dd0a1082a093c3141?s=96&d=mm&r=g","url":"https:\/\/secure.gravatar.com\/avatar\/7a4cf8feb412a76ea4a740ca02d95b06b2907b5a6c648c2dd0a1082a093c3141?s=96&d=mm&r=g","contentUrl":"https:\/\/secure.gravatar.com\/avatar\/7a4cf8feb412a76ea4a740ca02d95b06b2907b5a6c648c2dd0a1082a093c3141?s=96&d=mm&r=g","caption":"Comunicaci\u00f3 Esplac"}}]}},"_links":{"self":[{"href":"https:\/\/www.esplac.cat\/es\/wp-json\/wp\/v2\/posts\/25962","targetHints":{"allow":["GET"]}}],"collection":[{"href":"https:\/\/www.esplac.cat\/es\/wp-json\/wp\/v2\/posts"}],"about":[{"href":"https:\/\/www.esplac.cat\/es\/wp-json\/wp\/v2\/types\/post"}],"author":[{"embeddable":true,"href":"https:\/\/www.esplac.cat\/es\/wp-json\/wp\/v2\/users\/3"}],"replies":[{"embeddable":true,"href":"https:\/\/www.esplac.cat\/es\/wp-json\/wp\/v2\/comments?post=25962"}],"version-history":[{"count":0,"href":"https:\/\/www.esplac.cat\/es\/wp-json\/wp\/v2\/posts\/25962\/revisions"}],"wp:featuredmedia":[{"embeddable":true,"href":"https:\/\/www.esplac.cat\/es\/wp-json\/wp\/v2\/media\/25604"}],"wp:attachment":[{"href":"https:\/\/www.esplac.cat\/es\/wp-json\/wp\/v2\/media?parent=25962"}],"wp:term":[{"taxonomy":"category","embeddable":true,"href":"https:\/\/www.esplac.cat\/es\/wp-json\/wp\/v2\/categories?post=25962"},{"taxonomy":"post_tag","embeddable":true,"href":"https:\/\/www.esplac.cat\/es\/wp-json\/wp\/v2\/tags?post=25962"}],"curies":[{"name":"wp","href":"https:\/\/api.w.org\/{rel}","templated":true}]}}