{"id":25977,"date":"2013-02-20T13:46:31","date_gmt":"2013-02-20T11:46:31","guid":{"rendered":"http:\/\/esplac.cat\/?p=2875"},"modified":"2013-02-20T13:46:31","modified_gmt":"2013-02-20T11:46:31","slug":"declaracio-moviment-educacio-popular-catalunya","status":"publish","type":"post","link":"https:\/\/www.esplac.cat\/es\/declaracio-moviment-educacio-popular-catalunya\/","title":{"rendered":"Cap a un Moviment d&#8217;Educaci\u00f3 Popular a Catalunya"},"content":{"rendered":"<p><strong>Aquesta \u00e9s la declaraci\u00f3 presentada a l&#8217;Assemblea General del Moviment laic i progressista impulsada per totes les entitats del Moviment i l&#8217;Associaci\u00f3 de Mestres Rosa Sensat.\u00a0Per Esplais Catalans \u00e9s un pas endavant respecte les nostres intencions expressades a la resoluci\u00f3 aprovada a la nostra passada assemblea \u00ab<a href=\"http:\/\/esplac.cat\/wp-content\/uploads\/2012\/10\/refundacio_mlp.pdf\">Per a la refundaci\u00f3 del Moviment laic i progressista<\/a>\u00ab.\u00a0<\/strong><\/p>\n<p>\u00abEl futur est\u00e0 per fer; el fem nosaltres cada dia, amb els nostres actes i decisions. I si aquests estan basats en la llibertat, l&#8217;optimisme i el comprom\u00eds amb el progr\u00e9s hum\u00e0, no hem de tenir por de res. Aquest \u00e9s el repte que assumim dos moviments educatius quan sumem les nostres forces, quan decidim cercar el b\u00e9 com\u00fa.<\/p>\n<p>Sumem perqu\u00e8 compartim horitzons i perqu\u00e8 volem aconseguir-los educant. El nostre horitz\u00f3 \u00e9s l&#8217;emancipaci\u00f3 de tota persona, \u00e9s la llibertat, \u00e9s una vida bona i bella, sense traves materials, ni dogmatismes. El nostre cam\u00ed \u00e9s el de l&#8217;educaci\u00f3 popular, a l&#8217;escola i al carrer, al llarg de tota la vida, amb tots els colors de la llum. Sumem perqu\u00e8 ens reconeixem i som la mateixa gent, la que construeix espais de llibertat, ahir, avui i dem\u00e0. Constru\u00efm espais on es garanteixen la llibertat de l&#8217;\u00e9sser hum\u00e0 i on es faciliten les condicions per esdevenir persones sanes, aut\u00f2nomes solid\u00e0ries i felices. Sumem perqu\u00e8 volem reclamar quotidianament a les institucions i a la societat un comprom\u00eds col\u00b7lectiu en favor de l&#8217;educaci\u00f3 i de la transformaci\u00f3 de la realitat. Aix\u00ed unim esfor\u00e7os, cerquem el\u00a0que ens \u00e9s com\u00fa i explorem a fons el millor de la nostra tradici\u00f3 pedag\u00f2gica per projectar-la cap al futur i donar-nos for\u00e7a per superar els desafiaments que tenim avui i dem\u00e0.<\/p>\n<p>Convoquem tothom a sumar-se a un nou moviment d&#8217;educaci\u00f3 popular; en la millor tradici\u00f3 catalana i universal. La de l&#8217;educaci\u00f3 i la cultura fetes des de baix, les que la gent construeix aut\u00f2nomament per emancipar-se. La de la tradici\u00f3 republicana, laica, lliurepensadora, democr\u00e0tica: en definitiva l\u2019educaci\u00f3 popular. Una tradici\u00f3 que combina pedagogia i pol\u00edtica i que molt lentament, amb enormes dificultats, amb aven\u00e7os i retrocessos, s&#8217;ha vist reconeguda per les institucions i que ara torna a estar en perill. La tradici\u00f3 de l&#8217;Escola Moderna de Ferrer i Gu\u00e0rdia, la tradici\u00f3 de l&#8217;Escola Nova de la mestra Rosa Sensat, i la pedagogia progressista de Marta Mata. La tradici\u00f3 de l&#8217;escola catalana, p\u00fablica, laica, coeducativa, democr\u00e0tica. La tradici\u00f3 dels ateneus, la tradici\u00f3 de l&#8217;escoltisme i dels esplais. \u00c9s una tradici\u00f3 que s&#8217;ha expressat i s\u2019expressa, de m\u00faltiples\u00a0formes, per\u00f2 que persegueix el mateix: que cada persona pugui decidir lliurement el seu present i futur amb els altres.<\/p>\n<p>Serem m\u00e9s, molt m\u00e9s que la simple suma de voluntats, realitats i projectes, aquesta \u00e9s la nostra riquesa. I tothom hi \u00e9s convidat a continuar construint la Catalunya oberta, acollidora i fraternal.\u00bb<\/p>\n","protected":false},"excerpt":{"rendered":"<p>Aquesta \u00e9s la declaraci\u00f3 presentada a l&#8217;Assemblea General del Moviment [&hellip;]<\/p>\n","protected":false},"author":3,"featured_media":25628,"comment_status":"open","ping_status":"open","sticky":false,"template":"","format":"standard","meta":{"om_disable_all_campaigns":false,"_monsterinsights_skip_tracking":false,"_monsterinsights_sitenote_active":false,"_monsterinsights_sitenote_note":"","_monsterinsights_sitenote_category":0,"_uf_show_specific_survey":0,"_uf_disable_surveys":false,"footnotes":""},"categories":[1127],"tags":[],"class_list":["post-25977","post","type-post","status-publish","format-standard","has-post-thumbnail","hentry","category-comunicats-posicionaments"],"yoast_head":"<!-- This site is optimized with the Yoast SEO plugin v27.4 - https:\/\/yoast.com\/product\/yoast-seo-wordpress\/ -->\n<title>Cap a un Moviment d&#039;Educaci\u00f3 Popular a Catalunya - Esplac<\/title>\n<meta name=\"robots\" content=\"index, follow, max-snippet:-1, max-image-preview:large, max-video-preview:-1\" \/>\n<link rel=\"canonical\" href=\"https:\/\/www.esplac.cat\/declaracio-moviment-educacio-popular-catalunya\/\" \/>\n<meta property=\"og:locale\" content=\"es_ES\" \/>\n<meta property=\"og:type\" content=\"article\" \/>\n<meta property=\"og:title\" content=\"Cap a un Moviment d&#039;Educaci\u00f3 Popular a Catalunya - Esplac\" \/>\n<meta property=\"og:description\" content=\"Aquesta \u00e9s la declaraci\u00f3 presentada a l&#8217;Assemblea General del Moviment [&hellip;]\" \/>\n<meta property=\"og:url\" content=\"https:\/\/www.esplac.cat\/declaracio-moviment-educacio-popular-catalunya\/\" \/>\n<meta property=\"og:site_name\" content=\"Esplac\" \/>\n<meta property=\"article:published_time\" content=\"2013-02-20T11:46:31+00:00\" \/>\n<meta property=\"og:image\" content=\"https:\/\/www.esplac.cat\/wp-content\/uploads\/2013\/02\/DSC08098.jpg\" \/>\n\t<meta property=\"og:image:width\" content=\"3872\" \/>\n\t<meta property=\"og:image:height\" content=\"2176\" \/>\n\t<meta property=\"og:image:type\" content=\"image\/jpeg\" \/>\n<meta name=\"author\" content=\"Comunicaci\u00f3 Esplac\" \/>\n<meta name=\"twitter:card\" content=\"summary_large_image\" \/>\n<meta name=\"twitter:label1\" content=\"Escrito por\" \/>\n\t<meta name=\"twitter:data1\" content=\"Comunicaci\u00f3 Esplac\" \/>\n\t<meta name=\"twitter:label2\" content=\"Tiempo de lectura\" \/>\n\t<meta name=\"twitter:data2\" content=\"2 minutos\" \/>\n<script type=\"application\/ld+json\" class=\"yoast-schema-graph\">{\"@context\":\"https:\\\/\\\/schema.org\",\"@graph\":[{\"@type\":\"Article\",\"@id\":\"https:\\\/\\\/www.esplac.cat\\\/declaracio-moviment-educacio-popular-catalunya\\\/#article\",\"isPartOf\":{\"@id\":\"https:\\\/\\\/www.esplac.cat\\\/declaracio-moviment-educacio-popular-catalunya\\\/\"},\"author\":{\"name\":\"Comunicaci\u00f3 Esplac\",\"@id\":\"https:\\\/\\\/www.esplac.cat\\\/#\\\/schema\\\/person\\\/908383cf240be18b68f8855d0583faca\"},\"headline\":\"Cap a un Moviment d&#8217;Educaci\u00f3 Popular a Catalunya\",\"datePublished\":\"2013-02-20T11:46:31+00:00\",\"mainEntityOfPage\":{\"@id\":\"https:\\\/\\\/www.esplac.cat\\\/declaracio-moviment-educacio-popular-catalunya\\\/\"},\"wordCount\":512,\"commentCount\":0,\"publisher\":{\"@id\":\"https:\\\/\\\/www.esplac.cat\\\/#organization\"},\"image\":{\"@id\":\"https:\\\/\\\/www.esplac.cat\\\/declaracio-moviment-educacio-popular-catalunya\\\/#primaryimage\"},\"thumbnailUrl\":\"https:\\\/\\\/www.esplac.cat\\\/wp-content\\\/uploads\\\/2013\\\/02\\\/DSC08098.jpg\",\"articleSection\":[\"Comunicats i posicionaments\"],\"inLanguage\":\"es\",\"potentialAction\":[{\"@type\":\"CommentAction\",\"name\":\"Comment\",\"target\":[\"https:\\\/\\\/www.esplac.cat\\\/declaracio-moviment-educacio-popular-catalunya\\\/#respond\"]}]},{\"@type\":\"WebPage\",\"@id\":\"https:\\\/\\\/www.esplac.cat\\\/declaracio-moviment-educacio-popular-catalunya\\\/\",\"url\":\"https:\\\/\\\/www.esplac.cat\\\/declaracio-moviment-educacio-popular-catalunya\\\/\",\"name\":\"Cap a un Moviment d'Educaci\u00f3 Popular a Catalunya - Esplac\",\"isPartOf\":{\"@id\":\"https:\\\/\\\/www.esplac.cat\\\/#website\"},\"primaryImageOfPage\":{\"@id\":\"https:\\\/\\\/www.esplac.cat\\\/declaracio-moviment-educacio-popular-catalunya\\\/#primaryimage\"},\"image\":{\"@id\":\"https:\\\/\\\/www.esplac.cat\\\/declaracio-moviment-educacio-popular-catalunya\\\/#primaryimage\"},\"thumbnailUrl\":\"https:\\\/\\\/www.esplac.cat\\\/wp-content\\\/uploads\\\/2013\\\/02\\\/DSC08098.jpg\",\"datePublished\":\"2013-02-20T11:46:31+00:00\",\"breadcrumb\":{\"@id\":\"https:\\\/\\\/www.esplac.cat\\\/declaracio-moviment-educacio-popular-catalunya\\\/#breadcrumb\"},\"inLanguage\":\"es\",\"potentialAction\":[{\"@type\":\"ReadAction\",\"target\":[\"https:\\\/\\\/www.esplac.cat\\\/declaracio-moviment-educacio-popular-catalunya\\\/\"]}]},{\"@type\":\"ImageObject\",\"inLanguage\":\"es\",\"@id\":\"https:\\\/\\\/www.esplac.cat\\\/declaracio-moviment-educacio-popular-catalunya\\\/#primaryimage\",\"url\":\"https:\\\/\\\/www.esplac.cat\\\/wp-content\\\/uploads\\\/2013\\\/02\\\/DSC08098.jpg\",\"contentUrl\":\"https:\\\/\\\/www.esplac.cat\\\/wp-content\\\/uploads\\\/2013\\\/02\\\/DSC08098.jpg\",\"width\":3872,\"height\":2176},{\"@type\":\"BreadcrumbList\",\"@id\":\"https:\\\/\\\/www.esplac.cat\\\/declaracio-moviment-educacio-popular-catalunya\\\/#breadcrumb\",\"itemListElement\":[{\"@type\":\"ListItem\",\"position\":1,\"name\":\"Inici\",\"item\":\"https:\\\/\\\/www.esplac.cat\\\/es\\\/\"},{\"@type\":\"ListItem\",\"position\":2,\"name\":\"Cap a un Moviment d&#8217;Educaci\u00f3 Popular a Catalunya\"}]},{\"@type\":\"WebSite\",\"@id\":\"https:\\\/\\\/www.esplac.cat\\\/#website\",\"url\":\"https:\\\/\\\/www.esplac.cat\\\/\",\"name\":\"Esplac\",\"description\":\"Esplais Catalans\",\"publisher\":{\"@id\":\"https:\\\/\\\/www.esplac.cat\\\/#organization\"},\"potentialAction\":[{\"@type\":\"SearchAction\",\"target\":{\"@type\":\"EntryPoint\",\"urlTemplate\":\"https:\\\/\\\/www.esplac.cat\\\/?s={search_term_string}\"},\"query-input\":{\"@type\":\"PropertyValueSpecification\",\"valueRequired\":true,\"valueName\":\"search_term_string\"}}],\"inLanguage\":\"es\"},{\"@type\":\"Organization\",\"@id\":\"https:\\\/\\\/www.esplac.cat\\\/#organization\",\"name\":\"Esplac\",\"url\":\"https:\\\/\\\/www.esplac.cat\\\/\",\"logo\":{\"@type\":\"ImageObject\",\"inLanguage\":\"es\",\"@id\":\"https:\\\/\\\/www.esplac.cat\\\/#\\\/schema\\\/logo\\\/image\\\/\",\"url\":\"https:\\\/\\\/www.esplac.cat\\\/wp-content\\\/uploads\\\/2019\\\/08\\\/logox2.png\",\"contentUrl\":\"https:\\\/\\\/www.esplac.cat\\\/wp-content\\\/uploads\\\/2019\\\/08\\\/logox2.png\",\"width\":600,\"height\":295,\"caption\":\"Esplac\"},\"image\":{\"@id\":\"https:\\\/\\\/www.esplac.cat\\\/#\\\/schema\\\/logo\\\/image\\\/\"}},{\"@type\":\"Person\",\"@id\":\"https:\\\/\\\/www.esplac.cat\\\/#\\\/schema\\\/person\\\/908383cf240be18b68f8855d0583faca\",\"name\":\"Comunicaci\u00f3 Esplac\",\"image\":{\"@type\":\"ImageObject\",\"inLanguage\":\"es\",\"@id\":\"https:\\\/\\\/secure.gravatar.com\\\/avatar\\\/7a4cf8feb412a76ea4a740ca02d95b06b2907b5a6c648c2dd0a1082a093c3141?s=96&d=mm&r=g\",\"url\":\"https:\\\/\\\/secure.gravatar.com\\\/avatar\\\/7a4cf8feb412a76ea4a740ca02d95b06b2907b5a6c648c2dd0a1082a093c3141?s=96&d=mm&r=g\",\"contentUrl\":\"https:\\\/\\\/secure.gravatar.com\\\/avatar\\\/7a4cf8feb412a76ea4a740ca02d95b06b2907b5a6c648c2dd0a1082a093c3141?s=96&d=mm&r=g\",\"caption\":\"Comunicaci\u00f3 Esplac\"}}]}<\/script>\n<!-- \/ Yoast SEO plugin. -->","yoast_head_json":{"title":"Cap a un Moviment d'Educaci\u00f3 Popular a Catalunya - Esplac","robots":{"index":"index","follow":"follow","max-snippet":"max-snippet:-1","max-image-preview":"max-image-preview:large","max-video-preview":"max-video-preview:-1"},"canonical":"https:\/\/www.esplac.cat\/declaracio-moviment-educacio-popular-catalunya\/","og_locale":"es_ES","og_type":"article","og_title":"Cap a un Moviment d'Educaci\u00f3 Popular a Catalunya - Esplac","og_description":"Aquesta \u00e9s la declaraci\u00f3 presentada a l&#8217;Assemblea General del Moviment [&hellip;]","og_url":"https:\/\/www.esplac.cat\/declaracio-moviment-educacio-popular-catalunya\/","og_site_name":"Esplac","article_published_time":"2013-02-20T11:46:31+00:00","og_image":[{"width":3872,"height":2176,"url":"https:\/\/www.esplac.cat\/wp-content\/uploads\/2013\/02\/DSC08098.jpg","type":"image\/jpeg"}],"author":"Comunicaci\u00f3 Esplac","twitter_card":"summary_large_image","twitter_misc":{"Escrito por":"Comunicaci\u00f3 Esplac","Tiempo de lectura":"2 minutos"},"schema":{"@context":"https:\/\/schema.org","@graph":[{"@type":"Article","@id":"https:\/\/www.esplac.cat\/declaracio-moviment-educacio-popular-catalunya\/#article","isPartOf":{"@id":"https:\/\/www.esplac.cat\/declaracio-moviment-educacio-popular-catalunya\/"},"author":{"name":"Comunicaci\u00f3 Esplac","@id":"https:\/\/www.esplac.cat\/#\/schema\/person\/908383cf240be18b68f8855d0583faca"},"headline":"Cap a un Moviment d&#8217;Educaci\u00f3 Popular a Catalunya","datePublished":"2013-02-20T11:46:31+00:00","mainEntityOfPage":{"@id":"https:\/\/www.esplac.cat\/declaracio-moviment-educacio-popular-catalunya\/"},"wordCount":512,"commentCount":0,"publisher":{"@id":"https:\/\/www.esplac.cat\/#organization"},"image":{"@id":"https:\/\/www.esplac.cat\/declaracio-moviment-educacio-popular-catalunya\/#primaryimage"},"thumbnailUrl":"https:\/\/www.esplac.cat\/wp-content\/uploads\/2013\/02\/DSC08098.jpg","articleSection":["Comunicats i posicionaments"],"inLanguage":"es","potentialAction":[{"@type":"CommentAction","name":"Comment","target":["https:\/\/www.esplac.cat\/declaracio-moviment-educacio-popular-catalunya\/#respond"]}]},{"@type":"WebPage","@id":"https:\/\/www.esplac.cat\/declaracio-moviment-educacio-popular-catalunya\/","url":"https:\/\/www.esplac.cat\/declaracio-moviment-educacio-popular-catalunya\/","name":"Cap a un Moviment d'Educaci\u00f3 Popular a Catalunya - Esplac","isPartOf":{"@id":"https:\/\/www.esplac.cat\/#website"},"primaryImageOfPage":{"@id":"https:\/\/www.esplac.cat\/declaracio-moviment-educacio-popular-catalunya\/#primaryimage"},"image":{"@id":"https:\/\/www.esplac.cat\/declaracio-moviment-educacio-popular-catalunya\/#primaryimage"},"thumbnailUrl":"https:\/\/www.esplac.cat\/wp-content\/uploads\/2013\/02\/DSC08098.jpg","datePublished":"2013-02-20T11:46:31+00:00","breadcrumb":{"@id":"https:\/\/www.esplac.cat\/declaracio-moviment-educacio-popular-catalunya\/#breadcrumb"},"inLanguage":"es","potentialAction":[{"@type":"ReadAction","target":["https:\/\/www.esplac.cat\/declaracio-moviment-educacio-popular-catalunya\/"]}]},{"@type":"ImageObject","inLanguage":"es","@id":"https:\/\/www.esplac.cat\/declaracio-moviment-educacio-popular-catalunya\/#primaryimage","url":"https:\/\/www.esplac.cat\/wp-content\/uploads\/2013\/02\/DSC08098.jpg","contentUrl":"https:\/\/www.esplac.cat\/wp-content\/uploads\/2013\/02\/DSC08098.jpg","width":3872,"height":2176},{"@type":"BreadcrumbList","@id":"https:\/\/www.esplac.cat\/declaracio-moviment-educacio-popular-catalunya\/#breadcrumb","itemListElement":[{"@type":"ListItem","position":1,"name":"Inici","item":"https:\/\/www.esplac.cat\/es\/"},{"@type":"ListItem","position":2,"name":"Cap a un Moviment d&#8217;Educaci\u00f3 Popular a Catalunya"}]},{"@type":"WebSite","@id":"https:\/\/www.esplac.cat\/#website","url":"https:\/\/www.esplac.cat\/","name":"Esplac","description":"Esplais Catalans","publisher":{"@id":"https:\/\/www.esplac.cat\/#organization"},"potentialAction":[{"@type":"SearchAction","target":{"@type":"EntryPoint","urlTemplate":"https:\/\/www.esplac.cat\/?s={search_term_string}"},"query-input":{"@type":"PropertyValueSpecification","valueRequired":true,"valueName":"search_term_string"}}],"inLanguage":"es"},{"@type":"Organization","@id":"https:\/\/www.esplac.cat\/#organization","name":"Esplac","url":"https:\/\/www.esplac.cat\/","logo":{"@type":"ImageObject","inLanguage":"es","@id":"https:\/\/www.esplac.cat\/#\/schema\/logo\/image\/","url":"https:\/\/www.esplac.cat\/wp-content\/uploads\/2019\/08\/logox2.png","contentUrl":"https:\/\/www.esplac.cat\/wp-content\/uploads\/2019\/08\/logox2.png","width":600,"height":295,"caption":"Esplac"},"image":{"@id":"https:\/\/www.esplac.cat\/#\/schema\/logo\/image\/"}},{"@type":"Person","@id":"https:\/\/www.esplac.cat\/#\/schema\/person\/908383cf240be18b68f8855d0583faca","name":"Comunicaci\u00f3 Esplac","image":{"@type":"ImageObject","inLanguage":"es","@id":"https:\/\/secure.gravatar.com\/avatar\/7a4cf8feb412a76ea4a740ca02d95b06b2907b5a6c648c2dd0a1082a093c3141?s=96&d=mm&r=g","url":"https:\/\/secure.gravatar.com\/avatar\/7a4cf8feb412a76ea4a740ca02d95b06b2907b5a6c648c2dd0a1082a093c3141?s=96&d=mm&r=g","contentUrl":"https:\/\/secure.gravatar.com\/avatar\/7a4cf8feb412a76ea4a740ca02d95b06b2907b5a6c648c2dd0a1082a093c3141?s=96&d=mm&r=g","caption":"Comunicaci\u00f3 Esplac"}}]}},"_links":{"self":[{"href":"https:\/\/www.esplac.cat\/es\/wp-json\/wp\/v2\/posts\/25977","targetHints":{"allow":["GET"]}}],"collection":[{"href":"https:\/\/www.esplac.cat\/es\/wp-json\/wp\/v2\/posts"}],"about":[{"href":"https:\/\/www.esplac.cat\/es\/wp-json\/wp\/v2\/types\/post"}],"author":[{"embeddable":true,"href":"https:\/\/www.esplac.cat\/es\/wp-json\/wp\/v2\/users\/3"}],"replies":[{"embeddable":true,"href":"https:\/\/www.esplac.cat\/es\/wp-json\/wp\/v2\/comments?post=25977"}],"version-history":[{"count":0,"href":"https:\/\/www.esplac.cat\/es\/wp-json\/wp\/v2\/posts\/25977\/revisions"}],"wp:featuredmedia":[{"embeddable":true,"href":"https:\/\/www.esplac.cat\/es\/wp-json\/wp\/v2\/media\/25628"}],"wp:attachment":[{"href":"https:\/\/www.esplac.cat\/es\/wp-json\/wp\/v2\/media?parent=25977"}],"wp:term":[{"taxonomy":"category","embeddable":true,"href":"https:\/\/www.esplac.cat\/es\/wp-json\/wp\/v2\/categories?post=25977"},{"taxonomy":"post_tag","embeddable":true,"href":"https:\/\/www.esplac.cat\/es\/wp-json\/wp\/v2\/tags?post=25977"}],"curies":[{"name":"wp","href":"https:\/\/api.w.org\/{rel}","templated":true}]}}