{"id":25990,"date":"2013-01-25T14:04:19","date_gmt":"2013-01-25T12:04:19","guid":{"rendered":"http:\/\/esplac.cat\/?p=2677"},"modified":"2019-11-14T13:17:47","modified_gmt":"2019-11-14T11:17:47","slug":"signatura-accions-compromis-22-esplais-catalans","status":"publish","type":"post","link":"https:\/\/www.esplac.cat\/es\/signatura-accions-compromis-22-esplais-catalans\/","title":{"rendered":"Signatura i accions pel Comprom\u00eds 22 d&#8217;Esplais Catalans"},"content":{"rendered":"<p align=\"JUSTIFY\">El passat 11 de desembre Esplais Catalans sign\u00e0vem el <a title=\"Comprom\u00eds 22\" href=\"http:\/\/w110.bcn.cat\/MediAmbient\/Continguts\/Fitxers\/CompromisCiutadaSostenibilitat.pdf\" target=\"_blank\" rel=\"noopener noreferrer\">Comprom\u00eds Ciutad\u00e0 per a la Sostenibilitat 2012-2022<\/a>. El <strong>Comprom\u00eds 22<\/strong> representa la continu\u00eftat de l\u2019<strong>Agenda XXI<\/strong>, de la qual segur heu sentit a parlar a la vostra ciutat. Igual que el seu predecessor, aquest document est\u00e0 dividit en 10 grans temes dels quals se\u2019n desprenen 10 l\u00ednies d\u2019acci\u00f3. En ess\u00e8ncia representa una declaraci\u00f3 d\u2019intencions de totes les persones i entitats signants, que marca cap a on volem anar els propers 10 anys en mat\u00e8ria ambiental. Esplais Catlans vam participar dels debats previs a trav\u00e9s de la <strong>Comissi\u00f3 Reduint Petjada<\/strong> on v\u00e0rem fer especial \u00e8mfasi en els temes d\u2019educaci\u00f3. Sobretot insistint en qu\u00e8 no es deixessin de banda a les entitats de lleure al parlar d\u2019educaci\u00f3 no formal.<\/p>\n<p align=\"JUSTIFY\">Com dei\u00e8m abans, aquest Comprom\u00eds representa una voluntat de fer. Per tant, si aquestes l\u00ednies de treball no son tradu\u00efdes en accions concretes existeix el perill de que quedin en no res. Aqu\u00ed \u00e9s on pren for\u00e7a el projecte que des de la Reduint Petjada hem preparat per aquest curs. Recollint #lenergiadelesplai de l\u2019Esplaiada recuperem als esplaiar@s per donar nom al projecte, <a href=\"http:\/\/esplac.cat\/lesplaier-verd-ens-demana-ajuda\/\">\u201cEl Llibre de l\u2019Esplaier@ verd\u201d<\/a>. L\u2019objectiu del projecte es poder tenir en un recurs accessible el per qu\u00e8 fem i cal fer educaci\u00f3 ambiental a l\u2019esplai, bones pr\u00e0ctiques i experi\u00e8ncies d\u2019esplais, a m\u00e9s d&#8217;un dec\u00e0leg sobre com ser un bon esplai verd. El primer pas \u00e9s recollir, a trav\u00e9s d\u2019una <a href=\"http:\/\/www.surveymonkey.com\/s\/JXZJMHZ\">petita enquesta<\/a>, tota aquesta informaci\u00f3 per tenir una imatge global de la realitat dels esplais. Aix\u00f2 tamb\u00e9 ens ajudar\u00e0 a la Comissi\u00f3, a fer-vos un assessorament m\u00e9s personalitzat i respondre millor a les demandes dels esplais. Aix\u00ed doncs, us demanem que dediqueu 10 minuts del vostre preuat temps a respondre les preguntes que hem preparat.<\/p>\n<p align=\"JUSTIFY\">Aprofitem l\u2019oportunitat per recordar que si us interessen els temes ambientals, si teniu ganes de participar a la Reduint Petjada, o simplement si sentiu curiositat per con\u00e8ixer que fem no dubteu en posar-vos en contacte amb nosaltres (projectes@esplac.cat), us rebrem amb els bra\u00e7os oberts.<\/p>\n<p align=\"JUSTIFY\">I recordeu, els petits canvis&#8230;<\/p>\n","protected":false},"excerpt":{"rendered":"<p>El passat 11 de desembre Esplais Catalans sign\u00e0vem el Comprom\u00eds [&hellip;]<\/p>\n","protected":false},"author":3,"featured_media":25991,"comment_status":"open","ping_status":"open","sticky":false,"template":"","format":"standard","meta":{"om_disable_all_campaigns":false,"_monsterinsights_skip_tracking":false,"_monsterinsights_sitenote_active":false,"_monsterinsights_sitenote_note":"","_monsterinsights_sitenote_category":0,"_uf_show_specific_survey":0,"_uf_disable_surveys":false,"footnotes":""},"categories":[1111,1161,1112],"tags":[86,83],"class_list":["post-25990","post","type-post","status-publish","format-standard","has-post-thumbnail","hentry","category-activitats-esplac","category-comissio-reduint-petjada","category-esplac-al-mon","tag-compromis-22","tag-reduint-petjada"],"yoast_head":"<!-- This site is optimized with the Yoast SEO plugin v27.4 - https:\/\/yoast.com\/product\/yoast-seo-wordpress\/ -->\n<title>Signatura i accions pel Comprom\u00eds 22 d&#039;Esplais Catalans - Esplac<\/title>\n<meta name=\"robots\" content=\"index, follow, max-snippet:-1, max-image-preview:large, max-video-preview:-1\" \/>\n<link rel=\"canonical\" href=\"https:\/\/www.esplac.cat\/en\/signatura-accions-compromis-22-esplais-catalans\/\" \/>\n<meta property=\"og:locale\" content=\"es_ES\" \/>\n<meta property=\"og:type\" content=\"article\" \/>\n<meta property=\"og:title\" content=\"Signatura i accions pel Comprom\u00eds 22 d&#039;Esplais Catalans - Esplac\" \/>\n<meta property=\"og:description\" content=\"El passat 11 de desembre Esplais Catalans sign\u00e0vem el Comprom\u00eds [&hellip;]\" \/>\n<meta property=\"og:url\" content=\"https:\/\/www.esplac.cat\/en\/signatura-accions-compromis-22-esplais-catalans\/\" \/>\n<meta property=\"og:site_name\" content=\"Esplac\" \/>\n<meta property=\"article:published_time\" content=\"2013-01-25T12:04:19+00:00\" \/>\n<meta property=\"article:modified_time\" content=\"2019-11-14T11:17:47+00:00\" \/>\n<meta property=\"og:image\" content=\"https:\/\/www.esplac.cat\/wp-content\/uploads\/2013\/01\/Captura-de-pantalla-2013-01-25-a-las-13.04.41.png\" \/>\n\t<meta property=\"og:image:width\" content=\"587\" \/>\n\t<meta property=\"og:image:height\" content=\"261\" \/>\n\t<meta property=\"og:image:type\" content=\"image\/png\" \/>\n<meta name=\"author\" content=\"Comunicaci\u00f3 Esplac\" \/>\n<meta name=\"twitter:card\" content=\"summary_large_image\" \/>\n<meta name=\"twitter:label1\" content=\"Escrito por\" \/>\n\t<meta name=\"twitter:data1\" content=\"Comunicaci\u00f3 Esplac\" \/>\n\t<meta name=\"twitter:label2\" content=\"Tiempo de lectura\" \/>\n\t<meta name=\"twitter:data2\" content=\"2 minutos\" \/>\n<script type=\"application\/ld+json\" class=\"yoast-schema-graph\">{\"@context\":\"https:\\\/\\\/schema.org\",\"@graph\":[{\"@type\":\"Article\",\"@id\":\"https:\\\/\\\/www.esplac.cat\\\/en\\\/signatura-accions-compromis-22-esplais-catalans\\\/#article\",\"isPartOf\":{\"@id\":\"https:\\\/\\\/www.esplac.cat\\\/en\\\/signatura-accions-compromis-22-esplais-catalans\\\/\"},\"author\":{\"name\":\"Comunicaci\u00f3 Esplac\",\"@id\":\"https:\\\/\\\/www.esplac.cat\\\/#\\\/schema\\\/person\\\/908383cf240be18b68f8855d0583faca\"},\"headline\":\"Signatura i accions pel Comprom\u00eds 22 d&#8217;Esplais Catalans\",\"datePublished\":\"2013-01-25T12:04:19+00:00\",\"dateModified\":\"2019-11-14T11:17:47+00:00\",\"mainEntityOfPage\":{\"@id\":\"https:\\\/\\\/www.esplac.cat\\\/en\\\/signatura-accions-compromis-22-esplais-catalans\\\/\"},\"wordCount\":384,\"commentCount\":0,\"publisher\":{\"@id\":\"https:\\\/\\\/www.esplac.cat\\\/#organization\"},\"image\":{\"@id\":\"https:\\\/\\\/www.esplac.cat\\\/en\\\/signatura-accions-compromis-22-esplais-catalans\\\/#primaryimage\"},\"thumbnailUrl\":\"https:\\\/\\\/www.esplac.cat\\\/wp-content\\\/uploads\\\/2013\\\/01\\\/Captura-de-pantalla-2013-01-25-a-las-13.04.41.png\",\"keywords\":[\"comprom\u00eds 22\",\"reduint petjada\"],\"articleSection\":[\"Activitats esplac\",\"Comissi\u00f3 Reduint Petjada\",\"Esplac al m\u00f3n\"],\"inLanguage\":\"es\",\"potentialAction\":[{\"@type\":\"CommentAction\",\"name\":\"Comment\",\"target\":[\"https:\\\/\\\/www.esplac.cat\\\/en\\\/signatura-accions-compromis-22-esplais-catalans\\\/#respond\"]}]},{\"@type\":\"WebPage\",\"@id\":\"https:\\\/\\\/www.esplac.cat\\\/en\\\/signatura-accions-compromis-22-esplais-catalans\\\/\",\"url\":\"https:\\\/\\\/www.esplac.cat\\\/en\\\/signatura-accions-compromis-22-esplais-catalans\\\/\",\"name\":\"Signatura i accions pel Comprom\u00eds 22 d'Esplais Catalans - Esplac\",\"isPartOf\":{\"@id\":\"https:\\\/\\\/www.esplac.cat\\\/#website\"},\"primaryImageOfPage\":{\"@id\":\"https:\\\/\\\/www.esplac.cat\\\/en\\\/signatura-accions-compromis-22-esplais-catalans\\\/#primaryimage\"},\"image\":{\"@id\":\"https:\\\/\\\/www.esplac.cat\\\/en\\\/signatura-accions-compromis-22-esplais-catalans\\\/#primaryimage\"},\"thumbnailUrl\":\"https:\\\/\\\/www.esplac.cat\\\/wp-content\\\/uploads\\\/2013\\\/01\\\/Captura-de-pantalla-2013-01-25-a-las-13.04.41.png\",\"datePublished\":\"2013-01-25T12:04:19+00:00\",\"dateModified\":\"2019-11-14T11:17:47+00:00\",\"breadcrumb\":{\"@id\":\"https:\\\/\\\/www.esplac.cat\\\/en\\\/signatura-accions-compromis-22-esplais-catalans\\\/#breadcrumb\"},\"inLanguage\":\"es\",\"potentialAction\":[{\"@type\":\"ReadAction\",\"target\":[\"https:\\\/\\\/www.esplac.cat\\\/en\\\/signatura-accions-compromis-22-esplais-catalans\\\/\"]}]},{\"@type\":\"ImageObject\",\"inLanguage\":\"es\",\"@id\":\"https:\\\/\\\/www.esplac.cat\\\/en\\\/signatura-accions-compromis-22-esplais-catalans\\\/#primaryimage\",\"url\":\"https:\\\/\\\/www.esplac.cat\\\/wp-content\\\/uploads\\\/2013\\\/01\\\/Captura-de-pantalla-2013-01-25-a-las-13.04.41.png\",\"contentUrl\":\"https:\\\/\\\/www.esplac.cat\\\/wp-content\\\/uploads\\\/2013\\\/01\\\/Captura-de-pantalla-2013-01-25-a-las-13.04.41.png\",\"width\":587,\"height\":261},{\"@type\":\"BreadcrumbList\",\"@id\":\"https:\\\/\\\/www.esplac.cat\\\/en\\\/signatura-accions-compromis-22-esplais-catalans\\\/#breadcrumb\",\"itemListElement\":[{\"@type\":\"ListItem\",\"position\":1,\"name\":\"Inici\",\"item\":\"https:\\\/\\\/www.esplac.cat\\\/es\\\/\"},{\"@type\":\"ListItem\",\"position\":2,\"name\":\"Signatura i accions pel Comprom\u00eds 22 d&#8217;Esplais Catalans\"}]},{\"@type\":\"WebSite\",\"@id\":\"https:\\\/\\\/www.esplac.cat\\\/#website\",\"url\":\"https:\\\/\\\/www.esplac.cat\\\/\",\"name\":\"Esplac\",\"description\":\"Esplais Catalans\",\"publisher\":{\"@id\":\"https:\\\/\\\/www.esplac.cat\\\/#organization\"},\"potentialAction\":[{\"@type\":\"SearchAction\",\"target\":{\"@type\":\"EntryPoint\",\"urlTemplate\":\"https:\\\/\\\/www.esplac.cat\\\/?s={search_term_string}\"},\"query-input\":{\"@type\":\"PropertyValueSpecification\",\"valueRequired\":true,\"valueName\":\"search_term_string\"}}],\"inLanguage\":\"es\"},{\"@type\":\"Organization\",\"@id\":\"https:\\\/\\\/www.esplac.cat\\\/#organization\",\"name\":\"Esplac\",\"url\":\"https:\\\/\\\/www.esplac.cat\\\/\",\"logo\":{\"@type\":\"ImageObject\",\"inLanguage\":\"es\",\"@id\":\"https:\\\/\\\/www.esplac.cat\\\/#\\\/schema\\\/logo\\\/image\\\/\",\"url\":\"https:\\\/\\\/www.esplac.cat\\\/wp-content\\\/uploads\\\/2019\\\/08\\\/logox2.png\",\"contentUrl\":\"https:\\\/\\\/www.esplac.cat\\\/wp-content\\\/uploads\\\/2019\\\/08\\\/logox2.png\",\"width\":600,\"height\":295,\"caption\":\"Esplac\"},\"image\":{\"@id\":\"https:\\\/\\\/www.esplac.cat\\\/#\\\/schema\\\/logo\\\/image\\\/\"}},{\"@type\":\"Person\",\"@id\":\"https:\\\/\\\/www.esplac.cat\\\/#\\\/schema\\\/person\\\/908383cf240be18b68f8855d0583faca\",\"name\":\"Comunicaci\u00f3 Esplac\",\"image\":{\"@type\":\"ImageObject\",\"inLanguage\":\"es\",\"@id\":\"https:\\\/\\\/secure.gravatar.com\\\/avatar\\\/7a4cf8feb412a76ea4a740ca02d95b06b2907b5a6c648c2dd0a1082a093c3141?s=96&d=mm&r=g\",\"url\":\"https:\\\/\\\/secure.gravatar.com\\\/avatar\\\/7a4cf8feb412a76ea4a740ca02d95b06b2907b5a6c648c2dd0a1082a093c3141?s=96&d=mm&r=g\",\"contentUrl\":\"https:\\\/\\\/secure.gravatar.com\\\/avatar\\\/7a4cf8feb412a76ea4a740ca02d95b06b2907b5a6c648c2dd0a1082a093c3141?s=96&d=mm&r=g\",\"caption\":\"Comunicaci\u00f3 Esplac\"}}]}<\/script>\n<!-- \/ Yoast SEO plugin. -->","yoast_head_json":{"title":"Signatura i accions pel Comprom\u00eds 22 d'Esplais Catalans - Esplac","robots":{"index":"index","follow":"follow","max-snippet":"max-snippet:-1","max-image-preview":"max-image-preview:large","max-video-preview":"max-video-preview:-1"},"canonical":"https:\/\/www.esplac.cat\/en\/signatura-accions-compromis-22-esplais-catalans\/","og_locale":"es_ES","og_type":"article","og_title":"Signatura i accions pel Comprom\u00eds 22 d'Esplais Catalans - Esplac","og_description":"El passat 11 de desembre Esplais Catalans sign\u00e0vem el Comprom\u00eds [&hellip;]","og_url":"https:\/\/www.esplac.cat\/en\/signatura-accions-compromis-22-esplais-catalans\/","og_site_name":"Esplac","article_published_time":"2013-01-25T12:04:19+00:00","article_modified_time":"2019-11-14T11:17:47+00:00","og_image":[{"width":587,"height":261,"url":"https:\/\/www.esplac.cat\/wp-content\/uploads\/2013\/01\/Captura-de-pantalla-2013-01-25-a-las-13.04.41.png","type":"image\/png"}],"author":"Comunicaci\u00f3 Esplac","twitter_card":"summary_large_image","twitter_misc":{"Escrito por":"Comunicaci\u00f3 Esplac","Tiempo de lectura":"2 minutos"},"schema":{"@context":"https:\/\/schema.org","@graph":[{"@type":"Article","@id":"https:\/\/www.esplac.cat\/en\/signatura-accions-compromis-22-esplais-catalans\/#article","isPartOf":{"@id":"https:\/\/www.esplac.cat\/en\/signatura-accions-compromis-22-esplais-catalans\/"},"author":{"name":"Comunicaci\u00f3 Esplac","@id":"https:\/\/www.esplac.cat\/#\/schema\/person\/908383cf240be18b68f8855d0583faca"},"headline":"Signatura i accions pel Comprom\u00eds 22 d&#8217;Esplais Catalans","datePublished":"2013-01-25T12:04:19+00:00","dateModified":"2019-11-14T11:17:47+00:00","mainEntityOfPage":{"@id":"https:\/\/www.esplac.cat\/en\/signatura-accions-compromis-22-esplais-catalans\/"},"wordCount":384,"commentCount":0,"publisher":{"@id":"https:\/\/www.esplac.cat\/#organization"},"image":{"@id":"https:\/\/www.esplac.cat\/en\/signatura-accions-compromis-22-esplais-catalans\/#primaryimage"},"thumbnailUrl":"https:\/\/www.esplac.cat\/wp-content\/uploads\/2013\/01\/Captura-de-pantalla-2013-01-25-a-las-13.04.41.png","keywords":["comprom\u00eds 22","reduint petjada"],"articleSection":["Activitats esplac","Comissi\u00f3 Reduint Petjada","Esplac al m\u00f3n"],"inLanguage":"es","potentialAction":[{"@type":"CommentAction","name":"Comment","target":["https:\/\/www.esplac.cat\/en\/signatura-accions-compromis-22-esplais-catalans\/#respond"]}]},{"@type":"WebPage","@id":"https:\/\/www.esplac.cat\/en\/signatura-accions-compromis-22-esplais-catalans\/","url":"https:\/\/www.esplac.cat\/en\/signatura-accions-compromis-22-esplais-catalans\/","name":"Signatura i accions pel Comprom\u00eds 22 d'Esplais Catalans - Esplac","isPartOf":{"@id":"https:\/\/www.esplac.cat\/#website"},"primaryImageOfPage":{"@id":"https:\/\/www.esplac.cat\/en\/signatura-accions-compromis-22-esplais-catalans\/#primaryimage"},"image":{"@id":"https:\/\/www.esplac.cat\/en\/signatura-accions-compromis-22-esplais-catalans\/#primaryimage"},"thumbnailUrl":"https:\/\/www.esplac.cat\/wp-content\/uploads\/2013\/01\/Captura-de-pantalla-2013-01-25-a-las-13.04.41.png","datePublished":"2013-01-25T12:04:19+00:00","dateModified":"2019-11-14T11:17:47+00:00","breadcrumb":{"@id":"https:\/\/www.esplac.cat\/en\/signatura-accions-compromis-22-esplais-catalans\/#breadcrumb"},"inLanguage":"es","potentialAction":[{"@type":"ReadAction","target":["https:\/\/www.esplac.cat\/en\/signatura-accions-compromis-22-esplais-catalans\/"]}]},{"@type":"ImageObject","inLanguage":"es","@id":"https:\/\/www.esplac.cat\/en\/signatura-accions-compromis-22-esplais-catalans\/#primaryimage","url":"https:\/\/www.esplac.cat\/wp-content\/uploads\/2013\/01\/Captura-de-pantalla-2013-01-25-a-las-13.04.41.png","contentUrl":"https:\/\/www.esplac.cat\/wp-content\/uploads\/2013\/01\/Captura-de-pantalla-2013-01-25-a-las-13.04.41.png","width":587,"height":261},{"@type":"BreadcrumbList","@id":"https:\/\/www.esplac.cat\/en\/signatura-accions-compromis-22-esplais-catalans\/#breadcrumb","itemListElement":[{"@type":"ListItem","position":1,"name":"Inici","item":"https:\/\/www.esplac.cat\/es\/"},{"@type":"ListItem","position":2,"name":"Signatura i accions pel Comprom\u00eds 22 d&#8217;Esplais Catalans"}]},{"@type":"WebSite","@id":"https:\/\/www.esplac.cat\/#website","url":"https:\/\/www.esplac.cat\/","name":"Esplac","description":"Esplais Catalans","publisher":{"@id":"https:\/\/www.esplac.cat\/#organization"},"potentialAction":[{"@type":"SearchAction","target":{"@type":"EntryPoint","urlTemplate":"https:\/\/www.esplac.cat\/?s={search_term_string}"},"query-input":{"@type":"PropertyValueSpecification","valueRequired":true,"valueName":"search_term_string"}}],"inLanguage":"es"},{"@type":"Organization","@id":"https:\/\/www.esplac.cat\/#organization","name":"Esplac","url":"https:\/\/www.esplac.cat\/","logo":{"@type":"ImageObject","inLanguage":"es","@id":"https:\/\/www.esplac.cat\/#\/schema\/logo\/image\/","url":"https:\/\/www.esplac.cat\/wp-content\/uploads\/2019\/08\/logox2.png","contentUrl":"https:\/\/www.esplac.cat\/wp-content\/uploads\/2019\/08\/logox2.png","width":600,"height":295,"caption":"Esplac"},"image":{"@id":"https:\/\/www.esplac.cat\/#\/schema\/logo\/image\/"}},{"@type":"Person","@id":"https:\/\/www.esplac.cat\/#\/schema\/person\/908383cf240be18b68f8855d0583faca","name":"Comunicaci\u00f3 Esplac","image":{"@type":"ImageObject","inLanguage":"es","@id":"https:\/\/secure.gravatar.com\/avatar\/7a4cf8feb412a76ea4a740ca02d95b06b2907b5a6c648c2dd0a1082a093c3141?s=96&d=mm&r=g","url":"https:\/\/secure.gravatar.com\/avatar\/7a4cf8feb412a76ea4a740ca02d95b06b2907b5a6c648c2dd0a1082a093c3141?s=96&d=mm&r=g","contentUrl":"https:\/\/secure.gravatar.com\/avatar\/7a4cf8feb412a76ea4a740ca02d95b06b2907b5a6c648c2dd0a1082a093c3141?s=96&d=mm&r=g","caption":"Comunicaci\u00f3 Esplac"}}]}},"_links":{"self":[{"href":"https:\/\/www.esplac.cat\/es\/wp-json\/wp\/v2\/posts\/25990","targetHints":{"allow":["GET"]}}],"collection":[{"href":"https:\/\/www.esplac.cat\/es\/wp-json\/wp\/v2\/posts"}],"about":[{"href":"https:\/\/www.esplac.cat\/es\/wp-json\/wp\/v2\/types\/post"}],"author":[{"embeddable":true,"href":"https:\/\/www.esplac.cat\/es\/wp-json\/wp\/v2\/users\/3"}],"replies":[{"embeddable":true,"href":"https:\/\/www.esplac.cat\/es\/wp-json\/wp\/v2\/comments?post=25990"}],"version-history":[{"count":0,"href":"https:\/\/www.esplac.cat\/es\/wp-json\/wp\/v2\/posts\/25990\/revisions"}],"wp:featuredmedia":[{"embeddable":true,"href":"https:\/\/www.esplac.cat\/es\/wp-json\/wp\/v2\/media\/25991"}],"wp:attachment":[{"href":"https:\/\/www.esplac.cat\/es\/wp-json\/wp\/v2\/media?parent=25990"}],"wp:term":[{"taxonomy":"category","embeddable":true,"href":"https:\/\/www.esplac.cat\/es\/wp-json\/wp\/v2\/categories?post=25990"},{"taxonomy":"post_tag","embeddable":true,"href":"https:\/\/www.esplac.cat\/es\/wp-json\/wp\/v2\/tags?post=25990"}],"curies":[{"name":"wp","href":"https:\/\/api.w.org\/{rel}","templated":true}]}}