{"id":25996,"date":"2013-01-16T10:15:12","date_gmt":"2013-01-16T08:15:12","guid":{"rendered":"http:\/\/esplac.cat\/?p=2655"},"modified":"2019-11-14T13:17:47","modified_gmt":"2019-11-14T11:17:47","slug":"lesplaier-verd-ens-demana-ajuda","status":"publish","type":"post","link":"https:\/\/www.esplac.cat\/es\/lesplaier-verd-ens-demana-ajuda\/","title":{"rendered":"L&#8217;Esplaier@ verd ens demana ajuda!"},"content":{"rendered":"<p align=\"JUSTIFY\">La <a href=\"http:\/\/prezi.com\/mjn7ilnw2bjb\/la-comissio-reduint-petjada-2012-13\/\">Comissi\u00f3 Reduint Petjada<\/a>, formada per diferents monitors i monitores de diferents sectors, treballa per donar suport als esplais amb la seva tasca sensibilitzadora i educadora envers el medi ambient.<\/p>\n<p align=\"JUSTIFY\">Aquest curs volem elaborar un recull, el <strong>Llibre de l&#8217;Esplaier@ verd<\/strong>, on hi podreu trobar:<\/p>\n<ul>\n<li>\n<p align=\"JUSTIFY\">el per qu\u00e8 fem i cal fer educaci\u00f3 ambiental a l&#8217;esplai<\/p>\n<\/li>\n<li>\n<p align=\"JUSTIFY\">bones pr\u00e0ctiques \/ experi\u00e8ncies dels esplais<\/p>\n<\/li>\n<li>\n<p align=\"JUSTIFY\">dec\u00e0leg per ser uns bons esplaier@s verds i esplai verd<\/p>\n<\/li>\n<\/ul>\n<p align=\"JUSTIFY\"><span style=\"color: #000000;\">Per a fer aquest recull, necessitem que els esplais hi col\u00b7laboreu emplenant una petita <a title=\"enquesta\" href=\"http:\/\/www.surveymonkey.com\/s\/JXZJMHZ\">enquesta on-line<\/a>. Agrairem que l&#8217;empleneu l&#8217;enquesta amb sinceritat i contestant tots els espais que pugueu. Aquesta informaci\u00f3 ens ajudar\u00e0 a con\u00e8ixer com treballeu els esplais aquest tema, detectar bones pr\u00e0ctiques i elaborar el llibre de l&#8217;esplaier@ verd.<\/span><\/p>\n<p style=\"text-align: center;\" align=\"JUSTIFY\">Emplena l&#8217;enquesta!<\/p>\n<p align=\"JUSTIFY\">A m\u00e9s uns animem a compartir les vostres activitats, experi\u00e8ncies&#8230; al Banc de Recursos. <a href=\"http:\/\/assac.esplac.cat\/\">Entreu-hi<\/a> i feu una ullada al que ja hi ha!<\/p>\n","protected":false},"excerpt":{"rendered":"<p>La Comissi\u00f3 Reduint Petjada, formada per diferents monitors i monitores [&hellip;]<\/p>\n","protected":false},"author":3,"featured_media":25997,"comment_status":"open","ping_status":"open","sticky":false,"template":"","format":"standard","meta":{"om_disable_all_campaigns":false,"_monsterinsights_skip_tracking":false,"_monsterinsights_sitenote_active":false,"_monsterinsights_sitenote_note":"","_monsterinsights_sitenote_category":0,"_uf_show_specific_survey":0,"_uf_disable_surveys":false,"footnotes":""},"categories":[1111,1161,1114],"tags":[82,83],"class_list":["post-25996","post","type-post","status-publish","format-standard","has-post-thumbnail","hentry","category-activitats-esplac","category-comissio-reduint-petjada","category-recursos","tag-educacio-ambiental","tag-reduint-petjada"],"yoast_head":"<!-- This site is optimized with the Yoast SEO plugin v27.5 - https:\/\/yoast.com\/product\/yoast-seo-wordpress\/ -->\n<title>L&#039;Esplaier@ verd ens demana ajuda! - Esplac<\/title>\n<meta name=\"robots\" content=\"index, follow, max-snippet:-1, max-image-preview:large, max-video-preview:-1\" \/>\n<link rel=\"canonical\" href=\"https:\/\/www.esplac.cat\/en\/lesplaier-verd-ens-demana-ajuda\/\" \/>\n<meta property=\"og:locale\" content=\"es_ES\" \/>\n<meta property=\"og:type\" content=\"article\" \/>\n<meta property=\"og:title\" content=\"L&#039;Esplaier@ verd ens demana ajuda! - Esplac\" \/>\n<meta property=\"og:description\" content=\"La Comissi\u00f3 Reduint Petjada, formada per diferents monitors i monitores [&hellip;]\" \/>\n<meta property=\"og:url\" content=\"https:\/\/www.esplac.cat\/en\/lesplaier-verd-ens-demana-ajuda\/\" \/>\n<meta property=\"og:site_name\" content=\"Esplac\" \/>\n<meta property=\"article:published_time\" content=\"2013-01-16T08:15:12+00:00\" \/>\n<meta property=\"article:modified_time\" content=\"2019-11-14T11:17:47+00:00\" \/>\n<meta property=\"og:image\" content=\"https:\/\/www.esplac.cat\/wp-content\/uploads\/2013\/01\/Esplaiada19-683x1024.jpg\" \/>\n\t<meta property=\"og:image:width\" content=\"683\" \/>\n\t<meta property=\"og:image:height\" content=\"1024\" \/>\n\t<meta property=\"og:image:type\" content=\"image\/jpeg\" \/>\n<meta name=\"author\" content=\"Comunicaci\u00f3 Esplac\" \/>\n<meta name=\"twitter:card\" content=\"summary_large_image\" \/>\n<meta name=\"twitter:label1\" content=\"Escrito por\" \/>\n\t<meta name=\"twitter:data1\" content=\"Comunicaci\u00f3 Esplac\" \/>\n\t<meta name=\"twitter:label2\" content=\"Tiempo de lectura\" \/>\n\t<meta name=\"twitter:data2\" content=\"1 minuto\" \/>\n<script type=\"application\/ld+json\" class=\"yoast-schema-graph\">{\"@context\":\"https:\\\/\\\/schema.org\",\"@graph\":[{\"@type\":\"Article\",\"@id\":\"https:\\\/\\\/www.esplac.cat\\\/en\\\/lesplaier-verd-ens-demana-ajuda\\\/#article\",\"isPartOf\":{\"@id\":\"https:\\\/\\\/www.esplac.cat\\\/en\\\/lesplaier-verd-ens-demana-ajuda\\\/\"},\"author\":{\"name\":\"Comunicaci\u00f3 Esplac\",\"@id\":\"https:\\\/\\\/www.esplac.cat\\\/#\\\/schema\\\/person\\\/908383cf240be18b68f8855d0583faca\"},\"headline\":\"L&#8217;Esplaier@ verd ens demana ajuda!\",\"datePublished\":\"2013-01-16T08:15:12+00:00\",\"dateModified\":\"2019-11-14T11:17:47+00:00\",\"mainEntityOfPage\":{\"@id\":\"https:\\\/\\\/www.esplac.cat\\\/en\\\/lesplaier-verd-ens-demana-ajuda\\\/\"},\"wordCount\":187,\"commentCount\":0,\"publisher\":{\"@id\":\"https:\\\/\\\/www.esplac.cat\\\/#organization\"},\"image\":{\"@id\":\"https:\\\/\\\/www.esplac.cat\\\/en\\\/lesplaier-verd-ens-demana-ajuda\\\/#primaryimage\"},\"thumbnailUrl\":\"https:\\\/\\\/www.esplac.cat\\\/wp-content\\\/uploads\\\/2013\\\/01\\\/Esplaiada19.jpg\",\"keywords\":[\"educacio ambiental\",\"reduint petjada\"],\"articleSection\":[\"Activitats esplac\",\"Comissi\u00f3 Reduint Petjada\",\"Recursos\"],\"inLanguage\":\"es\",\"potentialAction\":[{\"@type\":\"CommentAction\",\"name\":\"Comment\",\"target\":[\"https:\\\/\\\/www.esplac.cat\\\/en\\\/lesplaier-verd-ens-demana-ajuda\\\/#respond\"]}]},{\"@type\":\"WebPage\",\"@id\":\"https:\\\/\\\/www.esplac.cat\\\/en\\\/lesplaier-verd-ens-demana-ajuda\\\/\",\"url\":\"https:\\\/\\\/www.esplac.cat\\\/en\\\/lesplaier-verd-ens-demana-ajuda\\\/\",\"name\":\"L'Esplaier@ verd ens demana ajuda! - Esplac\",\"isPartOf\":{\"@id\":\"https:\\\/\\\/www.esplac.cat\\\/#website\"},\"primaryImageOfPage\":{\"@id\":\"https:\\\/\\\/www.esplac.cat\\\/en\\\/lesplaier-verd-ens-demana-ajuda\\\/#primaryimage\"},\"image\":{\"@id\":\"https:\\\/\\\/www.esplac.cat\\\/en\\\/lesplaier-verd-ens-demana-ajuda\\\/#primaryimage\"},\"thumbnailUrl\":\"https:\\\/\\\/www.esplac.cat\\\/wp-content\\\/uploads\\\/2013\\\/01\\\/Esplaiada19.jpg\",\"datePublished\":\"2013-01-16T08:15:12+00:00\",\"dateModified\":\"2019-11-14T11:17:47+00:00\",\"breadcrumb\":{\"@id\":\"https:\\\/\\\/www.esplac.cat\\\/en\\\/lesplaier-verd-ens-demana-ajuda\\\/#breadcrumb\"},\"inLanguage\":\"es\",\"potentialAction\":[{\"@type\":\"ReadAction\",\"target\":[\"https:\\\/\\\/www.esplac.cat\\\/en\\\/lesplaier-verd-ens-demana-ajuda\\\/\"]}]},{\"@type\":\"ImageObject\",\"inLanguage\":\"es\",\"@id\":\"https:\\\/\\\/www.esplac.cat\\\/en\\\/lesplaier-verd-ens-demana-ajuda\\\/#primaryimage\",\"url\":\"https:\\\/\\\/www.esplac.cat\\\/wp-content\\\/uploads\\\/2013\\\/01\\\/Esplaiada19.jpg\",\"contentUrl\":\"https:\\\/\\\/www.esplac.cat\\\/wp-content\\\/uploads\\\/2013\\\/01\\\/Esplaiada19.jpg\",\"width\":3413,\"height\":5120},{\"@type\":\"BreadcrumbList\",\"@id\":\"https:\\\/\\\/www.esplac.cat\\\/en\\\/lesplaier-verd-ens-demana-ajuda\\\/#breadcrumb\",\"itemListElement\":[{\"@type\":\"ListItem\",\"position\":1,\"name\":\"Inici\",\"item\":\"https:\\\/\\\/www.esplac.cat\\\/es\\\/\"},{\"@type\":\"ListItem\",\"position\":2,\"name\":\"L&#8217;Esplaier@ verd ens demana ajuda!\"}]},{\"@type\":\"WebSite\",\"@id\":\"https:\\\/\\\/www.esplac.cat\\\/#website\",\"url\":\"https:\\\/\\\/www.esplac.cat\\\/\",\"name\":\"Esplac\",\"description\":\"Esplais Catalans\",\"publisher\":{\"@id\":\"https:\\\/\\\/www.esplac.cat\\\/#organization\"},\"potentialAction\":[{\"@type\":\"SearchAction\",\"target\":{\"@type\":\"EntryPoint\",\"urlTemplate\":\"https:\\\/\\\/www.esplac.cat\\\/?s={search_term_string}\"},\"query-input\":{\"@type\":\"PropertyValueSpecification\",\"valueRequired\":true,\"valueName\":\"search_term_string\"}}],\"inLanguage\":\"es\"},{\"@type\":\"Organization\",\"@id\":\"https:\\\/\\\/www.esplac.cat\\\/#organization\",\"name\":\"Esplac\",\"url\":\"https:\\\/\\\/www.esplac.cat\\\/\",\"logo\":{\"@type\":\"ImageObject\",\"inLanguage\":\"es\",\"@id\":\"https:\\\/\\\/www.esplac.cat\\\/#\\\/schema\\\/logo\\\/image\\\/\",\"url\":\"https:\\\/\\\/www.esplac.cat\\\/wp-content\\\/uploads\\\/2019\\\/08\\\/logox2.png\",\"contentUrl\":\"https:\\\/\\\/www.esplac.cat\\\/wp-content\\\/uploads\\\/2019\\\/08\\\/logox2.png\",\"width\":600,\"height\":295,\"caption\":\"Esplac\"},\"image\":{\"@id\":\"https:\\\/\\\/www.esplac.cat\\\/#\\\/schema\\\/logo\\\/image\\\/\"}},{\"@type\":\"Person\",\"@id\":\"https:\\\/\\\/www.esplac.cat\\\/#\\\/schema\\\/person\\\/908383cf240be18b68f8855d0583faca\",\"name\":\"Comunicaci\u00f3 Esplac\",\"image\":{\"@type\":\"ImageObject\",\"inLanguage\":\"es\",\"@id\":\"https:\\\/\\\/secure.gravatar.com\\\/avatar\\\/7a4cf8feb412a76ea4a740ca02d95b06b2907b5a6c648c2dd0a1082a093c3141?s=96&d=mm&r=g\",\"url\":\"https:\\\/\\\/secure.gravatar.com\\\/avatar\\\/7a4cf8feb412a76ea4a740ca02d95b06b2907b5a6c648c2dd0a1082a093c3141?s=96&d=mm&r=g\",\"contentUrl\":\"https:\\\/\\\/secure.gravatar.com\\\/avatar\\\/7a4cf8feb412a76ea4a740ca02d95b06b2907b5a6c648c2dd0a1082a093c3141?s=96&d=mm&r=g\",\"caption\":\"Comunicaci\u00f3 Esplac\"}}]}<\/script>\n<!-- \/ Yoast SEO plugin. -->","yoast_head_json":{"title":"L'Esplaier@ verd ens demana ajuda! - Esplac","robots":{"index":"index","follow":"follow","max-snippet":"max-snippet:-1","max-image-preview":"max-image-preview:large","max-video-preview":"max-video-preview:-1"},"canonical":"https:\/\/www.esplac.cat\/en\/lesplaier-verd-ens-demana-ajuda\/","og_locale":"es_ES","og_type":"article","og_title":"L'Esplaier@ verd ens demana ajuda! - Esplac","og_description":"La Comissi\u00f3 Reduint Petjada, formada per diferents monitors i monitores [&hellip;]","og_url":"https:\/\/www.esplac.cat\/en\/lesplaier-verd-ens-demana-ajuda\/","og_site_name":"Esplac","article_published_time":"2013-01-16T08:15:12+00:00","article_modified_time":"2019-11-14T11:17:47+00:00","og_image":[{"width":683,"height":1024,"url":"https:\/\/www.esplac.cat\/wp-content\/uploads\/2013\/01\/Esplaiada19-683x1024.jpg","type":"image\/jpeg"}],"author":"Comunicaci\u00f3 Esplac","twitter_card":"summary_large_image","twitter_misc":{"Escrito por":"Comunicaci\u00f3 Esplac","Tiempo de lectura":"1 minuto"},"schema":{"@context":"https:\/\/schema.org","@graph":[{"@type":"Article","@id":"https:\/\/www.esplac.cat\/en\/lesplaier-verd-ens-demana-ajuda\/#article","isPartOf":{"@id":"https:\/\/www.esplac.cat\/en\/lesplaier-verd-ens-demana-ajuda\/"},"author":{"name":"Comunicaci\u00f3 Esplac","@id":"https:\/\/www.esplac.cat\/#\/schema\/person\/908383cf240be18b68f8855d0583faca"},"headline":"L&#8217;Esplaier@ verd ens demana ajuda!","datePublished":"2013-01-16T08:15:12+00:00","dateModified":"2019-11-14T11:17:47+00:00","mainEntityOfPage":{"@id":"https:\/\/www.esplac.cat\/en\/lesplaier-verd-ens-demana-ajuda\/"},"wordCount":187,"commentCount":0,"publisher":{"@id":"https:\/\/www.esplac.cat\/#organization"},"image":{"@id":"https:\/\/www.esplac.cat\/en\/lesplaier-verd-ens-demana-ajuda\/#primaryimage"},"thumbnailUrl":"https:\/\/www.esplac.cat\/wp-content\/uploads\/2013\/01\/Esplaiada19.jpg","keywords":["educacio ambiental","reduint petjada"],"articleSection":["Activitats esplac","Comissi\u00f3 Reduint Petjada","Recursos"],"inLanguage":"es","potentialAction":[{"@type":"CommentAction","name":"Comment","target":["https:\/\/www.esplac.cat\/en\/lesplaier-verd-ens-demana-ajuda\/#respond"]}]},{"@type":"WebPage","@id":"https:\/\/www.esplac.cat\/en\/lesplaier-verd-ens-demana-ajuda\/","url":"https:\/\/www.esplac.cat\/en\/lesplaier-verd-ens-demana-ajuda\/","name":"L'Esplaier@ verd ens demana ajuda! - Esplac","isPartOf":{"@id":"https:\/\/www.esplac.cat\/#website"},"primaryImageOfPage":{"@id":"https:\/\/www.esplac.cat\/en\/lesplaier-verd-ens-demana-ajuda\/#primaryimage"},"image":{"@id":"https:\/\/www.esplac.cat\/en\/lesplaier-verd-ens-demana-ajuda\/#primaryimage"},"thumbnailUrl":"https:\/\/www.esplac.cat\/wp-content\/uploads\/2013\/01\/Esplaiada19.jpg","datePublished":"2013-01-16T08:15:12+00:00","dateModified":"2019-11-14T11:17:47+00:00","breadcrumb":{"@id":"https:\/\/www.esplac.cat\/en\/lesplaier-verd-ens-demana-ajuda\/#breadcrumb"},"inLanguage":"es","potentialAction":[{"@type":"ReadAction","target":["https:\/\/www.esplac.cat\/en\/lesplaier-verd-ens-demana-ajuda\/"]}]},{"@type":"ImageObject","inLanguage":"es","@id":"https:\/\/www.esplac.cat\/en\/lesplaier-verd-ens-demana-ajuda\/#primaryimage","url":"https:\/\/www.esplac.cat\/wp-content\/uploads\/2013\/01\/Esplaiada19.jpg","contentUrl":"https:\/\/www.esplac.cat\/wp-content\/uploads\/2013\/01\/Esplaiada19.jpg","width":3413,"height":5120},{"@type":"BreadcrumbList","@id":"https:\/\/www.esplac.cat\/en\/lesplaier-verd-ens-demana-ajuda\/#breadcrumb","itemListElement":[{"@type":"ListItem","position":1,"name":"Inici","item":"https:\/\/www.esplac.cat\/es\/"},{"@type":"ListItem","position":2,"name":"L&#8217;Esplaier@ verd ens demana ajuda!"}]},{"@type":"WebSite","@id":"https:\/\/www.esplac.cat\/#website","url":"https:\/\/www.esplac.cat\/","name":"Esplac","description":"Esplais Catalans","publisher":{"@id":"https:\/\/www.esplac.cat\/#organization"},"potentialAction":[{"@type":"SearchAction","target":{"@type":"EntryPoint","urlTemplate":"https:\/\/www.esplac.cat\/?s={search_term_string}"},"query-input":{"@type":"PropertyValueSpecification","valueRequired":true,"valueName":"search_term_string"}}],"inLanguage":"es"},{"@type":"Organization","@id":"https:\/\/www.esplac.cat\/#organization","name":"Esplac","url":"https:\/\/www.esplac.cat\/","logo":{"@type":"ImageObject","inLanguage":"es","@id":"https:\/\/www.esplac.cat\/#\/schema\/logo\/image\/","url":"https:\/\/www.esplac.cat\/wp-content\/uploads\/2019\/08\/logox2.png","contentUrl":"https:\/\/www.esplac.cat\/wp-content\/uploads\/2019\/08\/logox2.png","width":600,"height":295,"caption":"Esplac"},"image":{"@id":"https:\/\/www.esplac.cat\/#\/schema\/logo\/image\/"}},{"@type":"Person","@id":"https:\/\/www.esplac.cat\/#\/schema\/person\/908383cf240be18b68f8855d0583faca","name":"Comunicaci\u00f3 Esplac","image":{"@type":"ImageObject","inLanguage":"es","@id":"https:\/\/secure.gravatar.com\/avatar\/7a4cf8feb412a76ea4a740ca02d95b06b2907b5a6c648c2dd0a1082a093c3141?s=96&d=mm&r=g","url":"https:\/\/secure.gravatar.com\/avatar\/7a4cf8feb412a76ea4a740ca02d95b06b2907b5a6c648c2dd0a1082a093c3141?s=96&d=mm&r=g","contentUrl":"https:\/\/secure.gravatar.com\/avatar\/7a4cf8feb412a76ea4a740ca02d95b06b2907b5a6c648c2dd0a1082a093c3141?s=96&d=mm&r=g","caption":"Comunicaci\u00f3 Esplac"}}]}},"_links":{"self":[{"href":"https:\/\/www.esplac.cat\/es\/wp-json\/wp\/v2\/posts\/25996","targetHints":{"allow":["GET"]}}],"collection":[{"href":"https:\/\/www.esplac.cat\/es\/wp-json\/wp\/v2\/posts"}],"about":[{"href":"https:\/\/www.esplac.cat\/es\/wp-json\/wp\/v2\/types\/post"}],"author":[{"embeddable":true,"href":"https:\/\/www.esplac.cat\/es\/wp-json\/wp\/v2\/users\/3"}],"replies":[{"embeddable":true,"href":"https:\/\/www.esplac.cat\/es\/wp-json\/wp\/v2\/comments?post=25996"}],"version-history":[{"count":0,"href":"https:\/\/www.esplac.cat\/es\/wp-json\/wp\/v2\/posts\/25996\/revisions"}],"wp:featuredmedia":[{"embeddable":true,"href":"https:\/\/www.esplac.cat\/es\/wp-json\/wp\/v2\/media\/25997"}],"wp:attachment":[{"href":"https:\/\/www.esplac.cat\/es\/wp-json\/wp\/v2\/media?parent=25996"}],"wp:term":[{"taxonomy":"category","embeddable":true,"href":"https:\/\/www.esplac.cat\/es\/wp-json\/wp\/v2\/categories?post=25996"},{"taxonomy":"post_tag","embeddable":true,"href":"https:\/\/www.esplac.cat\/es\/wp-json\/wp\/v2\/tags?post=25996"}],"curies":[{"name":"wp","href":"https:\/\/api.w.org\/{rel}","templated":true}]}}