{"id":25998,"date":"2013-01-15T17:49:12","date_gmt":"2013-01-15T15:49:12","guid":{"rendered":"http:\/\/esplac.cat\/?p=2638"},"modified":"2019-11-14T13:30:05","modified_gmt":"2019-11-14T11:30:05","slug":"mes-enlla-del-tercer-segona-i-el-tria-lesplai","status":"publish","type":"post","link":"https:\/\/www.esplac.cat\/es\/mes-enlla-del-tercer-segona-i-el-tria-lesplai\/","title":{"rendered":"M\u00e9s enll\u00e0 del Tercer Segona i el Tria l&#8217;esplai"},"content":{"rendered":"<p>Com ja vam anunciar, aquest curs hem tornat a posar en marxa el Consell de Redacci\u00f3 del <a title=\"Revista Tercer Segona\" href=\"http:\/\/esplac.cat\/publicacions\/tercer-segona\/\">Tercer Segona<\/a>, la nostra revista. Des de la primera reuni\u00f3, el nostre objectiu era repensar aquesta publicaci\u00f3, fer-la nostra adaptant-la als nous temps i a l&#8217;energia de l&#8217;esplai que corre per Esplac. Sobretot vol\u00edem que fos un projecte motivador, que gener\u00e9s debat entre les qui tenim ganes d&#8217;escriure i entre les qui la llegirem. Per la gent que formem part d&#8217;Esplais Catalans i tamb\u00e9 per la qui no.<\/p>\n<p>Un primer trimestre de pluges d&#8217;idees i de reflexi\u00f3 ens ha portat molt m\u00e9s enll\u00e0 del que ens imagin\u00e0vem. I \u00e9s que no nom\u00e9s ens hem fixat en el Tercer Segona, sin\u00f3 que tamb\u00e9 hem mirat la resta de l&#8217;ecosistema de publicacions d&#8217;Esplais Catalans. La nostra decisi\u00f3 ha estat fer el que ens semblava m\u00e9s coherent en el context actual: <strong>una publicaci\u00f3 digital que aplegu\u00e9s dos projectes, el Tercer Segona i el <a title=\"Tria l'esplai\" href=\"www.trialesplai.cat\">Tria l&#8217;esplai<\/a>.<\/strong><\/p>\n<p>Aix\u00ed doncs, aquest mes de gener \u00abnaixer\u00e0 una filla\u00bb d&#8217;aquests dos projectes amb un altre nom (que de moment no revelarem \ud83d\ude09 i un altre format. Ser\u00e0 una <strong>revista digital<\/strong> amb articles de coneixement, opini\u00f3, humor, entrevistes i, com veniem fent a trialesplai.cat, amb moltes experi\u00e8ncies i<strong> #energiadelesplai<\/strong>. Parlarem de voluntariat, xarxes socials, fam\u00edlies, associacionisme, cuina de campaments, pedagogia, can\u00e7ons, pel\u00b7l\u00edcules i tots els temes que se&#8217;ns acudeixin, sempre al voltant del context de l&#8217;esplai i dels valors que hi promovem.<\/p>\n<p>El <strong>Consell de Redacci\u00f3<\/strong> ens esfor\u00e7arem perqu\u00e8 tot aix\u00f2 sigui interessant, dist\u00e9s, divertit i que, de tant en tant, hi trobeu alguna sorpresa agradable. Per\u00f2 esperem tamb\u00e9 que tots i totes hi digueu la vostra. Volem comentaris, articles, propostes i materials perqu\u00e8 aquesta nova criatura esplaiera creixi de la m\u00e0 de tots i totes! I per suposat, si teniu inter\u00e8s de formar part del Consell, nom\u00e9s cal que us poseu en contacte amb nosaltres fent un mail a comunicacio@esplac.cat!<\/p>\n","protected":false},"excerpt":{"rendered":"<p>Com ja vam anunciar, aquest curs hem tornat a posar [&hellip;]<\/p>\n","protected":false},"author":3,"featured_media":25999,"comment_status":"open","ping_status":"open","sticky":false,"template":"","format":"standard","meta":{"om_disable_all_campaigns":false,"_monsterinsights_skip_tracking":false,"_monsterinsights_sitenote_active":false,"_monsterinsights_sitenote_note":"","_monsterinsights_sitenote_category":0,"_uf_show_specific_survey":0,"_uf_disable_surveys":false,"footnotes":""},"categories":[1111,1162],"tags":[78,39,41,79],"class_list":["post-25998","post","type-post","status-publish","format-standard","has-post-thumbnail","hentry","category-activitats-esplac","category-linies-pedagogiques","tag-ck","tag-consell-de-redaccio","tag-tercer-segona","tag-tria-lesplai"],"yoast_head":"<!-- This site is optimized with the Yoast SEO plugin v27.5 - https:\/\/yoast.com\/product\/yoast-seo-wordpress\/ -->\n<title>M\u00e9s enll\u00e0 del Tercer Segona i el Tria l&#039;esplai - Esplac<\/title>\n<meta name=\"robots\" content=\"index, follow, max-snippet:-1, max-image-preview:large, max-video-preview:-1\" \/>\n<link rel=\"canonical\" href=\"https:\/\/www.esplac.cat\/mes-enlla-del-tercer-segona-i-el-tria-lesplai\/\" \/>\n<meta property=\"og:locale\" content=\"es_ES\" \/>\n<meta property=\"og:type\" content=\"article\" \/>\n<meta property=\"og:title\" content=\"M\u00e9s enll\u00e0 del Tercer Segona i el Tria l&#039;esplai - Esplac\" \/>\n<meta property=\"og:description\" content=\"Com ja vam anunciar, aquest curs hem tornat a posar [&hellip;]\" \/>\n<meta property=\"og:url\" content=\"https:\/\/www.esplac.cat\/mes-enlla-del-tercer-segona-i-el-tria-lesplai\/\" \/>\n<meta property=\"og:site_name\" content=\"Esplac\" \/>\n<meta property=\"article:published_time\" content=\"2013-01-15T15:49:12+00:00\" \/>\n<meta property=\"article:modified_time\" content=\"2019-11-14T11:30:05+00:00\" \/>\n<meta property=\"og:image\" content=\"https:\/\/www.esplac.cat\/wp-content\/uploads\/2012\/10\/revista_tercer_segona.jpg\" \/>\n\t<meta property=\"og:image:width\" content=\"2592\" \/>\n\t<meta property=\"og:image:height\" content=\"1552\" \/>\n\t<meta property=\"og:image:type\" content=\"image\/jpeg\" \/>\n<meta name=\"author\" content=\"Comunicaci\u00f3 Esplac\" \/>\n<meta name=\"twitter:card\" content=\"summary_large_image\" \/>\n<meta name=\"twitter:label1\" content=\"Escrito por\" \/>\n\t<meta name=\"twitter:data1\" content=\"Comunicaci\u00f3 Esplac\" \/>\n\t<meta name=\"twitter:label2\" content=\"Tiempo de lectura\" \/>\n\t<meta name=\"twitter:data2\" content=\"2 minutos\" \/>\n<script type=\"application\/ld+json\" class=\"yoast-schema-graph\">{\"@context\":\"https:\\\/\\\/schema.org\",\"@graph\":[{\"@type\":\"Article\",\"@id\":\"https:\\\/\\\/www.esplac.cat\\\/mes-enlla-del-tercer-segona-i-el-tria-lesplai\\\/#article\",\"isPartOf\":{\"@id\":\"https:\\\/\\\/www.esplac.cat\\\/mes-enlla-del-tercer-segona-i-el-tria-lesplai\\\/\"},\"author\":{\"name\":\"Comunicaci\u00f3 Esplac\",\"@id\":\"https:\\\/\\\/www.esplac.cat\\\/#\\\/schema\\\/person\\\/908383cf240be18b68f8855d0583faca\"},\"headline\":\"M\u00e9s enll\u00e0 del Tercer Segona i el Tria l&#8217;esplai\",\"datePublished\":\"2013-01-15T15:49:12+00:00\",\"dateModified\":\"2019-11-14T11:30:05+00:00\",\"mainEntityOfPage\":{\"@id\":\"https:\\\/\\\/www.esplac.cat\\\/mes-enlla-del-tercer-segona-i-el-tria-lesplai\\\/\"},\"wordCount\":359,\"commentCount\":0,\"publisher\":{\"@id\":\"https:\\\/\\\/www.esplac.cat\\\/#organization\"},\"image\":{\"@id\":\"https:\\\/\\\/www.esplac.cat\\\/mes-enlla-del-tercer-segona-i-el-tria-lesplai\\\/#primaryimage\"},\"thumbnailUrl\":\"https:\\\/\\\/www.esplac.cat\\\/wp-content\\\/uploads\\\/2012\\\/10\\\/revista_tercer_segona.jpg\",\"keywords\":[\"ck\",\"consell de redacci\u00f3\",\"tercer segona\",\"tria l'esplai\"],\"articleSection\":[\"Activitats esplac\",\"L\u00ednies pedag\u00f2giques\"],\"inLanguage\":\"es\",\"potentialAction\":[{\"@type\":\"CommentAction\",\"name\":\"Comment\",\"target\":[\"https:\\\/\\\/www.esplac.cat\\\/mes-enlla-del-tercer-segona-i-el-tria-lesplai\\\/#respond\"]}]},{\"@type\":\"WebPage\",\"@id\":\"https:\\\/\\\/www.esplac.cat\\\/mes-enlla-del-tercer-segona-i-el-tria-lesplai\\\/\",\"url\":\"https:\\\/\\\/www.esplac.cat\\\/mes-enlla-del-tercer-segona-i-el-tria-lesplai\\\/\",\"name\":\"M\u00e9s enll\u00e0 del Tercer Segona i el Tria l'esplai - Esplac\",\"isPartOf\":{\"@id\":\"https:\\\/\\\/www.esplac.cat\\\/#website\"},\"primaryImageOfPage\":{\"@id\":\"https:\\\/\\\/www.esplac.cat\\\/mes-enlla-del-tercer-segona-i-el-tria-lesplai\\\/#primaryimage\"},\"image\":{\"@id\":\"https:\\\/\\\/www.esplac.cat\\\/mes-enlla-del-tercer-segona-i-el-tria-lesplai\\\/#primaryimage\"},\"thumbnailUrl\":\"https:\\\/\\\/www.esplac.cat\\\/wp-content\\\/uploads\\\/2012\\\/10\\\/revista_tercer_segona.jpg\",\"datePublished\":\"2013-01-15T15:49:12+00:00\",\"dateModified\":\"2019-11-14T11:30:05+00:00\",\"breadcrumb\":{\"@id\":\"https:\\\/\\\/www.esplac.cat\\\/mes-enlla-del-tercer-segona-i-el-tria-lesplai\\\/#breadcrumb\"},\"inLanguage\":\"es\",\"potentialAction\":[{\"@type\":\"ReadAction\",\"target\":[\"https:\\\/\\\/www.esplac.cat\\\/mes-enlla-del-tercer-segona-i-el-tria-lesplai\\\/\"]}]},{\"@type\":\"ImageObject\",\"inLanguage\":\"es\",\"@id\":\"https:\\\/\\\/www.esplac.cat\\\/mes-enlla-del-tercer-segona-i-el-tria-lesplai\\\/#primaryimage\",\"url\":\"https:\\\/\\\/www.esplac.cat\\\/wp-content\\\/uploads\\\/2012\\\/10\\\/revista_tercer_segona.jpg\",\"contentUrl\":\"https:\\\/\\\/www.esplac.cat\\\/wp-content\\\/uploads\\\/2012\\\/10\\\/revista_tercer_segona.jpg\",\"width\":2592,\"height\":1552},{\"@type\":\"BreadcrumbList\",\"@id\":\"https:\\\/\\\/www.esplac.cat\\\/mes-enlla-del-tercer-segona-i-el-tria-lesplai\\\/#breadcrumb\",\"itemListElement\":[{\"@type\":\"ListItem\",\"position\":1,\"name\":\"Inici\",\"item\":\"https:\\\/\\\/www.esplac.cat\\\/es\\\/\"},{\"@type\":\"ListItem\",\"position\":2,\"name\":\"M\u00e9s enll\u00e0 del Tercer Segona i el Tria l&#8217;esplai\"}]},{\"@type\":\"WebSite\",\"@id\":\"https:\\\/\\\/www.esplac.cat\\\/#website\",\"url\":\"https:\\\/\\\/www.esplac.cat\\\/\",\"name\":\"Esplac\",\"description\":\"Esplais Catalans\",\"publisher\":{\"@id\":\"https:\\\/\\\/www.esplac.cat\\\/#organization\"},\"potentialAction\":[{\"@type\":\"SearchAction\",\"target\":{\"@type\":\"EntryPoint\",\"urlTemplate\":\"https:\\\/\\\/www.esplac.cat\\\/?s={search_term_string}\"},\"query-input\":{\"@type\":\"PropertyValueSpecification\",\"valueRequired\":true,\"valueName\":\"search_term_string\"}}],\"inLanguage\":\"es\"},{\"@type\":\"Organization\",\"@id\":\"https:\\\/\\\/www.esplac.cat\\\/#organization\",\"name\":\"Esplac\",\"url\":\"https:\\\/\\\/www.esplac.cat\\\/\",\"logo\":{\"@type\":\"ImageObject\",\"inLanguage\":\"es\",\"@id\":\"https:\\\/\\\/www.esplac.cat\\\/#\\\/schema\\\/logo\\\/image\\\/\",\"url\":\"https:\\\/\\\/www.esplac.cat\\\/wp-content\\\/uploads\\\/2019\\\/08\\\/logox2.png\",\"contentUrl\":\"https:\\\/\\\/www.esplac.cat\\\/wp-content\\\/uploads\\\/2019\\\/08\\\/logox2.png\",\"width\":600,\"height\":295,\"caption\":\"Esplac\"},\"image\":{\"@id\":\"https:\\\/\\\/www.esplac.cat\\\/#\\\/schema\\\/logo\\\/image\\\/\"}},{\"@type\":\"Person\",\"@id\":\"https:\\\/\\\/www.esplac.cat\\\/#\\\/schema\\\/person\\\/908383cf240be18b68f8855d0583faca\",\"name\":\"Comunicaci\u00f3 Esplac\",\"image\":{\"@type\":\"ImageObject\",\"inLanguage\":\"es\",\"@id\":\"https:\\\/\\\/secure.gravatar.com\\\/avatar\\\/7a4cf8feb412a76ea4a740ca02d95b06b2907b5a6c648c2dd0a1082a093c3141?s=96&d=mm&r=g\",\"url\":\"https:\\\/\\\/secure.gravatar.com\\\/avatar\\\/7a4cf8feb412a76ea4a740ca02d95b06b2907b5a6c648c2dd0a1082a093c3141?s=96&d=mm&r=g\",\"contentUrl\":\"https:\\\/\\\/secure.gravatar.com\\\/avatar\\\/7a4cf8feb412a76ea4a740ca02d95b06b2907b5a6c648c2dd0a1082a093c3141?s=96&d=mm&r=g\",\"caption\":\"Comunicaci\u00f3 Esplac\"}}]}<\/script>\n<!-- \/ Yoast SEO plugin. -->","yoast_head_json":{"title":"M\u00e9s enll\u00e0 del Tercer Segona i el Tria l'esplai - Esplac","robots":{"index":"index","follow":"follow","max-snippet":"max-snippet:-1","max-image-preview":"max-image-preview:large","max-video-preview":"max-video-preview:-1"},"canonical":"https:\/\/www.esplac.cat\/mes-enlla-del-tercer-segona-i-el-tria-lesplai\/","og_locale":"es_ES","og_type":"article","og_title":"M\u00e9s enll\u00e0 del Tercer Segona i el Tria l'esplai - Esplac","og_description":"Com ja vam anunciar, aquest curs hem tornat a posar [&hellip;]","og_url":"https:\/\/www.esplac.cat\/mes-enlla-del-tercer-segona-i-el-tria-lesplai\/","og_site_name":"Esplac","article_published_time":"2013-01-15T15:49:12+00:00","article_modified_time":"2019-11-14T11:30:05+00:00","og_image":[{"width":2592,"height":1552,"url":"https:\/\/www.esplac.cat\/wp-content\/uploads\/2012\/10\/revista_tercer_segona.jpg","type":"image\/jpeg"}],"author":"Comunicaci\u00f3 Esplac","twitter_card":"summary_large_image","twitter_misc":{"Escrito por":"Comunicaci\u00f3 Esplac","Tiempo de lectura":"2 minutos"},"schema":{"@context":"https:\/\/schema.org","@graph":[{"@type":"Article","@id":"https:\/\/www.esplac.cat\/mes-enlla-del-tercer-segona-i-el-tria-lesplai\/#article","isPartOf":{"@id":"https:\/\/www.esplac.cat\/mes-enlla-del-tercer-segona-i-el-tria-lesplai\/"},"author":{"name":"Comunicaci\u00f3 Esplac","@id":"https:\/\/www.esplac.cat\/#\/schema\/person\/908383cf240be18b68f8855d0583faca"},"headline":"M\u00e9s enll\u00e0 del Tercer Segona i el Tria l&#8217;esplai","datePublished":"2013-01-15T15:49:12+00:00","dateModified":"2019-11-14T11:30:05+00:00","mainEntityOfPage":{"@id":"https:\/\/www.esplac.cat\/mes-enlla-del-tercer-segona-i-el-tria-lesplai\/"},"wordCount":359,"commentCount":0,"publisher":{"@id":"https:\/\/www.esplac.cat\/#organization"},"image":{"@id":"https:\/\/www.esplac.cat\/mes-enlla-del-tercer-segona-i-el-tria-lesplai\/#primaryimage"},"thumbnailUrl":"https:\/\/www.esplac.cat\/wp-content\/uploads\/2012\/10\/revista_tercer_segona.jpg","keywords":["ck","consell de redacci\u00f3","tercer segona","tria l'esplai"],"articleSection":["Activitats esplac","L\u00ednies pedag\u00f2giques"],"inLanguage":"es","potentialAction":[{"@type":"CommentAction","name":"Comment","target":["https:\/\/www.esplac.cat\/mes-enlla-del-tercer-segona-i-el-tria-lesplai\/#respond"]}]},{"@type":"WebPage","@id":"https:\/\/www.esplac.cat\/mes-enlla-del-tercer-segona-i-el-tria-lesplai\/","url":"https:\/\/www.esplac.cat\/mes-enlla-del-tercer-segona-i-el-tria-lesplai\/","name":"M\u00e9s enll\u00e0 del Tercer Segona i el Tria l'esplai - Esplac","isPartOf":{"@id":"https:\/\/www.esplac.cat\/#website"},"primaryImageOfPage":{"@id":"https:\/\/www.esplac.cat\/mes-enlla-del-tercer-segona-i-el-tria-lesplai\/#primaryimage"},"image":{"@id":"https:\/\/www.esplac.cat\/mes-enlla-del-tercer-segona-i-el-tria-lesplai\/#primaryimage"},"thumbnailUrl":"https:\/\/www.esplac.cat\/wp-content\/uploads\/2012\/10\/revista_tercer_segona.jpg","datePublished":"2013-01-15T15:49:12+00:00","dateModified":"2019-11-14T11:30:05+00:00","breadcrumb":{"@id":"https:\/\/www.esplac.cat\/mes-enlla-del-tercer-segona-i-el-tria-lesplai\/#breadcrumb"},"inLanguage":"es","potentialAction":[{"@type":"ReadAction","target":["https:\/\/www.esplac.cat\/mes-enlla-del-tercer-segona-i-el-tria-lesplai\/"]}]},{"@type":"ImageObject","inLanguage":"es","@id":"https:\/\/www.esplac.cat\/mes-enlla-del-tercer-segona-i-el-tria-lesplai\/#primaryimage","url":"https:\/\/www.esplac.cat\/wp-content\/uploads\/2012\/10\/revista_tercer_segona.jpg","contentUrl":"https:\/\/www.esplac.cat\/wp-content\/uploads\/2012\/10\/revista_tercer_segona.jpg","width":2592,"height":1552},{"@type":"BreadcrumbList","@id":"https:\/\/www.esplac.cat\/mes-enlla-del-tercer-segona-i-el-tria-lesplai\/#breadcrumb","itemListElement":[{"@type":"ListItem","position":1,"name":"Inici","item":"https:\/\/www.esplac.cat\/es\/"},{"@type":"ListItem","position":2,"name":"M\u00e9s enll\u00e0 del Tercer Segona i el Tria l&#8217;esplai"}]},{"@type":"WebSite","@id":"https:\/\/www.esplac.cat\/#website","url":"https:\/\/www.esplac.cat\/","name":"Esplac","description":"Esplais Catalans","publisher":{"@id":"https:\/\/www.esplac.cat\/#organization"},"potentialAction":[{"@type":"SearchAction","target":{"@type":"EntryPoint","urlTemplate":"https:\/\/www.esplac.cat\/?s={search_term_string}"},"query-input":{"@type":"PropertyValueSpecification","valueRequired":true,"valueName":"search_term_string"}}],"inLanguage":"es"},{"@type":"Organization","@id":"https:\/\/www.esplac.cat\/#organization","name":"Esplac","url":"https:\/\/www.esplac.cat\/","logo":{"@type":"ImageObject","inLanguage":"es","@id":"https:\/\/www.esplac.cat\/#\/schema\/logo\/image\/","url":"https:\/\/www.esplac.cat\/wp-content\/uploads\/2019\/08\/logox2.png","contentUrl":"https:\/\/www.esplac.cat\/wp-content\/uploads\/2019\/08\/logox2.png","width":600,"height":295,"caption":"Esplac"},"image":{"@id":"https:\/\/www.esplac.cat\/#\/schema\/logo\/image\/"}},{"@type":"Person","@id":"https:\/\/www.esplac.cat\/#\/schema\/person\/908383cf240be18b68f8855d0583faca","name":"Comunicaci\u00f3 Esplac","image":{"@type":"ImageObject","inLanguage":"es","@id":"https:\/\/secure.gravatar.com\/avatar\/7a4cf8feb412a76ea4a740ca02d95b06b2907b5a6c648c2dd0a1082a093c3141?s=96&d=mm&r=g","url":"https:\/\/secure.gravatar.com\/avatar\/7a4cf8feb412a76ea4a740ca02d95b06b2907b5a6c648c2dd0a1082a093c3141?s=96&d=mm&r=g","contentUrl":"https:\/\/secure.gravatar.com\/avatar\/7a4cf8feb412a76ea4a740ca02d95b06b2907b5a6c648c2dd0a1082a093c3141?s=96&d=mm&r=g","caption":"Comunicaci\u00f3 Esplac"}}]}},"_links":{"self":[{"href":"https:\/\/www.esplac.cat\/es\/wp-json\/wp\/v2\/posts\/25998","targetHints":{"allow":["GET"]}}],"collection":[{"href":"https:\/\/www.esplac.cat\/es\/wp-json\/wp\/v2\/posts"}],"about":[{"href":"https:\/\/www.esplac.cat\/es\/wp-json\/wp\/v2\/types\/post"}],"author":[{"embeddable":true,"href":"https:\/\/www.esplac.cat\/es\/wp-json\/wp\/v2\/users\/3"}],"replies":[{"embeddable":true,"href":"https:\/\/www.esplac.cat\/es\/wp-json\/wp\/v2\/comments?post=25998"}],"version-history":[{"count":0,"href":"https:\/\/www.esplac.cat\/es\/wp-json\/wp\/v2\/posts\/25998\/revisions"}],"wp:featuredmedia":[{"embeddable":true,"href":"https:\/\/www.esplac.cat\/es\/wp-json\/wp\/v2\/media\/25999"}],"wp:attachment":[{"href":"https:\/\/www.esplac.cat\/es\/wp-json\/wp\/v2\/media?parent=25998"}],"wp:term":[{"taxonomy":"category","embeddable":true,"href":"https:\/\/www.esplac.cat\/es\/wp-json\/wp\/v2\/categories?post=25998"},{"taxonomy":"post_tag","embeddable":true,"href":"https:\/\/www.esplac.cat\/es\/wp-json\/wp\/v2\/tags?post=25998"}],"curies":[{"name":"wp","href":"https:\/\/api.w.org\/{rel}","templated":true}]}}