{"id":26003,"date":"2012-12-19T20:19:24","date_gmt":"2012-12-19T18:19:24","guid":{"rendered":"http:\/\/esplac.cat\/?p=2606"},"modified":"2012-12-19T20:19:24","modified_gmt":"2012-12-19T18:19:24","slug":"bona-practica-relleu-esplai","status":"publish","type":"post","link":"https:\/\/www.esplac.cat\/es\/bona-practica-relleu-esplai\/","title":{"rendered":"Bona pr\u00e0ctica: relleu a l&#8217;esplai"},"content":{"rendered":"<p><!--:CA--><span style=\"color: #000000;\">Per tots \u00e9s sabut que l&#8217;etapa de monitors i monitores a la nostra vida tard o d&#8217;hora, s&#8217;acaba i\u00a0<\/span><span style=\"color: #000000;\">que el treball que hem anat fent per l&#8217;entitat no ha de marxar amb nosaltres. Per aix\u00f2, els esplais necessitem treballar el relleu generacional i ens cal saber coses com fer traspassos d&#8217;informaci\u00f3 \u00a0o com dotar els i les joves de l&#8217;entitat amb les eines necess\u00e0ries per fer de monitor o monitora. Tot seguit veurem com els esplais Movi de Sarri\u00e0 de Barcelona, la <a title=\"Esplai Peti ki peti\" href=\"http:\/\/esplaipetikipeti.blogspot.com\/\">Peti ki Peti<\/a> del Baix Llobregat i <a title=\"Esplai el Piolet\" href=\"https:\/\/www.facebook.com\/elpiolet\">el Piolet<\/a> del Vall\u00e8s treballen el relleu a l&#8217;esplai.<\/span><\/p>\n<ul>\n<li><strong>Movi de Sarri\u00e0 i l&#8217;equip d&#8217;Iniciaci\u00f3<\/strong><\/li>\n<\/ul>\n<p>\u00abIniciaci\u00f3\u201d \u00e9s un equip de monitors que vetlla per la formaci\u00f3 de monitors i premonitors de l\u2019esplai aix\u00ed com donar de nous recursos per tot l\u2019equip de monitors. Aquesta formaci\u00f3 tracta tant explicar com funciona l\u2019esplai, com les eines pedag\u00f2giques que tenim o que ens manquen. \u00a0L&#8217;equip d&#8217;Iniciaci\u00f3 esdev\u00e9 un referent pels premonitors i s\u2019encarreguen de mantenir-los vinculats a l\u2019esplai durant el temps que s\u00f3n \u201cJoves\u201d i per tant no tenen monitors. Normalment a aquesta fase d&#8217;iniciaci\u00f3 hi ha monitors que no porten grup de nens\/es i es poden ocupar d&#8217;obtenir una visi\u00f3 global de l\u2019esplai.<\/p>\n<p>Si en voleu saber m\u00e9s podeu consultar el <a href=\"http:\/\/esplac.cat\/wp-content\/uploads\/2012\/12\/dossiers_iniciacio.zip\">dossier sobre relleu del Movi de Sarri\u00e0<\/a>.<\/p>\n<ul>\n<li><strong>Peti Ki Peti i l&#8217;acompanyament dels pre-monitors i pre-monitores<\/strong><\/li>\n<\/ul>\n<p><span style=\"color: #000000;\">A l&#8217;esplai Peti Ki Peti, el curs en que els joves fan 18 anys, passen a ser part activa del grup de monitors, amb tots els drets i deures per\u00f2 no amb les mateixes<\/span><span style=\"color: #000000;\">\u00a0responsabilitats. Formen un grup anomenat \u201cPre-monitors\u201d i porten tamb\u00e9 un grup d&#8217;edat dintre de l&#8217;esplai. Cada pre-monitor, t\u00e9 un monitor referent amb m\u00e9s experi\u00e8ncia a l&#8217;esplai per ajudar-lo a trobar el seu lloc i donar-li recolzament. Aquest monitor de refer\u00e8ncia, tamb\u00e9 comparteix grup de dissabte amb el seu pre-monitor. Els objectius sobre relleu a treballar amb els pre-monitors i pre-monitores s&#8217;estableixen partint d&#8217;un an\u00e0lisi tant del moment que est\u00e0 passant l&#8217;esplai i l&#8217;equip de monitores i monitors.<\/span><\/p>\n<ul>\n<li><strong>El Piolet i l&#8217;assessorament sector Vall\u00e8s<\/strong><\/li>\n<\/ul>\n<p>L&#8217;esplai El Piolet est\u00e0 duent a terme un proc\u00e9s de relleu amb bastant \u00e8xit i amb metodologies diferents als dos exemples anteriors. Despr\u00e9s de detectar un problema de relleu a l&#8217;esplai, el punt d&#8217;inflexi\u00f3 pel Piolet va ser l&#8217;assessorament que van rebre dels esplais del sector en una barbacoa tem\u00e0tica sobre relleu. En aquesta v\u00e0ren assistir 5 esplais i, en format taula rodona, van anar intercanviant les experi\u00e8ncies i dificultats que cadasc\u00fa es trobava en el relleu. Despr\u00e9s d&#8217;aquest intercanvi d&#8217;experi\u00e8ncies, un punt fort que ha treballat el Piolet ha estat el relleu vingut de fora de l&#8217;esplai, \u00e9s a dir, no del grup de joves (que en el seu cas compr\u00e9n joves de 15 i 16 anys), sin\u00f3 d&#8217;amistats i coneguts dels monitors i monitores.<br \/>\n\u00c9s una experi\u00e8ncia que ens recorda que no nom\u00e9s existeix el relleu des de dins de l&#8217;entitat, perqu\u00e8 tot i no tenir joves d&#8217;edat suficient, el relleu pot venir des de fora. I a m\u00e9s, posa de manifest el gran sentit que t\u00e9 fer xarxa i intercanviar experi\u00e8ncies entre els esplais.<\/p>\n<p>Bona feina esplai Movi, Peti i Piolet! I vosaltres t<span style=\"color: #000000;\">reballeu el relleu? Com ho feu al vostre esplai? Expliqueu-nos-ho als comentaris!\u00a0<\/span><!--:--><!--:es--><span style=\"color: #000000;\">Per tots \u00e9s sabut que l&#8217;etapa de monitors i monitores a la nostra vida tard o d&#8217;hora, s&#8217;acaba i\u00a0<\/span><span style=\"color: #000000;\">que el treball que hem anat fent per l&#8217;entitat no ha de marxar amb nosaltres. Per aix\u00f2, els esplais necessitem treballar el relleu generacional i ens cal saber coses com fer traspassos d&#8217;informaci\u00f3 \u00a0o com dotar els i les joves de l&#8217;entitat amb les eines necess\u00e0ries per fer de monitor o monitora. Tot seguit veurem com els esplais Movi de Sarri\u00e0 de Barcelona, la <a title=\"Esplai Peti ki peti\" href=\"http:\/\/esplaipetikipeti.blogspot.com\/\">Peti ki Peti<\/a> del Baix Llobregat i <a title=\"Esplai el Piolet\" href=\"https:\/\/www.facebook.com\/elpiolet\">el Piolet<\/a> del Vall\u00e8s treballen el relleu a l&#8217;esplai.<\/span><\/p>\n<ul>\n<li><strong>Movi de Sarri\u00e0 i l&#8217;equip d&#8217;Iniciaci\u00f3<\/strong><\/li>\n<\/ul>\n<p>\u00abIniciaci\u00f3\u201d \u00e9s un equip de monitors que vetlla per la formaci\u00f3 de monitors i premonitors de l\u2019esplai aix\u00ed com donar de nous recursos per tot l\u2019equip de monitors. Aquesta formaci\u00f3 tracta tant explicar com funciona l\u2019esplai, com les eines pedag\u00f2giques que tenim o que ens manquen. \u00a0L&#8217;equip d&#8217;Iniciaci\u00f3 esdev\u00e9 un referent pels premonitors i s\u2019encarreguen de mantenir-los vinculats a l\u2019esplai durant el temps que s\u00f3n \u201cJoves\u201d i per tant no tenen monitors. Normalment a aquesta fase d&#8217;iniciaci\u00f3 hi ha monitors que no porten grup de nens\/es i es poden ocupar d&#8217;obtenir una visi\u00f3 global de l\u2019esplai.<\/p>\n<p>Si en voleu saber m\u00e9s podeu consultar el <a href=\"http:\/\/esplac.cat\/wp-content\/uploads\/2012\/12\/dossiers_iniciacio.zip\">dossier sobre relleu del Movi de Sarri\u00e0<\/a>.<\/p>\n<ul>\n<li><strong>Peti Ki Peti i l&#8217;acompanyament dels pre-monitors i pre-monitores<\/strong><\/li>\n<\/ul>\n<p><span style=\"color: #000000;\">A l&#8217;esplai Peti Ki Peti, el curs en que els joves fan 18 anys, passen a ser part activa del grup de monitors, amb tots els drets i deures per\u00f2 no amb les mateixes<\/span><span style=\"color: #000000;\">\u00a0responsabilitats. Formen un grup anomenat \u201cPre-monitors\u201d i porten tamb\u00e9 un grup d&#8217;edat dintre de l&#8217;esplai. Cada pre-monitor, t\u00e9 un monitor referent amb m\u00e9s experi\u00e8ncia a l&#8217;esplai per ajudar-lo a trobar el seu lloc i donar-li recolzament. Aquest monitor de refer\u00e8ncia, tamb\u00e9 comparteix grup de dissabte amb el seu pre-monitor. Els objectius sobre relleu a treballar amb els pre-monitors i pre-monitores s&#8217;estableixen partint d&#8217;un an\u00e0lisi tant del moment que est\u00e0 passant l&#8217;esplai i l&#8217;equip de monitores i monitors.<\/span><\/p>\n<ul>\n<li><strong>El Piolet i l&#8217;assessorament sector Vall\u00e8s<\/strong><\/li>\n<\/ul>\n<p>L&#8217;esplai El Piolet est\u00e0 duent a terme un proc\u00e9s de relleu amb bastant \u00e8xit i amb metodologies diferents als dos exemples anteriors. Despr\u00e9s de detectar un problema de relleu a l&#8217;esplai, el punt d&#8217;inflexi\u00f3 pel Piolet va ser l&#8217;assessorament que van rebre dels esplais del sector en una barbacoa tem\u00e0tica sobre relleu. En aquesta v\u00e0ren assistir 5 esplais i, en format taula rodona, van anar intercanviant les experi\u00e8ncies i dificultats que cadasc\u00fa es trobava en el relleu. Despr\u00e9s d&#8217;aquest intercanvi d&#8217;experi\u00e8ncies, un punt fort que ha treballat el Piolet ha estat el relleu vingut de fora de l&#8217;esplai, \u00e9s a dir, no del grup de joves (que en el seu cas compr\u00e9n joves de 15 i 16 anys), sin\u00f3 d&#8217;amistats i coneguts dels monitors i monitores.<br \/>\n\u00c9s una experi\u00e8ncia que ens recorda que no nom\u00e9s existeix el relleu des de dins de l&#8217;entitat, perqu\u00e8 tot i no tenir joves d&#8217;edat suficient, el relleu pot venir des de fora. I a m\u00e9s, posa de manifest el gran sentit que t\u00e9 fer xarxa i intercanviar experi\u00e8ncies entre els esplais.<\/p>\n<p>Bona feina esplai Movi, Peti i Piolet! I vosaltres t<span style=\"color: #000000;\">reballeu el relleu? Com ho feu al vostre esplai? Expliqueu-nos-ho als comentaris!\u00a0<\/span><\/p>\n<p><!--:--><!--:en--><span style=\"color: #000000;\">Per tots \u00e9s sabut que l&#8217;etapa de monitors i monitores a la nostra vida tard o d&#8217;hora, s&#8217;acaba i\u00a0<\/span><span style=\"color: #000000;\">que el treball que hem anat fent per l&#8217;entitat no ha de marxar amb nosaltres. Per aix\u00f2, els esplais necessitem treballar el relleu generacional i ens cal saber coses com fer traspassos d&#8217;informaci\u00f3 \u00a0o com dotar els i les joves de l&#8217;entitat amb les eines necess\u00e0ries per fer de monitor o monitora. Tot seguit veurem com els esplais Movi de Sarri\u00e0 de Barcelona, la <a title=\"Esplai Peti ki peti\" href=\"http:\/\/esplaipetikipeti.blogspot.com\/\">Peti ki Peti<\/a> del Baix Llobregat i <a title=\"Esplai el Piolet\" href=\"https:\/\/www.facebook.com\/elpiolet\">el Piolet<\/a> del Vall\u00e8s treballen el relleu a l&#8217;esplai.<\/span><\/p>\n<ul>\n<li><strong>Movi de Sarri\u00e0 i l&#8217;equip d&#8217;Iniciaci\u00f3<\/strong><\/li>\n<\/ul>\n<p>\u00abIniciaci\u00f3\u201d \u00e9s un equip de monitors que vetlla per la formaci\u00f3 de monitors i premonitors de l\u2019esplai aix\u00ed com donar de nous recursos per tot l\u2019equip de monitors. Aquesta formaci\u00f3 tracta tant explicar com funciona l\u2019esplai, com les eines pedag\u00f2giques que tenim o que ens manquen. \u00a0L&#8217;equip d&#8217;Iniciaci\u00f3 esdev\u00e9 un referent pels premonitors i s\u2019encarreguen de mantenir-los vinculats a l\u2019esplai durant el temps que s\u00f3n \u201cJoves\u201d i per tant no tenen monitors. Normalment a aquesta fase d&#8217;iniciaci\u00f3 hi ha monitors que no porten grup de nens\/es i es poden ocupar d&#8217;obtenir una visi\u00f3 global de l\u2019esplai.<\/p>\n<p>Si en voleu saber m\u00e9s podeu consultar el <a href=\"http:\/\/esplac.cat\/wp-content\/uploads\/2012\/12\/dossiers_iniciacio.zip\">dossier sobre relleu del Movi de Sarri\u00e0<\/a>.<\/p>\n<ul>\n<li><strong>Peti Ki Peti i l&#8217;acompanyament dels pre-monitors i pre-monitores<\/strong><\/li>\n<\/ul>\n<p><span style=\"color: #000000;\">A l&#8217;esplai Peti Ki Peti, el curs en que els joves fan 18 anys, passen a ser part activa del grup de monitors, amb tots els drets i deures per\u00f2 no amb les mateixes<\/span><span style=\"color: #000000;\">\u00a0responsabilitats. Formen un grup anomenat \u201cPre-monitors\u201d i porten tamb\u00e9 un grup d&#8217;edat dintre de l&#8217;esplai. Cada pre-monitor, t\u00e9 un monitor referent amb m\u00e9s experi\u00e8ncia a l&#8217;esplai per ajudar-lo a trobar el seu lloc i donar-li recolzament. Aquest monitor de refer\u00e8ncia, tamb\u00e9 comparteix grup de dissabte amb el seu pre-monitor. Els objectius sobre relleu a treballar amb els pre-monitors i pre-monitores s&#8217;estableixen partint d&#8217;un an\u00e0lisi tant del moment que est\u00e0 passant l&#8217;esplai i l&#8217;equip de monitores i monitors.<\/span><\/p>\n<ul>\n<li><strong>El Piolet i l&#8217;assessorament sector Vall\u00e8s<\/strong><\/li>\n<\/ul>\n<p>L&#8217;esplai El Piolet est\u00e0 duent a terme un proc\u00e9s de relleu amb bastant \u00e8xit i amb metodologies diferents als dos exemples anteriors. Despr\u00e9s de detectar un problema de relleu a l&#8217;esplai, el punt d&#8217;inflexi\u00f3 pel Piolet va ser l&#8217;assessorament que van rebre dels esplais del sector en una barbacoa tem\u00e0tica sobre relleu. En aquesta v\u00e0ren assistir 5 esplais i, en format taula rodona, van anar intercanviant les experi\u00e8ncies i dificultats que cadasc\u00fa es trobava en el relleu. Despr\u00e9s d&#8217;aquest intercanvi d&#8217;experi\u00e8ncies, un punt fort que ha treballat el Piolet ha estat el relleu vingut de fora de l&#8217;esplai, \u00e9s a dir, no del grup de joves (que en el seu cas compr\u00e9n joves de 15 i 16 anys), sin\u00f3 d&#8217;amistats i coneguts dels monitors i monitores.<br \/>\n\u00c9s una experi\u00e8ncia que ens recorda que no nom\u00e9s existeix el relleu des de dins de l&#8217;entitat, perqu\u00e8 tot i no tenir joves d&#8217;edat suficient, el relleu pot venir des de fora. I a m\u00e9s, posa de manifest el gran sentit que t\u00e9 fer xarxa i intercanviar experi\u00e8ncies entre els esplais.<\/p>\n<p>Bona feina esplai Movi, Peti i Piolet! I vosaltres t<span style=\"color: #000000;\">reballeu el relleu? Com ho feu al vostre esplai? Expliqueu-nos-ho als comentaris!\u00a0<\/span><\/p>\n<p><!--:--><!--:fr--><span style=\"color: #000000;\">Per tots \u00e9s sabut que l&#8217;etapa de monitors i monitores a la nostra vida tard o d&#8217;hora, s&#8217;acaba i\u00a0<\/span><span style=\"color: #000000;\">que el treball que hem anat fent per l&#8217;entitat no ha de marxar amb nosaltres. Per aix\u00f2, els esplais necessitem treballar el relleu generacional i ens cal saber coses com fer traspassos d&#8217;informaci\u00f3 \u00a0o com dotar els i les joves de l&#8217;entitat amb les eines necess\u00e0ries per fer de monitor o monitora. Tot seguit veurem com els esplais Movi de Sarri\u00e0 de Barcelona, la <a title=\"Esplai Peti ki peti\" href=\"http:\/\/esplaipetikipeti.blogspot.com\/\">Peti ki Peti<\/a> del Baix Llobregat i <a title=\"Esplai el Piolet\" href=\"https:\/\/www.facebook.com\/elpiolet\">el Piolet<\/a> del Vall\u00e8s treballen el relleu a l&#8217;esplai.<\/span><\/p>\n<ul>\n<li><strong>Movi de Sarri\u00e0 i l&#8217;equip d&#8217;Iniciaci\u00f3<\/strong><\/li>\n<\/ul>\n<p>\u00abIniciaci\u00f3\u201d \u00e9s un equip de monitors que vetlla per la formaci\u00f3 de monitors i premonitors de l\u2019esplai aix\u00ed com donar de nous recursos per tot l\u2019equip de monitors. Aquesta formaci\u00f3 tracta tant explicar com funciona l\u2019esplai, com les eines pedag\u00f2giques que tenim o que ens manquen. \u00a0L&#8217;equip d&#8217;Iniciaci\u00f3 esdev\u00e9 un referent pels premonitors i s\u2019encarreguen de mantenir-los vinculats a l\u2019esplai durant el temps que s\u00f3n \u201cJoves\u201d i per tant no tenen monitors. Normalment a aquesta fase d&#8217;iniciaci\u00f3 hi ha monitors que no porten grup de nens\/es i es poden ocupar d&#8217;obtenir una visi\u00f3 global de l\u2019esplai.<\/p>\n<p>Si en voleu saber m\u00e9s podeu consultar el <a href=\"http:\/\/esplac.cat\/wp-content\/uploads\/2012\/12\/dossiers_iniciacio.zip\">dossier sobre relleu del Movi de Sarri\u00e0<\/a>.<\/p>\n<ul>\n<li><strong>Peti Ki Peti i l&#8217;acompanyament dels pre-monitors i pre-monitores<\/strong><\/li>\n<\/ul>\n<p><span style=\"color: #000000;\">A l&#8217;esplai Peti Ki Peti, el curs en que els joves fan 18 anys, passen a ser part activa del grup de monitors, amb tots els drets i deures per\u00f2 no amb les mateixes<\/span><span style=\"color: #000000;\">\u00a0responsabilitats. Formen un grup anomenat \u201cPre-monitors\u201d i porten tamb\u00e9 un grup d&#8217;edat dintre de l&#8217;esplai. Cada pre-monitor, t\u00e9 un monitor referent amb m\u00e9s experi\u00e8ncia a l&#8217;esplai per ajudar-lo a trobar el seu lloc i donar-li recolzament. Aquest monitor de refer\u00e8ncia, tamb\u00e9 comparteix grup de dissabte amb el seu pre-monitor. Els objectius sobre relleu a treballar amb els pre-monitors i pre-monitores s&#8217;estableixen partint d&#8217;un an\u00e0lisi tant del moment que est\u00e0 passant l&#8217;esplai i l&#8217;equip de monitores i monitors.<\/span><\/p>\n<ul>\n<li><strong>El Piolet i l&#8217;assessorament sector Vall\u00e8s<\/strong><\/li>\n<\/ul>\n<p>L&#8217;esplai El Piolet est\u00e0 duent a terme un proc\u00e9s de relleu amb bastant \u00e8xit i amb metodologies diferents als dos exemples anteriors. Despr\u00e9s de detectar un problema de relleu a l&#8217;esplai, el punt d&#8217;inflexi\u00f3 pel Piolet va ser l&#8217;assessorament que van rebre dels esplais del sector en una barbacoa tem\u00e0tica sobre relleu. En aquesta v\u00e0ren assistir 5 esplais i, en format taula rodona, van anar intercanviant les experi\u00e8ncies i dificultats que cadasc\u00fa es trobava en el relleu. Despr\u00e9s d&#8217;aquest intercanvi d&#8217;experi\u00e8ncies, un punt fort que ha treballat el Piolet ha estat el relleu vingut de fora de l&#8217;esplai, \u00e9s a dir, no del grup de joves (que en el seu cas compr\u00e9n joves de 15 i 16 anys), sin\u00f3 d&#8217;amistats i coneguts dels monitors i monitores.<br \/>\n\u00c9s una experi\u00e8ncia que ens recorda que no nom\u00e9s existeix el relleu des de dins de l&#8217;entitat, perqu\u00e8 tot i no tenir joves d&#8217;edat suficient, el relleu pot venir des de fora. I a m\u00e9s, posa de manifest el gran sentit que t\u00e9 fer xarxa i intercanviar experi\u00e8ncies entre els esplais.<\/p>\n<p>Bona feina esplai Movi, Peti i Piolet! I vosaltres t<span style=\"color: #000000;\">reballeu el relleu? Com ho feu al vostre esplai? Expliqueu-nos-ho als comentaris!\u00a0<\/span><\/p>\n<p><!--:--><\/p>\n","protected":false},"excerpt":{"rendered":"<p>Per tots \u00e9s sabut que l&#8217;etapa de monitors i monitores [&hellip;]<\/p>\n","protected":false},"author":3,"featured_media":26004,"comment_status":"open","ping_status":"open","sticky":false,"template":"","format":"standard","meta":{"om_disable_all_campaigns":false,"_monsterinsights_skip_tracking":false,"_monsterinsights_sitenote_active":false,"_monsterinsights_sitenote_note":"","_monsterinsights_sitenote_category":0,"_uf_show_specific_survey":0,"_uf_disable_surveys":false,"footnotes":""},"categories":[1121],"tags":[67,77],"class_list":["post-26003","post","type-post","status-publish","format-standard","has-post-thumbnail","hentry","category-bones-practiques-2","tag-bones-practiques","tag-relleu-generacional"],"yoast_head":"<!-- This site is optimized with the Yoast SEO plugin v27.4 - https:\/\/yoast.com\/product\/yoast-seo-wordpress\/ -->\n<title>Bona pr\u00e0ctica: relleu a l&#039;esplai - Esplac<\/title>\n<meta name=\"robots\" content=\"index, follow, max-snippet:-1, max-image-preview:large, max-video-preview:-1\" \/>\n<link rel=\"canonical\" href=\"https:\/\/www.esplac.cat\/bona-practica-relleu-esplai\/\" \/>\n<meta property=\"og:locale\" content=\"es_ES\" \/>\n<meta property=\"og:type\" content=\"article\" \/>\n<meta property=\"og:title\" content=\"Bona pr\u00e0ctica: relleu a l&#039;esplai - Esplac\" \/>\n<meta property=\"og:description\" content=\"Per tots \u00e9s sabut que l&#8217;etapa de monitors i monitores [&hellip;]\" \/>\n<meta property=\"og:url\" content=\"https:\/\/www.esplac.cat\/bona-practica-relleu-esplai\/\" \/>\n<meta property=\"og:site_name\" content=\"Esplac\" \/>\n<meta property=\"article:published_time\" content=\"2012-12-19T18:19:24+00:00\" \/>\n<meta property=\"og:image\" content=\"https:\/\/www.esplac.cat\/wp-content\/uploads\/2012\/12\/Relleu_newsletter3.jpg\" \/>\n\t<meta property=\"og:image:width\" content=\"2516\" \/>\n\t<meta property=\"og:image:height\" content=\"1036\" \/>\n\t<meta property=\"og:image:type\" content=\"image\/jpeg\" \/>\n<meta name=\"author\" content=\"Comunicaci\u00f3 Esplac\" \/>\n<meta name=\"twitter:card\" content=\"summary_large_image\" \/>\n<meta name=\"twitter:label1\" content=\"Escrito por\" \/>\n\t<meta name=\"twitter:data1\" content=\"Comunicaci\u00f3 Esplac\" \/>\n\t<meta name=\"twitter:label2\" content=\"Tiempo de lectura\" \/>\n\t<meta name=\"twitter:data2\" content=\"11 minutos\" \/>\n<script type=\"application\/ld+json\" class=\"yoast-schema-graph\">{\"@context\":\"https:\\\/\\\/schema.org\",\"@graph\":[{\"@type\":\"Article\",\"@id\":\"https:\\\/\\\/www.esplac.cat\\\/bona-practica-relleu-esplai\\\/#article\",\"isPartOf\":{\"@id\":\"https:\\\/\\\/www.esplac.cat\\\/bona-practica-relleu-esplai\\\/\"},\"author\":{\"name\":\"Comunicaci\u00f3 Esplac\",\"@id\":\"https:\\\/\\\/www.esplac.cat\\\/#\\\/schema\\\/person\\\/908383cf240be18b68f8855d0583faca\"},\"headline\":\"Bona pr\u00e0ctica: relleu a l&#8217;esplai\",\"datePublished\":\"2012-12-19T18:19:24+00:00\",\"mainEntityOfPage\":{\"@id\":\"https:\\\/\\\/www.esplac.cat\\\/bona-practica-relleu-esplai\\\/\"},\"wordCount\":2399,\"commentCount\":0,\"publisher\":{\"@id\":\"https:\\\/\\\/www.esplac.cat\\\/#organization\"},\"image\":{\"@id\":\"https:\\\/\\\/www.esplac.cat\\\/bona-practica-relleu-esplai\\\/#primaryimage\"},\"thumbnailUrl\":\"https:\\\/\\\/www.esplac.cat\\\/wp-content\\\/uploads\\\/2012\\\/12\\\/Relleu_newsletter3.jpg\",\"keywords\":[\"bones pr\u00e0ctiques\",\"relleu generacional\"],\"articleSection\":[\"Bones pr\u00e0ctiques\"],\"inLanguage\":\"es\",\"potentialAction\":[{\"@type\":\"CommentAction\",\"name\":\"Comment\",\"target\":[\"https:\\\/\\\/www.esplac.cat\\\/bona-practica-relleu-esplai\\\/#respond\"]}]},{\"@type\":\"WebPage\",\"@id\":\"https:\\\/\\\/www.esplac.cat\\\/bona-practica-relleu-esplai\\\/\",\"url\":\"https:\\\/\\\/www.esplac.cat\\\/bona-practica-relleu-esplai\\\/\",\"name\":\"Bona pr\u00e0ctica: relleu a l'esplai - Esplac\",\"isPartOf\":{\"@id\":\"https:\\\/\\\/www.esplac.cat\\\/#website\"},\"primaryImageOfPage\":{\"@id\":\"https:\\\/\\\/www.esplac.cat\\\/bona-practica-relleu-esplai\\\/#primaryimage\"},\"image\":{\"@id\":\"https:\\\/\\\/www.esplac.cat\\\/bona-practica-relleu-esplai\\\/#primaryimage\"},\"thumbnailUrl\":\"https:\\\/\\\/www.esplac.cat\\\/wp-content\\\/uploads\\\/2012\\\/12\\\/Relleu_newsletter3.jpg\",\"datePublished\":\"2012-12-19T18:19:24+00:00\",\"breadcrumb\":{\"@id\":\"https:\\\/\\\/www.esplac.cat\\\/bona-practica-relleu-esplai\\\/#breadcrumb\"},\"inLanguage\":\"es\",\"potentialAction\":[{\"@type\":\"ReadAction\",\"target\":[\"https:\\\/\\\/www.esplac.cat\\\/bona-practica-relleu-esplai\\\/\"]}]},{\"@type\":\"ImageObject\",\"inLanguage\":\"es\",\"@id\":\"https:\\\/\\\/www.esplac.cat\\\/bona-practica-relleu-esplai\\\/#primaryimage\",\"url\":\"https:\\\/\\\/www.esplac.cat\\\/wp-content\\\/uploads\\\/2012\\\/12\\\/Relleu_newsletter3.jpg\",\"contentUrl\":\"https:\\\/\\\/www.esplac.cat\\\/wp-content\\\/uploads\\\/2012\\\/12\\\/Relleu_newsletter3.jpg\",\"width\":2516,\"height\":1036},{\"@type\":\"BreadcrumbList\",\"@id\":\"https:\\\/\\\/www.esplac.cat\\\/bona-practica-relleu-esplai\\\/#breadcrumb\",\"itemListElement\":[{\"@type\":\"ListItem\",\"position\":1,\"name\":\"Inici\",\"item\":\"https:\\\/\\\/www.esplac.cat\\\/es\\\/\"},{\"@type\":\"ListItem\",\"position\":2,\"name\":\"Bona pr\u00e0ctica: relleu a l&#8217;esplai\"}]},{\"@type\":\"WebSite\",\"@id\":\"https:\\\/\\\/www.esplac.cat\\\/#website\",\"url\":\"https:\\\/\\\/www.esplac.cat\\\/\",\"name\":\"Esplac\",\"description\":\"Esplais Catalans\",\"publisher\":{\"@id\":\"https:\\\/\\\/www.esplac.cat\\\/#organization\"},\"potentialAction\":[{\"@type\":\"SearchAction\",\"target\":{\"@type\":\"EntryPoint\",\"urlTemplate\":\"https:\\\/\\\/www.esplac.cat\\\/?s={search_term_string}\"},\"query-input\":{\"@type\":\"PropertyValueSpecification\",\"valueRequired\":true,\"valueName\":\"search_term_string\"}}],\"inLanguage\":\"es\"},{\"@type\":\"Organization\",\"@id\":\"https:\\\/\\\/www.esplac.cat\\\/#organization\",\"name\":\"Esplac\",\"url\":\"https:\\\/\\\/www.esplac.cat\\\/\",\"logo\":{\"@type\":\"ImageObject\",\"inLanguage\":\"es\",\"@id\":\"https:\\\/\\\/www.esplac.cat\\\/#\\\/schema\\\/logo\\\/image\\\/\",\"url\":\"https:\\\/\\\/www.esplac.cat\\\/wp-content\\\/uploads\\\/2019\\\/08\\\/logox2.png\",\"contentUrl\":\"https:\\\/\\\/www.esplac.cat\\\/wp-content\\\/uploads\\\/2019\\\/08\\\/logox2.png\",\"width\":600,\"height\":295,\"caption\":\"Esplac\"},\"image\":{\"@id\":\"https:\\\/\\\/www.esplac.cat\\\/#\\\/schema\\\/logo\\\/image\\\/\"}},{\"@type\":\"Person\",\"@id\":\"https:\\\/\\\/www.esplac.cat\\\/#\\\/schema\\\/person\\\/908383cf240be18b68f8855d0583faca\",\"name\":\"Comunicaci\u00f3 Esplac\",\"image\":{\"@type\":\"ImageObject\",\"inLanguage\":\"es\",\"@id\":\"https:\\\/\\\/secure.gravatar.com\\\/avatar\\\/7a4cf8feb412a76ea4a740ca02d95b06b2907b5a6c648c2dd0a1082a093c3141?s=96&d=mm&r=g\",\"url\":\"https:\\\/\\\/secure.gravatar.com\\\/avatar\\\/7a4cf8feb412a76ea4a740ca02d95b06b2907b5a6c648c2dd0a1082a093c3141?s=96&d=mm&r=g\",\"contentUrl\":\"https:\\\/\\\/secure.gravatar.com\\\/avatar\\\/7a4cf8feb412a76ea4a740ca02d95b06b2907b5a6c648c2dd0a1082a093c3141?s=96&d=mm&r=g\",\"caption\":\"Comunicaci\u00f3 Esplac\"}}]}<\/script>\n<!-- \/ Yoast SEO plugin. -->","yoast_head_json":{"title":"Bona pr\u00e0ctica: relleu a l'esplai - Esplac","robots":{"index":"index","follow":"follow","max-snippet":"max-snippet:-1","max-image-preview":"max-image-preview:large","max-video-preview":"max-video-preview:-1"},"canonical":"https:\/\/www.esplac.cat\/bona-practica-relleu-esplai\/","og_locale":"es_ES","og_type":"article","og_title":"Bona pr\u00e0ctica: relleu a l'esplai - Esplac","og_description":"Per tots \u00e9s sabut que l&#8217;etapa de monitors i monitores [&hellip;]","og_url":"https:\/\/www.esplac.cat\/bona-practica-relleu-esplai\/","og_site_name":"Esplac","article_published_time":"2012-12-19T18:19:24+00:00","og_image":[{"width":2516,"height":1036,"url":"https:\/\/www.esplac.cat\/wp-content\/uploads\/2012\/12\/Relleu_newsletter3.jpg","type":"image\/jpeg"}],"author":"Comunicaci\u00f3 Esplac","twitter_card":"summary_large_image","twitter_misc":{"Escrito por":"Comunicaci\u00f3 Esplac","Tiempo de lectura":"11 minutos"},"schema":{"@context":"https:\/\/schema.org","@graph":[{"@type":"Article","@id":"https:\/\/www.esplac.cat\/bona-practica-relleu-esplai\/#article","isPartOf":{"@id":"https:\/\/www.esplac.cat\/bona-practica-relleu-esplai\/"},"author":{"name":"Comunicaci\u00f3 Esplac","@id":"https:\/\/www.esplac.cat\/#\/schema\/person\/908383cf240be18b68f8855d0583faca"},"headline":"Bona pr\u00e0ctica: relleu a l&#8217;esplai","datePublished":"2012-12-19T18:19:24+00:00","mainEntityOfPage":{"@id":"https:\/\/www.esplac.cat\/bona-practica-relleu-esplai\/"},"wordCount":2399,"commentCount":0,"publisher":{"@id":"https:\/\/www.esplac.cat\/#organization"},"image":{"@id":"https:\/\/www.esplac.cat\/bona-practica-relleu-esplai\/#primaryimage"},"thumbnailUrl":"https:\/\/www.esplac.cat\/wp-content\/uploads\/2012\/12\/Relleu_newsletter3.jpg","keywords":["bones pr\u00e0ctiques","relleu generacional"],"articleSection":["Bones pr\u00e0ctiques"],"inLanguage":"es","potentialAction":[{"@type":"CommentAction","name":"Comment","target":["https:\/\/www.esplac.cat\/bona-practica-relleu-esplai\/#respond"]}]},{"@type":"WebPage","@id":"https:\/\/www.esplac.cat\/bona-practica-relleu-esplai\/","url":"https:\/\/www.esplac.cat\/bona-practica-relleu-esplai\/","name":"Bona pr\u00e0ctica: relleu a l'esplai - Esplac","isPartOf":{"@id":"https:\/\/www.esplac.cat\/#website"},"primaryImageOfPage":{"@id":"https:\/\/www.esplac.cat\/bona-practica-relleu-esplai\/#primaryimage"},"image":{"@id":"https:\/\/www.esplac.cat\/bona-practica-relleu-esplai\/#primaryimage"},"thumbnailUrl":"https:\/\/www.esplac.cat\/wp-content\/uploads\/2012\/12\/Relleu_newsletter3.jpg","datePublished":"2012-12-19T18:19:24+00:00","breadcrumb":{"@id":"https:\/\/www.esplac.cat\/bona-practica-relleu-esplai\/#breadcrumb"},"inLanguage":"es","potentialAction":[{"@type":"ReadAction","target":["https:\/\/www.esplac.cat\/bona-practica-relleu-esplai\/"]}]},{"@type":"ImageObject","inLanguage":"es","@id":"https:\/\/www.esplac.cat\/bona-practica-relleu-esplai\/#primaryimage","url":"https:\/\/www.esplac.cat\/wp-content\/uploads\/2012\/12\/Relleu_newsletter3.jpg","contentUrl":"https:\/\/www.esplac.cat\/wp-content\/uploads\/2012\/12\/Relleu_newsletter3.jpg","width":2516,"height":1036},{"@type":"BreadcrumbList","@id":"https:\/\/www.esplac.cat\/bona-practica-relleu-esplai\/#breadcrumb","itemListElement":[{"@type":"ListItem","position":1,"name":"Inici","item":"https:\/\/www.esplac.cat\/es\/"},{"@type":"ListItem","position":2,"name":"Bona pr\u00e0ctica: relleu a l&#8217;esplai"}]},{"@type":"WebSite","@id":"https:\/\/www.esplac.cat\/#website","url":"https:\/\/www.esplac.cat\/","name":"Esplac","description":"Esplais Catalans","publisher":{"@id":"https:\/\/www.esplac.cat\/#organization"},"potentialAction":[{"@type":"SearchAction","target":{"@type":"EntryPoint","urlTemplate":"https:\/\/www.esplac.cat\/?s={search_term_string}"},"query-input":{"@type":"PropertyValueSpecification","valueRequired":true,"valueName":"search_term_string"}}],"inLanguage":"es"},{"@type":"Organization","@id":"https:\/\/www.esplac.cat\/#organization","name":"Esplac","url":"https:\/\/www.esplac.cat\/","logo":{"@type":"ImageObject","inLanguage":"es","@id":"https:\/\/www.esplac.cat\/#\/schema\/logo\/image\/","url":"https:\/\/www.esplac.cat\/wp-content\/uploads\/2019\/08\/logox2.png","contentUrl":"https:\/\/www.esplac.cat\/wp-content\/uploads\/2019\/08\/logox2.png","width":600,"height":295,"caption":"Esplac"},"image":{"@id":"https:\/\/www.esplac.cat\/#\/schema\/logo\/image\/"}},{"@type":"Person","@id":"https:\/\/www.esplac.cat\/#\/schema\/person\/908383cf240be18b68f8855d0583faca","name":"Comunicaci\u00f3 Esplac","image":{"@type":"ImageObject","inLanguage":"es","@id":"https:\/\/secure.gravatar.com\/avatar\/7a4cf8feb412a76ea4a740ca02d95b06b2907b5a6c648c2dd0a1082a093c3141?s=96&d=mm&r=g","url":"https:\/\/secure.gravatar.com\/avatar\/7a4cf8feb412a76ea4a740ca02d95b06b2907b5a6c648c2dd0a1082a093c3141?s=96&d=mm&r=g","contentUrl":"https:\/\/secure.gravatar.com\/avatar\/7a4cf8feb412a76ea4a740ca02d95b06b2907b5a6c648c2dd0a1082a093c3141?s=96&d=mm&r=g","caption":"Comunicaci\u00f3 Esplac"}}]}},"_links":{"self":[{"href":"https:\/\/www.esplac.cat\/es\/wp-json\/wp\/v2\/posts\/26003","targetHints":{"allow":["GET"]}}],"collection":[{"href":"https:\/\/www.esplac.cat\/es\/wp-json\/wp\/v2\/posts"}],"about":[{"href":"https:\/\/www.esplac.cat\/es\/wp-json\/wp\/v2\/types\/post"}],"author":[{"embeddable":true,"href":"https:\/\/www.esplac.cat\/es\/wp-json\/wp\/v2\/users\/3"}],"replies":[{"embeddable":true,"href":"https:\/\/www.esplac.cat\/es\/wp-json\/wp\/v2\/comments?post=26003"}],"version-history":[{"count":0,"href":"https:\/\/www.esplac.cat\/es\/wp-json\/wp\/v2\/posts\/26003\/revisions"}],"wp:featuredmedia":[{"embeddable":true,"href":"https:\/\/www.esplac.cat\/es\/wp-json\/wp\/v2\/media\/26004"}],"wp:attachment":[{"href":"https:\/\/www.esplac.cat\/es\/wp-json\/wp\/v2\/media?parent=26003"}],"wp:term":[{"taxonomy":"category","embeddable":true,"href":"https:\/\/www.esplac.cat\/es\/wp-json\/wp\/v2\/categories?post=26003"},{"taxonomy":"post_tag","embeddable":true,"href":"https:\/\/www.esplac.cat\/es\/wp-json\/wp\/v2\/tags?post=26003"}],"curies":[{"name":"wp","href":"https:\/\/api.w.org\/{rel}","templated":true}]}}