{"id":26005,"date":"2012-12-14T14:17:08","date_gmt":"2012-12-14T12:17:08","guid":{"rendered":"http:\/\/esplac.cat\/?p=2597"},"modified":"2012-12-14T14:17:08","modified_gmt":"2012-12-14T12:17:08","slug":"lipdub-baix-llobregat-diada-drets-infants","status":"publish","type":"post","link":"https:\/\/www.esplac.cat\/es\/lipdub-baix-llobregat-diada-drets-infants\/","title":{"rendered":"Lipdub del Sector Baix Llobregat de la Diada dels Drets dels Infants"},"content":{"rendered":"<p style=\"text-align: left;\" align=\"JUSTIFY\">Vuit d\u2019esplais del sector d\u2019Esplac del Baix Llobregat van celebrar la diada dels Drets dels Infants al parc de Can Mercader de Cornell\u00e0, al llarg del dissabte 17 de novembre. La jornada festiva i divulgativa va comen\u00e7ar al mat\u00ed amb una rua reivindicativa encap\u00e7alada pels Tabals Tocat i Enforcat que va conduir tots els infants i joves dels esplais des de la Pla\u00e7a de l\u2019Ajuntament de la ciutat fins a Can Mercader. Un cop all\u00e0, els Drac Enforcat i els Tabalers de Cua van oferir un espectacular recital de percussi\u00f3 al mig del parc, per despr\u00e9s donar peu al Lipdub que van fer tots els esplais junts.<\/p>\n<p style=\"text-align: left;\" align=\"JUSTIFY\"><iframe class=\"fusion-hidden\" data-privacy-type=\"youtube\" src=\"\" data-privacy-src=\"http:\/\/www.youtube.com\/embed\/s_EXzu8acdY\" frameborder=\"0\" width=\"420\" height=\"315\"><\/iframe><div class=\"fusion-privacy-placeholder\" style=\"width:420px; height:315px;\" data-privacy-type=\"youtube\"><div class=\"fusion-privacy-placeholder-content\"><div class=\"fusion-privacy-label\">For privacy reasons YouTube needs your permission to be loaded. For more details, please see our <a class=\"privacy-policy-link\" href=\"https:\/\/www.esplac.cat\/avis-legal\/\" rel=\"privacy-policy\">Av\u00eds Legal<\/a>.<\/div><a href=\"\" data-privacy-type=\"youtube\" class=\"fusion-button button-default fusion-button-default-size button fusion-privacy-consent\">I Accept<\/a><\/div><\/div><\/p>\n<p style=\"text-align: left;\" align=\"JUSTIFY\">Despr\u00e9s de dinar, els nens, nenes i joves van organitzar-se per grups i, segons cada franja d\u2019edat, van treballar els drets dels infants mitjan\u00e7ant din\u00e0miques, teatre, gimcanes, jocs i altres activitats que els monitors\/es dels esplais Arc de Sant Mart\u00ed de Torrelles, Greska de Sant Boi, Guspira de Martorell, Agrupa de Molins de Rei, Pa amb tom\u00e0quet de El Papiol, Peti ki peti de la Palma de Cervell\u00f3, Vol i vol de Cornell\u00e0 i el Club d&#8217;esplai Sant Feliu havien preparat.<\/p>\n<p style=\"text-align: left;\" align=\"JUSTIFY\">La diada dels Drets dels Infants s\u2019emmarca dins la commemoraci\u00f3 que s\u2019ha celebrat pel dia 20 de novembre, en qu\u00e8 m\u00e9s de 1.000 infants dels esplais de les comarques del Bages, Bergued\u00e0, Barcelon\u00e8s, Pened\u00e8s, Garraf i Vall\u00e8s hi han participat. D\u2019aquesta manera, i un any m\u00e9s, els esplais d\u2019Esplac han treballat de manera conjunta en una diada tan assenyalada per enfortir uns valors en els infants i joves de les entitats que, mica en mica, ells van assolint per tamb\u00e9 saber defensar.<\/p>\n","protected":false},"excerpt":{"rendered":"<p>Vuit d\u2019esplais del sector d\u2019Esplac del Baix Llobregat van celebrar [&hellip;]<\/p>\n","protected":false},"author":3,"featured_media":26006,"comment_status":"open","ping_status":"open","sticky":false,"template":"","format":"standard","meta":{"om_disable_all_campaigns":false,"_monsterinsights_skip_tracking":false,"_monsterinsights_sitenote_active":false,"_monsterinsights_sitenote_note":"","_monsterinsights_sitenote_category":0,"_uf_show_specific_survey":0,"_uf_disable_surveys":false,"footnotes":""},"categories":[1110,1124],"tags":[45],"class_list":["post-26005","post","type-post","status-publish","format-standard","has-post-thumbnail","hentry","category-activitats-sectors","category-sector-baix-llobregat","tag-drets-dels-infants"],"yoast_head":"<!-- This site is optimized with the Yoast SEO plugin v27.4 - https:\/\/yoast.com\/product\/yoast-seo-wordpress\/ -->\n<title>Lipdub del Sector Baix Llobregat de la Diada dels Drets dels Infants - Esplac<\/title>\n<meta name=\"robots\" content=\"index, follow, max-snippet:-1, max-image-preview:large, max-video-preview:-1\" \/>\n<link rel=\"canonical\" href=\"https:\/\/www.esplac.cat\/lipdub-baix-llobregat-diada-drets-infants\/\" \/>\n<meta property=\"og:locale\" content=\"es_ES\" \/>\n<meta property=\"og:type\" content=\"article\" \/>\n<meta property=\"og:title\" content=\"Lipdub del Sector Baix Llobregat de la Diada dels Drets dels Infants - Esplac\" \/>\n<meta property=\"og:description\" content=\"Vuit d\u2019esplais del sector d\u2019Esplac del Baix Llobregat van celebrar [&hellip;]\" \/>\n<meta property=\"og:url\" content=\"https:\/\/www.esplac.cat\/lipdub-baix-llobregat-diada-drets-infants\/\" \/>\n<meta property=\"og:site_name\" content=\"Esplac\" \/>\n<meta property=\"article:published_time\" content=\"2012-12-14T12:17:08+00:00\" \/>\n<meta property=\"og:image\" content=\"https:\/\/www.esplac.cat\/wp-content\/uploads\/2012\/12\/drets-infants-baix-llobregat.jpg\" \/>\n\t<meta property=\"og:image:width\" content=\"900\" \/>\n\t<meta property=\"og:image:height\" content=\"675\" \/>\n\t<meta property=\"og:image:type\" content=\"image\/jpeg\" \/>\n<meta name=\"author\" content=\"Comunicaci\u00f3 Esplac\" \/>\n<meta name=\"twitter:card\" content=\"summary_large_image\" \/>\n<meta name=\"twitter:label1\" content=\"Escrito por\" \/>\n\t<meta name=\"twitter:data1\" content=\"Comunicaci\u00f3 Esplac\" \/>\n\t<meta name=\"twitter:label2\" content=\"Tiempo de lectura\" \/>\n\t<meta name=\"twitter:data2\" content=\"1 minuto\" \/>\n<script type=\"application\/ld+json\" class=\"yoast-schema-graph\">{\"@context\":\"https:\\\/\\\/schema.org\",\"@graph\":[{\"@type\":\"Article\",\"@id\":\"https:\\\/\\\/www.esplac.cat\\\/lipdub-baix-llobregat-diada-drets-infants\\\/#article\",\"isPartOf\":{\"@id\":\"https:\\\/\\\/www.esplac.cat\\\/lipdub-baix-llobregat-diada-drets-infants\\\/\"},\"author\":{\"name\":\"Comunicaci\u00f3 Esplac\",\"@id\":\"https:\\\/\\\/www.esplac.cat\\\/#\\\/schema\\\/person\\\/908383cf240be18b68f8855d0583faca\"},\"headline\":\"Lipdub del Sector Baix Llobregat de la Diada dels Drets dels Infants\",\"datePublished\":\"2012-12-14T12:17:08+00:00\",\"mainEntityOfPage\":{\"@id\":\"https:\\\/\\\/www.esplac.cat\\\/lipdub-baix-llobregat-diada-drets-infants\\\/\"},\"wordCount\":302,\"commentCount\":0,\"publisher\":{\"@id\":\"https:\\\/\\\/www.esplac.cat\\\/#organization\"},\"image\":{\"@id\":\"https:\\\/\\\/www.esplac.cat\\\/lipdub-baix-llobregat-diada-drets-infants\\\/#primaryimage\"},\"thumbnailUrl\":\"https:\\\/\\\/www.esplac.cat\\\/wp-content\\\/uploads\\\/2012\\\/12\\\/drets-infants-baix-llobregat.jpg\",\"keywords\":[\"drets dels infants\"],\"articleSection\":[\"Activitats sectors\",\"Sector Baix Llobregat\"],\"inLanguage\":\"es\",\"potentialAction\":[{\"@type\":\"CommentAction\",\"name\":\"Comment\",\"target\":[\"https:\\\/\\\/www.esplac.cat\\\/lipdub-baix-llobregat-diada-drets-infants\\\/#respond\"]}]},{\"@type\":\"WebPage\",\"@id\":\"https:\\\/\\\/www.esplac.cat\\\/lipdub-baix-llobregat-diada-drets-infants\\\/\",\"url\":\"https:\\\/\\\/www.esplac.cat\\\/lipdub-baix-llobregat-diada-drets-infants\\\/\",\"name\":\"Lipdub del Sector Baix Llobregat de la Diada dels Drets dels Infants - Esplac\",\"isPartOf\":{\"@id\":\"https:\\\/\\\/www.esplac.cat\\\/#website\"},\"primaryImageOfPage\":{\"@id\":\"https:\\\/\\\/www.esplac.cat\\\/lipdub-baix-llobregat-diada-drets-infants\\\/#primaryimage\"},\"image\":{\"@id\":\"https:\\\/\\\/www.esplac.cat\\\/lipdub-baix-llobregat-diada-drets-infants\\\/#primaryimage\"},\"thumbnailUrl\":\"https:\\\/\\\/www.esplac.cat\\\/wp-content\\\/uploads\\\/2012\\\/12\\\/drets-infants-baix-llobregat.jpg\",\"datePublished\":\"2012-12-14T12:17:08+00:00\",\"breadcrumb\":{\"@id\":\"https:\\\/\\\/www.esplac.cat\\\/lipdub-baix-llobregat-diada-drets-infants\\\/#breadcrumb\"},\"inLanguage\":\"es\",\"potentialAction\":[{\"@type\":\"ReadAction\",\"target\":[\"https:\\\/\\\/www.esplac.cat\\\/lipdub-baix-llobregat-diada-drets-infants\\\/\"]}]},{\"@type\":\"ImageObject\",\"inLanguage\":\"es\",\"@id\":\"https:\\\/\\\/www.esplac.cat\\\/lipdub-baix-llobregat-diada-drets-infants\\\/#primaryimage\",\"url\":\"https:\\\/\\\/www.esplac.cat\\\/wp-content\\\/uploads\\\/2012\\\/12\\\/drets-infants-baix-llobregat.jpg\",\"contentUrl\":\"https:\\\/\\\/www.esplac.cat\\\/wp-content\\\/uploads\\\/2012\\\/12\\\/drets-infants-baix-llobregat.jpg\",\"width\":900,\"height\":675},{\"@type\":\"BreadcrumbList\",\"@id\":\"https:\\\/\\\/www.esplac.cat\\\/lipdub-baix-llobregat-diada-drets-infants\\\/#breadcrumb\",\"itemListElement\":[{\"@type\":\"ListItem\",\"position\":1,\"name\":\"Inici\",\"item\":\"https:\\\/\\\/www.esplac.cat\\\/es\\\/\"},{\"@type\":\"ListItem\",\"position\":2,\"name\":\"Lipdub del Sector Baix Llobregat de la Diada dels Drets dels Infants\"}]},{\"@type\":\"WebSite\",\"@id\":\"https:\\\/\\\/www.esplac.cat\\\/#website\",\"url\":\"https:\\\/\\\/www.esplac.cat\\\/\",\"name\":\"Esplac\",\"description\":\"Esplais Catalans\",\"publisher\":{\"@id\":\"https:\\\/\\\/www.esplac.cat\\\/#organization\"},\"potentialAction\":[{\"@type\":\"SearchAction\",\"target\":{\"@type\":\"EntryPoint\",\"urlTemplate\":\"https:\\\/\\\/www.esplac.cat\\\/?s={search_term_string}\"},\"query-input\":{\"@type\":\"PropertyValueSpecification\",\"valueRequired\":true,\"valueName\":\"search_term_string\"}}],\"inLanguage\":\"es\"},{\"@type\":\"Organization\",\"@id\":\"https:\\\/\\\/www.esplac.cat\\\/#organization\",\"name\":\"Esplac\",\"url\":\"https:\\\/\\\/www.esplac.cat\\\/\",\"logo\":{\"@type\":\"ImageObject\",\"inLanguage\":\"es\",\"@id\":\"https:\\\/\\\/www.esplac.cat\\\/#\\\/schema\\\/logo\\\/image\\\/\",\"url\":\"https:\\\/\\\/www.esplac.cat\\\/wp-content\\\/uploads\\\/2019\\\/08\\\/logox2.png\",\"contentUrl\":\"https:\\\/\\\/www.esplac.cat\\\/wp-content\\\/uploads\\\/2019\\\/08\\\/logox2.png\",\"width\":600,\"height\":295,\"caption\":\"Esplac\"},\"image\":{\"@id\":\"https:\\\/\\\/www.esplac.cat\\\/#\\\/schema\\\/logo\\\/image\\\/\"}},{\"@type\":\"Person\",\"@id\":\"https:\\\/\\\/www.esplac.cat\\\/#\\\/schema\\\/person\\\/908383cf240be18b68f8855d0583faca\",\"name\":\"Comunicaci\u00f3 Esplac\",\"image\":{\"@type\":\"ImageObject\",\"inLanguage\":\"es\",\"@id\":\"https:\\\/\\\/secure.gravatar.com\\\/avatar\\\/7a4cf8feb412a76ea4a740ca02d95b06b2907b5a6c648c2dd0a1082a093c3141?s=96&d=mm&r=g\",\"url\":\"https:\\\/\\\/secure.gravatar.com\\\/avatar\\\/7a4cf8feb412a76ea4a740ca02d95b06b2907b5a6c648c2dd0a1082a093c3141?s=96&d=mm&r=g\",\"contentUrl\":\"https:\\\/\\\/secure.gravatar.com\\\/avatar\\\/7a4cf8feb412a76ea4a740ca02d95b06b2907b5a6c648c2dd0a1082a093c3141?s=96&d=mm&r=g\",\"caption\":\"Comunicaci\u00f3 Esplac\"}}]}<\/script>\n<!-- \/ Yoast SEO plugin. -->","yoast_head_json":{"title":"Lipdub del Sector Baix Llobregat de la Diada dels Drets dels Infants - Esplac","robots":{"index":"index","follow":"follow","max-snippet":"max-snippet:-1","max-image-preview":"max-image-preview:large","max-video-preview":"max-video-preview:-1"},"canonical":"https:\/\/www.esplac.cat\/lipdub-baix-llobregat-diada-drets-infants\/","og_locale":"es_ES","og_type":"article","og_title":"Lipdub del Sector Baix Llobregat de la Diada dels Drets dels Infants - Esplac","og_description":"Vuit d\u2019esplais del sector d\u2019Esplac del Baix Llobregat van celebrar [&hellip;]","og_url":"https:\/\/www.esplac.cat\/lipdub-baix-llobregat-diada-drets-infants\/","og_site_name":"Esplac","article_published_time":"2012-12-14T12:17:08+00:00","og_image":[{"width":900,"height":675,"url":"https:\/\/www.esplac.cat\/wp-content\/uploads\/2012\/12\/drets-infants-baix-llobregat.jpg","type":"image\/jpeg"}],"author":"Comunicaci\u00f3 Esplac","twitter_card":"summary_large_image","twitter_misc":{"Escrito por":"Comunicaci\u00f3 Esplac","Tiempo de lectura":"1 minuto"},"schema":{"@context":"https:\/\/schema.org","@graph":[{"@type":"Article","@id":"https:\/\/www.esplac.cat\/lipdub-baix-llobregat-diada-drets-infants\/#article","isPartOf":{"@id":"https:\/\/www.esplac.cat\/lipdub-baix-llobregat-diada-drets-infants\/"},"author":{"name":"Comunicaci\u00f3 Esplac","@id":"https:\/\/www.esplac.cat\/#\/schema\/person\/908383cf240be18b68f8855d0583faca"},"headline":"Lipdub del Sector Baix Llobregat de la Diada dels Drets dels Infants","datePublished":"2012-12-14T12:17:08+00:00","mainEntityOfPage":{"@id":"https:\/\/www.esplac.cat\/lipdub-baix-llobregat-diada-drets-infants\/"},"wordCount":302,"commentCount":0,"publisher":{"@id":"https:\/\/www.esplac.cat\/#organization"},"image":{"@id":"https:\/\/www.esplac.cat\/lipdub-baix-llobregat-diada-drets-infants\/#primaryimage"},"thumbnailUrl":"https:\/\/www.esplac.cat\/wp-content\/uploads\/2012\/12\/drets-infants-baix-llobregat.jpg","keywords":["drets dels infants"],"articleSection":["Activitats sectors","Sector Baix Llobregat"],"inLanguage":"es","potentialAction":[{"@type":"CommentAction","name":"Comment","target":["https:\/\/www.esplac.cat\/lipdub-baix-llobregat-diada-drets-infants\/#respond"]}]},{"@type":"WebPage","@id":"https:\/\/www.esplac.cat\/lipdub-baix-llobregat-diada-drets-infants\/","url":"https:\/\/www.esplac.cat\/lipdub-baix-llobregat-diada-drets-infants\/","name":"Lipdub del Sector Baix Llobregat de la Diada dels Drets dels Infants - Esplac","isPartOf":{"@id":"https:\/\/www.esplac.cat\/#website"},"primaryImageOfPage":{"@id":"https:\/\/www.esplac.cat\/lipdub-baix-llobregat-diada-drets-infants\/#primaryimage"},"image":{"@id":"https:\/\/www.esplac.cat\/lipdub-baix-llobregat-diada-drets-infants\/#primaryimage"},"thumbnailUrl":"https:\/\/www.esplac.cat\/wp-content\/uploads\/2012\/12\/drets-infants-baix-llobregat.jpg","datePublished":"2012-12-14T12:17:08+00:00","breadcrumb":{"@id":"https:\/\/www.esplac.cat\/lipdub-baix-llobregat-diada-drets-infants\/#breadcrumb"},"inLanguage":"es","potentialAction":[{"@type":"ReadAction","target":["https:\/\/www.esplac.cat\/lipdub-baix-llobregat-diada-drets-infants\/"]}]},{"@type":"ImageObject","inLanguage":"es","@id":"https:\/\/www.esplac.cat\/lipdub-baix-llobregat-diada-drets-infants\/#primaryimage","url":"https:\/\/www.esplac.cat\/wp-content\/uploads\/2012\/12\/drets-infants-baix-llobregat.jpg","contentUrl":"https:\/\/www.esplac.cat\/wp-content\/uploads\/2012\/12\/drets-infants-baix-llobregat.jpg","width":900,"height":675},{"@type":"BreadcrumbList","@id":"https:\/\/www.esplac.cat\/lipdub-baix-llobregat-diada-drets-infants\/#breadcrumb","itemListElement":[{"@type":"ListItem","position":1,"name":"Inici","item":"https:\/\/www.esplac.cat\/es\/"},{"@type":"ListItem","position":2,"name":"Lipdub del Sector Baix Llobregat de la Diada dels Drets dels Infants"}]},{"@type":"WebSite","@id":"https:\/\/www.esplac.cat\/#website","url":"https:\/\/www.esplac.cat\/","name":"Esplac","description":"Esplais Catalans","publisher":{"@id":"https:\/\/www.esplac.cat\/#organization"},"potentialAction":[{"@type":"SearchAction","target":{"@type":"EntryPoint","urlTemplate":"https:\/\/www.esplac.cat\/?s={search_term_string}"},"query-input":{"@type":"PropertyValueSpecification","valueRequired":true,"valueName":"search_term_string"}}],"inLanguage":"es"},{"@type":"Organization","@id":"https:\/\/www.esplac.cat\/#organization","name":"Esplac","url":"https:\/\/www.esplac.cat\/","logo":{"@type":"ImageObject","inLanguage":"es","@id":"https:\/\/www.esplac.cat\/#\/schema\/logo\/image\/","url":"https:\/\/www.esplac.cat\/wp-content\/uploads\/2019\/08\/logox2.png","contentUrl":"https:\/\/www.esplac.cat\/wp-content\/uploads\/2019\/08\/logox2.png","width":600,"height":295,"caption":"Esplac"},"image":{"@id":"https:\/\/www.esplac.cat\/#\/schema\/logo\/image\/"}},{"@type":"Person","@id":"https:\/\/www.esplac.cat\/#\/schema\/person\/908383cf240be18b68f8855d0583faca","name":"Comunicaci\u00f3 Esplac","image":{"@type":"ImageObject","inLanguage":"es","@id":"https:\/\/secure.gravatar.com\/avatar\/7a4cf8feb412a76ea4a740ca02d95b06b2907b5a6c648c2dd0a1082a093c3141?s=96&d=mm&r=g","url":"https:\/\/secure.gravatar.com\/avatar\/7a4cf8feb412a76ea4a740ca02d95b06b2907b5a6c648c2dd0a1082a093c3141?s=96&d=mm&r=g","contentUrl":"https:\/\/secure.gravatar.com\/avatar\/7a4cf8feb412a76ea4a740ca02d95b06b2907b5a6c648c2dd0a1082a093c3141?s=96&d=mm&r=g","caption":"Comunicaci\u00f3 Esplac"}}]}},"_links":{"self":[{"href":"https:\/\/www.esplac.cat\/es\/wp-json\/wp\/v2\/posts\/26005","targetHints":{"allow":["GET"]}}],"collection":[{"href":"https:\/\/www.esplac.cat\/es\/wp-json\/wp\/v2\/posts"}],"about":[{"href":"https:\/\/www.esplac.cat\/es\/wp-json\/wp\/v2\/types\/post"}],"author":[{"embeddable":true,"href":"https:\/\/www.esplac.cat\/es\/wp-json\/wp\/v2\/users\/3"}],"replies":[{"embeddable":true,"href":"https:\/\/www.esplac.cat\/es\/wp-json\/wp\/v2\/comments?post=26005"}],"version-history":[{"count":0,"href":"https:\/\/www.esplac.cat\/es\/wp-json\/wp\/v2\/posts\/26005\/revisions"}],"wp:featuredmedia":[{"embeddable":true,"href":"https:\/\/www.esplac.cat\/es\/wp-json\/wp\/v2\/media\/26006"}],"wp:attachment":[{"href":"https:\/\/www.esplac.cat\/es\/wp-json\/wp\/v2\/media?parent=26005"}],"wp:term":[{"taxonomy":"category","embeddable":true,"href":"https:\/\/www.esplac.cat\/es\/wp-json\/wp\/v2\/categories?post=26005"},{"taxonomy":"post_tag","embeddable":true,"href":"https:\/\/www.esplac.cat\/es\/wp-json\/wp\/v2\/tags?post=26005"}],"curies":[{"name":"wp","href":"https:\/\/api.w.org\/{rel}","templated":true}]}}